{"id":2944,"date":"2025-03-21T15:30:00","date_gmt":"2025-03-21T14:30:00","guid":{"rendered":"https:\/\/www.svalbard.fr\/actualites\/?p=2944"},"modified":"2025-03-19T12:38:04","modified_gmt":"2025-03-19T11:38:04","slug":"cheque-energie-agissez-avant-que-la-date-limite-ne-soit-depassee","status":"publish","type":"post","link":"https:\/\/www.svalbard.fr\/actualites\/cheque-energie-agissez-avant-que-la-date-limite-ne-soit-depassee\/","title":{"rendered":"Ch\u00e8que \u00e9nergie : agissez avant que la date limite ne soit d\u00e9pass\u00e9e"},"content":{"rendered":"\n<p><strong><em>Depuis sa g\u00e9n\u00e9ralisation en 2018, le ch\u00e8que \u00e9nergie est devenu un soutien financier essentiel pour plusieurs millions de foyers en France. Ce dispositif, qui vient en aide aux m\u00e9nages \u00e0 revenus modestes, leur permet de r\u00e9duire le montant de leurs factures \u00e9nerg\u00e9tiques, qu&rsquo;il s&rsquo;agisse d&rsquo;\u00e9lectricit\u00e9, de gaz ou m\u00eame de combustibles tels que le fioul domestique ou le bois.<\/em><\/strong><\/p>\n\n\n\n<!--more-->\n\n\n\n<h2 class=\"wp-block-heading\">Soyez Vigilants sur la Date de Validit\u00e9 de Votre Ch\u00e8que \u00c9nergie<\/h2>\n\n\n\n<p>Si vous \u00eates <strong>b\u00e9n\u00e9ficiaire<\/strong> du ch\u00e8que \u00e9nergie, il est crucial de pr\u00eater attention aux dates de validit\u00e9. Les ch\u00e8ques \u00e9mis avant le <strong>1er septembre 2024<\/strong> seront valables jusqu\u2019au <strong>31 mars 2025<\/strong>, tandis que ceux envoy\u00e9s apr\u00e8s cette date resteront utilisables jusqu\u2019au <strong>31 mars 2026<\/strong>. Vous pouvez v\u00e9rifier la date de validit\u00e9 directement sur le recto de votre ch\u00e8que. Veillez \u00e0 ne pas d\u00e9passer ces \u00e9ch\u00e9ances pour profiter de votre aide.<\/p>\n\n\n\n<h2 class=\"wp-block-heading\">Quoi de Neuf en 2025 ?<\/h2>\n\n\n\n<p>En 2025, l\u2019envoi des <strong>ch\u00e8ques \u00e9nergie<\/strong> sera exceptionnellement d\u00e9cal\u00e9. Habituellement envoy\u00e9s en avril, les ch\u00e8ques ne seront cette fois exp\u00e9di\u00e9s qu\u2019au <strong>second semestre 2025<\/strong>. Ce retard r\u00e9sulte de l\u2019adoption tardive de la <strong><a href=\"https:\/\/www.svalbard.fr\/actualites\/la-loi-medievale-qui-a-accorde-de-nouveaux-droits-aux-femmes-norvegiennes\/\">loi <\/a>de finances<\/strong>. Un autre changement important concerne l\u2019attribution du ch\u00e8que : elle ne sera plus automatique pour tous les b\u00e9n\u00e9ficiaires. En effet, seuls les <strong>m\u00e9nages identifi\u00e9s<\/strong> via un croisement des <strong>donn\u00e9es fiscales<\/strong> et des informations des <strong>fournisseurs d\u2019\u00e9nergie<\/strong> recevront le ch\u00e8que de mani\u00e8re automatique. Si vous ne figurez pas parmi ces foyers identifi\u00e9s, vous devrez faire une <strong>demande<\/strong> en ligne ou par courrier pour vous signaler.<\/p>\n\n\n\n<h2 class=\"wp-block-heading\">Comment Utiliser Votre Ch\u00e8que \u00c9nergie ?<\/h2>\n\n\n\n<p>Le montant du <strong>ch\u00e8que \u00e9nergie<\/strong> varie entre <strong>48 et 277 euros<\/strong>, et il peut \u00eatre utilis\u00e9 de diff\u00e9rentes mani\u00e8res : pour payer vos factures d\u2019\u00e9nergie, mais aussi pour acheter des <strong>\u00e9quipements \u00e9ligibles<\/strong> \u00e0 la <strong>MaPrimeR\u00e9nov&rsquo;<\/strong> ou financer l\u2019installation de <strong>mat\u00e9riaux \u00e9cologiques<\/strong>. Cela peut inclure des dispositifs comme des chaudi\u00e8res performantes ou des <strong>panneaux solaires<\/strong>. Cette aide permet donc de r\u00e9duire \u00e0 la fois vos d\u00e9penses \u00e9nerg\u00e9tiques quotidiennes et d\u2019investir dans des solutions d\u2019<a href=\"https:\/\/www.svalbard.fr\/actualites\/adoptez-cette-astuce-pour-realiser-des-economies-cet-hiver\/\"><strong>\u00e9conomie<\/strong><\/a> d\u2019\u00e9nergie \u00e0 long terme.<\/p>\n\n\n\n<h2 class=\"wp-block-heading\">Une Nouvelle Organisation \u00e0 Anticiper<\/h2>\n\n\n\n<p>L\u2019ann\u00e9e 2025 sera marqu\u00e9e par un <strong>changement de calendrier<\/strong> pour l\u2019envoi des ch\u00e8ques \u00e9nergie. En attendant, assurez-vous que vos coordonn\u00e9es sont \u00e0 jour et que vous \u00eates bien identifi\u00e9 pour ne pas manquer votre aide financi\u00e8re. Et surtout, n\u2019oubliez pas de v\u00e9rifier la <strong>validit\u00e9<\/strong> de votre ch\u00e8que avant qu&rsquo;il ne perde son utilit\u00e9 !<\/p>\n","protected":false},"excerpt":{"rendered":"<p>Depuis sa g\u00e9n\u00e9ralisation en 2018, le ch\u00e8que \u00e9nergie est devenu un soutien financier essentiel pour plusieurs millions de foyers en France. Ce dispositif, qui vient<\/p>\n","protected":false},"author":3,"featured_media":2945,"comment_status":"closed","ping_status":"closed","sticky":false,"template":"","format":"standard","meta":{"footnotes":""},"categories":[1725],"tags":[],"yoast_head":"<!-- This site is optimized with the Yoast SEO plugin v21.0 - https:\/\/yoast.com\/wordpress\/plugins\/seo\/ -->\n<title>Ch\u00e8que \u00e9nergie : agissez avant que la date limite ne soit d\u00e9pass\u00e9e<\/title>\n<meta name=\"robots\" content=\"index, follow, max-snippet:-1, max-image-preview:large, max-video-preview:-1\" \/>\n<link rel=\"canonical\" href=\"https:\/\/www.svalbard.fr\/actualites\/cheque-energie-agissez-avant-que-la-date-limite-ne-soit-depassee\/\" \/>\n<meta property=\"og:locale\" content=\"fr_FR\" \/>\n<meta property=\"og:type\" content=\"article\" \/>\n<meta property=\"og:title\" content=\"Ch\u00e8que \u00e9nergie : agissez avant que la date limite ne soit d\u00e9pass\u00e9e\" \/>\n<meta property=\"og:description\" content=\"Depuis sa g\u00e9n\u00e9ralisation en 2018, le ch\u00e8que \u00e9nergie est devenu un soutien financier essentiel pour plusieurs millions de foyers en France. Ce dispositif, qui vient\" \/>\n<meta property=\"og:url\" content=\"https:\/\/www.svalbard.fr\/actualites\/cheque-energie-agissez-avant-que-la-date-limite-ne-soit-depassee\/\" \/>\n<meta property=\"og:site_name\" content=\"www.Svalbard.fr\" \/>\n<meta property=\"article:published_time\" content=\"2025-03-21T14:30:00+00:00\" \/>\n<meta property=\"article:modified_time\" content=\"2025-03-19T11:38:04+00:00\" \/>\n<meta property=\"og:image\" content=\"https:\/\/www.svalbard.fr\/actualites\/wp-content\/uploads\/2025\/03\/Cheque-energie-agissez-avant-que-la-date-limite-ne-soit-depassee.jpg\" \/>\n\t<meta property=\"og:image:width\" content=\"1200\" \/>\n\t<meta property=\"og:image:height\" content=\"765\" \/>\n\t<meta property=\"og:image:type\" content=\"image\/jpeg\" \/>\n<meta name=\"author\" content=\"Guillaume Chen\" \/>\n<meta name=\"twitter:card\" content=\"summary_large_image\" \/>\n<meta name=\"twitter:label1\" content=\"\u00c9crit par\" \/>\n\t<meta name=\"twitter:data1\" content=\"Guillaume Chen\" \/>\n\t<meta name=\"twitter:label2\" content=\"Dur\u00e9e de lecture estim\u00e9e\" \/>\n\t<meta name=\"twitter:data2\" content=\"2 minutes\" \/>\n<script type=\"application\/ld+json\" class=\"yoast-schema-graph\">{\"@context\":\"https:\/\/schema.org\",\"@graph\":[{\"@type\":\"Article\",\"@id\":\"https:\/\/www.svalbard.fr\/actualites\/cheque-energie-agissez-avant-que-la-date-limite-ne-soit-depassee\/#article\",\"isPartOf\":{\"@id\":\"https:\/\/www.svalbard.fr\/actualites\/cheque-energie-agissez-avant-que-la-date-limite-ne-soit-depassee\/\"},\"author\":{\"name\":\"Guillaume Chen\",\"@id\":\"https:\/\/www.svalbard.fr\/actualites\/#\/schema\/person\/b9d185560b94bff7322d37cb676ee545\"},\"headline\":\"Ch\u00e8que \u00e9nergie : agissez avant que la date limite ne soit d\u00e9pass\u00e9e\",\"datePublished\":\"2025-03-21T14:30:00+00:00\",\"dateModified\":\"2025-03-19T11:38:04+00:00\",\"mainEntityOfPage\":{\"@id\":\"https:\/\/www.svalbard.fr\/actualites\/cheque-energie-agissez-avant-que-la-date-limite-ne-soit-depassee\/\"},\"wordCount\":445,\"publisher\":{\"@id\":\"https:\/\/www.svalbard.fr\/actualites\/#organization\"},\"articleSection\":[\"Tendances\"],\"inLanguage\":\"fr-FR\"},{\"@type\":\"WebPage\",\"@id\":\"https:\/\/www.svalbard.fr\/actualites\/cheque-energie-agissez-avant-que-la-date-limite-ne-soit-depassee\/\",\"url\":\"https:\/\/www.svalbard.fr\/actualites\/cheque-energie-agissez-avant-que-la-date-limite-ne-soit-depassee\/\",\"name\":\"Ch\u00e8que \u00e9nergie : agissez avant que la date limite ne soit d\u00e9pass\u00e9e\",\"isPartOf\":{\"@id\":\"https:\/\/www.svalbard.fr\/actualites\/#website\"},\"datePublished\":\"2025-03-21T14:30:00+00:00\",\"dateModified\":\"2025-03-19T11:38:04+00:00\",\"breadcrumb\":{\"@id\":\"https:\/\/www.svalbard.fr\/actualites\/cheque-energie-agissez-avant-que-la-date-limite-ne-soit-depassee\/#breadcrumb\"},\"inLanguage\":\"fr-FR\",\"potentialAction\":[{\"@type\":\"ReadAction\",\"target\":[\"https:\/\/www.svalbard.fr\/actualites\/cheque-energie-agissez-avant-que-la-date-limite-ne-soit-depassee\/\"]}]},{\"@type\":\"BreadcrumbList\",\"@id\":\"https:\/\/www.svalbard.fr\/actualites\/cheque-energie-agissez-avant-que-la-date-limite-ne-soit-depassee\/#breadcrumb\",\"itemListElement\":[{\"@type\":\"ListItem\",\"position\":1,\"name\":\"Accueil\",\"item\":\"https:\/\/www.svalbard.fr\/actualites\/\"},{\"@type\":\"ListItem\",\"position\":2,\"name\":\"Ch\u00e8que \u00e9nergie : agissez avant que la date limite ne soit d\u00e9pass\u00e9e\"}]},{\"@type\":\"WebSite\",\"@id\":\"https:\/\/www.svalbard.fr\/actualites\/#website\",\"url\":\"https:\/\/www.svalbard.fr\/actualites\/\",\"name\":\"www.Svalbard.fr\",\"description\":\"\",\"publisher\":{\"@id\":\"https:\/\/www.svalbard.fr\/actualites\/#organization\"},\"potentialAction\":[{\"@type\":\"SearchAction\",\"target\":{\"@type\":\"EntryPoint\",\"urlTemplate\":\"https:\/\/www.svalbard.fr\/actualites\/?s={search_term_string}\"},\"query-input\":\"required name=search_term_string\"}],\"inLanguage\":\"fr-FR\"},{\"@type\":\"Organization\",\"@id\":\"https:\/\/www.svalbard.fr\/actualites\/#organization\",\"name\":\"www.Svalbard.fr\",\"url\":\"https:\/\/www.svalbard.fr\/actualites\/\",\"logo\":{\"@type\":\"ImageObject\",\"inLanguage\":\"fr-FR\",\"@id\":\"https:\/\/www.svalbard.fr\/actualites\/#\/schema\/logo\/image\/\",\"url\":\"https:\/\/www.svalbard.fr\/actualites\/wp-content\/uploads\/2023\/09\/head-nom.jpg\",\"contentUrl\":\"https:\/\/www.svalbard.fr\/actualites\/wp-content\/uploads\/2023\/09\/head-nom.jpg\",\"width\":264,\"height\":35,\"caption\":\"www.Svalbard.fr\"},\"image\":{\"@id\":\"https:\/\/www.svalbard.fr\/actualites\/#\/schema\/logo\/image\/\"}},{\"@type\":\"Person\",\"@id\":\"https:\/\/www.svalbard.fr\/actualites\/#\/schema\/person\/b9d185560b94bff7322d37cb676ee545\",\"name\":\"Guillaume Chen\",\"image\":{\"@type\":\"ImageObject\",\"inLanguage\":\"fr-FR\",\"@id\":\"https:\/\/www.svalbard.fr\/actualites\/#\/schema\/person\/image\/\",\"url\":\"https:\/\/secure.gravatar.com\/avatar\/0c3f9c94586035b795ad4049a06fb048?s=96&d=mm&r=g\",\"contentUrl\":\"https:\/\/secure.gravatar.com\/avatar\/0c3f9c94586035b795ad4049a06fb048?s=96&d=mm&r=g\",\"caption\":\"Guillaume Chen\"},\"sameAs\":[\"https:\/\/www.svalbard.fr\/\"]}]}<\/script>\n<!-- \/ Yoast SEO plugin. -->","yoast_head_json":{"title":"Ch\u00e8que \u00e9nergie : agissez avant que la date limite ne soit d\u00e9pass\u00e9e","robots":{"index":"index","follow":"follow","max-snippet":"max-snippet:-1","max-image-preview":"max-image-preview:large","max-video-preview":"max-video-preview:-1"},"canonical":"https:\/\/www.svalbard.fr\/actualites\/cheque-energie-agissez-avant-que-la-date-limite-ne-soit-depassee\/","og_locale":"fr_FR","og_type":"article","og_title":"Ch\u00e8que \u00e9nergie : agissez avant que la date limite ne soit d\u00e9pass\u00e9e","og_description":"Depuis sa g\u00e9n\u00e9ralisation en 2018, le ch\u00e8que \u00e9nergie est devenu un soutien financier essentiel pour plusieurs millions de foyers en France. Ce dispositif, qui vient","og_url":"https:\/\/www.svalbard.fr\/actualites\/cheque-energie-agissez-avant-que-la-date-limite-ne-soit-depassee\/","og_site_name":"www.Svalbard.fr","article_published_time":"2025-03-21T14:30:00+00:00","article_modified_time":"2025-03-19T11:38:04+00:00","og_image":[{"width":1200,"height":765,"url":"https:\/\/www.svalbard.fr\/actualites\/wp-content\/uploads\/2025\/03\/Cheque-energie-agissez-avant-que-la-date-limite-ne-soit-depassee.jpg","type":"image\/jpeg"}],"author":"Guillaume Chen","twitter_card":"summary_large_image","twitter_misc":{"\u00c9crit par":"Guillaume Chen","Dur\u00e9e de lecture estim\u00e9e":"2 minutes"},"schema":{"@context":"https:\/\/schema.org","@graph":[{"@type":"Article","@id":"https:\/\/www.svalbard.fr\/actualites\/cheque-energie-agissez-avant-que-la-date-limite-ne-soit-depassee\/#article","isPartOf":{"@id":"https:\/\/www.svalbard.fr\/actualites\/cheque-energie-agissez-avant-que-la-date-limite-ne-soit-depassee\/"},"author":{"name":"Guillaume Chen","@id":"https:\/\/www.svalbard.fr\/actualites\/#\/schema\/person\/b9d185560b94bff7322d37cb676ee545"},"headline":"Ch\u00e8que \u00e9nergie : agissez avant que la date limite ne soit d\u00e9pass\u00e9e","datePublished":"2025-03-21T14:30:00+00:00","dateModified":"2025-03-19T11:38:04+00:00","mainEntityOfPage":{"@id":"https:\/\/www.svalbard.fr\/actualites\/cheque-energie-agissez-avant-que-la-date-limite-ne-soit-depassee\/"},"wordCount":445,"publisher":{"@id":"https:\/\/www.svalbard.fr\/actualites\/#organization"},"articleSection":["Tendances"],"inLanguage":"fr-FR"},{"@type":"WebPage","@id":"https:\/\/www.svalbard.fr\/actualites\/cheque-energie-agissez-avant-que-la-date-limite-ne-soit-depassee\/","url":"https:\/\/www.svalbard.fr\/actualites\/cheque-energie-agissez-avant-que-la-date-limite-ne-soit-depassee\/","name":"Ch\u00e8que \u00e9nergie : agissez avant que la date limite ne soit d\u00e9pass\u00e9e","isPartOf":{"@id":"https:\/\/www.svalbard.fr\/actualites\/#website"},"datePublished":"2025-03-21T14:30:00+00:00","dateModified":"2025-03-19T11:38:04+00:00","breadcrumb":{"@id":"https:\/\/www.svalbard.fr\/actualites\/cheque-energie-agissez-avant-que-la-date-limite-ne-soit-depassee\/#breadcrumb"},"inLanguage":"fr-FR","potentialAction":[{"@type":"ReadAction","target":["https:\/\/www.svalbard.fr\/actualites\/cheque-energie-agissez-avant-que-la-date-limite-ne-soit-depassee\/"]}]},{"@type":"BreadcrumbList","@id":"https:\/\/www.svalbard.fr\/actualites\/cheque-energie-agissez-avant-que-la-date-limite-ne-soit-depassee\/#breadcrumb","itemListElement":[{"@type":"ListItem","position":1,"name":"Accueil","item":"https:\/\/www.svalbard.fr\/actualites\/"},{"@type":"ListItem","position":2,"name":"Ch\u00e8que \u00e9nergie : agissez avant que la date limite ne soit d\u00e9pass\u00e9e"}]},{"@type":"WebSite","@id":"https:\/\/www.svalbard.fr\/actualites\/#website","url":"https:\/\/www.svalbard.fr\/actualites\/","name":"www.Svalbard.fr","description":"","publisher":{"@id":"https:\/\/www.svalbard.fr\/actualites\/#organization"},"potentialAction":[{"@type":"SearchAction","target":{"@type":"EntryPoint","urlTemplate":"https:\/\/www.svalbard.fr\/actualites\/?s={search_term_string}"},"query-input":"required name=search_term_string"}],"inLanguage":"fr-FR"},{"@type":"Organization","@id":"https:\/\/www.svalbard.fr\/actualites\/#organization","name":"www.Svalbard.fr","url":"https:\/\/www.svalbard.fr\/actualites\/","logo":{"@type":"ImageObject","inLanguage":"fr-FR","@id":"https:\/\/www.svalbard.fr\/actualites\/#\/schema\/logo\/image\/","url":"https:\/\/www.svalbard.fr\/actualites\/wp-content\/uploads\/2023\/09\/head-nom.jpg","contentUrl":"https:\/\/www.svalbard.fr\/actualites\/wp-content\/uploads\/2023\/09\/head-nom.jpg","width":264,"height":35,"caption":"www.Svalbard.fr"},"image":{"@id":"https:\/\/www.svalbard.fr\/actualites\/#\/schema\/logo\/image\/"}},{"@type":"Person","@id":"https:\/\/www.svalbard.fr\/actualites\/#\/schema\/person\/b9d185560b94bff7322d37cb676ee545","name":"Guillaume Chen","image":{"@type":"ImageObject","inLanguage":"fr-FR","@id":"https:\/\/www.svalbard.fr\/actualites\/#\/schema\/person\/image\/","url":"https:\/\/secure.gravatar.com\/avatar\/0c3f9c94586035b795ad4049a06fb048?s=96&d=mm&r=g","contentUrl":"https:\/\/secure.gravatar.com\/avatar\/0c3f9c94586035b795ad4049a06fb048?s=96&d=mm&r=g","caption":"Guillaume Chen"},"sameAs":["https:\/\/www.svalbard.fr\/"]}]}},"_links":{"self":[{"href":"https:\/\/www.svalbard.fr\/actualites\/wp-json\/wp\/v2\/posts\/2944"}],"collection":[{"href":"https:\/\/www.svalbard.fr\/actualites\/wp-json\/wp\/v2\/posts"}],"about":[{"href":"https:\/\/www.svalbard.fr\/actualites\/wp-json\/wp\/v2\/types\/post"}],"author":[{"embeddable":true,"href":"https:\/\/www.svalbard.fr\/actualites\/wp-json\/wp\/v2\/users\/3"}],"replies":[{"embeddable":true,"href":"https:\/\/www.svalbard.fr\/actualites\/wp-json\/wp\/v2\/comments?post=2944"}],"version-history":[{"count":1,"href":"https:\/\/www.svalbard.fr\/actualites\/wp-json\/wp\/v2\/posts\/2944\/revisions"}],"predecessor-version":[{"id":2946,"href":"https:\/\/www.svalbard.fr\/actualites\/wp-json\/wp\/v2\/posts\/2944\/revisions\/2946"}],"wp:featuredmedia":[{"embeddable":true,"href":"https:\/\/www.svalbard.fr\/actualites\/wp-json\/wp\/v2\/media\/2945"}],"wp:attachment":[{"href":"https:\/\/www.svalbard.fr\/actualites\/wp-json\/wp\/v2\/media?parent=2944"}],"wp:term":[{"taxonomy":"category","embeddable":true,"href":"https:\/\/www.svalbard.fr\/actualites\/wp-json\/wp\/v2\/categories?post=2944"},{"taxonomy":"post_tag","embeddable":true,"href":"https:\/\/www.svalbard.fr\/actualites\/wp-json\/wp\/v2\/tags?post=2944"}],"curies":[{"name":"wp","href":"https:\/\/api.w.org\/{rel}","templated":true}]}}