{"id":295,"date":"2023-11-17T19:13:57","date_gmt":"2023-11-17T18:13:57","guid":{"rendered":"https:\/\/www.svalbard.fr\/actualites\/dans-une-ville-isolee-abandonnee-mais-magnifique-ou-ses-huit-habitants-seulement-portent-des-armes\/"},"modified":"2023-11-17T19:13:59","modified_gmt":"2023-11-17T18:13:59","slug":"dans-une-ville-isolee-abandonnee-mais-magnifique-ou-ses-huit-habitants-seulement-portent-des-armes","status":"publish","type":"post","link":"https:\/\/www.svalbard.fr\/actualites\/dans-une-ville-isolee-abandonnee-mais-magnifique-ou-ses-huit-habitants-seulement-portent-des-armes\/","title":{"rendered":"Dans une ville isol\u00e9e, abandonn\u00e9e mais magnifique, o\u00f9 ses huit habitants seulement portent des armes"},"content":{"rendered":"<div>\n<p>Pyramiden, une communaut\u00e9 mini\u00e8re russe abandonn\u00e9e, est un t\u00e9moignage fig\u00e9 dans le temps de la culture de l&rsquo;\u00e8re sovi\u00e9tique et l&rsquo;une des communaut\u00e9s les plus septentrionales du monde.<\/p>\n<p>Situ\u00e9e sur une \u00eele isol\u00e9e de l&rsquo;archipel du Svalbard, elle n&rsquo;est accessible que par bateau en \u00e9t\u00e9 ou en motoneige depuis la ville norv\u00e9gienne de Longyearbyen en hiver.<\/p>\n<p>En tant que l&rsquo;un des rares avant-postes sovi\u00e9tiques, la ville a \u00e9t\u00e9 d\u00e9lib\u00e9r\u00e9ment cr\u00e9\u00e9e avec des \u00e9quipements de pointe pour d\u00e9montrer la domination de l&rsquo;URSS sur le reste du monde, selon l&rsquo;Arctic Institute.<\/p>\n<div>\n<div>\n<div>\n<div>\n<div>\n<div>\n<p>La Norv\u00e8ge, membre de l&rsquo;OTAN, a obtenu la souverainet\u00e9 sur le Svalbard dans le Trait\u00e9 de Paris de 1920.<\/p>\n<p>Cependant, le trait\u00e9 garantissait que toutes les nations signataires, y compris l&rsquo;Union sovi\u00e9tique, se voyaient accorder des droits \u00e9gaux pour explorer et utiliser les ressources min\u00e9rales trouv\u00e9es sur l&rsquo;\u00eele.<\/p>\n<\/div>\n<\/div>\n<\/div>\n<\/div>\n<\/div>\n<\/div>\n<\/div>\n<div>\n<p>Pyramiden abritait environ 1 500 personnes \u00e0 son apog\u00e9e au milieu des ann\u00e9es 1990.<\/p>\n<p>Cependant, la soci\u00e9t\u00e9 mini\u00e8re a ferm\u00e9 la colonie en 1998 pour diverses raisons, comme l&rsquo;explique Visit Svalbard.<\/p>\n<p>La baisse du prix du charbon, la technique co\u00fbteuse et difficile d&rsquo;extraction du charbon de la montagne et un horrible accident d&rsquo;avion deux ans auparavant qui a tu\u00e9 141 habitants ont tous contribu\u00e9 \u00e0 la fermeture et \u00e0 l&rsquo;abandon final de Pyramiden.<\/p>\n<p>Pyramiden a fourni des \u00e9quipements urbains modernes et une grande qualit\u00e9 de vie \u00e0 ses 1 000 habitants \u00e0 son apog\u00e9e.<\/p>\n<\/div>\n<div>\n<p>La ville poss\u00e9dait une \u00e9cole, une biblioth\u00e8que, une patinoire de hockey sur glace, une ar\u00e8ne sportive, des studios de danse et de musique, une station de radio, un cin\u00e9ma qui faisait \u00e9galement office de th\u00e9\u00e2tre et m\u00eame un cimeti\u00e8re de chats d\u00e9di\u00e9.<\/p>\n<p>Des efforts ont \u00e9t\u00e9 faits au cours des ann\u00e9es 2000 pour faire de Pyramiden une attraction touristique, aboutissant \u00e0 la r\u00e9novation et \u00e0 la r\u00e9ouverture de l&rsquo;h\u00f4tel de la ville en 2013.<\/p>\n<p>Les visiteurs qui souhaitent en savoir plus sur l\u2019histoire unique de cette ville fant\u00f4me de l\u2019Arctique peuvent participer \u00e0 des visites guid\u00e9es.<\/p>\n<p>Pyramiden est habit\u00e9 par un petit groupe de huit r\u00e9sidents charg\u00e9s d&rsquo;entretenir les installations et d&rsquo;organiser des visites guid\u00e9es pour les visiteurs.<\/p>\n<\/div>\n<div>\n<p>En raison de la pr\u00e9sence fr\u00e9quente d&rsquo;ours polaires dans la r\u00e9gion, les r\u00e9sidents et les touristes portent des armes \u00e0 feu comme pr\u00e9caution n\u00e9cessaire pour se d\u00e9fendre.<\/p>\n<p>Le buste de L\u00e9nine se dresse toujours au centre de Pyramiden, surplombant la ville et regardant vers l&rsquo;est jusqu&rsquo;au lointain glacier Nordenski\u00f6ldbreen.<\/p>\n<p>Dans les b\u00e2timents en ruine, on a l&rsquo;impression que le temps s&rsquo;est fig\u00e9, comme si les gens partaient brusquement mais pouvaient revenir \u00e0 tout moment.<\/p>\n<p>Pendant ce temps, le quartier g\u00e9n\u00e9ral du KGB a renforc\u00e9 les portes et les dossiers des mineurs sont \u00e9tal\u00e9s sur les tables.<\/p>\n<p>Les salles de classe sont d\u00e9cor\u00e9es de dessins d&rsquo;enfants et la tasse du professeur est laiss\u00e9e seule, offrant une impression de temps suspendu et un aper\u00e7u du pass\u00e9.<\/p>\n<\/div>\n","protected":false},"excerpt":{"rendered":"<p>Pyramiden, une communaut\u00e9 mini\u00e8re russe abandonn\u00e9e, est un t\u00e9moignage fig\u00e9 dans le temps de la culture de l&rsquo;\u00e8re sovi\u00e9tique et l&rsquo;une des communaut\u00e9s les plus<\/p>\n","protected":false},"author":1,"featured_media":296,"comment_status":"closed","ping_status":"","sticky":false,"template":"","format":"standard","meta":{"footnotes":""},"categories":[1],"tags":[419,423,54,8,324,420,69,345,360,129,422,113,421,18,103],"yoast_head":"<!-- This site is optimized with the Yoast SEO plugin v21.0 - https:\/\/yoast.com\/wordpress\/plugins\/seo\/ -->\n<title>Dans une ville isol\u00e9e, abandonn\u00e9e mais magnifique, o\u00f9 ses huit habitants seulement portent des armes<\/title>\n<meta name=\"robots\" content=\"index, follow, max-snippet:-1, max-image-preview:large, max-video-preview:-1\" \/>\n<link rel=\"canonical\" href=\"https:\/\/www.svalbard.fr\/actualites\/dans-une-ville-isolee-abandonnee-mais-magnifique-ou-ses-huit-habitants-seulement-portent-des-armes\/\" \/>\n<meta property=\"og:locale\" content=\"fr_FR\" \/>\n<meta property=\"og:type\" content=\"article\" \/>\n<meta property=\"og:title\" content=\"Dans une ville isol\u00e9e, abandonn\u00e9e mais magnifique, o\u00f9 ses huit habitants seulement portent des armes\" \/>\n<meta property=\"og:description\" content=\"Pyramiden, une communaut\u00e9 mini\u00e8re russe abandonn\u00e9e, est un t\u00e9moignage fig\u00e9 dans le temps de la culture de l&rsquo;\u00e8re sovi\u00e9tique et l&rsquo;une des communaut\u00e9s les plus\" \/>\n<meta property=\"og:url\" content=\"https:\/\/www.svalbard.fr\/actualites\/dans-une-ville-isolee-abandonnee-mais-magnifique-ou-ses-huit-habitants-seulement-portent-des-armes\/\" \/>\n<meta property=\"og:site_name\" content=\"www.Svalbard.fr\" \/>\n<meta property=\"article:published_time\" content=\"2023-11-17T18:13:57+00:00\" \/>\n<meta property=\"article:modified_time\" content=\"2023-11-17T18:13:59+00:00\" \/>\n<meta property=\"og:image\" content=\"https:\/\/www.svalbard.fr\/actualites\/wp-content\/uploads\/2023\/11\/Dans-une-ville-isolee-abandonnee-mais-magnifique-ou-ses-huit.jpg\" \/>\n\t<meta property=\"og:image:width\" content=\"1200\" \/>\n\t<meta property=\"og:image:height\" content=\"712\" \/>\n\t<meta property=\"og:image:type\" content=\"image\/jpeg\" \/>\n<meta name=\"author\" content=\"Hilmar\" \/>\n<meta name=\"twitter:card\" content=\"summary_large_image\" \/>\n<meta name=\"twitter:label1\" content=\"\u00c9crit par\" \/>\n\t<meta name=\"twitter:data1\" content=\"Hilmar\" \/>\n\t<meta name=\"twitter:label2\" content=\"Dur\u00e9e de lecture estim\u00e9e\" \/>\n\t<meta name=\"twitter:data2\" content=\"3 minutes\" \/>\n<script type=\"application\/ld+json\" class=\"yoast-schema-graph\">{\"@context\":\"https:\/\/schema.org\",\"@graph\":[{\"@type\":\"Article\",\"@id\":\"https:\/\/www.svalbard.fr\/actualites\/dans-une-ville-isolee-abandonnee-mais-magnifique-ou-ses-huit-habitants-seulement-portent-des-armes\/#article\",\"isPartOf\":{\"@id\":\"https:\/\/www.svalbard.fr\/actualites\/dans-une-ville-isolee-abandonnee-mais-magnifique-ou-ses-huit-habitants-seulement-portent-des-armes\/\"},\"author\":{\"name\":\"Hilmar\",\"@id\":\"https:\/\/www.svalbard.fr\/actualites\/#\/schema\/person\/a2f937d5712222366738fae98755c600\"},\"headline\":\"Dans une ville isol\u00e9e, abandonn\u00e9e mais magnifique, o\u00f9 ses huit habitants seulement portent des armes\",\"datePublished\":\"2023-11-17T18:13:57+00:00\",\"dateModified\":\"2023-11-17T18:13:59+00:00\",\"mainEntityOfPage\":{\"@id\":\"https:\/\/www.svalbard.fr\/actualites\/dans-une-ville-isolee-abandonnee-mais-magnifique-ou-ses-huit-habitants-seulement-portent-des-armes\/\"},\"wordCount\":532,\"publisher\":{\"@id\":\"https:\/\/www.svalbard.fr\/actualites\/#organization\"},\"keywords\":[\"abandonn\u00e9e\",\"armes\",\"dans\",\"des\",\"habitants\",\"huit\",\"isol\u00e9e\",\"magnifique\",\"mais\",\"O\u00f9\",\"portent\",\"ses\",\"seulement\",\"Une\",\"ville\"],\"articleSection\":[\"Svalbard\"],\"inLanguage\":\"fr-FR\"},{\"@type\":\"WebPage\",\"@id\":\"https:\/\/www.svalbard.fr\/actualites\/dans-une-ville-isolee-abandonnee-mais-magnifique-ou-ses-huit-habitants-seulement-portent-des-armes\/\",\"url\":\"https:\/\/www.svalbard.fr\/actualites\/dans-une-ville-isolee-abandonnee-mais-magnifique-ou-ses-huit-habitants-seulement-portent-des-armes\/\",\"name\":\"Dans une ville isol\u00e9e, abandonn\u00e9e mais magnifique, o\u00f9 ses huit habitants seulement portent des armes\",\"isPartOf\":{\"@id\":\"https:\/\/www.svalbard.fr\/actualites\/#website\"},\"datePublished\":\"2023-11-17T18:13:57+00:00\",\"dateModified\":\"2023-11-17T18:13:59+00:00\",\"breadcrumb\":{\"@id\":\"https:\/\/www.svalbard.fr\/actualites\/dans-une-ville-isolee-abandonnee-mais-magnifique-ou-ses-huit-habitants-seulement-portent-des-armes\/#breadcrumb\"},\"inLanguage\":\"fr-FR\",\"potentialAction\":[{\"@type\":\"ReadAction\",\"target\":[\"https:\/\/www.svalbard.fr\/actualites\/dans-une-ville-isolee-abandonnee-mais-magnifique-ou-ses-huit-habitants-seulement-portent-des-armes\/\"]}]},{\"@type\":\"BreadcrumbList\",\"@id\":\"https:\/\/www.svalbard.fr\/actualites\/dans-une-ville-isolee-abandonnee-mais-magnifique-ou-ses-huit-habitants-seulement-portent-des-armes\/#breadcrumb\",\"itemListElement\":[{\"@type\":\"ListItem\",\"position\":1,\"name\":\"Accueil\",\"item\":\"https:\/\/www.svalbard.fr\/actualites\/\"},{\"@type\":\"ListItem\",\"position\":2,\"name\":\"Dans une ville isol\u00e9e, abandonn\u00e9e mais magnifique, o\u00f9 ses huit habitants seulement portent des armes\"}]},{\"@type\":\"WebSite\",\"@id\":\"https:\/\/www.svalbard.fr\/actualites\/#website\",\"url\":\"https:\/\/www.svalbard.fr\/actualites\/\",\"name\":\"www.Svalbard.fr\",\"description\":\"\",\"publisher\":{\"@id\":\"https:\/\/www.svalbard.fr\/actualites\/#organization\"},\"potentialAction\":[{\"@type\":\"SearchAction\",\"target\":{\"@type\":\"EntryPoint\",\"urlTemplate\":\"https:\/\/www.svalbard.fr\/actualites\/?s={search_term_string}\"},\"query-input\":\"required name=search_term_string\"}],\"inLanguage\":\"fr-FR\"},{\"@type\":\"Organization\",\"@id\":\"https:\/\/www.svalbard.fr\/actualites\/#organization\",\"name\":\"www.Svalbard.fr\",\"url\":\"https:\/\/www.svalbard.fr\/actualites\/\",\"logo\":{\"@type\":\"ImageObject\",\"inLanguage\":\"fr-FR\",\"@id\":\"https:\/\/www.svalbard.fr\/actualites\/#\/schema\/logo\/image\/\",\"url\":\"https:\/\/www.svalbard.fr\/actualites\/wp-content\/uploads\/2023\/09\/head-nom.jpg\",\"contentUrl\":\"https:\/\/www.svalbard.fr\/actualites\/wp-content\/uploads\/2023\/09\/head-nom.jpg\",\"width\":264,\"height\":35,\"caption\":\"www.Svalbard.fr\"},\"image\":{\"@id\":\"https:\/\/www.svalbard.fr\/actualites\/#\/schema\/logo\/image\/\"}},{\"@type\":\"Person\",\"@id\":\"https:\/\/www.svalbard.fr\/actualites\/#\/schema\/person\/a2f937d5712222366738fae98755c600\",\"name\":\"Hilmar\",\"image\":{\"@type\":\"ImageObject\",\"inLanguage\":\"fr-FR\",\"@id\":\"https:\/\/www.svalbard.fr\/actualites\/#\/schema\/person\/image\/\",\"url\":\"https:\/\/secure.gravatar.com\/avatar\/4daa437093476dbc32da415c112b6512?s=96&d=mm&r=g\",\"contentUrl\":\"https:\/\/secure.gravatar.com\/avatar\/4daa437093476dbc32da415c112b6512?s=96&d=mm&r=g\",\"caption\":\"Hilmar\"},\"description\":\"Hilmar est un passionn\u00e9 des r\u00e9gions polaires, sp\u00e9cialis\u00e9 dans la r\u00e9daction d'articles sur le Spitzberg et autres destinations arctiques. Il apporte son expertise et sa passion pour l'Arctique au sein de l'\u00e9quipe de r\u00e9daction de Svalbard depuis de nombreuses ann\u00e9es.\",\"sameAs\":[\"https:\/\/www.svalbard.fr\/\"]}]}<\/script>\n<!-- \/ Yoast SEO plugin. -->","yoast_head_json":{"title":"Dans une ville isol\u00e9e, abandonn\u00e9e mais magnifique, o\u00f9 ses huit habitants seulement portent des armes","robots":{"index":"index","follow":"follow","max-snippet":"max-snippet:-1","max-image-preview":"max-image-preview:large","max-video-preview":"max-video-preview:-1"},"canonical":"https:\/\/www.svalbard.fr\/actualites\/dans-une-ville-isolee-abandonnee-mais-magnifique-ou-ses-huit-habitants-seulement-portent-des-armes\/","og_locale":"fr_FR","og_type":"article","og_title":"Dans une ville isol\u00e9e, abandonn\u00e9e mais magnifique, o\u00f9 ses huit habitants seulement portent des armes","og_description":"Pyramiden, une communaut\u00e9 mini\u00e8re russe abandonn\u00e9e, est un t\u00e9moignage fig\u00e9 dans le temps de la culture de l&rsquo;\u00e8re sovi\u00e9tique et l&rsquo;une des communaut\u00e9s les plus","og_url":"https:\/\/www.svalbard.fr\/actualites\/dans-une-ville-isolee-abandonnee-mais-magnifique-ou-ses-huit-habitants-seulement-portent-des-armes\/","og_site_name":"www.Svalbard.fr","article_published_time":"2023-11-17T18:13:57+00:00","article_modified_time":"2023-11-17T18:13:59+00:00","og_image":[{"width":1200,"height":712,"url":"https:\/\/www.svalbard.fr\/actualites\/wp-content\/uploads\/2023\/11\/Dans-une-ville-isolee-abandonnee-mais-magnifique-ou-ses-huit.jpg","type":"image\/jpeg"}],"author":"Hilmar","twitter_card":"summary_large_image","twitter_misc":{"\u00c9crit par":"Hilmar","Dur\u00e9e de lecture estim\u00e9e":"3 minutes"},"schema":{"@context":"https:\/\/schema.org","@graph":[{"@type":"Article","@id":"https:\/\/www.svalbard.fr\/actualites\/dans-une-ville-isolee-abandonnee-mais-magnifique-ou-ses-huit-habitants-seulement-portent-des-armes\/#article","isPartOf":{"@id":"https:\/\/www.svalbard.fr\/actualites\/dans-une-ville-isolee-abandonnee-mais-magnifique-ou-ses-huit-habitants-seulement-portent-des-armes\/"},"author":{"name":"Hilmar","@id":"https:\/\/www.svalbard.fr\/actualites\/#\/schema\/person\/a2f937d5712222366738fae98755c600"},"headline":"Dans une ville isol\u00e9e, abandonn\u00e9e mais magnifique, o\u00f9 ses huit habitants seulement portent des armes","datePublished":"2023-11-17T18:13:57+00:00","dateModified":"2023-11-17T18:13:59+00:00","mainEntityOfPage":{"@id":"https:\/\/www.svalbard.fr\/actualites\/dans-une-ville-isolee-abandonnee-mais-magnifique-ou-ses-huit-habitants-seulement-portent-des-armes\/"},"wordCount":532,"publisher":{"@id":"https:\/\/www.svalbard.fr\/actualites\/#organization"},"keywords":["abandonn\u00e9e","armes","dans","des","habitants","huit","isol\u00e9e","magnifique","mais","O\u00f9","portent","ses","seulement","Une","ville"],"articleSection":["Svalbard"],"inLanguage":"fr-FR"},{"@type":"WebPage","@id":"https:\/\/www.svalbard.fr\/actualites\/dans-une-ville-isolee-abandonnee-mais-magnifique-ou-ses-huit-habitants-seulement-portent-des-armes\/","url":"https:\/\/www.svalbard.fr\/actualites\/dans-une-ville-isolee-abandonnee-mais-magnifique-ou-ses-huit-habitants-seulement-portent-des-armes\/","name":"Dans une ville isol\u00e9e, abandonn\u00e9e mais magnifique, o\u00f9 ses huit habitants seulement portent des armes","isPartOf":{"@id":"https:\/\/www.svalbard.fr\/actualites\/#website"},"datePublished":"2023-11-17T18:13:57+00:00","dateModified":"2023-11-17T18:13:59+00:00","breadcrumb":{"@id":"https:\/\/www.svalbard.fr\/actualites\/dans-une-ville-isolee-abandonnee-mais-magnifique-ou-ses-huit-habitants-seulement-portent-des-armes\/#breadcrumb"},"inLanguage":"fr-FR","potentialAction":[{"@type":"ReadAction","target":["https:\/\/www.svalbard.fr\/actualites\/dans-une-ville-isolee-abandonnee-mais-magnifique-ou-ses-huit-habitants-seulement-portent-des-armes\/"]}]},{"@type":"BreadcrumbList","@id":"https:\/\/www.svalbard.fr\/actualites\/dans-une-ville-isolee-abandonnee-mais-magnifique-ou-ses-huit-habitants-seulement-portent-des-armes\/#breadcrumb","itemListElement":[{"@type":"ListItem","position":1,"name":"Accueil","item":"https:\/\/www.svalbard.fr\/actualites\/"},{"@type":"ListItem","position":2,"name":"Dans une ville isol\u00e9e, abandonn\u00e9e mais magnifique, o\u00f9 ses huit habitants seulement portent des armes"}]},{"@type":"WebSite","@id":"https:\/\/www.svalbard.fr\/actualites\/#website","url":"https:\/\/www.svalbard.fr\/actualites\/","name":"www.Svalbard.fr","description":"","publisher":{"@id":"https:\/\/www.svalbard.fr\/actualites\/#organization"},"potentialAction":[{"@type":"SearchAction","target":{"@type":"EntryPoint","urlTemplate":"https:\/\/www.svalbard.fr\/actualites\/?s={search_term_string}"},"query-input":"required name=search_term_string"}],"inLanguage":"fr-FR"},{"@type":"Organization","@id":"https:\/\/www.svalbard.fr\/actualites\/#organization","name":"www.Svalbard.fr","url":"https:\/\/www.svalbard.fr\/actualites\/","logo":{"@type":"ImageObject","inLanguage":"fr-FR","@id":"https:\/\/www.svalbard.fr\/actualites\/#\/schema\/logo\/image\/","url":"https:\/\/www.svalbard.fr\/actualites\/wp-content\/uploads\/2023\/09\/head-nom.jpg","contentUrl":"https:\/\/www.svalbard.fr\/actualites\/wp-content\/uploads\/2023\/09\/head-nom.jpg","width":264,"height":35,"caption":"www.Svalbard.fr"},"image":{"@id":"https:\/\/www.svalbard.fr\/actualites\/#\/schema\/logo\/image\/"}},{"@type":"Person","@id":"https:\/\/www.svalbard.fr\/actualites\/#\/schema\/person\/a2f937d5712222366738fae98755c600","name":"Hilmar","image":{"@type":"ImageObject","inLanguage":"fr-FR","@id":"https:\/\/www.svalbard.fr\/actualites\/#\/schema\/person\/image\/","url":"https:\/\/secure.gravatar.com\/avatar\/4daa437093476dbc32da415c112b6512?s=96&d=mm&r=g","contentUrl":"https:\/\/secure.gravatar.com\/avatar\/4daa437093476dbc32da415c112b6512?s=96&d=mm&r=g","caption":"Hilmar"},"description":"Hilmar est un passionn\u00e9 des r\u00e9gions polaires, sp\u00e9cialis\u00e9 dans la r\u00e9daction d'articles sur le Spitzberg et autres destinations arctiques. Il apporte son expertise et sa passion pour l'Arctique au sein de l'\u00e9quipe de r\u00e9daction de Svalbard depuis de nombreuses ann\u00e9es.","sameAs":["https:\/\/www.svalbard.fr\/"]}]}},"_links":{"self":[{"href":"https:\/\/www.svalbard.fr\/actualites\/wp-json\/wp\/v2\/posts\/295"}],"collection":[{"href":"https:\/\/www.svalbard.fr\/actualites\/wp-json\/wp\/v2\/posts"}],"about":[{"href":"https:\/\/www.svalbard.fr\/actualites\/wp-json\/wp\/v2\/types\/post"}],"author":[{"embeddable":true,"href":"https:\/\/www.svalbard.fr\/actualites\/wp-json\/wp\/v2\/users\/1"}],"replies":[{"embeddable":true,"href":"https:\/\/www.svalbard.fr\/actualites\/wp-json\/wp\/v2\/comments?post=295"}],"version-history":[{"count":1,"href":"https:\/\/www.svalbard.fr\/actualites\/wp-json\/wp\/v2\/posts\/295\/revisions"}],"predecessor-version":[{"id":297,"href":"https:\/\/www.svalbard.fr\/actualites\/wp-json\/wp\/v2\/posts\/295\/revisions\/297"}],"wp:featuredmedia":[{"embeddable":true,"href":"https:\/\/www.svalbard.fr\/actualites\/wp-json\/wp\/v2\/media\/296"}],"wp:attachment":[{"href":"https:\/\/www.svalbard.fr\/actualites\/wp-json\/wp\/v2\/media?parent=295"}],"wp:term":[{"taxonomy":"category","embeddable":true,"href":"https:\/\/www.svalbard.fr\/actualites\/wp-json\/wp\/v2\/categories?post=295"},{"taxonomy":"post_tag","embeddable":true,"href":"https:\/\/www.svalbard.fr\/actualites\/wp-json\/wp\/v2\/tags?post=295"}],"curies":[{"name":"wp","href":"https:\/\/api.w.org\/{rel}","templated":true}]}}