{"id":3000,"date":"2025-03-25T15:30:00","date_gmt":"2025-03-25T14:30:00","guid":{"rendered":"https:\/\/www.svalbard.fr\/actualites\/?p=3000"},"modified":"2025-03-24T12:07:32","modified_gmt":"2025-03-24T11:07:32","slug":"les-conges-non-pris-doivent-etre-payes-meme-apres-demission-la-justice-europeenne-tranche","status":"publish","type":"post","link":"https:\/\/www.svalbard.fr\/actualites\/les-conges-non-pris-doivent-etre-payes-meme-apres-demission-la-justice-europeenne-tranche\/","title":{"rendered":"Les cong\u00e9s non pris doivent \u00eatre pay\u00e9s m\u00eame apr\u00e8s d\u00e9mission : la justice europ\u00e9enne tranche"},"content":{"rendered":"\n<p><strong><em>C\u2019est une d\u00e9cision qui pourrait bien changer la donne pour de nombreux travailleurs europ\u00e9ens. Le 18 janvier 2024, la Cour de justice de l\u2019Union europ\u00e9enne (CJUE) a tranch\u00e9 : m\u00eame en cas de d\u00e9mission, les jours de cong\u00e9s pay\u00e9s non pris doivent donner lieu \u00e0 une indemnit\u00e9 compensatrice. Explications.<\/em><\/strong><\/p>\n\n\n\n<!--more-->\n\n\n\n<h2 class=\"wp-block-heading\">Un principe renforc\u00e9 par la justice europ\u00e9enne<\/h2>\n\n\n\n<p>Jusqu\u2019ici, en France, d\u00e9mission rime souvent avec perte de certains droits, notamment les allocations ch\u00f4mage. Mais voil\u00e0 qu\u2019un nouvel arr\u00eat vient renforcer les garanties des salari\u00e9s d\u00e9missionnaires. La CJUE vient de rappeler qu\u2019un employeur <strong>ne peut plus refuser de payer les <a href=\"https:\/\/www.svalbard.fr\/actualites\/le-meilleur-pays-au-monde-pour-elever-une-famille-beneficie-dun-conge-de-paternite-fantastique\/\">cong\u00e9s<\/a> non pris<\/strong>, que la rupture du contrat vienne de lui\u2026 ou du salari\u00e9.<\/p>\n\n\n\n<p>L\u2019affaire qui a men\u00e9 \u00e0 cette d\u00e9cision ? Celle d\u2019un salari\u00e9 italien, employ\u00e9 par la commune de Copertino, qui avait d\u00e9missionn\u00e9 apr\u00e8s plus de 20 ans de service pour prendre une retraite anticip\u00e9e. Ce dernier r\u00e9clamait \u00e0 son ancien employeur le paiement de <strong>79 jours de cong\u00e9s annuels non utilis\u00e9s<\/strong>. Refus cat\u00e9gorique de la commune. Mais la justice europ\u00e9enne, elle, lui a donn\u00e9 raison.<\/p>\n\n\n\n<h2 class=\"wp-block-heading\">Ce que dit la loi\u2026 et ce que change cette d\u00e9cision<\/h2>\n\n\n\n<p>Pour rappel, en France, <strong>chaque salari\u00e9 cumule 2,5 jours ouvrables de cong\u00e9s pay\u00e9s par mois travaill\u00e9<\/strong>, pris en charge par l\u2019employeur. Ces cong\u00e9s peuvent \u00eatre pris sur une p\u00e9riode de r\u00e9f\u00e9rence fix\u00e9e g\u00e9n\u00e9ralement du 1er juin au 31 mai.<\/p>\n\n\n\n<p>L\u2019<strong>URSSAF<\/strong> confirme d\u2019ailleurs depuis longtemps que lorsqu\u2019un salari\u00e9 quitte son emploi, que ce soit par <a href=\"https:\/\/www.svalbard.fr\/actualites\/le-roi-harald-de-norvege-aucun-projet-de-demissionner\/\"><strong>d\u00e9mission<\/strong><\/a>, licenciement ou d\u00e9part \u00e0 la retraite, il <strong>doit percevoir une indemnit\u00e9 compensatrice pour les cong\u00e9s non pris<\/strong>.<\/p>\n\n\n\n<p>La Cour europ\u00e9enne ne fait ici que renforcer cette r\u00e8gle, en la sanctuarisant au niveau europ\u00e9en. Elle affirme sans d\u00e9tour :<\/p>\n\n\n\n<p>\u00ab Le droit de l\u2019Union s\u2019oppose \u00e0 toute r\u00e9glementation nationale interdisant le versement d\u2019une indemnit\u00e9 financi\u00e8re pour les jours de cong\u00e9 annuel pay\u00e9 non pris lorsque le travailleur met volontairement fin \u00e0 sa relation de travail. \u00bb<\/p>\n\n\n\n<h2 class=\"wp-block-heading\">Une seule exception \u00e0 conna\u00eetre<\/h2>\n\n\n\n<p>Attention toutefois, la Cour a pr\u00e9cis\u00e9 une nuance importante. Si le salari\u00e9 a <strong>d\u00e9lib\u00e9r\u00e9ment choisi de ne pas poser ses cong\u00e9s<\/strong> malgr\u00e9 des rappels de l\u2019employeur et une information claire sur le risque de perte, alors cette <a href=\"https:\/\/www.svalbard.fr\/actualites\/comment-le-teletravail-peut-significativement-augmenter-vos-revenus\/\"><strong>indemnit\u00e9<\/strong><\/a> pourrait lui \u00eatre refus\u00e9e.<\/p>\n\n\n\n<p>Autrement dit, l\u2019employeur doit prouver qu\u2019il a fait le n\u00e9cessaire pour inciter le salari\u00e9 \u00e0 poser ses cong\u00e9s et qu\u2019il l\u2019a inform\u00e9 du risque de les perdre. Si le salari\u00e9 fait la sourde oreille\u2026 le droit \u00e0 indemnit\u00e9 peut dispara\u00eetre.<\/p>\n\n\n\n<h2 class=\"wp-block-heading\">Ce que cela signifie pour vous<\/h2>\n\n\n\n<p>Que vous soyez sur le point de d\u00e9missionner ou simplement soucieux de vos droits, retenez ceci :<\/p>\n\n\n\n<ul>\n<li>Tous vos cong\u00e9s non pris doivent \u00eatre compens\u00e9s financi\u00e8rement, <strong>m\u00eame si vous partez volontairement<\/strong>.<\/li>\n\n\n\n<li>Peu importe que la rupture du contrat vienne de vous ou de votre employeur.<\/li>\n\n\n\n<li>Seule exception : si vous refusez d\u00e9lib\u00e9r\u00e9ment de prendre vos cong\u00e9s malgr\u00e9 les incitations claires de votre employeur.<\/li>\n<\/ul>\n\n\n\n<p>Un pas de plus vers la <strong>protection renforc\u00e9e des droits des travailleurs europ\u00e9ens<\/strong> !<\/p>\n","protected":false},"excerpt":{"rendered":"<p>C\u2019est une d\u00e9cision qui pourrait bien changer la donne pour de nombreux travailleurs europ\u00e9ens. Le 18 janvier 2024, la Cour de justice de l\u2019Union europ\u00e9enne<\/p>\n","protected":false},"author":3,"featured_media":3001,"comment_status":"closed","ping_status":"closed","sticky":false,"template":"","format":"standard","meta":{"footnotes":""},"categories":[1725],"tags":[],"yoast_head":"<!-- This site is optimized with the Yoast SEO plugin v21.0 - https:\/\/yoast.com\/wordpress\/plugins\/seo\/ -->\n<title>Les cong\u00e9s non pris doivent \u00eatre pay\u00e9s m\u00eame apr\u00e8s d\u00e9mission : la justice europ\u00e9enne tranche<\/title>\n<meta name=\"robots\" content=\"index, follow, max-snippet:-1, max-image-preview:large, max-video-preview:-1\" \/>\n<link rel=\"canonical\" href=\"https:\/\/www.svalbard.fr\/actualites\/les-conges-non-pris-doivent-etre-payes-meme-apres-demission-la-justice-europeenne-tranche\/\" \/>\n<meta property=\"og:locale\" content=\"fr_FR\" \/>\n<meta property=\"og:type\" content=\"article\" \/>\n<meta property=\"og:title\" content=\"Les cong\u00e9s non pris doivent \u00eatre pay\u00e9s m\u00eame apr\u00e8s d\u00e9mission : la justice europ\u00e9enne tranche\" \/>\n<meta property=\"og:description\" content=\"C\u2019est une d\u00e9cision qui pourrait bien changer la donne pour de nombreux travailleurs europ\u00e9ens. Le 18 janvier 2024, la Cour de justice de l\u2019Union europ\u00e9enne\" \/>\n<meta property=\"og:url\" content=\"https:\/\/www.svalbard.fr\/actualites\/les-conges-non-pris-doivent-etre-payes-meme-apres-demission-la-justice-europeenne-tranche\/\" \/>\n<meta property=\"og:site_name\" content=\"www.Svalbard.fr\" \/>\n<meta property=\"article:published_time\" content=\"2025-03-25T14:30:00+00:00\" \/>\n<meta property=\"article:modified_time\" content=\"2025-03-24T11:07:32+00:00\" \/>\n<meta property=\"og:image\" content=\"https:\/\/www.svalbard.fr\/actualites\/wp-content\/uploads\/2025\/03\/Les-conges-non-pris-doivent-etre-payes.jpg\" \/>\n\t<meta property=\"og:image:width\" content=\"1200\" \/>\n\t<meta property=\"og:image:height\" content=\"675\" \/>\n\t<meta property=\"og:image:type\" content=\"image\/jpeg\" \/>\n<meta name=\"author\" content=\"Guillaume Chen\" \/>\n<meta name=\"twitter:card\" content=\"summary_large_image\" \/>\n<meta name=\"twitter:label1\" content=\"\u00c9crit par\" \/>\n\t<meta name=\"twitter:data1\" content=\"Guillaume Chen\" \/>\n\t<meta name=\"twitter:label2\" content=\"Dur\u00e9e de lecture estim\u00e9e\" \/>\n\t<meta name=\"twitter:data2\" content=\"3 minutes\" \/>\n<script type=\"application\/ld+json\" class=\"yoast-schema-graph\">{\"@context\":\"https:\/\/schema.org\",\"@graph\":[{\"@type\":\"Article\",\"@id\":\"https:\/\/www.svalbard.fr\/actualites\/les-conges-non-pris-doivent-etre-payes-meme-apres-demission-la-justice-europeenne-tranche\/#article\",\"isPartOf\":{\"@id\":\"https:\/\/www.svalbard.fr\/actualites\/les-conges-non-pris-doivent-etre-payes-meme-apres-demission-la-justice-europeenne-tranche\/\"},\"author\":{\"name\":\"Guillaume Chen\",\"@id\":\"https:\/\/www.svalbard.fr\/actualites\/#\/schema\/person\/b9d185560b94bff7322d37cb676ee545\"},\"headline\":\"Les cong\u00e9s non pris doivent \u00eatre pay\u00e9s m\u00eame apr\u00e8s d\u00e9mission : la justice europ\u00e9enne tranche\",\"datePublished\":\"2025-03-25T14:30:00+00:00\",\"dateModified\":\"2025-03-24T11:07:32+00:00\",\"mainEntityOfPage\":{\"@id\":\"https:\/\/www.svalbard.fr\/actualites\/les-conges-non-pris-doivent-etre-payes-meme-apres-demission-la-justice-europeenne-tranche\/\"},\"wordCount\":565,\"publisher\":{\"@id\":\"https:\/\/www.svalbard.fr\/actualites\/#organization\"},\"articleSection\":[\"Tendances\"],\"inLanguage\":\"fr-FR\"},{\"@type\":\"WebPage\",\"@id\":\"https:\/\/www.svalbard.fr\/actualites\/les-conges-non-pris-doivent-etre-payes-meme-apres-demission-la-justice-europeenne-tranche\/\",\"url\":\"https:\/\/www.svalbard.fr\/actualites\/les-conges-non-pris-doivent-etre-payes-meme-apres-demission-la-justice-europeenne-tranche\/\",\"name\":\"Les cong\u00e9s non pris doivent \u00eatre pay\u00e9s m\u00eame apr\u00e8s d\u00e9mission : la justice europ\u00e9enne tranche\",\"isPartOf\":{\"@id\":\"https:\/\/www.svalbard.fr\/actualites\/#website\"},\"datePublished\":\"2025-03-25T14:30:00+00:00\",\"dateModified\":\"2025-03-24T11:07:32+00:00\",\"breadcrumb\":{\"@id\":\"https:\/\/www.svalbard.fr\/actualites\/les-conges-non-pris-doivent-etre-payes-meme-apres-demission-la-justice-europeenne-tranche\/#breadcrumb\"},\"inLanguage\":\"fr-FR\",\"potentialAction\":[{\"@type\":\"ReadAction\",\"target\":[\"https:\/\/www.svalbard.fr\/actualites\/les-conges-non-pris-doivent-etre-payes-meme-apres-demission-la-justice-europeenne-tranche\/\"]}]},{\"@type\":\"BreadcrumbList\",\"@id\":\"https:\/\/www.svalbard.fr\/actualites\/les-conges-non-pris-doivent-etre-payes-meme-apres-demission-la-justice-europeenne-tranche\/#breadcrumb\",\"itemListElement\":[{\"@type\":\"ListItem\",\"position\":1,\"name\":\"Accueil\",\"item\":\"https:\/\/www.svalbard.fr\/actualites\/\"},{\"@type\":\"ListItem\",\"position\":2,\"name\":\"Les cong\u00e9s non pris doivent \u00eatre pay\u00e9s m\u00eame apr\u00e8s d\u00e9mission : la justice europ\u00e9enne tranche\"}]},{\"@type\":\"WebSite\",\"@id\":\"https:\/\/www.svalbard.fr\/actualites\/#website\",\"url\":\"https:\/\/www.svalbard.fr\/actualites\/\",\"name\":\"www.Svalbard.fr\",\"description\":\"\",\"publisher\":{\"@id\":\"https:\/\/www.svalbard.fr\/actualites\/#organization\"},\"potentialAction\":[{\"@type\":\"SearchAction\",\"target\":{\"@type\":\"EntryPoint\",\"urlTemplate\":\"https:\/\/www.svalbard.fr\/actualites\/?s={search_term_string}\"},\"query-input\":\"required name=search_term_string\"}],\"inLanguage\":\"fr-FR\"},{\"@type\":\"Organization\",\"@id\":\"https:\/\/www.svalbard.fr\/actualites\/#organization\",\"name\":\"www.Svalbard.fr\",\"url\":\"https:\/\/www.svalbard.fr\/actualites\/\",\"logo\":{\"@type\":\"ImageObject\",\"inLanguage\":\"fr-FR\",\"@id\":\"https:\/\/www.svalbard.fr\/actualites\/#\/schema\/logo\/image\/\",\"url\":\"https:\/\/www.svalbard.fr\/actualites\/wp-content\/uploads\/2023\/09\/head-nom.jpg\",\"contentUrl\":\"https:\/\/www.svalbard.fr\/actualites\/wp-content\/uploads\/2023\/09\/head-nom.jpg\",\"width\":264,\"height\":35,\"caption\":\"www.Svalbard.fr\"},\"image\":{\"@id\":\"https:\/\/www.svalbard.fr\/actualites\/#\/schema\/logo\/image\/\"}},{\"@type\":\"Person\",\"@id\":\"https:\/\/www.svalbard.fr\/actualites\/#\/schema\/person\/b9d185560b94bff7322d37cb676ee545\",\"name\":\"Guillaume Chen\",\"image\":{\"@type\":\"ImageObject\",\"inLanguage\":\"fr-FR\",\"@id\":\"https:\/\/www.svalbard.fr\/actualites\/#\/schema\/person\/image\/\",\"url\":\"https:\/\/secure.gravatar.com\/avatar\/0c3f9c94586035b795ad4049a06fb048?s=96&d=mm&r=g\",\"contentUrl\":\"https:\/\/secure.gravatar.com\/avatar\/0c3f9c94586035b795ad4049a06fb048?s=96&d=mm&r=g\",\"caption\":\"Guillaume Chen\"},\"sameAs\":[\"https:\/\/www.svalbard.fr\/\"]}]}<\/script>\n<!-- \/ Yoast SEO plugin. -->","yoast_head_json":{"title":"Les cong\u00e9s non pris doivent \u00eatre pay\u00e9s m\u00eame apr\u00e8s d\u00e9mission : la justice europ\u00e9enne tranche","robots":{"index":"index","follow":"follow","max-snippet":"max-snippet:-1","max-image-preview":"max-image-preview:large","max-video-preview":"max-video-preview:-1"},"canonical":"https:\/\/www.svalbard.fr\/actualites\/les-conges-non-pris-doivent-etre-payes-meme-apres-demission-la-justice-europeenne-tranche\/","og_locale":"fr_FR","og_type":"article","og_title":"Les cong\u00e9s non pris doivent \u00eatre pay\u00e9s m\u00eame apr\u00e8s d\u00e9mission : la justice europ\u00e9enne tranche","og_description":"C\u2019est une d\u00e9cision qui pourrait bien changer la donne pour de nombreux travailleurs europ\u00e9ens. Le 18 janvier 2024, la Cour de justice de l\u2019Union europ\u00e9enne","og_url":"https:\/\/www.svalbard.fr\/actualites\/les-conges-non-pris-doivent-etre-payes-meme-apres-demission-la-justice-europeenne-tranche\/","og_site_name":"www.Svalbard.fr","article_published_time":"2025-03-25T14:30:00+00:00","article_modified_time":"2025-03-24T11:07:32+00:00","og_image":[{"width":1200,"height":675,"url":"https:\/\/www.svalbard.fr\/actualites\/wp-content\/uploads\/2025\/03\/Les-conges-non-pris-doivent-etre-payes.jpg","type":"image\/jpeg"}],"author":"Guillaume Chen","twitter_card":"summary_large_image","twitter_misc":{"\u00c9crit par":"Guillaume Chen","Dur\u00e9e de lecture estim\u00e9e":"3 minutes"},"schema":{"@context":"https:\/\/schema.org","@graph":[{"@type":"Article","@id":"https:\/\/www.svalbard.fr\/actualites\/les-conges-non-pris-doivent-etre-payes-meme-apres-demission-la-justice-europeenne-tranche\/#article","isPartOf":{"@id":"https:\/\/www.svalbard.fr\/actualites\/les-conges-non-pris-doivent-etre-payes-meme-apres-demission-la-justice-europeenne-tranche\/"},"author":{"name":"Guillaume Chen","@id":"https:\/\/www.svalbard.fr\/actualites\/#\/schema\/person\/b9d185560b94bff7322d37cb676ee545"},"headline":"Les cong\u00e9s non pris doivent \u00eatre pay\u00e9s m\u00eame apr\u00e8s d\u00e9mission : la justice europ\u00e9enne tranche","datePublished":"2025-03-25T14:30:00+00:00","dateModified":"2025-03-24T11:07:32+00:00","mainEntityOfPage":{"@id":"https:\/\/www.svalbard.fr\/actualites\/les-conges-non-pris-doivent-etre-payes-meme-apres-demission-la-justice-europeenne-tranche\/"},"wordCount":565,"publisher":{"@id":"https:\/\/www.svalbard.fr\/actualites\/#organization"},"articleSection":["Tendances"],"inLanguage":"fr-FR"},{"@type":"WebPage","@id":"https:\/\/www.svalbard.fr\/actualites\/les-conges-non-pris-doivent-etre-payes-meme-apres-demission-la-justice-europeenne-tranche\/","url":"https:\/\/www.svalbard.fr\/actualites\/les-conges-non-pris-doivent-etre-payes-meme-apres-demission-la-justice-europeenne-tranche\/","name":"Les cong\u00e9s non pris doivent \u00eatre pay\u00e9s m\u00eame apr\u00e8s d\u00e9mission : la justice europ\u00e9enne tranche","isPartOf":{"@id":"https:\/\/www.svalbard.fr\/actualites\/#website"},"datePublished":"2025-03-25T14:30:00+00:00","dateModified":"2025-03-24T11:07:32+00:00","breadcrumb":{"@id":"https:\/\/www.svalbard.fr\/actualites\/les-conges-non-pris-doivent-etre-payes-meme-apres-demission-la-justice-europeenne-tranche\/#breadcrumb"},"inLanguage":"fr-FR","potentialAction":[{"@type":"ReadAction","target":["https:\/\/www.svalbard.fr\/actualites\/les-conges-non-pris-doivent-etre-payes-meme-apres-demission-la-justice-europeenne-tranche\/"]}]},{"@type":"BreadcrumbList","@id":"https:\/\/www.svalbard.fr\/actualites\/les-conges-non-pris-doivent-etre-payes-meme-apres-demission-la-justice-europeenne-tranche\/#breadcrumb","itemListElement":[{"@type":"ListItem","position":1,"name":"Accueil","item":"https:\/\/www.svalbard.fr\/actualites\/"},{"@type":"ListItem","position":2,"name":"Les cong\u00e9s non pris doivent \u00eatre pay\u00e9s m\u00eame apr\u00e8s d\u00e9mission : la justice europ\u00e9enne tranche"}]},{"@type":"WebSite","@id":"https:\/\/www.svalbard.fr\/actualites\/#website","url":"https:\/\/www.svalbard.fr\/actualites\/","name":"www.Svalbard.fr","description":"","publisher":{"@id":"https:\/\/www.svalbard.fr\/actualites\/#organization"},"potentialAction":[{"@type":"SearchAction","target":{"@type":"EntryPoint","urlTemplate":"https:\/\/www.svalbard.fr\/actualites\/?s={search_term_string}"},"query-input":"required name=search_term_string"}],"inLanguage":"fr-FR"},{"@type":"Organization","@id":"https:\/\/www.svalbard.fr\/actualites\/#organization","name":"www.Svalbard.fr","url":"https:\/\/www.svalbard.fr\/actualites\/","logo":{"@type":"ImageObject","inLanguage":"fr-FR","@id":"https:\/\/www.svalbard.fr\/actualites\/#\/schema\/logo\/image\/","url":"https:\/\/www.svalbard.fr\/actualites\/wp-content\/uploads\/2023\/09\/head-nom.jpg","contentUrl":"https:\/\/www.svalbard.fr\/actualites\/wp-content\/uploads\/2023\/09\/head-nom.jpg","width":264,"height":35,"caption":"www.Svalbard.fr"},"image":{"@id":"https:\/\/www.svalbard.fr\/actualites\/#\/schema\/logo\/image\/"}},{"@type":"Person","@id":"https:\/\/www.svalbard.fr\/actualites\/#\/schema\/person\/b9d185560b94bff7322d37cb676ee545","name":"Guillaume Chen","image":{"@type":"ImageObject","inLanguage":"fr-FR","@id":"https:\/\/www.svalbard.fr\/actualites\/#\/schema\/person\/image\/","url":"https:\/\/secure.gravatar.com\/avatar\/0c3f9c94586035b795ad4049a06fb048?s=96&d=mm&r=g","contentUrl":"https:\/\/secure.gravatar.com\/avatar\/0c3f9c94586035b795ad4049a06fb048?s=96&d=mm&r=g","caption":"Guillaume Chen"},"sameAs":["https:\/\/www.svalbard.fr\/"]}]}},"_links":{"self":[{"href":"https:\/\/www.svalbard.fr\/actualites\/wp-json\/wp\/v2\/posts\/3000"}],"collection":[{"href":"https:\/\/www.svalbard.fr\/actualites\/wp-json\/wp\/v2\/posts"}],"about":[{"href":"https:\/\/www.svalbard.fr\/actualites\/wp-json\/wp\/v2\/types\/post"}],"author":[{"embeddable":true,"href":"https:\/\/www.svalbard.fr\/actualites\/wp-json\/wp\/v2\/users\/3"}],"replies":[{"embeddable":true,"href":"https:\/\/www.svalbard.fr\/actualites\/wp-json\/wp\/v2\/comments?post=3000"}],"version-history":[{"count":1,"href":"https:\/\/www.svalbard.fr\/actualites\/wp-json\/wp\/v2\/posts\/3000\/revisions"}],"predecessor-version":[{"id":3002,"href":"https:\/\/www.svalbard.fr\/actualites\/wp-json\/wp\/v2\/posts\/3000\/revisions\/3002"}],"wp:featuredmedia":[{"embeddable":true,"href":"https:\/\/www.svalbard.fr\/actualites\/wp-json\/wp\/v2\/media\/3001"}],"wp:attachment":[{"href":"https:\/\/www.svalbard.fr\/actualites\/wp-json\/wp\/v2\/media?parent=3000"}],"wp:term":[{"taxonomy":"category","embeddable":true,"href":"https:\/\/www.svalbard.fr\/actualites\/wp-json\/wp\/v2\/categories?post=3000"},{"taxonomy":"post_tag","embeddable":true,"href":"https:\/\/www.svalbard.fr\/actualites\/wp-json\/wp\/v2\/tags?post=3000"}],"curies":[{"name":"wp","href":"https:\/\/api.w.org\/{rel}","templated":true}]}}