{"id":3018,"date":"2025-03-27T08:30:00","date_gmt":"2025-03-27T07:30:00","guid":{"rendered":"https:\/\/www.svalbard.fr\/actualites\/?p=3018"},"modified":"2025-03-26T14:21:58","modified_gmt":"2025-03-26T13:21:58","slug":"cheque-energie-2025-ce-changement-de-date-qui-risque-de-tout-compliquer","status":"publish","type":"post","link":"https:\/\/www.svalbard.fr\/actualites\/cheque-energie-2025-ce-changement-de-date-qui-risque-de-tout-compliquer\/","title":{"rendered":"Ch\u00e8que \u00e9nergie 2025 : ce changement de date qui risque de tout compliquer"},"content":{"rendered":"\n<p><strong><em>Le ch\u00e8que \u00e9nergie, dispositif mis en place pour aider les m\u00e9nages en difficult\u00e9 face aux d\u00e9penses \u00e9nerg\u00e9tiques, fait parler de lui \u00e0 nouveau pour l\u2019ann\u00e9e 2025. Con\u00e7u pour all\u00e9ger les factures de chauffage et financer des travaux de r\u00e9novation \u00e9nerg\u00e9tique, ce soutien est un v\u00e9ritable filet de s\u00e9curit\u00e9 pour des millions de foyers. Cependant, un changement dans son calendrier de distribution pourrait bien compliquer la vie des b\u00e9n\u00e9ficiaires.<\/em><\/strong><\/p>\n\n\n\n<!--more-->\n\n\n\n<h2 class=\"wp-block-heading\">Un d\u00e9calage inattendu dans la distribution du ch\u00e8que \u00e9nergie<\/h2>\n\n\n\n<p>En 2025, le <a href=\"https:\/\/www.svalbard.fr\/actualites\/cheque-energie-verifiez-rapidement-sa-validite-avant-quil-nexpire\/\"><strong>ch\u00e8que \u00e9nergie<\/strong><\/a> ne sera plus vers\u00e9 au printemps comme cela \u00e9tait pr\u00e9vu jusqu\u2019\u00e0 pr\u00e9sent. Le <strong>m\u00e9diateur de l\u2019\u00e9nergie<\/strong> a annonc\u00e9 que l\u2019envoi sera repouss\u00e9 au <strong>second semestre<\/strong> de l\u2019ann\u00e9e. Ce report, cons\u00e9cutif \u00e0 l&rsquo;adoption tardive du projet de loi de finances, valid\u00e9 d\u00e9but f\u00e9vrier, d\u00e9coule en partie des remous politiques r\u00e9cents. Ainsi, les foyers qui comptaient recevoir leur aide d\u00e8s avril devront d\u00e9sormais attendre plusieurs mois de plus, ce qui pourrait les mettre en difficult\u00e9 en cas de hausse des factures d\u2019\u00e9nergie.<\/p>\n\n\n\n<h2 class=\"wp-block-heading\">Un impact direct sur des millions de m\u00e9nages<\/h2>\n\n\n\n<p>Depuis sa mise en place en 2018, le ch\u00e8que \u00e9nergie a permis \u00e0 environ <strong>5,7 millions de foyers<\/strong> d\u2019all\u00e9ger leurs factures et de financer des r\u00e9novations \u00e9nerg\u00e9tiques. Ce dispositif, attribu\u00e9 sous conditions de ressources, s\u2019adresse notamment aux m\u00e9nages modestes et aux foyers vivant dans des logements mal isol\u00e9s. En 2024, les montants allou\u00e9s variaient de <strong>48 \u00e0 277 \u20ac<\/strong>, en fonction du revenu fiscal de r\u00e9f\u00e9rence et de la composition du foyer. Le report de la distribution en 2025 risque donc de retarder l\u2019acc\u00e8s \u00e0 cette aide cruciale, particuli\u00e8rement pour ceux dont le budget est d\u00e9j\u00e0 tr\u00e8s serr\u00e9.<\/p>\n\n\n\n<h2 class=\"wp-block-heading\">Une distribution plus s\u00e9lective et automatis\u00e9e<\/h2>\n\n\n\n<p>D\u2019apr\u00e8s le m\u00e9diateur de l\u2019\u00e9nergie, le versement du ch\u00e8que \u00e9nergie en 2025 ne sera plus totalement automatique pour tous. Seuls les foyers identifi\u00e9s par un <strong>croisement des <a href=\"https:\/\/www.svalbard.fr\/actualites\/usurpation-didentite-et-prete-nom-une-fraude-immobiliere-de-18-millions-deuros-decouverte-a-la-banque-palatine\/\">donn\u00e9es fiscales<\/a><\/strong> et des informations fournies par les gestionnaires d\u2019\u00e9nergie verront leur ch\u00e8que vers\u00e9 automatiquement. Pour ceux qui ne sont pas pr\u00e9alablement rep\u00e9r\u00e9s, il leur faudra <strong>se signaler<\/strong> via un portail en ligne ou par courrier. Cette nouvelle m\u00e9thode de distribution, bien que destin\u00e9e \u00e0 optimiser l\u2019aide, risque de cr\u00e9er une <strong>fracture administrative<\/strong> et de compliquer l\u2019acc\u00e8s \u00e0 ce soutien pour certains m\u00e9nages.<\/p>\n\n\n\n<h2 class=\"wp-block-heading\">Conclusion : Un ajustement qui demande vigilance<\/h2>\n\n\n\n<p>Le report de la distribution du ch\u00e8que \u00e9nergie en <a href=\"https:\/\/www.svalbard.fr\/actualites\/une-excellente-nouvelle-pour-les-retraites-cet-impot-disparaitra-en-2025-touchant-35-millions-de-personnes\/\"><strong>2025<\/strong><\/a> pourrait s\u2019av\u00e9rer probl\u00e9matique pour de nombreux foyers, notamment en p\u00e9riode de forte demande \u00e9nerg\u00e9tique. Alors que le dispositif reste un outil essentiel pour lutter contre la <strong>pr\u00e9carit\u00e9 \u00e9nerg\u00e9tique<\/strong>, ce changement de calendrier invite \u00e0 la prudence. Il est important que les b\u00e9n\u00e9ficiaires potentiels v\u00e9rifient leur \u00e9ligibilit\u00e9 via le portail d\u00e9di\u00e9 et se tiennent inform\u00e9s des nouvelles modalit\u00e9s de versement. En attendant, les autorit\u00e9s doivent s\u2019assurer que ce report ne se traduise pas par une pr\u00e9carisation accrue des m\u00e9nages vuln\u00e9rables. Des organismes tels que la <strong>Drees<\/strong> et d&rsquo;autres institutions sp\u00e9cialis\u00e9es en politique \u00e9nerg\u00e9tique seront sans aucun doute sollicit\u00e9s pour clarifier ces changements et minimiser leur impact sur les foyers les plus fragiles.<\/p>\n","protected":false},"excerpt":{"rendered":"<p>Le ch\u00e8que \u00e9nergie, dispositif mis en place pour aider les m\u00e9nages en difficult\u00e9 face aux d\u00e9penses \u00e9nerg\u00e9tiques, fait parler de lui \u00e0 nouveau pour l\u2019ann\u00e9e<\/p>\n","protected":false},"author":3,"featured_media":3019,"comment_status":"closed","ping_status":"closed","sticky":false,"template":"","format":"standard","meta":{"footnotes":""},"categories":[1725],"tags":[],"yoast_head":"<!-- This site is optimized with the Yoast SEO plugin v21.0 - https:\/\/yoast.com\/wordpress\/plugins\/seo\/ -->\n<title>Ch\u00e8que \u00e9nergie 2025 : ce changement de date qui risque de tout compliquer<\/title>\n<meta name=\"robots\" content=\"index, follow, max-snippet:-1, max-image-preview:large, max-video-preview:-1\" \/>\n<link rel=\"canonical\" href=\"https:\/\/www.svalbard.fr\/actualites\/cheque-energie-2025-ce-changement-de-date-qui-risque-de-tout-compliquer\/\" \/>\n<meta property=\"og:locale\" content=\"fr_FR\" \/>\n<meta property=\"og:type\" content=\"article\" \/>\n<meta property=\"og:title\" content=\"Ch\u00e8que \u00e9nergie 2025 : ce changement de date qui risque de tout compliquer\" \/>\n<meta property=\"og:description\" content=\"Le ch\u00e8que \u00e9nergie, dispositif mis en place pour aider les m\u00e9nages en difficult\u00e9 face aux d\u00e9penses \u00e9nerg\u00e9tiques, fait parler de lui \u00e0 nouveau pour l\u2019ann\u00e9e\" \/>\n<meta property=\"og:url\" content=\"https:\/\/www.svalbard.fr\/actualites\/cheque-energie-2025-ce-changement-de-date-qui-risque-de-tout-compliquer\/\" \/>\n<meta property=\"og:site_name\" content=\"www.Svalbard.fr\" \/>\n<meta property=\"article:published_time\" content=\"2025-03-27T07:30:00+00:00\" \/>\n<meta property=\"article:modified_time\" content=\"2025-03-26T13:21:58+00:00\" \/>\n<meta property=\"og:image\" content=\"https:\/\/www.svalbard.fr\/actualites\/wp-content\/uploads\/2025\/03\/Cheque-energie-2025.jpg\" \/>\n\t<meta property=\"og:image:width\" content=\"1200\" \/>\n\t<meta property=\"og:image:height\" content=\"675\" \/>\n\t<meta property=\"og:image:type\" content=\"image\/jpeg\" \/>\n<meta name=\"author\" content=\"Guillaume Chen\" \/>\n<meta name=\"twitter:card\" content=\"summary_large_image\" \/>\n<meta name=\"twitter:label1\" content=\"\u00c9crit par\" \/>\n\t<meta name=\"twitter:data1\" content=\"Guillaume Chen\" \/>\n\t<meta name=\"twitter:label2\" content=\"Dur\u00e9e de lecture estim\u00e9e\" \/>\n\t<meta name=\"twitter:data2\" content=\"3 minutes\" \/>\n<script type=\"application\/ld+json\" class=\"yoast-schema-graph\">{\"@context\":\"https:\/\/schema.org\",\"@graph\":[{\"@type\":\"Article\",\"@id\":\"https:\/\/www.svalbard.fr\/actualites\/cheque-energie-2025-ce-changement-de-date-qui-risque-de-tout-compliquer\/#article\",\"isPartOf\":{\"@id\":\"https:\/\/www.svalbard.fr\/actualites\/cheque-energie-2025-ce-changement-de-date-qui-risque-de-tout-compliquer\/\"},\"author\":{\"name\":\"Guillaume Chen\",\"@id\":\"https:\/\/www.svalbard.fr\/actualites\/#\/schema\/person\/b9d185560b94bff7322d37cb676ee545\"},\"headline\":\"Ch\u00e8que \u00e9nergie 2025 : ce changement de date qui risque de tout compliquer\",\"datePublished\":\"2025-03-27T07:30:00+00:00\",\"dateModified\":\"2025-03-26T13:21:58+00:00\",\"mainEntityOfPage\":{\"@id\":\"https:\/\/www.svalbard.fr\/actualites\/cheque-energie-2025-ce-changement-de-date-qui-risque-de-tout-compliquer\/\"},\"wordCount\":577,\"publisher\":{\"@id\":\"https:\/\/www.svalbard.fr\/actualites\/#organization\"},\"articleSection\":[\"Tendances\"],\"inLanguage\":\"fr-FR\"},{\"@type\":\"WebPage\",\"@id\":\"https:\/\/www.svalbard.fr\/actualites\/cheque-energie-2025-ce-changement-de-date-qui-risque-de-tout-compliquer\/\",\"url\":\"https:\/\/www.svalbard.fr\/actualites\/cheque-energie-2025-ce-changement-de-date-qui-risque-de-tout-compliquer\/\",\"name\":\"Ch\u00e8que \u00e9nergie 2025 : ce changement de date qui risque de tout compliquer\",\"isPartOf\":{\"@id\":\"https:\/\/www.svalbard.fr\/actualites\/#website\"},\"datePublished\":\"2025-03-27T07:30:00+00:00\",\"dateModified\":\"2025-03-26T13:21:58+00:00\",\"breadcrumb\":{\"@id\":\"https:\/\/www.svalbard.fr\/actualites\/cheque-energie-2025-ce-changement-de-date-qui-risque-de-tout-compliquer\/#breadcrumb\"},\"inLanguage\":\"fr-FR\",\"potentialAction\":[{\"@type\":\"ReadAction\",\"target\":[\"https:\/\/www.svalbard.fr\/actualites\/cheque-energie-2025-ce-changement-de-date-qui-risque-de-tout-compliquer\/\"]}]},{\"@type\":\"BreadcrumbList\",\"@id\":\"https:\/\/www.svalbard.fr\/actualites\/cheque-energie-2025-ce-changement-de-date-qui-risque-de-tout-compliquer\/#breadcrumb\",\"itemListElement\":[{\"@type\":\"ListItem\",\"position\":1,\"name\":\"Accueil\",\"item\":\"https:\/\/www.svalbard.fr\/actualites\/\"},{\"@type\":\"ListItem\",\"position\":2,\"name\":\"Ch\u00e8que \u00e9nergie 2025 : ce changement de date qui risque de tout compliquer\"}]},{\"@type\":\"WebSite\",\"@id\":\"https:\/\/www.svalbard.fr\/actualites\/#website\",\"url\":\"https:\/\/www.svalbard.fr\/actualites\/\",\"name\":\"www.Svalbard.fr\",\"description\":\"\",\"publisher\":{\"@id\":\"https:\/\/www.svalbard.fr\/actualites\/#organization\"},\"potentialAction\":[{\"@type\":\"SearchAction\",\"target\":{\"@type\":\"EntryPoint\",\"urlTemplate\":\"https:\/\/www.svalbard.fr\/actualites\/?s={search_term_string}\"},\"query-input\":\"required name=search_term_string\"}],\"inLanguage\":\"fr-FR\"},{\"@type\":\"Organization\",\"@id\":\"https:\/\/www.svalbard.fr\/actualites\/#organization\",\"name\":\"www.Svalbard.fr\",\"url\":\"https:\/\/www.svalbard.fr\/actualites\/\",\"logo\":{\"@type\":\"ImageObject\",\"inLanguage\":\"fr-FR\",\"@id\":\"https:\/\/www.svalbard.fr\/actualites\/#\/schema\/logo\/image\/\",\"url\":\"https:\/\/www.svalbard.fr\/actualites\/wp-content\/uploads\/2023\/09\/head-nom.jpg\",\"contentUrl\":\"https:\/\/www.svalbard.fr\/actualites\/wp-content\/uploads\/2023\/09\/head-nom.jpg\",\"width\":264,\"height\":35,\"caption\":\"www.Svalbard.fr\"},\"image\":{\"@id\":\"https:\/\/www.svalbard.fr\/actualites\/#\/schema\/logo\/image\/\"}},{\"@type\":\"Person\",\"@id\":\"https:\/\/www.svalbard.fr\/actualites\/#\/schema\/person\/b9d185560b94bff7322d37cb676ee545\",\"name\":\"Guillaume Chen\",\"image\":{\"@type\":\"ImageObject\",\"inLanguage\":\"fr-FR\",\"@id\":\"https:\/\/www.svalbard.fr\/actualites\/#\/schema\/person\/image\/\",\"url\":\"https:\/\/secure.gravatar.com\/avatar\/0c3f9c94586035b795ad4049a06fb048?s=96&d=mm&r=g\",\"contentUrl\":\"https:\/\/secure.gravatar.com\/avatar\/0c3f9c94586035b795ad4049a06fb048?s=96&d=mm&r=g\",\"caption\":\"Guillaume Chen\"},\"sameAs\":[\"https:\/\/www.svalbard.fr\/\"]}]}<\/script>\n<!-- \/ Yoast SEO plugin. -->","yoast_head_json":{"title":"Ch\u00e8que \u00e9nergie 2025 : ce changement de date qui risque de tout compliquer","robots":{"index":"index","follow":"follow","max-snippet":"max-snippet:-1","max-image-preview":"max-image-preview:large","max-video-preview":"max-video-preview:-1"},"canonical":"https:\/\/www.svalbard.fr\/actualites\/cheque-energie-2025-ce-changement-de-date-qui-risque-de-tout-compliquer\/","og_locale":"fr_FR","og_type":"article","og_title":"Ch\u00e8que \u00e9nergie 2025 : ce changement de date qui risque de tout compliquer","og_description":"Le ch\u00e8que \u00e9nergie, dispositif mis en place pour aider les m\u00e9nages en difficult\u00e9 face aux d\u00e9penses \u00e9nerg\u00e9tiques, fait parler de lui \u00e0 nouveau pour l\u2019ann\u00e9e","og_url":"https:\/\/www.svalbard.fr\/actualites\/cheque-energie-2025-ce-changement-de-date-qui-risque-de-tout-compliquer\/","og_site_name":"www.Svalbard.fr","article_published_time":"2025-03-27T07:30:00+00:00","article_modified_time":"2025-03-26T13:21:58+00:00","og_image":[{"width":1200,"height":675,"url":"https:\/\/www.svalbard.fr\/actualites\/wp-content\/uploads\/2025\/03\/Cheque-energie-2025.jpg","type":"image\/jpeg"}],"author":"Guillaume Chen","twitter_card":"summary_large_image","twitter_misc":{"\u00c9crit par":"Guillaume Chen","Dur\u00e9e de lecture estim\u00e9e":"3 minutes"},"schema":{"@context":"https:\/\/schema.org","@graph":[{"@type":"Article","@id":"https:\/\/www.svalbard.fr\/actualites\/cheque-energie-2025-ce-changement-de-date-qui-risque-de-tout-compliquer\/#article","isPartOf":{"@id":"https:\/\/www.svalbard.fr\/actualites\/cheque-energie-2025-ce-changement-de-date-qui-risque-de-tout-compliquer\/"},"author":{"name":"Guillaume Chen","@id":"https:\/\/www.svalbard.fr\/actualites\/#\/schema\/person\/b9d185560b94bff7322d37cb676ee545"},"headline":"Ch\u00e8que \u00e9nergie 2025 : ce changement de date qui risque de tout compliquer","datePublished":"2025-03-27T07:30:00+00:00","dateModified":"2025-03-26T13:21:58+00:00","mainEntityOfPage":{"@id":"https:\/\/www.svalbard.fr\/actualites\/cheque-energie-2025-ce-changement-de-date-qui-risque-de-tout-compliquer\/"},"wordCount":577,"publisher":{"@id":"https:\/\/www.svalbard.fr\/actualites\/#organization"},"articleSection":["Tendances"],"inLanguage":"fr-FR"},{"@type":"WebPage","@id":"https:\/\/www.svalbard.fr\/actualites\/cheque-energie-2025-ce-changement-de-date-qui-risque-de-tout-compliquer\/","url":"https:\/\/www.svalbard.fr\/actualites\/cheque-energie-2025-ce-changement-de-date-qui-risque-de-tout-compliquer\/","name":"Ch\u00e8que \u00e9nergie 2025 : ce changement de date qui risque de tout compliquer","isPartOf":{"@id":"https:\/\/www.svalbard.fr\/actualites\/#website"},"datePublished":"2025-03-27T07:30:00+00:00","dateModified":"2025-03-26T13:21:58+00:00","breadcrumb":{"@id":"https:\/\/www.svalbard.fr\/actualites\/cheque-energie-2025-ce-changement-de-date-qui-risque-de-tout-compliquer\/#breadcrumb"},"inLanguage":"fr-FR","potentialAction":[{"@type":"ReadAction","target":["https:\/\/www.svalbard.fr\/actualites\/cheque-energie-2025-ce-changement-de-date-qui-risque-de-tout-compliquer\/"]}]},{"@type":"BreadcrumbList","@id":"https:\/\/www.svalbard.fr\/actualites\/cheque-energie-2025-ce-changement-de-date-qui-risque-de-tout-compliquer\/#breadcrumb","itemListElement":[{"@type":"ListItem","position":1,"name":"Accueil","item":"https:\/\/www.svalbard.fr\/actualites\/"},{"@type":"ListItem","position":2,"name":"Ch\u00e8que \u00e9nergie 2025 : ce changement de date qui risque de tout compliquer"}]},{"@type":"WebSite","@id":"https:\/\/www.svalbard.fr\/actualites\/#website","url":"https:\/\/www.svalbard.fr\/actualites\/","name":"www.Svalbard.fr","description":"","publisher":{"@id":"https:\/\/www.svalbard.fr\/actualites\/#organization"},"potentialAction":[{"@type":"SearchAction","target":{"@type":"EntryPoint","urlTemplate":"https:\/\/www.svalbard.fr\/actualites\/?s={search_term_string}"},"query-input":"required name=search_term_string"}],"inLanguage":"fr-FR"},{"@type":"Organization","@id":"https:\/\/www.svalbard.fr\/actualites\/#organization","name":"www.Svalbard.fr","url":"https:\/\/www.svalbard.fr\/actualites\/","logo":{"@type":"ImageObject","inLanguage":"fr-FR","@id":"https:\/\/www.svalbard.fr\/actualites\/#\/schema\/logo\/image\/","url":"https:\/\/www.svalbard.fr\/actualites\/wp-content\/uploads\/2023\/09\/head-nom.jpg","contentUrl":"https:\/\/www.svalbard.fr\/actualites\/wp-content\/uploads\/2023\/09\/head-nom.jpg","width":264,"height":35,"caption":"www.Svalbard.fr"},"image":{"@id":"https:\/\/www.svalbard.fr\/actualites\/#\/schema\/logo\/image\/"}},{"@type":"Person","@id":"https:\/\/www.svalbard.fr\/actualites\/#\/schema\/person\/b9d185560b94bff7322d37cb676ee545","name":"Guillaume Chen","image":{"@type":"ImageObject","inLanguage":"fr-FR","@id":"https:\/\/www.svalbard.fr\/actualites\/#\/schema\/person\/image\/","url":"https:\/\/secure.gravatar.com\/avatar\/0c3f9c94586035b795ad4049a06fb048?s=96&d=mm&r=g","contentUrl":"https:\/\/secure.gravatar.com\/avatar\/0c3f9c94586035b795ad4049a06fb048?s=96&d=mm&r=g","caption":"Guillaume Chen"},"sameAs":["https:\/\/www.svalbard.fr\/"]}]}},"_links":{"self":[{"href":"https:\/\/www.svalbard.fr\/actualites\/wp-json\/wp\/v2\/posts\/3018"}],"collection":[{"href":"https:\/\/www.svalbard.fr\/actualites\/wp-json\/wp\/v2\/posts"}],"about":[{"href":"https:\/\/www.svalbard.fr\/actualites\/wp-json\/wp\/v2\/types\/post"}],"author":[{"embeddable":true,"href":"https:\/\/www.svalbard.fr\/actualites\/wp-json\/wp\/v2\/users\/3"}],"replies":[{"embeddable":true,"href":"https:\/\/www.svalbard.fr\/actualites\/wp-json\/wp\/v2\/comments?post=3018"}],"version-history":[{"count":1,"href":"https:\/\/www.svalbard.fr\/actualites\/wp-json\/wp\/v2\/posts\/3018\/revisions"}],"predecessor-version":[{"id":3020,"href":"https:\/\/www.svalbard.fr\/actualites\/wp-json\/wp\/v2\/posts\/3018\/revisions\/3020"}],"wp:featuredmedia":[{"embeddable":true,"href":"https:\/\/www.svalbard.fr\/actualites\/wp-json\/wp\/v2\/media\/3019"}],"wp:attachment":[{"href":"https:\/\/www.svalbard.fr\/actualites\/wp-json\/wp\/v2\/media?parent=3018"}],"wp:term":[{"taxonomy":"category","embeddable":true,"href":"https:\/\/www.svalbard.fr\/actualites\/wp-json\/wp\/v2\/categories?post=3018"},{"taxonomy":"post_tag","embeddable":true,"href":"https:\/\/www.svalbard.fr\/actualites\/wp-json\/wp\/v2\/tags?post=3018"}],"curies":[{"name":"wp","href":"https:\/\/api.w.org\/{rel}","templated":true}]}}