{"id":3070,"date":"2025-03-28T21:26:28","date_gmt":"2025-03-28T20:26:28","guid":{"rendered":"https:\/\/www.svalbard.fr\/actualites\/royal-donne-une-mise-a-jour-dechirante-de-la-sante-sur-la-dialyse-renale-brutale\/"},"modified":"2025-03-28T21:26:29","modified_gmt":"2025-03-28T20:26:29","slug":"royal-donne-une-mise-a-jour-dechirante-de-la-sante-sur-la-dialyse-renale-brutale","status":"publish","type":"post","link":"https:\/\/www.svalbard.fr\/actualites\/royal-donne-une-mise-a-jour-dechirante-de-la-sante-sur-la-dialyse-renale-brutale\/","title":{"rendered":"Royal donne une mise \u00e0 jour d\u00e9chirante de la sant\u00e9 sur la dialyse r\u00e9nale brutale"},"content":{"rendered":"<div>\n<p>Un royal norv\u00e9gien a donn\u00e9 une mise \u00e0 jour sur sa sant\u00e9 dans une nouvelle d\u00e9claration. Shaman Durek Verrett, \u00e9poux de la princesse Martha Louise, a d\u00e9clar\u00e9 qu&#39;il subissait actuellement une dialyse trois fois par semaine \u00ab\u00a0juste pour survivre\u00a0\u00bb.<\/p>\n<p>La nouvelle r\u00e9v\u00e9lation par le joueur de 50 ans survient apr\u00e8s avoir dit qu&#39;il \u00e9tait \u00ab\u00a0cibl\u00e9\u00a0\u00bb par un m\u00e9dia norv\u00e9gien Se Og Hor, qui, selon lui, a publi\u00e9 une photo nue de lui sans son consentement, puis a fait de fausses all\u00e9gations de maltraitance. Durek a d\u00e9clar\u00e9 que ses affirmations avaient \u00e9t\u00e9 appuy\u00e9es par le comit\u00e9 professionnel de la presse norv\u00e9gien qui a jug\u00e9 que Se OG H\u00f8r avait viol\u00e9 l&#39;\u00e9thique de la presse \u00e0 deux reprises. La nouvelle de sa sant\u00e9 est venue dans un communiqu\u00e9 r\u00e9pondant \u00e0 cette situation.<\/p>\n<\/div>\n<div>\n<p>Le Royal a d\u00e9clar\u00e9 que les violations ont rendu son combat en sant\u00e9 \u00abplus dur\u00bb qu&#39;auparavant. Il a d\u00e9clar\u00e9: \u00ab\u00a0J&#39;ai perdu ma transplantation r\u00e9nale il y a plusieurs ann\u00e9es. Je subis maintenant la dialyse trois fois par semaine juste pour rester en vie. Ces attaques ne se font pas simplement mal \u00e9motionnellement. Ils ont fait ce combat plus fort.\u00a0\u00bb<\/p>\n<p>Sa d\u00e9claration a \u00e9galement lu: \u00ab\u00a0J&#39;ai \u00e9t\u00e9 implacablement cibl\u00e9 par les m\u00e9dias norv\u00e9giens, se pas og h\u00f8r en particulier, depuis six ans. J&#39;ai \u00e9t\u00e9 d\u00e9crit de mani\u00e8re qui a profond\u00e9ment nui \u00e0 ma sant\u00e9, \u00e0 mon personnage, \u00e0 ma r\u00e9putation, \u00e0 mon entreprise et aux gens que j&#39;aime, \u00e0 ma famille et \u00e0 mes amis.\u00a0\u00bb<\/p>\n<p>Il a poursuivi: \u00abAujourd&#39;hui, apr\u00e8s des mois de r\u00e9vision, le comit\u00e9 de professionnel de la presse norv\u00e9gien (PFU) a officiellement statu\u00e9 que Se OG H\u00f8r avait viol\u00e9 l&#39;\u00e9thique de la presse &#8211; deux fois.<\/p>\n<p>\u00ab\u00a0Violation 1: ils ont publi\u00e9 une photo priv\u00e9e et nue de moi sans mon consentement &#8211; affirmant que c&#39;\u00e9tait d\u00e9j\u00e0 public. Ce n&#39;\u00e9tait pas le cas. Il a \u00e9t\u00e9 vol\u00e9 et vendu par quelqu&#39;un en qui je faisais une fois.<\/p>\n<\/div>\n<div>\n<p>Il a poursuivi: \u00ab\u00a0Permettez-moi d&#39;\u00eatre clair: je n&#39;ai jamais agress\u00e9 personne. Cela inclut mon manager su\u00e9dois, Joakim Bostr\u00f6m. L&#39;accusation \u00e9tait fausse, malveillante et strat\u00e9giquement chronom\u00e9tr\u00e9e pour me blesser et ceux que j&#39;aime.\u00a0\u00bb<\/p>\n<p>Comme l&#39;a rapport\u00e9 Hello!, Durek a affirm\u00e9 que les mensonges racont\u00e9s \u00e0 son sujet avaient \u00e9t\u00e9 faits par la famille en disgr\u00e2ce, les anciens partenaires et les anciens amis, ainsi qu&#39;un \u00ab\u00a0guide de bien-\u00eatre devenu opportuniste gourmand par les m\u00e9dias. Des gens avec des vendettas personnelles et quelque chose \u00e0 gagner\u00a0\u00bb.<\/p>\n<p>Durek a remerci\u00e9 son avocat, Geir Lippestad, PFU et sa \u00abtribu\u00bb pour leur soutien in\u00e9branlable.<\/p>\n<p>Le Royal a eu une insuffisance r\u00e9nale alors qu&#39;il n&#39;avait que 28 ans. En 2012, il a \u00e9t\u00e9 soign\u00e9 par sa s\u0153ur Angela qui lui a fait don de ses reins.<\/p>\n<\/div>\n","protected":false},"excerpt":{"rendered":"<p>Un royal norv\u00e9gien a donn\u00e9 une mise \u00e0 jour sur sa sant\u00e9 dans une nouvelle d\u00e9claration. Shaman Durek Verrett, \u00e9poux de la princesse Martha Louise,<\/p>\n","protected":false},"author":1,"featured_media":3071,"comment_status":"closed","ping_status":"","sticky":false,"template":"","format":"standard","meta":{"footnotes":""},"categories":[1],"tags":[2198,2195,2196,1612,632,688,2197,1580,957,28,18],"yoast_head":"<!-- This site is optimized with the Yoast SEO plugin v21.0 - https:\/\/yoast.com\/wordpress\/plugins\/seo\/ -->\n<title>Royal donne une mise \u00e0 jour d\u00e9chirante de la sant\u00e9 sur la dialyse r\u00e9nale brutale<\/title>\n<meta name=\"robots\" content=\"index, follow, max-snippet:-1, max-image-preview:large, max-video-preview:-1\" \/>\n<link rel=\"canonical\" href=\"https:\/\/www.svalbard.fr\/actualites\/royal-donne-une-mise-a-jour-dechirante-de-la-sante-sur-la-dialyse-renale-brutale\/\" \/>\n<meta property=\"og:locale\" content=\"fr_FR\" \/>\n<meta property=\"og:type\" content=\"article\" \/>\n<meta property=\"og:title\" content=\"Royal donne une mise \u00e0 jour d\u00e9chirante de la sant\u00e9 sur la dialyse r\u00e9nale brutale\" \/>\n<meta property=\"og:description\" content=\"Un royal norv\u00e9gien a donn\u00e9 une mise \u00e0 jour sur sa sant\u00e9 dans une nouvelle d\u00e9claration. Shaman Durek Verrett, \u00e9poux de la princesse Martha Louise,\" \/>\n<meta property=\"og:url\" content=\"https:\/\/www.svalbard.fr\/actualites\/royal-donne-une-mise-a-jour-dechirante-de-la-sante-sur-la-dialyse-renale-brutale\/\" \/>\n<meta property=\"og:site_name\" content=\"www.Svalbard.fr\" \/>\n<meta property=\"article:published_time\" content=\"2025-03-28T20:26:28+00:00\" \/>\n<meta property=\"article:modified_time\" content=\"2025-03-28T20:26:29+00:00\" \/>\n<meta property=\"og:image\" content=\"https:\/\/www.svalbard.fr\/actualites\/wp-content\/uploads\/2025\/03\/Royal-donne-une-mise-a-jour-dechirante-de-la-sante.jpg\" \/>\n\t<meta property=\"og:image:width\" content=\"1200\" \/>\n\t<meta property=\"og:image:height\" content=\"630\" \/>\n\t<meta property=\"og:image:type\" content=\"image\/jpeg\" \/>\n<meta name=\"author\" content=\"Hilmar\" \/>\n<meta name=\"twitter:card\" content=\"summary_large_image\" \/>\n<meta name=\"twitter:label1\" content=\"\u00c9crit par\" \/>\n\t<meta name=\"twitter:data1\" content=\"Hilmar\" \/>\n\t<meta name=\"twitter:label2\" content=\"Dur\u00e9e de lecture estim\u00e9e\" \/>\n\t<meta name=\"twitter:data2\" content=\"2 minutes\" \/>\n<script type=\"application\/ld+json\" class=\"yoast-schema-graph\">{\"@context\":\"https:\/\/schema.org\",\"@graph\":[{\"@type\":\"Article\",\"@id\":\"https:\/\/www.svalbard.fr\/actualites\/royal-donne-une-mise-a-jour-dechirante-de-la-sante-sur-la-dialyse-renale-brutale\/#article\",\"isPartOf\":{\"@id\":\"https:\/\/www.svalbard.fr\/actualites\/royal-donne-une-mise-a-jour-dechirante-de-la-sante-sur-la-dialyse-renale-brutale\/\"},\"author\":{\"name\":\"Hilmar\",\"@id\":\"https:\/\/www.svalbard.fr\/actualites\/#\/schema\/person\/a2f937d5712222366738fae98755c600\"},\"headline\":\"Royal donne une mise \u00e0 jour d\u00e9chirante de la sant\u00e9 sur la dialyse r\u00e9nale brutale\",\"datePublished\":\"2025-03-28T20:26:28+00:00\",\"dateModified\":\"2025-03-28T20:26:29+00:00\",\"mainEntityOfPage\":{\"@id\":\"https:\/\/www.svalbard.fr\/actualites\/royal-donne-une-mise-a-jour-dechirante-de-la-sante-sur-la-dialyse-renale-brutale\/\"},\"wordCount\":513,\"publisher\":{\"@id\":\"https:\/\/www.svalbard.fr\/actualites\/#organization\"},\"keywords\":[\"brutale\",\"d\u00e9chirante\",\"dialyse\",\"donne\",\"jour\",\"mise\",\"r\u00e9nale\",\"royal\",\"sant\u00e9\",\"sur\",\"Une\"],\"articleSection\":[\"Svalbard\"],\"inLanguage\":\"fr-FR\"},{\"@type\":\"WebPage\",\"@id\":\"https:\/\/www.svalbard.fr\/actualites\/royal-donne-une-mise-a-jour-dechirante-de-la-sante-sur-la-dialyse-renale-brutale\/\",\"url\":\"https:\/\/www.svalbard.fr\/actualites\/royal-donne-une-mise-a-jour-dechirante-de-la-sante-sur-la-dialyse-renale-brutale\/\",\"name\":\"Royal donne une mise \u00e0 jour d\u00e9chirante de la sant\u00e9 sur la dialyse r\u00e9nale brutale\",\"isPartOf\":{\"@id\":\"https:\/\/www.svalbard.fr\/actualites\/#website\"},\"datePublished\":\"2025-03-28T20:26:28+00:00\",\"dateModified\":\"2025-03-28T20:26:29+00:00\",\"breadcrumb\":{\"@id\":\"https:\/\/www.svalbard.fr\/actualites\/royal-donne-une-mise-a-jour-dechirante-de-la-sante-sur-la-dialyse-renale-brutale\/#breadcrumb\"},\"inLanguage\":\"fr-FR\",\"potentialAction\":[{\"@type\":\"ReadAction\",\"target\":[\"https:\/\/www.svalbard.fr\/actualites\/royal-donne-une-mise-a-jour-dechirante-de-la-sante-sur-la-dialyse-renale-brutale\/\"]}]},{\"@type\":\"BreadcrumbList\",\"@id\":\"https:\/\/www.svalbard.fr\/actualites\/royal-donne-une-mise-a-jour-dechirante-de-la-sante-sur-la-dialyse-renale-brutale\/#breadcrumb\",\"itemListElement\":[{\"@type\":\"ListItem\",\"position\":1,\"name\":\"Accueil\",\"item\":\"https:\/\/www.svalbard.fr\/actualites\/\"},{\"@type\":\"ListItem\",\"position\":2,\"name\":\"Royal donne une mise \u00e0 jour d\u00e9chirante de la sant\u00e9 sur la dialyse r\u00e9nale brutale\"}]},{\"@type\":\"WebSite\",\"@id\":\"https:\/\/www.svalbard.fr\/actualites\/#website\",\"url\":\"https:\/\/www.svalbard.fr\/actualites\/\",\"name\":\"www.Svalbard.fr\",\"description\":\"\",\"publisher\":{\"@id\":\"https:\/\/www.svalbard.fr\/actualites\/#organization\"},\"potentialAction\":[{\"@type\":\"SearchAction\",\"target\":{\"@type\":\"EntryPoint\",\"urlTemplate\":\"https:\/\/www.svalbard.fr\/actualites\/?s={search_term_string}\"},\"query-input\":\"required name=search_term_string\"}],\"inLanguage\":\"fr-FR\"},{\"@type\":\"Organization\",\"@id\":\"https:\/\/www.svalbard.fr\/actualites\/#organization\",\"name\":\"www.Svalbard.fr\",\"url\":\"https:\/\/www.svalbard.fr\/actualites\/\",\"logo\":{\"@type\":\"ImageObject\",\"inLanguage\":\"fr-FR\",\"@id\":\"https:\/\/www.svalbard.fr\/actualites\/#\/schema\/logo\/image\/\",\"url\":\"https:\/\/www.svalbard.fr\/actualites\/wp-content\/uploads\/2023\/09\/head-nom.jpg\",\"contentUrl\":\"https:\/\/www.svalbard.fr\/actualites\/wp-content\/uploads\/2023\/09\/head-nom.jpg\",\"width\":264,\"height\":35,\"caption\":\"www.Svalbard.fr\"},\"image\":{\"@id\":\"https:\/\/www.svalbard.fr\/actualites\/#\/schema\/logo\/image\/\"}},{\"@type\":\"Person\",\"@id\":\"https:\/\/www.svalbard.fr\/actualites\/#\/schema\/person\/a2f937d5712222366738fae98755c600\",\"name\":\"Hilmar\",\"image\":{\"@type\":\"ImageObject\",\"inLanguage\":\"fr-FR\",\"@id\":\"https:\/\/www.svalbard.fr\/actualites\/#\/schema\/person\/image\/\",\"url\":\"https:\/\/secure.gravatar.com\/avatar\/4daa437093476dbc32da415c112b6512?s=96&d=mm&r=g\",\"contentUrl\":\"https:\/\/secure.gravatar.com\/avatar\/4daa437093476dbc32da415c112b6512?s=96&d=mm&r=g\",\"caption\":\"Hilmar\"},\"description\":\"Hilmar est un passionn\u00e9 des r\u00e9gions polaires, sp\u00e9cialis\u00e9 dans la r\u00e9daction d'articles sur le Spitzberg et autres destinations arctiques. Il apporte son expertise et sa passion pour l'Arctique au sein de l'\u00e9quipe de r\u00e9daction de Svalbard depuis de nombreuses ann\u00e9es.\",\"sameAs\":[\"https:\/\/www.svalbard.fr\/\"]}]}<\/script>\n<!-- \/ Yoast SEO plugin. -->","yoast_head_json":{"title":"Royal donne une mise \u00e0 jour d\u00e9chirante de la sant\u00e9 sur la dialyse r\u00e9nale brutale","robots":{"index":"index","follow":"follow","max-snippet":"max-snippet:-1","max-image-preview":"max-image-preview:large","max-video-preview":"max-video-preview:-1"},"canonical":"https:\/\/www.svalbard.fr\/actualites\/royal-donne-une-mise-a-jour-dechirante-de-la-sante-sur-la-dialyse-renale-brutale\/","og_locale":"fr_FR","og_type":"article","og_title":"Royal donne une mise \u00e0 jour d\u00e9chirante de la sant\u00e9 sur la dialyse r\u00e9nale brutale","og_description":"Un royal norv\u00e9gien a donn\u00e9 une mise \u00e0 jour sur sa sant\u00e9 dans une nouvelle d\u00e9claration. Shaman Durek Verrett, \u00e9poux de la princesse Martha Louise,","og_url":"https:\/\/www.svalbard.fr\/actualites\/royal-donne-une-mise-a-jour-dechirante-de-la-sante-sur-la-dialyse-renale-brutale\/","og_site_name":"www.Svalbard.fr","article_published_time":"2025-03-28T20:26:28+00:00","article_modified_time":"2025-03-28T20:26:29+00:00","og_image":[{"width":1200,"height":630,"url":"https:\/\/www.svalbard.fr\/actualites\/wp-content\/uploads\/2025\/03\/Royal-donne-une-mise-a-jour-dechirante-de-la-sante.jpg","type":"image\/jpeg"}],"author":"Hilmar","twitter_card":"summary_large_image","twitter_misc":{"\u00c9crit par":"Hilmar","Dur\u00e9e de lecture estim\u00e9e":"2 minutes"},"schema":{"@context":"https:\/\/schema.org","@graph":[{"@type":"Article","@id":"https:\/\/www.svalbard.fr\/actualites\/royal-donne-une-mise-a-jour-dechirante-de-la-sante-sur-la-dialyse-renale-brutale\/#article","isPartOf":{"@id":"https:\/\/www.svalbard.fr\/actualites\/royal-donne-une-mise-a-jour-dechirante-de-la-sante-sur-la-dialyse-renale-brutale\/"},"author":{"name":"Hilmar","@id":"https:\/\/www.svalbard.fr\/actualites\/#\/schema\/person\/a2f937d5712222366738fae98755c600"},"headline":"Royal donne une mise \u00e0 jour d\u00e9chirante de la sant\u00e9 sur la dialyse r\u00e9nale brutale","datePublished":"2025-03-28T20:26:28+00:00","dateModified":"2025-03-28T20:26:29+00:00","mainEntityOfPage":{"@id":"https:\/\/www.svalbard.fr\/actualites\/royal-donne-une-mise-a-jour-dechirante-de-la-sante-sur-la-dialyse-renale-brutale\/"},"wordCount":513,"publisher":{"@id":"https:\/\/www.svalbard.fr\/actualites\/#organization"},"keywords":["brutale","d\u00e9chirante","dialyse","donne","jour","mise","r\u00e9nale","royal","sant\u00e9","sur","Une"],"articleSection":["Svalbard"],"inLanguage":"fr-FR"},{"@type":"WebPage","@id":"https:\/\/www.svalbard.fr\/actualites\/royal-donne-une-mise-a-jour-dechirante-de-la-sante-sur-la-dialyse-renale-brutale\/","url":"https:\/\/www.svalbard.fr\/actualites\/royal-donne-une-mise-a-jour-dechirante-de-la-sante-sur-la-dialyse-renale-brutale\/","name":"Royal donne une mise \u00e0 jour d\u00e9chirante de la sant\u00e9 sur la dialyse r\u00e9nale brutale","isPartOf":{"@id":"https:\/\/www.svalbard.fr\/actualites\/#website"},"datePublished":"2025-03-28T20:26:28+00:00","dateModified":"2025-03-28T20:26:29+00:00","breadcrumb":{"@id":"https:\/\/www.svalbard.fr\/actualites\/royal-donne-une-mise-a-jour-dechirante-de-la-sante-sur-la-dialyse-renale-brutale\/#breadcrumb"},"inLanguage":"fr-FR","potentialAction":[{"@type":"ReadAction","target":["https:\/\/www.svalbard.fr\/actualites\/royal-donne-une-mise-a-jour-dechirante-de-la-sante-sur-la-dialyse-renale-brutale\/"]}]},{"@type":"BreadcrumbList","@id":"https:\/\/www.svalbard.fr\/actualites\/royal-donne-une-mise-a-jour-dechirante-de-la-sante-sur-la-dialyse-renale-brutale\/#breadcrumb","itemListElement":[{"@type":"ListItem","position":1,"name":"Accueil","item":"https:\/\/www.svalbard.fr\/actualites\/"},{"@type":"ListItem","position":2,"name":"Royal donne une mise \u00e0 jour d\u00e9chirante de la sant\u00e9 sur la dialyse r\u00e9nale brutale"}]},{"@type":"WebSite","@id":"https:\/\/www.svalbard.fr\/actualites\/#website","url":"https:\/\/www.svalbard.fr\/actualites\/","name":"www.Svalbard.fr","description":"","publisher":{"@id":"https:\/\/www.svalbard.fr\/actualites\/#organization"},"potentialAction":[{"@type":"SearchAction","target":{"@type":"EntryPoint","urlTemplate":"https:\/\/www.svalbard.fr\/actualites\/?s={search_term_string}"},"query-input":"required name=search_term_string"}],"inLanguage":"fr-FR"},{"@type":"Organization","@id":"https:\/\/www.svalbard.fr\/actualites\/#organization","name":"www.Svalbard.fr","url":"https:\/\/www.svalbard.fr\/actualites\/","logo":{"@type":"ImageObject","inLanguage":"fr-FR","@id":"https:\/\/www.svalbard.fr\/actualites\/#\/schema\/logo\/image\/","url":"https:\/\/www.svalbard.fr\/actualites\/wp-content\/uploads\/2023\/09\/head-nom.jpg","contentUrl":"https:\/\/www.svalbard.fr\/actualites\/wp-content\/uploads\/2023\/09\/head-nom.jpg","width":264,"height":35,"caption":"www.Svalbard.fr"},"image":{"@id":"https:\/\/www.svalbard.fr\/actualites\/#\/schema\/logo\/image\/"}},{"@type":"Person","@id":"https:\/\/www.svalbard.fr\/actualites\/#\/schema\/person\/a2f937d5712222366738fae98755c600","name":"Hilmar","image":{"@type":"ImageObject","inLanguage":"fr-FR","@id":"https:\/\/www.svalbard.fr\/actualites\/#\/schema\/person\/image\/","url":"https:\/\/secure.gravatar.com\/avatar\/4daa437093476dbc32da415c112b6512?s=96&d=mm&r=g","contentUrl":"https:\/\/secure.gravatar.com\/avatar\/4daa437093476dbc32da415c112b6512?s=96&d=mm&r=g","caption":"Hilmar"},"description":"Hilmar est un passionn\u00e9 des r\u00e9gions polaires, sp\u00e9cialis\u00e9 dans la r\u00e9daction d'articles sur le Spitzberg et autres destinations arctiques. Il apporte son expertise et sa passion pour l'Arctique au sein de l'\u00e9quipe de r\u00e9daction de Svalbard depuis de nombreuses ann\u00e9es.","sameAs":["https:\/\/www.svalbard.fr\/"]}]}},"_links":{"self":[{"href":"https:\/\/www.svalbard.fr\/actualites\/wp-json\/wp\/v2\/posts\/3070"}],"collection":[{"href":"https:\/\/www.svalbard.fr\/actualites\/wp-json\/wp\/v2\/posts"}],"about":[{"href":"https:\/\/www.svalbard.fr\/actualites\/wp-json\/wp\/v2\/types\/post"}],"author":[{"embeddable":true,"href":"https:\/\/www.svalbard.fr\/actualites\/wp-json\/wp\/v2\/users\/1"}],"replies":[{"embeddable":true,"href":"https:\/\/www.svalbard.fr\/actualites\/wp-json\/wp\/v2\/comments?post=3070"}],"version-history":[{"count":1,"href":"https:\/\/www.svalbard.fr\/actualites\/wp-json\/wp\/v2\/posts\/3070\/revisions"}],"predecessor-version":[{"id":3072,"href":"https:\/\/www.svalbard.fr\/actualites\/wp-json\/wp\/v2\/posts\/3070\/revisions\/3072"}],"wp:featuredmedia":[{"embeddable":true,"href":"https:\/\/www.svalbard.fr\/actualites\/wp-json\/wp\/v2\/media\/3071"}],"wp:attachment":[{"href":"https:\/\/www.svalbard.fr\/actualites\/wp-json\/wp\/v2\/media?parent=3070"}],"wp:term":[{"taxonomy":"category","embeddable":true,"href":"https:\/\/www.svalbard.fr\/actualites\/wp-json\/wp\/v2\/categories?post=3070"},{"taxonomy":"post_tag","embeddable":true,"href":"https:\/\/www.svalbard.fr\/actualites\/wp-json\/wp\/v2\/tags?post=3070"}],"curies":[{"name":"wp","href":"https:\/\/api.w.org\/{rel}","templated":true}]}}