{"id":3084,"date":"2025-03-31T07:20:49","date_gmt":"2025-03-31T05:20:49","guid":{"rendered":"https:\/\/www.svalbard.fr\/actualites\/lallemagne-a-une-tentative-desastreuse-de-lancer-une-fusee-orbitale-alors-quelle-explose-en-flammes\/"},"modified":"2025-03-31T07:20:50","modified_gmt":"2025-03-31T05:20:50","slug":"lallemagne-a-une-tentative-desastreuse-de-lancer-une-fusee-orbitale-alors-quelle-explose-en-flammes","status":"publish","type":"post","link":"https:\/\/www.svalbard.fr\/actualites\/lallemagne-a-une-tentative-desastreuse-de-lancer-une-fusee-orbitale-alors-quelle-explose-en-flammes\/","title":{"rendered":"L&#39;Allemagne a une tentative d\u00e9sastreuse de lancer une fus\u00e9e orbitale alors qu&#39;elle explose en flammes"},"content":{"rendered":"<div>\n<p>La fus\u00e9e orbitale d&#39;une start-up allemande s&#39;est \u00e9cras\u00e9e quelques secondes apr\u00e8s le d\u00e9collage dimanche.<\/p>\n<p>Il a \u00e9t\u00e9 lanc\u00e9 \u00e0 partir d&#39;un spaceport dans le nord de la Norv\u00e8ge et tentait d&#39;\u00eatre la premi\u00e8re fois qu&#39;une fus\u00e9e capable d&#39;atteindre l&#39;orbite est lanc\u00e9e depuis l&#39;Europe continentale &#8211; \u00e0 l&#39;exclusion de la Russie.<\/p>\n<p>Le ROCKE, d\u00e9crit comme le plus grand du pays, depuis le V-2 de l&#39;\u00e8re nazie, a explos\u00e9 seulement 40 secondes apr\u00e8s le d\u00e9collage.<\/p>\n<p>Des images prises par Isar Aerospace, la compagnie allemande en charge de la fus\u00e9e, l&#39;ont montr\u00e9 fumer de ses c\u00f4t\u00e9s avant de s&#39;\u00e9craser sur Terre dans une puissante explosion.<\/p>\n<p><strong>Nous vous apporterons les plus derni\u00e8res mises \u00e0 jour, photos et vid\u00e9os sur cette nouvelle.<\/strong><\/p>\n<p><strong>Pour les derni\u00e8res nouvelles et les nouvelles de la visite: \/ News<\/strong><\/p>\n<p><strong>Restez \u00e0 jour avec tous les gros titres, images, analyse, opinion et vid\u00e9o sur les histoires qui vous importent.<\/strong><\/p>\n<p><strong>Suivez nos comptes de m\u00e9dias sociaux ici sur Facebook.com\/DailyExpress et @Daily_Express <\/strong><\/p>\n<\/div>\n","protected":false},"excerpt":{"rendered":"<p>La fus\u00e9e orbitale d&#39;une start-up allemande s&#39;est \u00e9cras\u00e9e quelques secondes apr\u00e8s le d\u00e9collage dimanche. Il a \u00e9t\u00e9 lanc\u00e9 \u00e0 partir d&#39;un spaceport dans le nord<\/p>\n","protected":false},"author":1,"featured_media":3085,"comment_status":"closed","ping_status":"","sticky":false,"template":"","format":"standard","meta":{"footnotes":""},"categories":[1],"tags":[24,2210,2213,2214,2211,1449,1888,2212,1379,2209,18],"yoast_head":"<!-- This site is optimized with the Yoast SEO plugin v21.0 - https:\/\/yoast.com\/wordpress\/plugins\/seo\/ -->\n<title>L&#039;Allemagne a une tentative d\u00e9sastreuse de lancer une fus\u00e9e orbitale alors qu&#039;elle explose en flammes<\/title>\n<meta name=\"robots\" content=\"index, follow, max-snippet:-1, max-image-preview:large, max-video-preview:-1\" \/>\n<link rel=\"canonical\" href=\"https:\/\/www.svalbard.fr\/actualites\/lallemagne-a-une-tentative-desastreuse-de-lancer-une-fusee-orbitale-alors-quelle-explose-en-flammes\/\" \/>\n<meta property=\"og:locale\" content=\"fr_FR\" \/>\n<meta property=\"og:type\" content=\"article\" \/>\n<meta property=\"og:title\" content=\"L&#039;Allemagne a une tentative d\u00e9sastreuse de lancer une fus\u00e9e orbitale alors qu&#039;elle explose en flammes\" \/>\n<meta property=\"og:description\" content=\"La fus\u00e9e orbitale d&#039;une start-up allemande s&#039;est \u00e9cras\u00e9e quelques secondes apr\u00e8s le d\u00e9collage dimanche. Il a \u00e9t\u00e9 lanc\u00e9 \u00e0 partir d&#039;un spaceport dans le nord\" \/>\n<meta property=\"og:url\" content=\"https:\/\/www.svalbard.fr\/actualites\/lallemagne-a-une-tentative-desastreuse-de-lancer-une-fusee-orbitale-alors-quelle-explose-en-flammes\/\" \/>\n<meta property=\"og:site_name\" content=\"www.Svalbard.fr\" \/>\n<meta property=\"article:published_time\" content=\"2025-03-31T05:20:49+00:00\" \/>\n<meta property=\"article:modified_time\" content=\"2025-03-31T05:20:50+00:00\" \/>\n<meta property=\"og:image\" content=\"https:\/\/www.svalbard.fr\/actualites\/wp-content\/uploads\/2025\/03\/L39Allemagne-a-une-tentative-desastreuse-de-lancer-une-fusee-orbitale.jpg\" \/>\n\t<meta property=\"og:image:width\" content=\"1200\" \/>\n\t<meta property=\"og:image:height\" content=\"630\" \/>\n\t<meta property=\"og:image:type\" content=\"image\/jpeg\" \/>\n<meta name=\"author\" content=\"Hilmar\" \/>\n<meta name=\"twitter:card\" content=\"summary_large_image\" \/>\n<meta name=\"twitter:label1\" content=\"\u00c9crit par\" \/>\n\t<meta name=\"twitter:data1\" content=\"Hilmar\" \/>\n\t<meta name=\"twitter:label2\" content=\"Dur\u00e9e de lecture estim\u00e9e\" \/>\n\t<meta name=\"twitter:data2\" content=\"1 minute\" \/>\n<script type=\"application\/ld+json\" class=\"yoast-schema-graph\">{\"@context\":\"https:\/\/schema.org\",\"@graph\":[{\"@type\":\"Article\",\"@id\":\"https:\/\/www.svalbard.fr\/actualites\/lallemagne-a-une-tentative-desastreuse-de-lancer-une-fusee-orbitale-alors-quelle-explose-en-flammes\/#article\",\"isPartOf\":{\"@id\":\"https:\/\/www.svalbard.fr\/actualites\/lallemagne-a-une-tentative-desastreuse-de-lancer-une-fusee-orbitale-alors-quelle-explose-en-flammes\/\"},\"author\":{\"name\":\"Hilmar\",\"@id\":\"https:\/\/www.svalbard.fr\/actualites\/#\/schema\/person\/a2f937d5712222366738fae98755c600\"},\"headline\":\"L&#39;Allemagne a une tentative d\u00e9sastreuse de lancer une fus\u00e9e orbitale alors qu&#39;elle explose en flammes\",\"datePublished\":\"2025-03-31T05:20:49+00:00\",\"dateModified\":\"2025-03-31T05:20:50+00:00\",\"mainEntityOfPage\":{\"@id\":\"https:\/\/www.svalbard.fr\/actualites\/lallemagne-a-une-tentative-desastreuse-de-lancer-une-fusee-orbitale-alors-quelle-explose-en-flammes\/\"},\"wordCount\":206,\"publisher\":{\"@id\":\"https:\/\/www.svalbard.fr\/actualites\/#organization\"},\"keywords\":[\"alors\",\"d\u00e9sastreuse\",\"explose\",\"flammes\",\"fus\u00e9e\",\"l39Allemagne\",\"lancer\",\"orbitale\",\"qu39elle\",\"tentative\",\"Une\"],\"articleSection\":[\"Svalbard\"],\"inLanguage\":\"fr-FR\"},{\"@type\":\"WebPage\",\"@id\":\"https:\/\/www.svalbard.fr\/actualites\/lallemagne-a-une-tentative-desastreuse-de-lancer-une-fusee-orbitale-alors-quelle-explose-en-flammes\/\",\"url\":\"https:\/\/www.svalbard.fr\/actualites\/lallemagne-a-une-tentative-desastreuse-de-lancer-une-fusee-orbitale-alors-quelle-explose-en-flammes\/\",\"name\":\"L&#39;Allemagne a une tentative d\u00e9sastreuse de lancer une fus\u00e9e orbitale alors qu&#39;elle explose en flammes\",\"isPartOf\":{\"@id\":\"https:\/\/www.svalbard.fr\/actualites\/#website\"},\"datePublished\":\"2025-03-31T05:20:49+00:00\",\"dateModified\":\"2025-03-31T05:20:50+00:00\",\"breadcrumb\":{\"@id\":\"https:\/\/www.svalbard.fr\/actualites\/lallemagne-a-une-tentative-desastreuse-de-lancer-une-fusee-orbitale-alors-quelle-explose-en-flammes\/#breadcrumb\"},\"inLanguage\":\"fr-FR\",\"potentialAction\":[{\"@type\":\"ReadAction\",\"target\":[\"https:\/\/www.svalbard.fr\/actualites\/lallemagne-a-une-tentative-desastreuse-de-lancer-une-fusee-orbitale-alors-quelle-explose-en-flammes\/\"]}]},{\"@type\":\"BreadcrumbList\",\"@id\":\"https:\/\/www.svalbard.fr\/actualites\/lallemagne-a-une-tentative-desastreuse-de-lancer-une-fusee-orbitale-alors-quelle-explose-en-flammes\/#breadcrumb\",\"itemListElement\":[{\"@type\":\"ListItem\",\"position\":1,\"name\":\"Accueil\",\"item\":\"https:\/\/www.svalbard.fr\/actualites\/\"},{\"@type\":\"ListItem\",\"position\":2,\"name\":\"L&#39;Allemagne a une tentative d\u00e9sastreuse de lancer une fus\u00e9e orbitale alors qu&#39;elle explose en flammes\"}]},{\"@type\":\"WebSite\",\"@id\":\"https:\/\/www.svalbard.fr\/actualites\/#website\",\"url\":\"https:\/\/www.svalbard.fr\/actualites\/\",\"name\":\"www.Svalbard.fr\",\"description\":\"\",\"publisher\":{\"@id\":\"https:\/\/www.svalbard.fr\/actualites\/#organization\"},\"potentialAction\":[{\"@type\":\"SearchAction\",\"target\":{\"@type\":\"EntryPoint\",\"urlTemplate\":\"https:\/\/www.svalbard.fr\/actualites\/?s={search_term_string}\"},\"query-input\":\"required name=search_term_string\"}],\"inLanguage\":\"fr-FR\"},{\"@type\":\"Organization\",\"@id\":\"https:\/\/www.svalbard.fr\/actualites\/#organization\",\"name\":\"www.Svalbard.fr\",\"url\":\"https:\/\/www.svalbard.fr\/actualites\/\",\"logo\":{\"@type\":\"ImageObject\",\"inLanguage\":\"fr-FR\",\"@id\":\"https:\/\/www.svalbard.fr\/actualites\/#\/schema\/logo\/image\/\",\"url\":\"https:\/\/www.svalbard.fr\/actualites\/wp-content\/uploads\/2023\/09\/head-nom.jpg\",\"contentUrl\":\"https:\/\/www.svalbard.fr\/actualites\/wp-content\/uploads\/2023\/09\/head-nom.jpg\",\"width\":264,\"height\":35,\"caption\":\"www.Svalbard.fr\"},\"image\":{\"@id\":\"https:\/\/www.svalbard.fr\/actualites\/#\/schema\/logo\/image\/\"}},{\"@type\":\"Person\",\"@id\":\"https:\/\/www.svalbard.fr\/actualites\/#\/schema\/person\/a2f937d5712222366738fae98755c600\",\"name\":\"Hilmar\",\"image\":{\"@type\":\"ImageObject\",\"inLanguage\":\"fr-FR\",\"@id\":\"https:\/\/www.svalbard.fr\/actualites\/#\/schema\/person\/image\/\",\"url\":\"https:\/\/secure.gravatar.com\/avatar\/4daa437093476dbc32da415c112b6512?s=96&d=mm&r=g\",\"contentUrl\":\"https:\/\/secure.gravatar.com\/avatar\/4daa437093476dbc32da415c112b6512?s=96&d=mm&r=g\",\"caption\":\"Hilmar\"},\"description\":\"Hilmar est un passionn\u00e9 des r\u00e9gions polaires, sp\u00e9cialis\u00e9 dans la r\u00e9daction d'articles sur le Spitzberg et autres destinations arctiques. Il apporte son expertise et sa passion pour l'Arctique au sein de l'\u00e9quipe de r\u00e9daction de Svalbard depuis de nombreuses ann\u00e9es.\",\"sameAs\":[\"https:\/\/www.svalbard.fr\/\"]}]}<\/script>\n<!-- \/ Yoast SEO plugin. -->","yoast_head_json":{"title":"L&#39;Allemagne a une tentative d\u00e9sastreuse de lancer une fus\u00e9e orbitale alors qu&#39;elle explose en flammes","robots":{"index":"index","follow":"follow","max-snippet":"max-snippet:-1","max-image-preview":"max-image-preview:large","max-video-preview":"max-video-preview:-1"},"canonical":"https:\/\/www.svalbard.fr\/actualites\/lallemagne-a-une-tentative-desastreuse-de-lancer-une-fusee-orbitale-alors-quelle-explose-en-flammes\/","og_locale":"fr_FR","og_type":"article","og_title":"L&#39;Allemagne a une tentative d\u00e9sastreuse de lancer une fus\u00e9e orbitale alors qu&#39;elle explose en flammes","og_description":"La fus\u00e9e orbitale d&#39;une start-up allemande s&#39;est \u00e9cras\u00e9e quelques secondes apr\u00e8s le d\u00e9collage dimanche. Il a \u00e9t\u00e9 lanc\u00e9 \u00e0 partir d&#39;un spaceport dans le nord","og_url":"https:\/\/www.svalbard.fr\/actualites\/lallemagne-a-une-tentative-desastreuse-de-lancer-une-fusee-orbitale-alors-quelle-explose-en-flammes\/","og_site_name":"www.Svalbard.fr","article_published_time":"2025-03-31T05:20:49+00:00","article_modified_time":"2025-03-31T05:20:50+00:00","og_image":[{"width":1200,"height":630,"url":"https:\/\/www.svalbard.fr\/actualites\/wp-content\/uploads\/2025\/03\/L39Allemagne-a-une-tentative-desastreuse-de-lancer-une-fusee-orbitale.jpg","type":"image\/jpeg"}],"author":"Hilmar","twitter_card":"summary_large_image","twitter_misc":{"\u00c9crit par":"Hilmar","Dur\u00e9e de lecture estim\u00e9e":"1 minute"},"schema":{"@context":"https:\/\/schema.org","@graph":[{"@type":"Article","@id":"https:\/\/www.svalbard.fr\/actualites\/lallemagne-a-une-tentative-desastreuse-de-lancer-une-fusee-orbitale-alors-quelle-explose-en-flammes\/#article","isPartOf":{"@id":"https:\/\/www.svalbard.fr\/actualites\/lallemagne-a-une-tentative-desastreuse-de-lancer-une-fusee-orbitale-alors-quelle-explose-en-flammes\/"},"author":{"name":"Hilmar","@id":"https:\/\/www.svalbard.fr\/actualites\/#\/schema\/person\/a2f937d5712222366738fae98755c600"},"headline":"L&#39;Allemagne a une tentative d\u00e9sastreuse de lancer une fus\u00e9e orbitale alors qu&#39;elle explose en flammes","datePublished":"2025-03-31T05:20:49+00:00","dateModified":"2025-03-31T05:20:50+00:00","mainEntityOfPage":{"@id":"https:\/\/www.svalbard.fr\/actualites\/lallemagne-a-une-tentative-desastreuse-de-lancer-une-fusee-orbitale-alors-quelle-explose-en-flammes\/"},"wordCount":206,"publisher":{"@id":"https:\/\/www.svalbard.fr\/actualites\/#organization"},"keywords":["alors","d\u00e9sastreuse","explose","flammes","fus\u00e9e","l39Allemagne","lancer","orbitale","qu39elle","tentative","Une"],"articleSection":["Svalbard"],"inLanguage":"fr-FR"},{"@type":"WebPage","@id":"https:\/\/www.svalbard.fr\/actualites\/lallemagne-a-une-tentative-desastreuse-de-lancer-une-fusee-orbitale-alors-quelle-explose-en-flammes\/","url":"https:\/\/www.svalbard.fr\/actualites\/lallemagne-a-une-tentative-desastreuse-de-lancer-une-fusee-orbitale-alors-quelle-explose-en-flammes\/","name":"L&#39;Allemagne a une tentative d\u00e9sastreuse de lancer une fus\u00e9e orbitale alors qu&#39;elle explose en flammes","isPartOf":{"@id":"https:\/\/www.svalbard.fr\/actualites\/#website"},"datePublished":"2025-03-31T05:20:49+00:00","dateModified":"2025-03-31T05:20:50+00:00","breadcrumb":{"@id":"https:\/\/www.svalbard.fr\/actualites\/lallemagne-a-une-tentative-desastreuse-de-lancer-une-fusee-orbitale-alors-quelle-explose-en-flammes\/#breadcrumb"},"inLanguage":"fr-FR","potentialAction":[{"@type":"ReadAction","target":["https:\/\/www.svalbard.fr\/actualites\/lallemagne-a-une-tentative-desastreuse-de-lancer-une-fusee-orbitale-alors-quelle-explose-en-flammes\/"]}]},{"@type":"BreadcrumbList","@id":"https:\/\/www.svalbard.fr\/actualites\/lallemagne-a-une-tentative-desastreuse-de-lancer-une-fusee-orbitale-alors-quelle-explose-en-flammes\/#breadcrumb","itemListElement":[{"@type":"ListItem","position":1,"name":"Accueil","item":"https:\/\/www.svalbard.fr\/actualites\/"},{"@type":"ListItem","position":2,"name":"L&#39;Allemagne a une tentative d\u00e9sastreuse de lancer une fus\u00e9e orbitale alors qu&#39;elle explose en flammes"}]},{"@type":"WebSite","@id":"https:\/\/www.svalbard.fr\/actualites\/#website","url":"https:\/\/www.svalbard.fr\/actualites\/","name":"www.Svalbard.fr","description":"","publisher":{"@id":"https:\/\/www.svalbard.fr\/actualites\/#organization"},"potentialAction":[{"@type":"SearchAction","target":{"@type":"EntryPoint","urlTemplate":"https:\/\/www.svalbard.fr\/actualites\/?s={search_term_string}"},"query-input":"required name=search_term_string"}],"inLanguage":"fr-FR"},{"@type":"Organization","@id":"https:\/\/www.svalbard.fr\/actualites\/#organization","name":"www.Svalbard.fr","url":"https:\/\/www.svalbard.fr\/actualites\/","logo":{"@type":"ImageObject","inLanguage":"fr-FR","@id":"https:\/\/www.svalbard.fr\/actualites\/#\/schema\/logo\/image\/","url":"https:\/\/www.svalbard.fr\/actualites\/wp-content\/uploads\/2023\/09\/head-nom.jpg","contentUrl":"https:\/\/www.svalbard.fr\/actualites\/wp-content\/uploads\/2023\/09\/head-nom.jpg","width":264,"height":35,"caption":"www.Svalbard.fr"},"image":{"@id":"https:\/\/www.svalbard.fr\/actualites\/#\/schema\/logo\/image\/"}},{"@type":"Person","@id":"https:\/\/www.svalbard.fr\/actualites\/#\/schema\/person\/a2f937d5712222366738fae98755c600","name":"Hilmar","image":{"@type":"ImageObject","inLanguage":"fr-FR","@id":"https:\/\/www.svalbard.fr\/actualites\/#\/schema\/person\/image\/","url":"https:\/\/secure.gravatar.com\/avatar\/4daa437093476dbc32da415c112b6512?s=96&d=mm&r=g","contentUrl":"https:\/\/secure.gravatar.com\/avatar\/4daa437093476dbc32da415c112b6512?s=96&d=mm&r=g","caption":"Hilmar"},"description":"Hilmar est un passionn\u00e9 des r\u00e9gions polaires, sp\u00e9cialis\u00e9 dans la r\u00e9daction d'articles sur le Spitzberg et autres destinations arctiques. Il apporte son expertise et sa passion pour l'Arctique au sein de l'\u00e9quipe de r\u00e9daction de Svalbard depuis de nombreuses ann\u00e9es.","sameAs":["https:\/\/www.svalbard.fr\/"]}]}},"_links":{"self":[{"href":"https:\/\/www.svalbard.fr\/actualites\/wp-json\/wp\/v2\/posts\/3084"}],"collection":[{"href":"https:\/\/www.svalbard.fr\/actualites\/wp-json\/wp\/v2\/posts"}],"about":[{"href":"https:\/\/www.svalbard.fr\/actualites\/wp-json\/wp\/v2\/types\/post"}],"author":[{"embeddable":true,"href":"https:\/\/www.svalbard.fr\/actualites\/wp-json\/wp\/v2\/users\/1"}],"replies":[{"embeddable":true,"href":"https:\/\/www.svalbard.fr\/actualites\/wp-json\/wp\/v2\/comments?post=3084"}],"version-history":[{"count":1,"href":"https:\/\/www.svalbard.fr\/actualites\/wp-json\/wp\/v2\/posts\/3084\/revisions"}],"predecessor-version":[{"id":3086,"href":"https:\/\/www.svalbard.fr\/actualites\/wp-json\/wp\/v2\/posts\/3084\/revisions\/3086"}],"wp:featuredmedia":[{"embeddable":true,"href":"https:\/\/www.svalbard.fr\/actualites\/wp-json\/wp\/v2\/media\/3085"}],"wp:attachment":[{"href":"https:\/\/www.svalbard.fr\/actualites\/wp-json\/wp\/v2\/media?parent=3084"}],"wp:term":[{"taxonomy":"category","embeddable":true,"href":"https:\/\/www.svalbard.fr\/actualites\/wp-json\/wp\/v2\/categories?post=3084"},{"taxonomy":"post_tag","embeddable":true,"href":"https:\/\/www.svalbard.fr\/actualites\/wp-json\/wp\/v2\/tags?post=3084"}],"curies":[{"name":"wp","href":"https:\/\/api.w.org\/{rel}","templated":true}]}}