{"id":3108,"date":"2025-04-03T08:30:00","date_gmt":"2025-04-03T06:30:00","guid":{"rendered":"https:\/\/www.svalbard.fr\/actualites\/?p=3108"},"modified":"2025-04-02T08:17:27","modified_gmt":"2025-04-02T06:17:27","slug":"laustralie-frappe-fort-avec-le-plus-grand-parc-eolien-de-lhemisphere-sud","status":"publish","type":"post","link":"https:\/\/www.svalbard.fr\/actualites\/laustralie-frappe-fort-avec-le-plus-grand-parc-eolien-de-lhemisphere-sud\/","title":{"rendered":"L\u2019Australie frappe fort avec le plus grand parc \u00e9olien de l\u2019h\u00e9misph\u00e8re sud"},"content":{"rendered":"\n<p><strong><em>L\u2019Australie prend un tournant d\u00e9cisif dans sa transition \u00e9nerg\u00e9tique avec un projet d\u2019envergure qui pourrait bien marquer une nouvelle \u00e8re pour le pays : la construction du parc \u00e9olien de Golden Plains. Ce projet, le plus ambitieux de l\u2019h\u00e9misph\u00e8re Sud, vise \u00e0 red\u00e9finir la mani\u00e8re dont l\u2019Australie produit et consomme son \u00e9nergie.<\/em><\/strong><\/p>\n\n\n\n<!--more-->\n\n\n\n<h2 class=\"wp-block-heading\">Un projet gigantesque au c\u0153ur du Victoria<\/h2>\n\n\n\n<p>Install\u00e9 \u00e0 <strong>Rokewood<\/strong>, \u00e0 60 kilom\u00e8tres de Geelong, dans l&rsquo;\u00c9tat du <strong>Victoria<\/strong>, le parc \u00e9olien Golden Plains s\u2019inscrit dans une volont\u00e9 de <strong>r\u00e9duire la d\u00e9pendance aux \u00e9nergies fossiles<\/strong> et de favoriser une production d\u2019\u00e9lectricit\u00e9 plus propre. Le parc, en pleine construction depuis 2023, a d\u00e9j\u00e0 entam\u00e9 sa premi\u00e8re phase, avec pr\u00e8s de 756 MW de <strong>capacit\u00e9 \u00e9olienne<\/strong> en fonctionnement. \u00c0 terme, il devrait \u00eatre en mesure de fournir <strong>1,3 gigawatt d&rsquo;\u00e9nergie<\/strong>, couvrant environ <strong>8 % de la demande \u00e9lectrique<\/strong> de l&rsquo;\u00c9tat, soit l\u2019\u00e9quivalent de la consommation de plus de <strong>300 000 foyers<\/strong> chaque ann\u00e9e.<\/p>\n\n\n\n<p>Ce projet se d\u00e9veloppe en deux phases distinctes, visant \u00e0 augmenter la capacit\u00e9 de production tout en contribuant \u00e0 r\u00e9duire les <strong>\u00e9missions de gaz \u00e0 effet de serre<\/strong>. Ce projet colossal ne se limite pas \u00e0 une simple <a href=\"https:\/\/www.svalbard.fr\/actualites\/percee-extraordinaire-pour-lhumanite-augmentation-de-1-000-de-la-production-dhydrogene-a-partir-dun-metal-courant\/\"><strong>production d\u2019\u00e9nergie<\/strong><\/a>, il repr\u00e9sente un pas significatif vers un avenir plus vert pour l\u2019Australie.<\/p>\n\n\n\n<h2 class=\"wp-block-heading\">Une technologie \u00e0 la pointe pour un avenir durable<\/h2>\n\n\n\n<p>Ce qui distingue particuli\u00e8rement le parc de Golden Plains, c\u2019est l\u2019utilisation de <strong>turbines de derni\u00e8re g\u00e9n\u00e9ration<\/strong> fournies par Vestas, un leader mondial dans le secteur des <strong>\u00e9nergies renouvelables<\/strong>. Ces turbines, sp\u00e9cifiquement con\u00e7ues pour maximiser la production d\u2019\u00e9nergie tout en minimisant leur impact sur l&rsquo;environnement, sont un v\u00e9ritable atout. La deuxi\u00e8me phase du projet verra l&rsquo;installation de 93 turbines V162-6.2 MW, des mod\u00e8les innovants qui permettent d\u2019exploiter de mani\u00e8re optimale les vents avec un nombre r\u00e9duit d\u2019\u00e9oliennes.<\/p>\n\n\n\n<p>Lors de ma visite dans un autre parc \u00e9olien proche de <strong>Melbourne<\/strong>, j\u2019ai \u00e9t\u00e9 frapp\u00e9 par la mani\u00e8re dont ces g\u00e9ants silencieux transforment l\u2019\u00e9nergie du vent en <strong>\u00e9lectricit\u00e9 propre<\/strong>. Il est fascinant de constater que des projets comme celui-ci pourraient devenir la norme dans les ann\u00e9es \u00e0 venir, combinant <strong><a href=\"https:\/\/www.svalbard.fr\/actualites\/la-suisse-devoile-une-innovation-solaire-a-la-hauteur-dun-gadget-de-james-bond\/\">innovation technologique<\/a><\/strong> et <strong>respect de l\u2019environnement<\/strong>. Une v\u00e9ritable prouesse pour l\u2019Australie, mais aussi pour le monde.<\/p>\n\n\n\n<h2 class=\"wp-block-heading\">L\u2019Australie : un mod\u00e8le dans la transition \u00e9nerg\u00e9tique mondiale<\/h2>\n\n\n\n<p>Historiquement d\u00e9pendante des <strong>\u00e9nergies fossiles<\/strong>, l\u2019Australie est en pleine transformation. En 2022, les <strong>\u00e9nergies renouvelables<\/strong> repr\u00e9sentaient d\u00e9j\u00e0 25 % de la production d\u2019\u00e9lectricit\u00e9 nationale, et l\u2019objectif ambitieux est d&rsquo;atteindre <strong>50 % d\u2019ici 2030<\/strong>. Le projet de Golden Plains s&rsquo;inscrit parfaitement dans cette dynamique, tout en apportant des <strong>b\u00e9n\u00e9fices \u00e9conomiques<\/strong> importants au niveau local.<\/p>\n\n\n\n<p>Le projet cr\u00e9era plus de 300 <strong>emplois directs<\/strong> pendant la phase de construction et g\u00e9n\u00e9rera de nombreuses opportunit\u00e9s \u00e0 long terme pour l\u2019exploitation et la <strong>maintenance<\/strong> des turbines. Ces <strong>initiatives<\/strong> contribuent non seulement \u00e0 dynamiser l&rsquo;\u00e9conomie r\u00e9gionale, mais aussi \u00e0 positionner l\u2019Australie comme un leader mondial de la transition \u00e9nerg\u00e9tique.<\/p>\n\n\n\n<h2 class=\"wp-block-heading\">Une vision de d\u00e9veloppement durable<\/h2>\n\n\n\n<p>Le parc \u00e9olien de <strong>Golden Plains<\/strong> n\u2019est pas simplement une centrale de production d\u2019\u00e9nergie ; c\u2019est un v\u00e9ritable mod\u00e8le de ce que peut \u00eatre l\u2019avenir \u00e9nerg\u00e9tique. Il montre que la transition vers une <strong>\u00e9nergie propre<\/strong> et durable peut \u00eatre un moteur de <strong>croissance \u00e9conomique<\/strong> tout en respectant les <strong>communaut\u00e9s locales<\/strong>. Le projet symbolise l&rsquo;\u00e9quilibre entre <strong>innovation technologique<\/strong>, <strong><a href=\"https:\/\/www.svalbard.fr\/actualites\/le-moteur-a-hydrogene-la-technologie-secrete-qui-pourrait-rendre-lessence-desuete\/\">d\u00e9veloppement durable<\/a><\/strong> et progr\u00e8s \u00e9conomique.<\/p>\n\n\n\n<p>Avec des projets comme Golden Plains, l\u2019Australie prouve qu&rsquo;il est possible de <strong>combiner respect de l&rsquo;environnement<\/strong> et <strong>cr\u00e9ation d&#8217;emplois durables<\/strong>, tout en r\u00e9pondant aux d\u00e9fis climatiques mondiaux. Cette initiative est une <strong>source d&rsquo;inspiration<\/strong> non seulement pour le pays, mais aussi pour le reste du monde. L\u2019avenir \u00e9nerg\u00e9tique de l\u2019Australie semble d\u00e9sormais bien ancr\u00e9 dans un avenir <strong>plus vert<\/strong> et <strong>durable<\/strong>.<\/p>\n","protected":false},"excerpt":{"rendered":"<p>L\u2019Australie prend un tournant d\u00e9cisif dans sa transition \u00e9nerg\u00e9tique avec un projet d\u2019envergure qui pourrait bien marquer une nouvelle \u00e8re pour le pays : la<\/p>\n","protected":false},"author":3,"featured_media":3109,"comment_status":"closed","ping_status":"closed","sticky":false,"template":"","format":"standard","meta":{"footnotes":""},"categories":[1725],"tags":[],"yoast_head":"<!-- This site is optimized with the Yoast SEO plugin v21.0 - https:\/\/yoast.com\/wordpress\/plugins\/seo\/ -->\n<title>L\u2019Australie frappe fort avec le plus grand parc \u00e9olien de l\u2019h\u00e9misph\u00e8re sud<\/title>\n<meta name=\"robots\" content=\"index, follow, max-snippet:-1, max-image-preview:large, max-video-preview:-1\" \/>\n<link rel=\"canonical\" href=\"https:\/\/www.svalbard.fr\/actualites\/laustralie-frappe-fort-avec-le-plus-grand-parc-eolien-de-lhemisphere-sud\/\" \/>\n<meta property=\"og:locale\" content=\"fr_FR\" \/>\n<meta property=\"og:type\" content=\"article\" \/>\n<meta property=\"og:title\" content=\"L\u2019Australie frappe fort avec le plus grand parc \u00e9olien de l\u2019h\u00e9misph\u00e8re sud\" \/>\n<meta property=\"og:description\" content=\"L\u2019Australie prend un tournant d\u00e9cisif dans sa transition \u00e9nerg\u00e9tique avec un projet d\u2019envergure qui pourrait bien marquer une nouvelle \u00e8re pour le pays : la\" \/>\n<meta property=\"og:url\" content=\"https:\/\/www.svalbard.fr\/actualites\/laustralie-frappe-fort-avec-le-plus-grand-parc-eolien-de-lhemisphere-sud\/\" \/>\n<meta property=\"og:site_name\" content=\"www.Svalbard.fr\" \/>\n<meta property=\"article:published_time\" content=\"2025-04-03T06:30:00+00:00\" \/>\n<meta property=\"article:modified_time\" content=\"2025-04-02T06:17:27+00:00\" \/>\n<meta property=\"og:image\" content=\"https:\/\/www.svalbard.fr\/actualites\/wp-content\/uploads\/2025\/04\/le-plus-grand-parc-eolien-de-lhemisphere-sud.jpg\" \/>\n\t<meta property=\"og:image:width\" content=\"1200\" \/>\n\t<meta property=\"og:image:height\" content=\"800\" \/>\n\t<meta property=\"og:image:type\" content=\"image\/jpeg\" \/>\n<meta name=\"author\" content=\"Guillaume Chen\" \/>\n<meta name=\"twitter:card\" content=\"summary_large_image\" \/>\n<meta name=\"twitter:label1\" content=\"\u00c9crit par\" \/>\n\t<meta name=\"twitter:data1\" content=\"Guillaume Chen\" \/>\n\t<meta name=\"twitter:label2\" content=\"Dur\u00e9e de lecture estim\u00e9e\" \/>\n\t<meta name=\"twitter:data2\" content=\"4 minutes\" \/>\n<script type=\"application\/ld+json\" class=\"yoast-schema-graph\">{\"@context\":\"https:\/\/schema.org\",\"@graph\":[{\"@type\":\"Article\",\"@id\":\"https:\/\/www.svalbard.fr\/actualites\/laustralie-frappe-fort-avec-le-plus-grand-parc-eolien-de-lhemisphere-sud\/#article\",\"isPartOf\":{\"@id\":\"https:\/\/www.svalbard.fr\/actualites\/laustralie-frappe-fort-avec-le-plus-grand-parc-eolien-de-lhemisphere-sud\/\"},\"author\":{\"name\":\"Guillaume Chen\",\"@id\":\"https:\/\/www.svalbard.fr\/actualites\/#\/schema\/person\/b9d185560b94bff7322d37cb676ee545\"},\"headline\":\"L\u2019Australie frappe fort avec le plus grand parc \u00e9olien de l\u2019h\u00e9misph\u00e8re sud\",\"datePublished\":\"2025-04-03T06:30:00+00:00\",\"dateModified\":\"2025-04-02T06:17:27+00:00\",\"mainEntityOfPage\":{\"@id\":\"https:\/\/www.svalbard.fr\/actualites\/laustralie-frappe-fort-avec-le-plus-grand-parc-eolien-de-lhemisphere-sud\/\"},\"wordCount\":673,\"publisher\":{\"@id\":\"https:\/\/www.svalbard.fr\/actualites\/#organization\"},\"articleSection\":[\"Tendances\"],\"inLanguage\":\"fr-FR\"},{\"@type\":\"WebPage\",\"@id\":\"https:\/\/www.svalbard.fr\/actualites\/laustralie-frappe-fort-avec-le-plus-grand-parc-eolien-de-lhemisphere-sud\/\",\"url\":\"https:\/\/www.svalbard.fr\/actualites\/laustralie-frappe-fort-avec-le-plus-grand-parc-eolien-de-lhemisphere-sud\/\",\"name\":\"L\u2019Australie frappe fort avec le plus grand parc \u00e9olien de l\u2019h\u00e9misph\u00e8re sud\",\"isPartOf\":{\"@id\":\"https:\/\/www.svalbard.fr\/actualites\/#website\"},\"datePublished\":\"2025-04-03T06:30:00+00:00\",\"dateModified\":\"2025-04-02T06:17:27+00:00\",\"breadcrumb\":{\"@id\":\"https:\/\/www.svalbard.fr\/actualites\/laustralie-frappe-fort-avec-le-plus-grand-parc-eolien-de-lhemisphere-sud\/#breadcrumb\"},\"inLanguage\":\"fr-FR\",\"potentialAction\":[{\"@type\":\"ReadAction\",\"target\":[\"https:\/\/www.svalbard.fr\/actualites\/laustralie-frappe-fort-avec-le-plus-grand-parc-eolien-de-lhemisphere-sud\/\"]}]},{\"@type\":\"BreadcrumbList\",\"@id\":\"https:\/\/www.svalbard.fr\/actualites\/laustralie-frappe-fort-avec-le-plus-grand-parc-eolien-de-lhemisphere-sud\/#breadcrumb\",\"itemListElement\":[{\"@type\":\"ListItem\",\"position\":1,\"name\":\"Accueil\",\"item\":\"https:\/\/www.svalbard.fr\/actualites\/\"},{\"@type\":\"ListItem\",\"position\":2,\"name\":\"L\u2019Australie frappe fort avec le plus grand parc \u00e9olien de l\u2019h\u00e9misph\u00e8re sud\"}]},{\"@type\":\"WebSite\",\"@id\":\"https:\/\/www.svalbard.fr\/actualites\/#website\",\"url\":\"https:\/\/www.svalbard.fr\/actualites\/\",\"name\":\"www.Svalbard.fr\",\"description\":\"\",\"publisher\":{\"@id\":\"https:\/\/www.svalbard.fr\/actualites\/#organization\"},\"potentialAction\":[{\"@type\":\"SearchAction\",\"target\":{\"@type\":\"EntryPoint\",\"urlTemplate\":\"https:\/\/www.svalbard.fr\/actualites\/?s={search_term_string}\"},\"query-input\":\"required name=search_term_string\"}],\"inLanguage\":\"fr-FR\"},{\"@type\":\"Organization\",\"@id\":\"https:\/\/www.svalbard.fr\/actualites\/#organization\",\"name\":\"www.Svalbard.fr\",\"url\":\"https:\/\/www.svalbard.fr\/actualites\/\",\"logo\":{\"@type\":\"ImageObject\",\"inLanguage\":\"fr-FR\",\"@id\":\"https:\/\/www.svalbard.fr\/actualites\/#\/schema\/logo\/image\/\",\"url\":\"https:\/\/www.svalbard.fr\/actualites\/wp-content\/uploads\/2023\/09\/head-nom.jpg\",\"contentUrl\":\"https:\/\/www.svalbard.fr\/actualites\/wp-content\/uploads\/2023\/09\/head-nom.jpg\",\"width\":264,\"height\":35,\"caption\":\"www.Svalbard.fr\"},\"image\":{\"@id\":\"https:\/\/www.svalbard.fr\/actualites\/#\/schema\/logo\/image\/\"}},{\"@type\":\"Person\",\"@id\":\"https:\/\/www.svalbard.fr\/actualites\/#\/schema\/person\/b9d185560b94bff7322d37cb676ee545\",\"name\":\"Guillaume Chen\",\"image\":{\"@type\":\"ImageObject\",\"inLanguage\":\"fr-FR\",\"@id\":\"https:\/\/www.svalbard.fr\/actualites\/#\/schema\/person\/image\/\",\"url\":\"https:\/\/secure.gravatar.com\/avatar\/0c3f9c94586035b795ad4049a06fb048?s=96&d=mm&r=g\",\"contentUrl\":\"https:\/\/secure.gravatar.com\/avatar\/0c3f9c94586035b795ad4049a06fb048?s=96&d=mm&r=g\",\"caption\":\"Guillaume Chen\"},\"sameAs\":[\"https:\/\/www.svalbard.fr\/\"]}]}<\/script>\n<!-- \/ Yoast SEO plugin. -->","yoast_head_json":{"title":"L\u2019Australie frappe fort avec le plus grand parc \u00e9olien de l\u2019h\u00e9misph\u00e8re sud","robots":{"index":"index","follow":"follow","max-snippet":"max-snippet:-1","max-image-preview":"max-image-preview:large","max-video-preview":"max-video-preview:-1"},"canonical":"https:\/\/www.svalbard.fr\/actualites\/laustralie-frappe-fort-avec-le-plus-grand-parc-eolien-de-lhemisphere-sud\/","og_locale":"fr_FR","og_type":"article","og_title":"L\u2019Australie frappe fort avec le plus grand parc \u00e9olien de l\u2019h\u00e9misph\u00e8re sud","og_description":"L\u2019Australie prend un tournant d\u00e9cisif dans sa transition \u00e9nerg\u00e9tique avec un projet d\u2019envergure qui pourrait bien marquer une nouvelle \u00e8re pour le pays : la","og_url":"https:\/\/www.svalbard.fr\/actualites\/laustralie-frappe-fort-avec-le-plus-grand-parc-eolien-de-lhemisphere-sud\/","og_site_name":"www.Svalbard.fr","article_published_time":"2025-04-03T06:30:00+00:00","article_modified_time":"2025-04-02T06:17:27+00:00","og_image":[{"width":1200,"height":800,"url":"https:\/\/www.svalbard.fr\/actualites\/wp-content\/uploads\/2025\/04\/le-plus-grand-parc-eolien-de-lhemisphere-sud.jpg","type":"image\/jpeg"}],"author":"Guillaume Chen","twitter_card":"summary_large_image","twitter_misc":{"\u00c9crit par":"Guillaume Chen","Dur\u00e9e de lecture estim\u00e9e":"4 minutes"},"schema":{"@context":"https:\/\/schema.org","@graph":[{"@type":"Article","@id":"https:\/\/www.svalbard.fr\/actualites\/laustralie-frappe-fort-avec-le-plus-grand-parc-eolien-de-lhemisphere-sud\/#article","isPartOf":{"@id":"https:\/\/www.svalbard.fr\/actualites\/laustralie-frappe-fort-avec-le-plus-grand-parc-eolien-de-lhemisphere-sud\/"},"author":{"name":"Guillaume Chen","@id":"https:\/\/www.svalbard.fr\/actualites\/#\/schema\/person\/b9d185560b94bff7322d37cb676ee545"},"headline":"L\u2019Australie frappe fort avec le plus grand parc \u00e9olien de l\u2019h\u00e9misph\u00e8re sud","datePublished":"2025-04-03T06:30:00+00:00","dateModified":"2025-04-02T06:17:27+00:00","mainEntityOfPage":{"@id":"https:\/\/www.svalbard.fr\/actualites\/laustralie-frappe-fort-avec-le-plus-grand-parc-eolien-de-lhemisphere-sud\/"},"wordCount":673,"publisher":{"@id":"https:\/\/www.svalbard.fr\/actualites\/#organization"},"articleSection":["Tendances"],"inLanguage":"fr-FR"},{"@type":"WebPage","@id":"https:\/\/www.svalbard.fr\/actualites\/laustralie-frappe-fort-avec-le-plus-grand-parc-eolien-de-lhemisphere-sud\/","url":"https:\/\/www.svalbard.fr\/actualites\/laustralie-frappe-fort-avec-le-plus-grand-parc-eolien-de-lhemisphere-sud\/","name":"L\u2019Australie frappe fort avec le plus grand parc \u00e9olien de l\u2019h\u00e9misph\u00e8re sud","isPartOf":{"@id":"https:\/\/www.svalbard.fr\/actualites\/#website"},"datePublished":"2025-04-03T06:30:00+00:00","dateModified":"2025-04-02T06:17:27+00:00","breadcrumb":{"@id":"https:\/\/www.svalbard.fr\/actualites\/laustralie-frappe-fort-avec-le-plus-grand-parc-eolien-de-lhemisphere-sud\/#breadcrumb"},"inLanguage":"fr-FR","potentialAction":[{"@type":"ReadAction","target":["https:\/\/www.svalbard.fr\/actualites\/laustralie-frappe-fort-avec-le-plus-grand-parc-eolien-de-lhemisphere-sud\/"]}]},{"@type":"BreadcrumbList","@id":"https:\/\/www.svalbard.fr\/actualites\/laustralie-frappe-fort-avec-le-plus-grand-parc-eolien-de-lhemisphere-sud\/#breadcrumb","itemListElement":[{"@type":"ListItem","position":1,"name":"Accueil","item":"https:\/\/www.svalbard.fr\/actualites\/"},{"@type":"ListItem","position":2,"name":"L\u2019Australie frappe fort avec le plus grand parc \u00e9olien de l\u2019h\u00e9misph\u00e8re sud"}]},{"@type":"WebSite","@id":"https:\/\/www.svalbard.fr\/actualites\/#website","url":"https:\/\/www.svalbard.fr\/actualites\/","name":"www.Svalbard.fr","description":"","publisher":{"@id":"https:\/\/www.svalbard.fr\/actualites\/#organization"},"potentialAction":[{"@type":"SearchAction","target":{"@type":"EntryPoint","urlTemplate":"https:\/\/www.svalbard.fr\/actualites\/?s={search_term_string}"},"query-input":"required name=search_term_string"}],"inLanguage":"fr-FR"},{"@type":"Organization","@id":"https:\/\/www.svalbard.fr\/actualites\/#organization","name":"www.Svalbard.fr","url":"https:\/\/www.svalbard.fr\/actualites\/","logo":{"@type":"ImageObject","inLanguage":"fr-FR","@id":"https:\/\/www.svalbard.fr\/actualites\/#\/schema\/logo\/image\/","url":"https:\/\/www.svalbard.fr\/actualites\/wp-content\/uploads\/2023\/09\/head-nom.jpg","contentUrl":"https:\/\/www.svalbard.fr\/actualites\/wp-content\/uploads\/2023\/09\/head-nom.jpg","width":264,"height":35,"caption":"www.Svalbard.fr"},"image":{"@id":"https:\/\/www.svalbard.fr\/actualites\/#\/schema\/logo\/image\/"}},{"@type":"Person","@id":"https:\/\/www.svalbard.fr\/actualites\/#\/schema\/person\/b9d185560b94bff7322d37cb676ee545","name":"Guillaume Chen","image":{"@type":"ImageObject","inLanguage":"fr-FR","@id":"https:\/\/www.svalbard.fr\/actualites\/#\/schema\/person\/image\/","url":"https:\/\/secure.gravatar.com\/avatar\/0c3f9c94586035b795ad4049a06fb048?s=96&d=mm&r=g","contentUrl":"https:\/\/secure.gravatar.com\/avatar\/0c3f9c94586035b795ad4049a06fb048?s=96&d=mm&r=g","caption":"Guillaume Chen"},"sameAs":["https:\/\/www.svalbard.fr\/"]}]}},"_links":{"self":[{"href":"https:\/\/www.svalbard.fr\/actualites\/wp-json\/wp\/v2\/posts\/3108"}],"collection":[{"href":"https:\/\/www.svalbard.fr\/actualites\/wp-json\/wp\/v2\/posts"}],"about":[{"href":"https:\/\/www.svalbard.fr\/actualites\/wp-json\/wp\/v2\/types\/post"}],"author":[{"embeddable":true,"href":"https:\/\/www.svalbard.fr\/actualites\/wp-json\/wp\/v2\/users\/3"}],"replies":[{"embeddable":true,"href":"https:\/\/www.svalbard.fr\/actualites\/wp-json\/wp\/v2\/comments?post=3108"}],"version-history":[{"count":1,"href":"https:\/\/www.svalbard.fr\/actualites\/wp-json\/wp\/v2\/posts\/3108\/revisions"}],"predecessor-version":[{"id":3110,"href":"https:\/\/www.svalbard.fr\/actualites\/wp-json\/wp\/v2\/posts\/3108\/revisions\/3110"}],"wp:featuredmedia":[{"embeddable":true,"href":"https:\/\/www.svalbard.fr\/actualites\/wp-json\/wp\/v2\/media\/3109"}],"wp:attachment":[{"href":"https:\/\/www.svalbard.fr\/actualites\/wp-json\/wp\/v2\/media?parent=3108"}],"wp:term":[{"taxonomy":"category","embeddable":true,"href":"https:\/\/www.svalbard.fr\/actualites\/wp-json\/wp\/v2\/categories?post=3108"},{"taxonomy":"post_tag","embeddable":true,"href":"https:\/\/www.svalbard.fr\/actualites\/wp-json\/wp\/v2\/tags?post=3108"}],"curies":[{"name":"wp","href":"https:\/\/api.w.org\/{rel}","templated":true}]}}