{"id":3170,"date":"2025-04-06T20:20:33","date_gmt":"2025-04-06T18:20:33","guid":{"rendered":"https:\/\/www.svalbard.fr\/actualites\/pourquoi-les-fans-de-football-norvegiens-sont-si-en-colere-contre-var\/"},"modified":"2025-04-06T20:20:33","modified_gmt":"2025-04-06T18:20:33","slug":"pourquoi-les-fans-de-football-norvegiens-sont-si-en-colere-contre-var","status":"publish","type":"post","link":"https:\/\/www.svalbard.fr\/actualites\/pourquoi-les-fans-de-football-norvegiens-sont-si-en-colere-contre-var\/","title":{"rendered":"Pourquoi les fans de football norv\u00e9giens sont si en col\u00e8re contre Var"},"content":{"rendered":"<div itemprop=\"text\">\n\t\t\t<span id=\"dpsp-post-content-markup\" data-image-pin-it=\"false\"><\/span><\/p>\n<p class=\"intro\">Les fans de football en Norv\u00e8ge sont furieux &#8211; pas seulement \u00e0 Var pour avoir suc\u00e9 la joie du jeu, mais \u00e0 ce qu&#39;ils consid\u00e8rent comme des tactiques manipulatrices de la FA norv\u00e9gienne pour faire taire l&#39;opposition.<\/p>\n<p>Le retour de V\u00e5lerenga dans le haut vol de la Norv\u00e8ge aurait d\u00fb \u00eatre une c\u00e9l\u00e9bration. Au lieu de cela, alors que la saison 2025 a d\u00e9but\u00e9 \u00e0 Intetility Arena, quelque chose \u00e9tait \u00e9teint. \u00d8stblokka &#8211; le point de rassemblement des fans les plus bruyants du club &#8211; \u00e9tait silencieux, vide et provocant.<\/p>\n<figure class=\"wp-block-image size-large\"><img data-lazyloaded=\"1\" data-placeholder-resp=\"768x432\" fetchpriority=\"high\" decoding=\"async\" width=\"768\" height=\"432\" src=\"https:\/\/www.svalbard.fr\/actualites\/wp-content\/uploads\/2025\/04\/Pourquoi-les-fans-de-football-norvegiens-sont-si-en-colere.jpg\" alt=\"Un stand vide au stade V\u00e5lerenga lors d&#39;une manifestation VAR \u00e0 Oslo, en Norv\u00e8ge.\" class=\"wp-image-83481\"  data-><noscript><img fetchpriority=\"high\" decoding=\"async\" width=\"768\" height=\"432\" src=\"https:\/\/www.svalbard.fr\/actualites\/wp-content\/uploads\/2025\/04\/Pourquoi-les-fans-de-football-norvegiens-sont-si-en-colere.jpg\" alt=\"Un stand vide au stade V\u00e5lerenga lors d&#39;une manifestation VAR \u00e0 Oslo, en Norv\u00e8ge.\" class=\"wp-image-83481\"  ><\/noscript><\/figure>\n<p>Des milliers de fans sont rest\u00e9s \u00e0 l&#39;ext\u00e9rieur, refusant d&#39;entrer jusqu&#39;\u00e0 la marque de 15 minutes dans une protestation coordonn\u00e9e contre une chose: les arbitres adjoints vid\u00e9o, ou VAR.<\/p>\n<p>Bien que je n&#39;\u00e9tais pas \u00e0 ce jeu en particulier, en tant que fan ordinaire de V\u00e5lerenga, j&#39;ai ressenti le message fort et fort \u00e0 travers la couverture t\u00e9l\u00e9vis\u00e9e.<\/p>\n<p>Ce n&#39;\u00e9tait pas seulement Oslo. \u00c0 travers le pays, des fans des 16 clubs de haut vol &#8211; et beaucoup de la division ci-dessous &#8211; ont coordonn\u00e9 des manifestations similaires. Certains sont sortis apr\u00e8s le coup d&#39;envoi. D&#39;autres \u00e9taient assis en silence.<\/p>\n<p>Des chants et des banni\u00e8res aux g\u00e2teaux de poisson et aux fus\u00e9es \u00e9clairs, les fans de football norv\u00e9giens prennent une position inhabituellement bruyante contre Var. Et ce n&#39;est pas seulement une question de technologie. Il s&#39;agit de confiance, de d\u00e9mocratie et qui contr\u00f4le vraiment le jeu.<\/p>\n<h2 class=\"wp-block-heading\">Mouvement anti-var de la Norv\u00e8ge<\/h2>\n<p>Cela a commenc\u00e9 la saison derni\u00e8re avec des g\u00e2teaux \u00e0 poissons, des balles de tennis et des bombes fumig\u00e8nes lanc\u00e9es sur des terrains.<\/p>\n<p>Cette ann\u00e9e, les fans ont opt\u00e9 pour une forme de protestation plus disciplin\u00e9e mais non moins passionn\u00e9e: le silence, les d\u00e9brayages et les banni\u00e8res comme <em>Nei til var<\/em> (\u00abNon \u00e0 var\u00bb) et <em>Forsvar medlemsdemokratiety<\/em> (\u00abD\u00e9fendre la d\u00e9mocratie des membres\u00bb).<\/p>\n<p>Les clubs de supporters des 16 clubs Eliteserien &#8211; et beaucoup de la division ci-dessous &#8211; sont unis dans leur opposition au syst\u00e8me des arbitres adjoints vid\u00e9o.<\/p>\n<p>Contrairement \u00e0 de nombreux pays o\u00f9 les clubs de football sont des entreprises priv\u00e9es, les clubs norv\u00e9giens sont g\u00e9r\u00e9s par des membres. Donc, quand les fans ont l&#39;impression que leurs voix ne sont pas entendues, cela coupe plus profond\u00e9ment.<\/p>\n<p>Et c&#39;est vraiment le c\u0153ur du probl\u00e8me. Il ne s&#39;agit pas seulement de quelques appels ou retards marginaux pour c\u00e9l\u00e9brer les objectifs. Il s&#39;agit de la fa\u00e7on dont la technologie a \u00e9t\u00e9 introduite et de la fa\u00e7on dont les tentatives de les supprimer ont \u00e9t\u00e9 bloqu\u00e9es.<\/p>\n<h2 class=\"wp-block-heading\">Une farce d\u00e9mocratique?<\/h2>\n<p>En janvier, les clubs des deux principales divisions de Norv\u00e8ge ont vot\u00e9 19 \u00e0 13 en faveur de la mise en \u0153uvre du VAR d\u00e8s que possible. C&#39;\u00e9tait comme un moment du bassin versant, mais la FA norv\u00e9gienne n&#39;a pas tard\u00e9 \u00e0 prendre des mesures alternatives.<\/p>\n<p>La d\u00e9cision majoritaire des clubs que VaR a r\u00e9ellement impacte a finalement \u00e9t\u00e9 rejet\u00e9e dans un vote national des 450 clubs membres, dont beaucoup ne joueront jamais un match impliquant VAR. Le r\u00e9sultat? 321 \u00e0 129 en faveur de le garder.<\/p>\n<p>Un peu incroyablement, Lise Klaveness, pr\u00e9sidente de la NFF, dit que le processus a \u00e9t\u00e9 \u00abtransparent et d\u00e9mocratique\u00bb &#8211; et que les arbitres soutiennent massivement le maintien de la technologie.<\/p>\n<p>Les critiques disent que c&#39;\u00e9tait une d\u00e9cision tactique de la F\u00e9d\u00e9ration norv\u00e9gienne de football (NFF) de diluer l&#39;influence des clubs d&#39;\u00e9lite et de leurs membres. Pour de nombreux fans, c&#39;\u00e9tait une couture totale.<\/p>\n<h2 class=\"wp-block-heading\">Qu&#39;est-ce qui est si mauvais chez var?<\/h2>\n<p>Avouons-le &#8211; Var n&#39;a pas exactement am\u00e9lior\u00e9 l&#39;exp\u00e9rience de regarder le football. C&#39;est lent. C&#39;est incoh\u00e9rent. Et le pire de tout, cela tue la joie de c\u00e9l\u00e9brer un but dans l&#39;instant.<\/p>\n<p>Ce ne sont pas seulement les fans qui le ressentent. Les joueurs et les entra\u00eeneurs se sont \u00e9galement prononc\u00e9s &#8211; bien que plus prudemment. Certains sont en faveur. D&#39;autres disent qu&#39;ils comprennent les frustrations des supporters.<\/p>\n<p>En tant que partisan de V\u00e5lerenga, je veux \u00e0 nouveau profiter du football. Je veux c\u00e9l\u00e9brer un objectif sans v\u00e9rifier l&#39;\u00e9cran en premier. Il a suc\u00e9 toute la joie du football.<\/p>\n<h2 class=\"wp-block-heading\">Y a-t-il encore de l&#39;espoir?<\/h2>\n<p>Tous les fans norv\u00e9giens ne sont pas anti-VAR. Quelques clubs, comme Fredrikstad et Bod\u00f8 \/ Glimt, ont ouvertement soutenu la technologie. Leur argument est que la VAR, bien que imparfaite, aide \u00e0 obtenir de grandes d\u00e9cisions correctes et prot\u00e8ge les arbitres contre les abus.<\/p>\n<p>Mais les manifestations ne disparaissent pas. De nouvelles actions sont pr\u00e9vues tout au long de la saison. Pour beaucoup, cela est devenu plus que le football. Il s&#39;agit de qui contr\u00f4le vraiment le jeu en Norv\u00e8ge &#8211; les membres ou la F\u00e9d\u00e9ration.<\/p>\n<p>Var ne dispara\u00eetra peut-\u00eatre pas de sit\u00f4t, mais les manifestations non plus. Que ce soit le silence, le sarcasme ou les g\u00e2teaux de poisson, les fans de football norv\u00e9giens se font entendre, m\u00eame quand ils sont calmes.<\/p>\n<\/p><\/div>\n","protected":false},"excerpt":{"rendered":"<p>Les fans de football en Norv\u00e8ge sont furieux &#8211; pas seulement \u00e0 Var pour avoir suc\u00e9 la joie du jeu, mais \u00e0 ce qu&#39;ils consid\u00e8rent<\/p>\n","protected":false},"author":1,"featured_media":3171,"comment_status":"","ping_status":"","sticky":false,"template":"","format":"standard","meta":{"footnotes":""},"categories":[1],"tags":[404,228,1244,1054,3,226,284,336,2225],"yoast_head":"<!-- This site is optimized with the Yoast SEO plugin v21.0 - https:\/\/yoast.com\/wordpress\/plugins\/seo\/ -->\n<title>Pourquoi les fans de football norv\u00e9giens sont si en col\u00e8re contre Var<\/title>\n<meta name=\"robots\" content=\"index, follow, max-snippet:-1, max-image-preview:large, max-video-preview:-1\" \/>\n<link rel=\"canonical\" href=\"https:\/\/www.svalbard.fr\/actualites\/pourquoi-les-fans-de-football-norvegiens-sont-si-en-colere-contre-var\/\" \/>\n<meta property=\"og:locale\" content=\"fr_FR\" \/>\n<meta property=\"og:type\" content=\"article\" \/>\n<meta property=\"og:title\" content=\"Pourquoi les fans de football norv\u00e9giens sont si en col\u00e8re contre Var\" \/>\n<meta property=\"og:description\" content=\"Les fans de football en Norv\u00e8ge sont furieux &#8211; pas seulement \u00e0 Var pour avoir suc\u00e9 la joie du jeu, mais \u00e0 ce qu&#039;ils consid\u00e8rent\" \/>\n<meta property=\"og:url\" content=\"https:\/\/www.svalbard.fr\/actualites\/pourquoi-les-fans-de-football-norvegiens-sont-si-en-colere-contre-var\/\" \/>\n<meta property=\"og:site_name\" content=\"www.Svalbard.fr\" \/>\n<meta property=\"article:published_time\" content=\"2025-04-06T18:20:33+00:00\" \/>\n<meta property=\"og:image\" content=\"https:\/\/www.svalbard.fr\/actualites\/wp-content\/uploads\/2025\/04\/Pourquoi-les-fans-de-football-norvegiens-sont-si-en-colere.jpg\" \/>\n<meta name=\"author\" content=\"Hilmar\" \/>\n<meta name=\"twitter:card\" content=\"summary_large_image\" \/>\n<meta name=\"twitter:label1\" content=\"\u00c9crit par\" \/>\n\t<meta name=\"twitter:data1\" content=\"Hilmar\" \/>\n\t<meta name=\"twitter:label2\" content=\"Dur\u00e9e de lecture estim\u00e9e\" \/>\n\t<meta name=\"twitter:data2\" content=\"4 minutes\" \/>\n<script type=\"application\/ld+json\" class=\"yoast-schema-graph\">{\"@context\":\"https:\/\/schema.org\",\"@graph\":[{\"@type\":\"Article\",\"@id\":\"https:\/\/www.svalbard.fr\/actualites\/pourquoi-les-fans-de-football-norvegiens-sont-si-en-colere-contre-var\/#article\",\"isPartOf\":{\"@id\":\"https:\/\/www.svalbard.fr\/actualites\/pourquoi-les-fans-de-football-norvegiens-sont-si-en-colere-contre-var\/\"},\"author\":{\"name\":\"Hilmar\",\"@id\":\"https:\/\/www.svalbard.fr\/actualites\/#\/schema\/person\/a2f937d5712222366738fae98755c600\"},\"headline\":\"Pourquoi les fans de football norv\u00e9giens sont si en col\u00e8re contre Var\",\"datePublished\":\"2025-04-06T18:20:33+00:00\",\"dateModified\":\"2025-04-06T18:20:33+00:00\",\"mainEntityOfPage\":{\"@id\":\"https:\/\/www.svalbard.fr\/actualites\/pourquoi-les-fans-de-football-norvegiens-sont-si-en-colere-contre-var\/\"},\"wordCount\":910,\"publisher\":{\"@id\":\"https:\/\/www.svalbard.fr\/actualites\/#organization\"},\"keywords\":[\"Col\u00e8re\",\"contre\",\"fans\",\"football\",\"Les\",\"norv\u00e9giens\",\"pourquoi\",\"sont\",\"Var\"],\"articleSection\":[\"Svalbard\"],\"inLanguage\":\"fr-FR\"},{\"@type\":\"WebPage\",\"@id\":\"https:\/\/www.svalbard.fr\/actualites\/pourquoi-les-fans-de-football-norvegiens-sont-si-en-colere-contre-var\/\",\"url\":\"https:\/\/www.svalbard.fr\/actualites\/pourquoi-les-fans-de-football-norvegiens-sont-si-en-colere-contre-var\/\",\"name\":\"Pourquoi les fans de football norv\u00e9giens sont si en col\u00e8re contre Var\",\"isPartOf\":{\"@id\":\"https:\/\/www.svalbard.fr\/actualites\/#website\"},\"datePublished\":\"2025-04-06T18:20:33+00:00\",\"dateModified\":\"2025-04-06T18:20:33+00:00\",\"breadcrumb\":{\"@id\":\"https:\/\/www.svalbard.fr\/actualites\/pourquoi-les-fans-de-football-norvegiens-sont-si-en-colere-contre-var\/#breadcrumb\"},\"inLanguage\":\"fr-FR\",\"potentialAction\":[{\"@type\":\"ReadAction\",\"target\":[\"https:\/\/www.svalbard.fr\/actualites\/pourquoi-les-fans-de-football-norvegiens-sont-si-en-colere-contre-var\/\"]}]},{\"@type\":\"BreadcrumbList\",\"@id\":\"https:\/\/www.svalbard.fr\/actualites\/pourquoi-les-fans-de-football-norvegiens-sont-si-en-colere-contre-var\/#breadcrumb\",\"itemListElement\":[{\"@type\":\"ListItem\",\"position\":1,\"name\":\"Accueil\",\"item\":\"https:\/\/www.svalbard.fr\/actualites\/\"},{\"@type\":\"ListItem\",\"position\":2,\"name\":\"Pourquoi les fans de football norv\u00e9giens sont si en col\u00e8re contre Var\"}]},{\"@type\":\"WebSite\",\"@id\":\"https:\/\/www.svalbard.fr\/actualites\/#website\",\"url\":\"https:\/\/www.svalbard.fr\/actualites\/\",\"name\":\"www.Svalbard.fr\",\"description\":\"\",\"publisher\":{\"@id\":\"https:\/\/www.svalbard.fr\/actualites\/#organization\"},\"potentialAction\":[{\"@type\":\"SearchAction\",\"target\":{\"@type\":\"EntryPoint\",\"urlTemplate\":\"https:\/\/www.svalbard.fr\/actualites\/?s={search_term_string}\"},\"query-input\":\"required name=search_term_string\"}],\"inLanguage\":\"fr-FR\"},{\"@type\":\"Organization\",\"@id\":\"https:\/\/www.svalbard.fr\/actualites\/#organization\",\"name\":\"www.Svalbard.fr\",\"url\":\"https:\/\/www.svalbard.fr\/actualites\/\",\"logo\":{\"@type\":\"ImageObject\",\"inLanguage\":\"fr-FR\",\"@id\":\"https:\/\/www.svalbard.fr\/actualites\/#\/schema\/logo\/image\/\",\"url\":\"https:\/\/www.svalbard.fr\/actualites\/wp-content\/uploads\/2023\/09\/head-nom.jpg\",\"contentUrl\":\"https:\/\/www.svalbard.fr\/actualites\/wp-content\/uploads\/2023\/09\/head-nom.jpg\",\"width\":264,\"height\":35,\"caption\":\"www.Svalbard.fr\"},\"image\":{\"@id\":\"https:\/\/www.svalbard.fr\/actualites\/#\/schema\/logo\/image\/\"}},{\"@type\":\"Person\",\"@id\":\"https:\/\/www.svalbard.fr\/actualites\/#\/schema\/person\/a2f937d5712222366738fae98755c600\",\"name\":\"Hilmar\",\"image\":{\"@type\":\"ImageObject\",\"inLanguage\":\"fr-FR\",\"@id\":\"https:\/\/www.svalbard.fr\/actualites\/#\/schema\/person\/image\/\",\"url\":\"https:\/\/secure.gravatar.com\/avatar\/4daa437093476dbc32da415c112b6512?s=96&d=mm&r=g\",\"contentUrl\":\"https:\/\/secure.gravatar.com\/avatar\/4daa437093476dbc32da415c112b6512?s=96&d=mm&r=g\",\"caption\":\"Hilmar\"},\"description\":\"Hilmar est un passionn\u00e9 des r\u00e9gions polaires, sp\u00e9cialis\u00e9 dans la r\u00e9daction d'articles sur le Spitzberg et autres destinations arctiques. Il apporte son expertise et sa passion pour l'Arctique au sein de l'\u00e9quipe de r\u00e9daction de Svalbard depuis de nombreuses ann\u00e9es.\",\"sameAs\":[\"https:\/\/www.svalbard.fr\/\"]}]}<\/script>\n<!-- \/ Yoast SEO plugin. -->","yoast_head_json":{"title":"Pourquoi les fans de football norv\u00e9giens sont si en col\u00e8re contre Var","robots":{"index":"index","follow":"follow","max-snippet":"max-snippet:-1","max-image-preview":"max-image-preview:large","max-video-preview":"max-video-preview:-1"},"canonical":"https:\/\/www.svalbard.fr\/actualites\/pourquoi-les-fans-de-football-norvegiens-sont-si-en-colere-contre-var\/","og_locale":"fr_FR","og_type":"article","og_title":"Pourquoi les fans de football norv\u00e9giens sont si en col\u00e8re contre Var","og_description":"Les fans de football en Norv\u00e8ge sont furieux &#8211; pas seulement \u00e0 Var pour avoir suc\u00e9 la joie du jeu, mais \u00e0 ce qu&#39;ils consid\u00e8rent","og_url":"https:\/\/www.svalbard.fr\/actualites\/pourquoi-les-fans-de-football-norvegiens-sont-si-en-colere-contre-var\/","og_site_name":"www.Svalbard.fr","article_published_time":"2025-04-06T18:20:33+00:00","og_image":[{"url":"https:\/\/www.svalbard.fr\/actualites\/wp-content\/uploads\/2025\/04\/Pourquoi-les-fans-de-football-norvegiens-sont-si-en-colere.jpg"}],"author":"Hilmar","twitter_card":"summary_large_image","twitter_misc":{"\u00c9crit par":"Hilmar","Dur\u00e9e de lecture estim\u00e9e":"4 minutes"},"schema":{"@context":"https:\/\/schema.org","@graph":[{"@type":"Article","@id":"https:\/\/www.svalbard.fr\/actualites\/pourquoi-les-fans-de-football-norvegiens-sont-si-en-colere-contre-var\/#article","isPartOf":{"@id":"https:\/\/www.svalbard.fr\/actualites\/pourquoi-les-fans-de-football-norvegiens-sont-si-en-colere-contre-var\/"},"author":{"name":"Hilmar","@id":"https:\/\/www.svalbard.fr\/actualites\/#\/schema\/person\/a2f937d5712222366738fae98755c600"},"headline":"Pourquoi les fans de football norv\u00e9giens sont si en col\u00e8re contre Var","datePublished":"2025-04-06T18:20:33+00:00","dateModified":"2025-04-06T18:20:33+00:00","mainEntityOfPage":{"@id":"https:\/\/www.svalbard.fr\/actualites\/pourquoi-les-fans-de-football-norvegiens-sont-si-en-colere-contre-var\/"},"wordCount":910,"publisher":{"@id":"https:\/\/www.svalbard.fr\/actualites\/#organization"},"keywords":["Col\u00e8re","contre","fans","football","Les","norv\u00e9giens","pourquoi","sont","Var"],"articleSection":["Svalbard"],"inLanguage":"fr-FR"},{"@type":"WebPage","@id":"https:\/\/www.svalbard.fr\/actualites\/pourquoi-les-fans-de-football-norvegiens-sont-si-en-colere-contre-var\/","url":"https:\/\/www.svalbard.fr\/actualites\/pourquoi-les-fans-de-football-norvegiens-sont-si-en-colere-contre-var\/","name":"Pourquoi les fans de football norv\u00e9giens sont si en col\u00e8re contre Var","isPartOf":{"@id":"https:\/\/www.svalbard.fr\/actualites\/#website"},"datePublished":"2025-04-06T18:20:33+00:00","dateModified":"2025-04-06T18:20:33+00:00","breadcrumb":{"@id":"https:\/\/www.svalbard.fr\/actualites\/pourquoi-les-fans-de-football-norvegiens-sont-si-en-colere-contre-var\/#breadcrumb"},"inLanguage":"fr-FR","potentialAction":[{"@type":"ReadAction","target":["https:\/\/www.svalbard.fr\/actualites\/pourquoi-les-fans-de-football-norvegiens-sont-si-en-colere-contre-var\/"]}]},{"@type":"BreadcrumbList","@id":"https:\/\/www.svalbard.fr\/actualites\/pourquoi-les-fans-de-football-norvegiens-sont-si-en-colere-contre-var\/#breadcrumb","itemListElement":[{"@type":"ListItem","position":1,"name":"Accueil","item":"https:\/\/www.svalbard.fr\/actualites\/"},{"@type":"ListItem","position":2,"name":"Pourquoi les fans de football norv\u00e9giens sont si en col\u00e8re contre Var"}]},{"@type":"WebSite","@id":"https:\/\/www.svalbard.fr\/actualites\/#website","url":"https:\/\/www.svalbard.fr\/actualites\/","name":"www.Svalbard.fr","description":"","publisher":{"@id":"https:\/\/www.svalbard.fr\/actualites\/#organization"},"potentialAction":[{"@type":"SearchAction","target":{"@type":"EntryPoint","urlTemplate":"https:\/\/www.svalbard.fr\/actualites\/?s={search_term_string}"},"query-input":"required name=search_term_string"}],"inLanguage":"fr-FR"},{"@type":"Organization","@id":"https:\/\/www.svalbard.fr\/actualites\/#organization","name":"www.Svalbard.fr","url":"https:\/\/www.svalbard.fr\/actualites\/","logo":{"@type":"ImageObject","inLanguage":"fr-FR","@id":"https:\/\/www.svalbard.fr\/actualites\/#\/schema\/logo\/image\/","url":"https:\/\/www.svalbard.fr\/actualites\/wp-content\/uploads\/2023\/09\/head-nom.jpg","contentUrl":"https:\/\/www.svalbard.fr\/actualites\/wp-content\/uploads\/2023\/09\/head-nom.jpg","width":264,"height":35,"caption":"www.Svalbard.fr"},"image":{"@id":"https:\/\/www.svalbard.fr\/actualites\/#\/schema\/logo\/image\/"}},{"@type":"Person","@id":"https:\/\/www.svalbard.fr\/actualites\/#\/schema\/person\/a2f937d5712222366738fae98755c600","name":"Hilmar","image":{"@type":"ImageObject","inLanguage":"fr-FR","@id":"https:\/\/www.svalbard.fr\/actualites\/#\/schema\/person\/image\/","url":"https:\/\/secure.gravatar.com\/avatar\/4daa437093476dbc32da415c112b6512?s=96&d=mm&r=g","contentUrl":"https:\/\/secure.gravatar.com\/avatar\/4daa437093476dbc32da415c112b6512?s=96&d=mm&r=g","caption":"Hilmar"},"description":"Hilmar est un passionn\u00e9 des r\u00e9gions polaires, sp\u00e9cialis\u00e9 dans la r\u00e9daction d'articles sur le Spitzberg et autres destinations arctiques. Il apporte son expertise et sa passion pour l'Arctique au sein de l'\u00e9quipe de r\u00e9daction de Svalbard depuis de nombreuses ann\u00e9es.","sameAs":["https:\/\/www.svalbard.fr\/"]}]}},"_links":{"self":[{"href":"https:\/\/www.svalbard.fr\/actualites\/wp-json\/wp\/v2\/posts\/3170"}],"collection":[{"href":"https:\/\/www.svalbard.fr\/actualites\/wp-json\/wp\/v2\/posts"}],"about":[{"href":"https:\/\/www.svalbard.fr\/actualites\/wp-json\/wp\/v2\/types\/post"}],"author":[{"embeddable":true,"href":"https:\/\/www.svalbard.fr\/actualites\/wp-json\/wp\/v2\/users\/1"}],"replies":[{"embeddable":true,"href":"https:\/\/www.svalbard.fr\/actualites\/wp-json\/wp\/v2\/comments?post=3170"}],"version-history":[{"count":0,"href":"https:\/\/www.svalbard.fr\/actualites\/wp-json\/wp\/v2\/posts\/3170\/revisions"}],"wp:featuredmedia":[{"embeddable":true,"href":"https:\/\/www.svalbard.fr\/actualites\/wp-json\/wp\/v2\/media\/3171"}],"wp:attachment":[{"href":"https:\/\/www.svalbard.fr\/actualites\/wp-json\/wp\/v2\/media?parent=3170"}],"wp:term":[{"taxonomy":"category","embeddable":true,"href":"https:\/\/www.svalbard.fr\/actualites\/wp-json\/wp\/v2\/categories?post=3170"},{"taxonomy":"post_tag","embeddable":true,"href":"https:\/\/www.svalbard.fr\/actualites\/wp-json\/wp\/v2\/tags?post=3170"}],"curies":[{"name":"wp","href":"https:\/\/api.w.org\/{rel}","templated":true}]}}