{"id":3269,"date":"2025-04-15T15:30:00","date_gmt":"2025-04-15T13:30:00","guid":{"rendered":"https:\/\/www.svalbard.fr\/actualites\/?p=3269"},"modified":"2025-04-14T11:26:57","modified_gmt":"2025-04-14T09:26:57","slug":"lidl-devoile-un-nouveau-concept-de-magasin-qui-pourrait-bouleverser-vos-courses","status":"publish","type":"post","link":"https:\/\/www.svalbard.fr\/actualites\/lidl-devoile-un-nouveau-concept-de-magasin-qui-pourrait-bouleverser-vos-courses\/","title":{"rendered":"Lidl d\u00e9voile un nouveau concept de magasin qui pourrait bouleverser vos courses"},"content":{"rendered":"\n<p><strong><em>La grande enseigne Lidl, c\u00e9l\u00e8bre \u00e0 travers l\u2019Europe pour ses offres \u00e0 bas prix et son hard discount, r\u00e9invente l\u2019exp\u00e9rience d\u2019achat en misant sur un concept innovant qui promet de transformer totalement vos passages en magasin. Ayant moi-m\u00eame observ\u00e9 quelques \u00e9volutions chez Lidl lors de r\u00e9cents d\u00e9placements en Allemagne, j\u2019ai pu constater \u00e0 quel point ce changement marie modernit\u00e9 et tradition de mani\u00e8re captivante.<\/em><\/strong><\/p>\n\n\n\n<!--more-->\n\n\n\n<h2 class=\"wp-block-heading\">Un retour aux fondamentaux, modernis\u00e9<\/h2>\n\n\n\n<p><a href=\"https:\/\/www.svalbard.fr\/actualites\/une-ex-employee-de-lidl-devoile-le-meilleur-moment-pour-faire-de-bonnes-affaires\/\"><strong>Lidl<\/strong><\/a> retrouve ses origines en r\u00e9affirmant l\u2019importance de <strong>l\u2019efficacit\u00e9<\/strong> et des <strong>tarifs attractifs<\/strong>, tout en int\u00e9grant des \u00e9l\u00e9ments contemporains pour r\u00e9pondre aux attentes d\u2019un consommateur de plus en plus averti. D\u00e8s les premiers jours de cette transformation, j\u2019ai remarqu\u00e9 lors d\u2019une visite en boutique en Allemagne que les espaces \u00e9taient repens\u00e9s pour favoriser la fluidit\u00e9 des parcours clients. Des installations comme <strong>les caisses en libre-service<\/strong> permettent d\u00e9sormais de r\u00e9gler rapidement ses achats, rappelant l\u2019importance accord\u00e9e \u00e0 la <strong>simplicit\u00e9<\/strong> et \u00e0 l\u2019<strong>ergonomie<\/strong>. Des institutions telles que le <strong>Centre d\u2019Innovation Retail<\/strong> soulignent r\u00e9guli\u00e8rement la n\u00e9cessit\u00e9 d\u2019allier <strong>tradition<\/strong> et <strong>modernit\u00e9<\/strong> dans le secteur.<\/p>\n\n\n\n<h2 class=\"wp-block-heading\">L\u2019\u00e9volution de Lidl au fil des ans<\/h2>\n\n\n\n<p>Au cours des derni\u00e8res ann\u00e9es, Lidl s\u2019est v\u00e9ritablement m\u00e9tamorphos\u00e9. Autrefois synonyme de <strong>logique discount<\/strong>, la cha\u00eene a su diversifier son offre et repenser ses <a href=\"https:\/\/www.svalbard.fr\/actualites\/achats-en-ligne-regles-douanieres-pour-les-magasins-etrangers-en-2024-et-au-dela\/\"><strong>magasins<\/strong><\/a> pour s\u00e9duire une client\u00e8le en qu\u00eate de <strong>qualit\u00e9<\/strong> sans renoncer \u00e0 des <strong>prix comp\u00e9titifs<\/strong>. J\u2019ai souvent rencontr\u00e9 des commer\u00e7ants locaux fiers de l\u2019image renouvel\u00e9e de Lidl, qui attire d\u00e9sormais un public plus large. Cette strat\u00e9gie a largement contribu\u00e9 \u00e0 l\u2019expansion internationale de l\u2019enseigne, qui compte aujourd\u2019hui plus de <strong>10\u202f500 points de vente<\/strong> dans <strong>29 pays<\/strong>, un exploit r\u00e9guli\u00e8rement salu\u00e9 par <strong>l\u2019Observatoire Europ\u00e9en de la Distribution<\/strong>.<\/p>\n\n\n\n<h2 class=\"wp-block-heading\">Un futur r\u00e9solument tourn\u00e9 vers l\u2019innovation<\/h2>\n\n\n\n<p>La mise en place de syst\u00e8mes automatis\u00e9s, comme <strong>les caisses libre-service<\/strong>, n\u2019est qu\u2019un aper\u00e7u de la transformation qui s\u2019op\u00e8re chez Lidl. Cette r\u00e9organisation interne, qui permet de rediriger les ressources vers des services \u00e0 forte valeur ajout\u00e9e \u2013 notamment le <strong><a href=\"https:\/\/www.svalbard.fr\/actualites\/aldi-reinvente-le-supermarche-au-royaume-uni-avec-une-idee-inattendue\/\">service client<\/a><\/strong> et l\u2019<strong>optimisation<\/strong> des rayons \u2013 red\u00e9finit la relation entre le personnel et la <strong>technologie<\/strong>. Lors d\u2019un r\u00e9cent salon professionnel, j\u2019ai pu \u00e9changer avec plusieurs experts, et tous s\u2019accordaient \u00e0 dire que cette d\u00e9marche favoriserait l\u2019\u00e9mergence de nouvelles strat\u00e9gies de gestion dans le <strong>secteur de la grande distribution<\/strong>.<\/p>\n\n\n\n<h2 class=\"wp-block-heading\">Des retomb\u00e9es prometteuses pour la grande distribution<\/h2>\n\n\n\n<p>En s\u2019orientant vers un mod\u00e8le plus <strong>moderne<\/strong> et <strong>digitalis\u00e9<\/strong>, Lidl se positionne comme un acteur majeur pr\u00eat \u00e0 influencer durablement le <strong>march\u00e9 de la distribution<\/strong>. Le d\u00e9fi reste d\u2019adapter cette offre aux attentes d\u2019une client\u00e8le qui oscille entre d\u00e9sir de <strong>proximit\u00e9<\/strong> et soif d\u2019<strong>innovation<\/strong>. D\u2019apr\u00e8s des rapports publi\u00e9s par des organismes tels que <strong>le Forum International du Retail<\/strong>, ce nouveau mod\u00e8le pourrait bien inciter d\u2019autres enseignes \u00e0 revoir leurs propres strat\u00e9gies pour rester comp\u00e9titives sur un march\u00e9 en constante \u00e9volution.<\/p>\n\n\n\n<p>En r\u00e9sum\u00e9, en alliant <strong>efficacit\u00e9 op\u00e9rationnelle<\/strong>, <strong>modernit\u00e9<\/strong> et <strong>technologie<\/strong>, Lidl donne le ton pour une r\u00e9volution silencieuse dans vos courses quotidiennes. Ce nouvel essai audacieux montre que m\u00eame les g\u00e9ants du <strong>discount<\/strong> peuvent se r\u00e9inventer, et que l\u2019<strong><a href=\"https:\/\/www.svalbard.fr\/actualites\/les-etats-unis-sur-le-point-de-senrichir-grace-a-une-innovation-qui-transforme-les-dechets-plastiques-en-hydrogene\/\">innovation<\/a><\/strong> demeure le ma\u00eetre mot pour r\u00e9ussir dans l\u2019univers dynamique du <strong>commerce de d\u00e9tail<\/strong>.<\/p>\n","protected":false},"excerpt":{"rendered":"<p>La grande enseigne Lidl, c\u00e9l\u00e8bre \u00e0 travers l\u2019Europe pour ses offres \u00e0 bas prix et son hard discount, r\u00e9invente l\u2019exp\u00e9rience d\u2019achat en misant sur un<\/p>\n","protected":false},"author":3,"featured_media":3270,"comment_status":"closed","ping_status":"closed","sticky":false,"template":"","format":"standard","meta":{"footnotes":""},"categories":[1725],"tags":[],"yoast_head":"<!-- This site is optimized with the Yoast SEO plugin v21.0 - https:\/\/yoast.com\/wordpress\/plugins\/seo\/ -->\n<title>Lidl d\u00e9voile un nouveau concept de magasin qui pourrait bouleverser vos courses<\/title>\n<meta name=\"robots\" content=\"index, follow, max-snippet:-1, max-image-preview:large, max-video-preview:-1\" \/>\n<link rel=\"canonical\" href=\"https:\/\/www.svalbard.fr\/actualites\/lidl-devoile-un-nouveau-concept-de-magasin-qui-pourrait-bouleverser-vos-courses\/\" \/>\n<meta property=\"og:locale\" content=\"fr_FR\" \/>\n<meta property=\"og:type\" content=\"article\" \/>\n<meta property=\"og:title\" content=\"Lidl d\u00e9voile un nouveau concept de magasin qui pourrait bouleverser vos courses\" \/>\n<meta property=\"og:description\" content=\"La grande enseigne Lidl, c\u00e9l\u00e8bre \u00e0 travers l\u2019Europe pour ses offres \u00e0 bas prix et son hard discount, r\u00e9invente l\u2019exp\u00e9rience d\u2019achat en misant sur un\" \/>\n<meta property=\"og:url\" content=\"https:\/\/www.svalbard.fr\/actualites\/lidl-devoile-un-nouveau-concept-de-magasin-qui-pourrait-bouleverser-vos-courses\/\" \/>\n<meta property=\"og:site_name\" content=\"www.Svalbard.fr\" \/>\n<meta property=\"article:published_time\" content=\"2025-04-15T13:30:00+00:00\" \/>\n<meta property=\"article:modified_time\" content=\"2025-04-14T09:26:57+00:00\" \/>\n<meta property=\"og:image\" content=\"https:\/\/www.svalbard.fr\/actualites\/wp-content\/uploads\/2025\/04\/Lidl-devoile-un-nouveau-concept.jpg\" \/>\n\t<meta property=\"og:image:width\" content=\"1200\" \/>\n\t<meta property=\"og:image:height\" content=\"675\" \/>\n\t<meta property=\"og:image:type\" content=\"image\/jpeg\" \/>\n<meta name=\"author\" content=\"Guillaume Chen\" \/>\n<meta name=\"twitter:card\" content=\"summary_large_image\" \/>\n<meta name=\"twitter:label1\" content=\"\u00c9crit par\" \/>\n\t<meta name=\"twitter:data1\" content=\"Guillaume Chen\" \/>\n\t<meta name=\"twitter:label2\" content=\"Dur\u00e9e de lecture estim\u00e9e\" \/>\n\t<meta name=\"twitter:data2\" content=\"3 minutes\" \/>\n<script type=\"application\/ld+json\" class=\"yoast-schema-graph\">{\"@context\":\"https:\/\/schema.org\",\"@graph\":[{\"@type\":\"Article\",\"@id\":\"https:\/\/www.svalbard.fr\/actualites\/lidl-devoile-un-nouveau-concept-de-magasin-qui-pourrait-bouleverser-vos-courses\/#article\",\"isPartOf\":{\"@id\":\"https:\/\/www.svalbard.fr\/actualites\/lidl-devoile-un-nouveau-concept-de-magasin-qui-pourrait-bouleverser-vos-courses\/\"},\"author\":{\"name\":\"Guillaume Chen\",\"@id\":\"https:\/\/www.svalbard.fr\/actualites\/#\/schema\/person\/b9d185560b94bff7322d37cb676ee545\"},\"headline\":\"Lidl d\u00e9voile un nouveau concept de magasin qui pourrait bouleverser vos courses\",\"datePublished\":\"2025-04-15T13:30:00+00:00\",\"dateModified\":\"2025-04-14T09:26:57+00:00\",\"mainEntityOfPage\":{\"@id\":\"https:\/\/www.svalbard.fr\/actualites\/lidl-devoile-un-nouveau-concept-de-magasin-qui-pourrait-bouleverser-vos-courses\/\"},\"wordCount\":602,\"publisher\":{\"@id\":\"https:\/\/www.svalbard.fr\/actualites\/#organization\"},\"articleSection\":[\"Tendances\"],\"inLanguage\":\"fr-FR\"},{\"@type\":\"WebPage\",\"@id\":\"https:\/\/www.svalbard.fr\/actualites\/lidl-devoile-un-nouveau-concept-de-magasin-qui-pourrait-bouleverser-vos-courses\/\",\"url\":\"https:\/\/www.svalbard.fr\/actualites\/lidl-devoile-un-nouveau-concept-de-magasin-qui-pourrait-bouleverser-vos-courses\/\",\"name\":\"Lidl d\u00e9voile un nouveau concept de magasin qui pourrait bouleverser vos courses\",\"isPartOf\":{\"@id\":\"https:\/\/www.svalbard.fr\/actualites\/#website\"},\"datePublished\":\"2025-04-15T13:30:00+00:00\",\"dateModified\":\"2025-04-14T09:26:57+00:00\",\"breadcrumb\":{\"@id\":\"https:\/\/www.svalbard.fr\/actualites\/lidl-devoile-un-nouveau-concept-de-magasin-qui-pourrait-bouleverser-vos-courses\/#breadcrumb\"},\"inLanguage\":\"fr-FR\",\"potentialAction\":[{\"@type\":\"ReadAction\",\"target\":[\"https:\/\/www.svalbard.fr\/actualites\/lidl-devoile-un-nouveau-concept-de-magasin-qui-pourrait-bouleverser-vos-courses\/\"]}]},{\"@type\":\"BreadcrumbList\",\"@id\":\"https:\/\/www.svalbard.fr\/actualites\/lidl-devoile-un-nouveau-concept-de-magasin-qui-pourrait-bouleverser-vos-courses\/#breadcrumb\",\"itemListElement\":[{\"@type\":\"ListItem\",\"position\":1,\"name\":\"Accueil\",\"item\":\"https:\/\/www.svalbard.fr\/actualites\/\"},{\"@type\":\"ListItem\",\"position\":2,\"name\":\"Lidl d\u00e9voile un nouveau concept de magasin qui pourrait bouleverser vos courses\"}]},{\"@type\":\"WebSite\",\"@id\":\"https:\/\/www.svalbard.fr\/actualites\/#website\",\"url\":\"https:\/\/www.svalbard.fr\/actualites\/\",\"name\":\"www.Svalbard.fr\",\"description\":\"\",\"publisher\":{\"@id\":\"https:\/\/www.svalbard.fr\/actualites\/#organization\"},\"potentialAction\":[{\"@type\":\"SearchAction\",\"target\":{\"@type\":\"EntryPoint\",\"urlTemplate\":\"https:\/\/www.svalbard.fr\/actualites\/?s={search_term_string}\"},\"query-input\":\"required name=search_term_string\"}],\"inLanguage\":\"fr-FR\"},{\"@type\":\"Organization\",\"@id\":\"https:\/\/www.svalbard.fr\/actualites\/#organization\",\"name\":\"www.Svalbard.fr\",\"url\":\"https:\/\/www.svalbard.fr\/actualites\/\",\"logo\":{\"@type\":\"ImageObject\",\"inLanguage\":\"fr-FR\",\"@id\":\"https:\/\/www.svalbard.fr\/actualites\/#\/schema\/logo\/image\/\",\"url\":\"https:\/\/www.svalbard.fr\/actualites\/wp-content\/uploads\/2023\/09\/head-nom.jpg\",\"contentUrl\":\"https:\/\/www.svalbard.fr\/actualites\/wp-content\/uploads\/2023\/09\/head-nom.jpg\",\"width\":264,\"height\":35,\"caption\":\"www.Svalbard.fr\"},\"image\":{\"@id\":\"https:\/\/www.svalbard.fr\/actualites\/#\/schema\/logo\/image\/\"}},{\"@type\":\"Person\",\"@id\":\"https:\/\/www.svalbard.fr\/actualites\/#\/schema\/person\/b9d185560b94bff7322d37cb676ee545\",\"name\":\"Guillaume Chen\",\"image\":{\"@type\":\"ImageObject\",\"inLanguage\":\"fr-FR\",\"@id\":\"https:\/\/www.svalbard.fr\/actualites\/#\/schema\/person\/image\/\",\"url\":\"https:\/\/secure.gravatar.com\/avatar\/0c3f9c94586035b795ad4049a06fb048?s=96&d=mm&r=g\",\"contentUrl\":\"https:\/\/secure.gravatar.com\/avatar\/0c3f9c94586035b795ad4049a06fb048?s=96&d=mm&r=g\",\"caption\":\"Guillaume Chen\"},\"sameAs\":[\"https:\/\/www.svalbard.fr\/\"]}]}<\/script>\n<!-- \/ Yoast SEO plugin. -->","yoast_head_json":{"title":"Lidl d\u00e9voile un nouveau concept de magasin qui pourrait bouleverser vos courses","robots":{"index":"index","follow":"follow","max-snippet":"max-snippet:-1","max-image-preview":"max-image-preview:large","max-video-preview":"max-video-preview:-1"},"canonical":"https:\/\/www.svalbard.fr\/actualites\/lidl-devoile-un-nouveau-concept-de-magasin-qui-pourrait-bouleverser-vos-courses\/","og_locale":"fr_FR","og_type":"article","og_title":"Lidl d\u00e9voile un nouveau concept de magasin qui pourrait bouleverser vos courses","og_description":"La grande enseigne Lidl, c\u00e9l\u00e8bre \u00e0 travers l\u2019Europe pour ses offres \u00e0 bas prix et son hard discount, r\u00e9invente l\u2019exp\u00e9rience d\u2019achat en misant sur un","og_url":"https:\/\/www.svalbard.fr\/actualites\/lidl-devoile-un-nouveau-concept-de-magasin-qui-pourrait-bouleverser-vos-courses\/","og_site_name":"www.Svalbard.fr","article_published_time":"2025-04-15T13:30:00+00:00","article_modified_time":"2025-04-14T09:26:57+00:00","og_image":[{"width":1200,"height":675,"url":"https:\/\/www.svalbard.fr\/actualites\/wp-content\/uploads\/2025\/04\/Lidl-devoile-un-nouveau-concept.jpg","type":"image\/jpeg"}],"author":"Guillaume Chen","twitter_card":"summary_large_image","twitter_misc":{"\u00c9crit par":"Guillaume Chen","Dur\u00e9e de lecture estim\u00e9e":"3 minutes"},"schema":{"@context":"https:\/\/schema.org","@graph":[{"@type":"Article","@id":"https:\/\/www.svalbard.fr\/actualites\/lidl-devoile-un-nouveau-concept-de-magasin-qui-pourrait-bouleverser-vos-courses\/#article","isPartOf":{"@id":"https:\/\/www.svalbard.fr\/actualites\/lidl-devoile-un-nouveau-concept-de-magasin-qui-pourrait-bouleverser-vos-courses\/"},"author":{"name":"Guillaume Chen","@id":"https:\/\/www.svalbard.fr\/actualites\/#\/schema\/person\/b9d185560b94bff7322d37cb676ee545"},"headline":"Lidl d\u00e9voile un nouveau concept de magasin qui pourrait bouleverser vos courses","datePublished":"2025-04-15T13:30:00+00:00","dateModified":"2025-04-14T09:26:57+00:00","mainEntityOfPage":{"@id":"https:\/\/www.svalbard.fr\/actualites\/lidl-devoile-un-nouveau-concept-de-magasin-qui-pourrait-bouleverser-vos-courses\/"},"wordCount":602,"publisher":{"@id":"https:\/\/www.svalbard.fr\/actualites\/#organization"},"articleSection":["Tendances"],"inLanguage":"fr-FR"},{"@type":"WebPage","@id":"https:\/\/www.svalbard.fr\/actualites\/lidl-devoile-un-nouveau-concept-de-magasin-qui-pourrait-bouleverser-vos-courses\/","url":"https:\/\/www.svalbard.fr\/actualites\/lidl-devoile-un-nouveau-concept-de-magasin-qui-pourrait-bouleverser-vos-courses\/","name":"Lidl d\u00e9voile un nouveau concept de magasin qui pourrait bouleverser vos courses","isPartOf":{"@id":"https:\/\/www.svalbard.fr\/actualites\/#website"},"datePublished":"2025-04-15T13:30:00+00:00","dateModified":"2025-04-14T09:26:57+00:00","breadcrumb":{"@id":"https:\/\/www.svalbard.fr\/actualites\/lidl-devoile-un-nouveau-concept-de-magasin-qui-pourrait-bouleverser-vos-courses\/#breadcrumb"},"inLanguage":"fr-FR","potentialAction":[{"@type":"ReadAction","target":["https:\/\/www.svalbard.fr\/actualites\/lidl-devoile-un-nouveau-concept-de-magasin-qui-pourrait-bouleverser-vos-courses\/"]}]},{"@type":"BreadcrumbList","@id":"https:\/\/www.svalbard.fr\/actualites\/lidl-devoile-un-nouveau-concept-de-magasin-qui-pourrait-bouleverser-vos-courses\/#breadcrumb","itemListElement":[{"@type":"ListItem","position":1,"name":"Accueil","item":"https:\/\/www.svalbard.fr\/actualites\/"},{"@type":"ListItem","position":2,"name":"Lidl d\u00e9voile un nouveau concept de magasin qui pourrait bouleverser vos courses"}]},{"@type":"WebSite","@id":"https:\/\/www.svalbard.fr\/actualites\/#website","url":"https:\/\/www.svalbard.fr\/actualites\/","name":"www.Svalbard.fr","description":"","publisher":{"@id":"https:\/\/www.svalbard.fr\/actualites\/#organization"},"potentialAction":[{"@type":"SearchAction","target":{"@type":"EntryPoint","urlTemplate":"https:\/\/www.svalbard.fr\/actualites\/?s={search_term_string}"},"query-input":"required name=search_term_string"}],"inLanguage":"fr-FR"},{"@type":"Organization","@id":"https:\/\/www.svalbard.fr\/actualites\/#organization","name":"www.Svalbard.fr","url":"https:\/\/www.svalbard.fr\/actualites\/","logo":{"@type":"ImageObject","inLanguage":"fr-FR","@id":"https:\/\/www.svalbard.fr\/actualites\/#\/schema\/logo\/image\/","url":"https:\/\/www.svalbard.fr\/actualites\/wp-content\/uploads\/2023\/09\/head-nom.jpg","contentUrl":"https:\/\/www.svalbard.fr\/actualites\/wp-content\/uploads\/2023\/09\/head-nom.jpg","width":264,"height":35,"caption":"www.Svalbard.fr"},"image":{"@id":"https:\/\/www.svalbard.fr\/actualites\/#\/schema\/logo\/image\/"}},{"@type":"Person","@id":"https:\/\/www.svalbard.fr\/actualites\/#\/schema\/person\/b9d185560b94bff7322d37cb676ee545","name":"Guillaume Chen","image":{"@type":"ImageObject","inLanguage":"fr-FR","@id":"https:\/\/www.svalbard.fr\/actualites\/#\/schema\/person\/image\/","url":"https:\/\/secure.gravatar.com\/avatar\/0c3f9c94586035b795ad4049a06fb048?s=96&d=mm&r=g","contentUrl":"https:\/\/secure.gravatar.com\/avatar\/0c3f9c94586035b795ad4049a06fb048?s=96&d=mm&r=g","caption":"Guillaume Chen"},"sameAs":["https:\/\/www.svalbard.fr\/"]}]}},"_links":{"self":[{"href":"https:\/\/www.svalbard.fr\/actualites\/wp-json\/wp\/v2\/posts\/3269"}],"collection":[{"href":"https:\/\/www.svalbard.fr\/actualites\/wp-json\/wp\/v2\/posts"}],"about":[{"href":"https:\/\/www.svalbard.fr\/actualites\/wp-json\/wp\/v2\/types\/post"}],"author":[{"embeddable":true,"href":"https:\/\/www.svalbard.fr\/actualites\/wp-json\/wp\/v2\/users\/3"}],"replies":[{"embeddable":true,"href":"https:\/\/www.svalbard.fr\/actualites\/wp-json\/wp\/v2\/comments?post=3269"}],"version-history":[{"count":1,"href":"https:\/\/www.svalbard.fr\/actualites\/wp-json\/wp\/v2\/posts\/3269\/revisions"}],"predecessor-version":[{"id":3271,"href":"https:\/\/www.svalbard.fr\/actualites\/wp-json\/wp\/v2\/posts\/3269\/revisions\/3271"}],"wp:featuredmedia":[{"embeddable":true,"href":"https:\/\/www.svalbard.fr\/actualites\/wp-json\/wp\/v2\/media\/3270"}],"wp:attachment":[{"href":"https:\/\/www.svalbard.fr\/actualites\/wp-json\/wp\/v2\/media?parent=3269"}],"wp:term":[{"taxonomy":"category","embeddable":true,"href":"https:\/\/www.svalbard.fr\/actualites\/wp-json\/wp\/v2\/categories?post=3269"},{"taxonomy":"post_tag","embeddable":true,"href":"https:\/\/www.svalbard.fr\/actualites\/wp-json\/wp\/v2\/tags?post=3269"}],"curies":[{"name":"wp","href":"https:\/\/api.w.org\/{rel}","templated":true}]}}