{"id":3345,"date":"2025-04-22T10:30:00","date_gmt":"2025-04-22T08:30:00","guid":{"rendered":"https:\/\/www.svalbard.fr\/actualites\/?p=3345"},"modified":"2025-04-18T11:23:17","modified_gmt":"2025-04-18T09:23:17","slug":"il-achete-des-boucles-doreilles-cartier-a-28-e-au-lieu-de-28-000-e-et-gagne-son-proces","status":"publish","type":"post","link":"https:\/\/www.svalbard.fr\/actualites\/il-achete-des-boucles-doreilles-cartier-a-28-e-au-lieu-de-28-000-e-et-gagne-son-proces\/","title":{"rendered":"Il ach\u00e8te des boucles d\u2019oreilles Cartier \u00e0 28 \u20ac au lieu de 28 000 \u20ac et gagne son proc\u00e8s"},"content":{"rendered":"\n<p><strong><em>Dans un monde o\u00f9 les bonnes affaires sont souvent un mirage, un m\u00e9decin mexicain a v\u00e9cu une aventure incroyable. Gr\u00e2ce \u00e0 une erreur de prix sur le site de la prestigieuse marque de luxe Cartier, il a r\u00e9ussi \u00e0 acheter une paire de boucles d&rsquo;oreilles d&rsquo;une valeur de 28 000 \u20ac pour seulement 28 \u20ac. Un coup de chance ou une situation qui allait rapidement se compliquer ?<\/em><\/strong><\/p>\n\n\n\n<!--more-->\n\n\n\n<h2 class=\"wp-block-heading\"><strong>La remise incroyable<\/strong><\/h2>\n\n\n\n<p>Imaginez la sc\u00e8ne : vous \u00eates en train de naviguer sur <strong>Instagram<\/strong>, un r\u00e9seau social que vous consultez habituellement pour des loisirs, et voil\u00e0 que vous apercevez une offre en ligne d\u2019une de vos <a href=\"https:\/\/www.svalbard.fr\/actualites\/voitures-electriques-en-norvege-la-vie-en-norvege\/\"><strong>marques de luxe<\/strong><\/a> pr\u00e9f\u00e9r\u00e9es. Un prix aussi bas qu&rsquo;inimaginable : 99,9 % de r\u00e9duction. C\u2019est exactement ce qui est arriv\u00e9 \u00e0 <strong>Rogelio Villarreal<\/strong>, un m\u00e9decin mexicain, en d\u00e9cembre dernier. Cartier, r\u00e9put\u00e9e pour ses bijoux somptueux, a accidentellement affich\u00e9 ses boucles d\u2019oreilles \u00e0 un <strong>prix d\u00e9risoire<\/strong>.<\/p>\n\n\n\n<p>Rogelio, profitant de l\u2019occasion, ach\u00e8te donc les boucles d&rsquo;oreilles pour 28 \u20ac, tout en se doutant qu&rsquo;une telle offre ne durerait s\u00fbrement pas. Mais qui ne tenterait pas sa chance ?<\/p>\n\n\n\n<h2 class=\"wp-block-heading\"><strong>La bataille commence<\/strong><\/h2>\n\n\n\n<p>Quand Cartier a r\u00e9alis\u00e9 l\u2019erreur de prix, la marque a imm\u00e9diatement annul\u00e9 l\u2019achat et a propos\u00e9 un <strong>remboursement<\/strong> des 28 euros. Cependant, ce geste n\u2019a pas suffi \u00e0 calmer l\u2019enthousiasme de Villarreal. Plut\u00f4t que de chercher une <strong>compensation<\/strong>, il n\u2019avait qu\u2019un seul objectif : obtenir ces boucles d\u2019oreilles. Alors, il a fait appel \u00e0 <strong>Profeco<\/strong>, l&rsquo;agence mexicaine de <strong>protection des consommateurs<\/strong>, lan\u00e7ant ainsi une <strong>bataille juridique<\/strong> de plusieurs mois. L&rsquo;affaire a captiv\u00e9 de nombreux observateurs, notamment sur les <strong>r\u00e9seaux sociaux<\/strong>, o\u00f9 son courage a attir\u00e9 de plus en plus de soutien.<\/p>\n\n\n\n<h2 class=\"wp-block-heading\"><strong>David contre Goliath : le consommateur gagne<\/strong><\/h2>\n\n\n\n<p>Gr\u00e2ce \u00e0 l\u2019intervention de <strong>Profeco<\/strong>, un <strong>m\u00e9diateur<\/strong> impartial, et apr\u00e8s plusieurs tentatives infructueuses de Cartier pour r\u00e9soudre l\u2019affaire \u00e0 l\u2019amiable, l&rsquo;agence a rendu un verdict en faveur de <strong>Villarreal<\/strong>. Cartier a \u00e9t\u00e9 contraint de remettre les boucles d\u2019oreilles au consommateur. Le m\u00e9decin a partag\u00e9 sa <strong>victoire<\/strong> sur ses r\u00e9seaux sociaux, avec un message victorieux : \u00ab <strong>La guerre est finie<\/strong>. Cartier respect\u00e9. \u00bb Accompagn\u00e9 d&rsquo;une photo de ses pr\u00e9cieuses boucles d&rsquo;oreilles dans leur emballage iconique, ce moment marquait une <strong>victoire symbolique<\/strong> pour les <strong><a href=\"https:\/\/www.svalbard.fr\/actualites\/paiement-sans-contact-attention-a-ces-deux-arnaques-susceptibles-de-mettre-en-peril-votre-compte-bancaire\/\">droits des consommateurs<\/a><\/strong>.<\/p>\n\n\n\n<h2 class=\"wp-block-heading\"><strong>Doutes et examen minutieux<\/strong><\/h2>\n\n\n\n<p>Malgr\u00e9 cette victoire \u00e9clatante, l&rsquo;affaire a suscit\u00e9 des critiques. Certains, comme la <strong>s\u00e9natrice Lilly T\u00e9llez<\/strong>, ont accus\u00e9 Villarreal de <strong>malhonn\u00eatet\u00e9<\/strong>, estimant qu&rsquo;il avait exploit\u00e9 une situation pour s&rsquo;enrichir. D\u2019autres, sur le r\u00e9seau social <strong>X<\/strong>, ont m\u00eame sugg\u00e9r\u00e9 que les boucles d&rsquo;oreilles devaient \u00eatre <strong>\u00e9valu\u00e9es<\/strong> pour v\u00e9rifier qu&rsquo;elles correspondaient \u00e0 la qualit\u00e9 habituellement associ\u00e9e \u00e0 Cartier, craignant que la marque n&rsquo;ait fabriqu\u00e9 une version moins qualitative pour r\u00e9soudre le probl\u00e8me. Villarreal, de mani\u00e8re ouverte et transparente, a accept\u00e9 cette proposition et a r\u00e9pondu : \u00ab Bien s\u00fbr, je les ferai \u00e9valuer. Je ne pense pas que Cartier prenne ce genre de <strong>risque<\/strong> avec sa r\u00e9putation. \u00bb<\/p>\n\n\n\n<h2 class=\"wp-block-heading\"><strong>La le\u00e7on<\/strong><\/h2>\n\n\n\n<p>Au-del\u00e0 du simple \u00e9pisode de droits des consommateurs, cette affaire soul\u00e8ve des questions plus larges sur la <strong>relation de pouvoir<\/strong> entre les grandes entreprises et les <strong>consommateurs<\/strong>. L\u2019incident rappelle l\u2019importance de la <strong>transparence<\/strong> et des relations solides entre marques et clients \u00e0 l\u2019\u00e8re du num\u00e9rique. M\u00eame les g\u00e9ants comme Cartier doivent respecter les r\u00e8gles et se soumettre \u00e0 des <strong>m\u00e9canismes de protection des consommateurs<\/strong>. Cette histoire nous montre qu\u2019il existe des moyens de <strong>revendiquer ses droits<\/strong> et qu\u2019une <strong><a href=\"https:\/\/www.svalbard.fr\/actualites\/elle-recoit-par-erreur-900-000-e-et-decide-de-tout-depenser-sans-se-retourner\/\">erreur<\/a><\/strong> peut, parfois, se transformer en <strong>victoire juridique<\/strong>.<\/p>\n","protected":false},"excerpt":{"rendered":"<p>Dans un monde o\u00f9 les bonnes affaires sont souvent un mirage, un m\u00e9decin mexicain a v\u00e9cu une aventure incroyable. Gr\u00e2ce \u00e0 une erreur de prix<\/p>\n","protected":false},"author":3,"featured_media":3346,"comment_status":"closed","ping_status":"closed","sticky":false,"template":"","format":"standard","meta":{"footnotes":""},"categories":[1725],"tags":[],"yoast_head":"<!-- This site is optimized with the Yoast SEO plugin v21.0 - https:\/\/yoast.com\/wordpress\/plugins\/seo\/ -->\n<title>Il ach\u00e8te des boucles d\u2019oreilles Cartier \u00e0 28 \u20ac au lieu de 28 000 \u20ac et gagne son proc\u00e8s<\/title>\n<meta name=\"robots\" content=\"index, follow, max-snippet:-1, max-image-preview:large, max-video-preview:-1\" \/>\n<link rel=\"canonical\" href=\"https:\/\/www.svalbard.fr\/actualites\/il-achete-des-boucles-doreilles-cartier-a-28-e-au-lieu-de-28-000-e-et-gagne-son-proces\/\" \/>\n<meta property=\"og:locale\" content=\"fr_FR\" \/>\n<meta property=\"og:type\" content=\"article\" \/>\n<meta property=\"og:title\" content=\"Il ach\u00e8te des boucles d\u2019oreilles Cartier \u00e0 28 \u20ac au lieu de 28 000 \u20ac et gagne son proc\u00e8s\" \/>\n<meta property=\"og:description\" content=\"Dans un monde o\u00f9 les bonnes affaires sont souvent un mirage, un m\u00e9decin mexicain a v\u00e9cu une aventure incroyable. Gr\u00e2ce \u00e0 une erreur de prix\" \/>\n<meta property=\"og:url\" content=\"https:\/\/www.svalbard.fr\/actualites\/il-achete-des-boucles-doreilles-cartier-a-28-e-au-lieu-de-28-000-e-et-gagne-son-proces\/\" \/>\n<meta property=\"og:site_name\" content=\"www.Svalbard.fr\" \/>\n<meta property=\"article:published_time\" content=\"2025-04-22T08:30:00+00:00\" \/>\n<meta property=\"article:modified_time\" content=\"2025-04-18T09:23:17+00:00\" \/>\n<meta property=\"og:image\" content=\"https:\/\/www.svalbard.fr\/actualites\/wp-content\/uploads\/2025\/04\/boucles-doreilles-Cartier.jpg\" \/>\n\t<meta property=\"og:image:width\" content=\"1200\" \/>\n\t<meta property=\"og:image:height\" content=\"764\" \/>\n\t<meta property=\"og:image:type\" content=\"image\/jpeg\" \/>\n<meta name=\"author\" content=\"Guillaume Chen\" \/>\n<meta name=\"twitter:card\" content=\"summary_large_image\" \/>\n<meta name=\"twitter:label1\" content=\"\u00c9crit par\" \/>\n\t<meta name=\"twitter:data1\" content=\"Guillaume Chen\" \/>\n\t<meta name=\"twitter:label2\" content=\"Dur\u00e9e de lecture estim\u00e9e\" \/>\n\t<meta name=\"twitter:data2\" content=\"3 minutes\" \/>\n<script type=\"application\/ld+json\" class=\"yoast-schema-graph\">{\"@context\":\"https:\/\/schema.org\",\"@graph\":[{\"@type\":\"Article\",\"@id\":\"https:\/\/www.svalbard.fr\/actualites\/il-achete-des-boucles-doreilles-cartier-a-28-e-au-lieu-de-28-000-e-et-gagne-son-proces\/#article\",\"isPartOf\":{\"@id\":\"https:\/\/www.svalbard.fr\/actualites\/il-achete-des-boucles-doreilles-cartier-a-28-e-au-lieu-de-28-000-e-et-gagne-son-proces\/\"},\"author\":{\"name\":\"Guillaume Chen\",\"@id\":\"https:\/\/www.svalbard.fr\/actualites\/#\/schema\/person\/b9d185560b94bff7322d37cb676ee545\"},\"headline\":\"Il ach\u00e8te des boucles d\u2019oreilles Cartier \u00e0 28 \u20ac au lieu de 28 000 \u20ac et gagne son proc\u00e8s\",\"datePublished\":\"2025-04-22T08:30:00+00:00\",\"dateModified\":\"2025-04-18T09:23:17+00:00\",\"mainEntityOfPage\":{\"@id\":\"https:\/\/www.svalbard.fr\/actualites\/il-achete-des-boucles-doreilles-cartier-a-28-e-au-lieu-de-28-000-e-et-gagne-son-proces\/\"},\"wordCount\":619,\"publisher\":{\"@id\":\"https:\/\/www.svalbard.fr\/actualites\/#organization\"},\"articleSection\":[\"Tendances\"],\"inLanguage\":\"fr-FR\"},{\"@type\":\"WebPage\",\"@id\":\"https:\/\/www.svalbard.fr\/actualites\/il-achete-des-boucles-doreilles-cartier-a-28-e-au-lieu-de-28-000-e-et-gagne-son-proces\/\",\"url\":\"https:\/\/www.svalbard.fr\/actualites\/il-achete-des-boucles-doreilles-cartier-a-28-e-au-lieu-de-28-000-e-et-gagne-son-proces\/\",\"name\":\"Il ach\u00e8te des boucles d\u2019oreilles Cartier \u00e0 28 \u20ac au lieu de 28 000 \u20ac et gagne son proc\u00e8s\",\"isPartOf\":{\"@id\":\"https:\/\/www.svalbard.fr\/actualites\/#website\"},\"datePublished\":\"2025-04-22T08:30:00+00:00\",\"dateModified\":\"2025-04-18T09:23:17+00:00\",\"breadcrumb\":{\"@id\":\"https:\/\/www.svalbard.fr\/actualites\/il-achete-des-boucles-doreilles-cartier-a-28-e-au-lieu-de-28-000-e-et-gagne-son-proces\/#breadcrumb\"},\"inLanguage\":\"fr-FR\",\"potentialAction\":[{\"@type\":\"ReadAction\",\"target\":[\"https:\/\/www.svalbard.fr\/actualites\/il-achete-des-boucles-doreilles-cartier-a-28-e-au-lieu-de-28-000-e-et-gagne-son-proces\/\"]}]},{\"@type\":\"BreadcrumbList\",\"@id\":\"https:\/\/www.svalbard.fr\/actualites\/il-achete-des-boucles-doreilles-cartier-a-28-e-au-lieu-de-28-000-e-et-gagne-son-proces\/#breadcrumb\",\"itemListElement\":[{\"@type\":\"ListItem\",\"position\":1,\"name\":\"Accueil\",\"item\":\"https:\/\/www.svalbard.fr\/actualites\/\"},{\"@type\":\"ListItem\",\"position\":2,\"name\":\"Il ach\u00e8te des boucles d\u2019oreilles Cartier \u00e0 28 \u20ac au lieu de 28 000 \u20ac et gagne son proc\u00e8s\"}]},{\"@type\":\"WebSite\",\"@id\":\"https:\/\/www.svalbard.fr\/actualites\/#website\",\"url\":\"https:\/\/www.svalbard.fr\/actualites\/\",\"name\":\"www.Svalbard.fr\",\"description\":\"\",\"publisher\":{\"@id\":\"https:\/\/www.svalbard.fr\/actualites\/#organization\"},\"potentialAction\":[{\"@type\":\"SearchAction\",\"target\":{\"@type\":\"EntryPoint\",\"urlTemplate\":\"https:\/\/www.svalbard.fr\/actualites\/?s={search_term_string}\"},\"query-input\":\"required name=search_term_string\"}],\"inLanguage\":\"fr-FR\"},{\"@type\":\"Organization\",\"@id\":\"https:\/\/www.svalbard.fr\/actualites\/#organization\",\"name\":\"www.Svalbard.fr\",\"url\":\"https:\/\/www.svalbard.fr\/actualites\/\",\"logo\":{\"@type\":\"ImageObject\",\"inLanguage\":\"fr-FR\",\"@id\":\"https:\/\/www.svalbard.fr\/actualites\/#\/schema\/logo\/image\/\",\"url\":\"https:\/\/www.svalbard.fr\/actualites\/wp-content\/uploads\/2023\/09\/head-nom.jpg\",\"contentUrl\":\"https:\/\/www.svalbard.fr\/actualites\/wp-content\/uploads\/2023\/09\/head-nom.jpg\",\"width\":264,\"height\":35,\"caption\":\"www.Svalbard.fr\"},\"image\":{\"@id\":\"https:\/\/www.svalbard.fr\/actualites\/#\/schema\/logo\/image\/\"}},{\"@type\":\"Person\",\"@id\":\"https:\/\/www.svalbard.fr\/actualites\/#\/schema\/person\/b9d185560b94bff7322d37cb676ee545\",\"name\":\"Guillaume Chen\",\"image\":{\"@type\":\"ImageObject\",\"inLanguage\":\"fr-FR\",\"@id\":\"https:\/\/www.svalbard.fr\/actualites\/#\/schema\/person\/image\/\",\"url\":\"https:\/\/secure.gravatar.com\/avatar\/0c3f9c94586035b795ad4049a06fb048?s=96&d=mm&r=g\",\"contentUrl\":\"https:\/\/secure.gravatar.com\/avatar\/0c3f9c94586035b795ad4049a06fb048?s=96&d=mm&r=g\",\"caption\":\"Guillaume Chen\"},\"sameAs\":[\"https:\/\/www.svalbard.fr\/\"]}]}<\/script>\n<!-- \/ Yoast SEO plugin. -->","yoast_head_json":{"title":"Il ach\u00e8te des boucles d\u2019oreilles Cartier \u00e0 28 \u20ac au lieu de 28 000 \u20ac et gagne son proc\u00e8s","robots":{"index":"index","follow":"follow","max-snippet":"max-snippet:-1","max-image-preview":"max-image-preview:large","max-video-preview":"max-video-preview:-1"},"canonical":"https:\/\/www.svalbard.fr\/actualites\/il-achete-des-boucles-doreilles-cartier-a-28-e-au-lieu-de-28-000-e-et-gagne-son-proces\/","og_locale":"fr_FR","og_type":"article","og_title":"Il ach\u00e8te des boucles d\u2019oreilles Cartier \u00e0 28 \u20ac au lieu de 28 000 \u20ac et gagne son proc\u00e8s","og_description":"Dans un monde o\u00f9 les bonnes affaires sont souvent un mirage, un m\u00e9decin mexicain a v\u00e9cu une aventure incroyable. Gr\u00e2ce \u00e0 une erreur de prix","og_url":"https:\/\/www.svalbard.fr\/actualites\/il-achete-des-boucles-doreilles-cartier-a-28-e-au-lieu-de-28-000-e-et-gagne-son-proces\/","og_site_name":"www.Svalbard.fr","article_published_time":"2025-04-22T08:30:00+00:00","article_modified_time":"2025-04-18T09:23:17+00:00","og_image":[{"width":1200,"height":764,"url":"https:\/\/www.svalbard.fr\/actualites\/wp-content\/uploads\/2025\/04\/boucles-doreilles-Cartier.jpg","type":"image\/jpeg"}],"author":"Guillaume Chen","twitter_card":"summary_large_image","twitter_misc":{"\u00c9crit par":"Guillaume Chen","Dur\u00e9e de lecture estim\u00e9e":"3 minutes"},"schema":{"@context":"https:\/\/schema.org","@graph":[{"@type":"Article","@id":"https:\/\/www.svalbard.fr\/actualites\/il-achete-des-boucles-doreilles-cartier-a-28-e-au-lieu-de-28-000-e-et-gagne-son-proces\/#article","isPartOf":{"@id":"https:\/\/www.svalbard.fr\/actualites\/il-achete-des-boucles-doreilles-cartier-a-28-e-au-lieu-de-28-000-e-et-gagne-son-proces\/"},"author":{"name":"Guillaume Chen","@id":"https:\/\/www.svalbard.fr\/actualites\/#\/schema\/person\/b9d185560b94bff7322d37cb676ee545"},"headline":"Il ach\u00e8te des boucles d\u2019oreilles Cartier \u00e0 28 \u20ac au lieu de 28 000 \u20ac et gagne son proc\u00e8s","datePublished":"2025-04-22T08:30:00+00:00","dateModified":"2025-04-18T09:23:17+00:00","mainEntityOfPage":{"@id":"https:\/\/www.svalbard.fr\/actualites\/il-achete-des-boucles-doreilles-cartier-a-28-e-au-lieu-de-28-000-e-et-gagne-son-proces\/"},"wordCount":619,"publisher":{"@id":"https:\/\/www.svalbard.fr\/actualites\/#organization"},"articleSection":["Tendances"],"inLanguage":"fr-FR"},{"@type":"WebPage","@id":"https:\/\/www.svalbard.fr\/actualites\/il-achete-des-boucles-doreilles-cartier-a-28-e-au-lieu-de-28-000-e-et-gagne-son-proces\/","url":"https:\/\/www.svalbard.fr\/actualites\/il-achete-des-boucles-doreilles-cartier-a-28-e-au-lieu-de-28-000-e-et-gagne-son-proces\/","name":"Il ach\u00e8te des boucles d\u2019oreilles Cartier \u00e0 28 \u20ac au lieu de 28 000 \u20ac et gagne son proc\u00e8s","isPartOf":{"@id":"https:\/\/www.svalbard.fr\/actualites\/#website"},"datePublished":"2025-04-22T08:30:00+00:00","dateModified":"2025-04-18T09:23:17+00:00","breadcrumb":{"@id":"https:\/\/www.svalbard.fr\/actualites\/il-achete-des-boucles-doreilles-cartier-a-28-e-au-lieu-de-28-000-e-et-gagne-son-proces\/#breadcrumb"},"inLanguage":"fr-FR","potentialAction":[{"@type":"ReadAction","target":["https:\/\/www.svalbard.fr\/actualites\/il-achete-des-boucles-doreilles-cartier-a-28-e-au-lieu-de-28-000-e-et-gagne-son-proces\/"]}]},{"@type":"BreadcrumbList","@id":"https:\/\/www.svalbard.fr\/actualites\/il-achete-des-boucles-doreilles-cartier-a-28-e-au-lieu-de-28-000-e-et-gagne-son-proces\/#breadcrumb","itemListElement":[{"@type":"ListItem","position":1,"name":"Accueil","item":"https:\/\/www.svalbard.fr\/actualites\/"},{"@type":"ListItem","position":2,"name":"Il ach\u00e8te des boucles d\u2019oreilles Cartier \u00e0 28 \u20ac au lieu de 28 000 \u20ac et gagne son proc\u00e8s"}]},{"@type":"WebSite","@id":"https:\/\/www.svalbard.fr\/actualites\/#website","url":"https:\/\/www.svalbard.fr\/actualites\/","name":"www.Svalbard.fr","description":"","publisher":{"@id":"https:\/\/www.svalbard.fr\/actualites\/#organization"},"potentialAction":[{"@type":"SearchAction","target":{"@type":"EntryPoint","urlTemplate":"https:\/\/www.svalbard.fr\/actualites\/?s={search_term_string}"},"query-input":"required name=search_term_string"}],"inLanguage":"fr-FR"},{"@type":"Organization","@id":"https:\/\/www.svalbard.fr\/actualites\/#organization","name":"www.Svalbard.fr","url":"https:\/\/www.svalbard.fr\/actualites\/","logo":{"@type":"ImageObject","inLanguage":"fr-FR","@id":"https:\/\/www.svalbard.fr\/actualites\/#\/schema\/logo\/image\/","url":"https:\/\/www.svalbard.fr\/actualites\/wp-content\/uploads\/2023\/09\/head-nom.jpg","contentUrl":"https:\/\/www.svalbard.fr\/actualites\/wp-content\/uploads\/2023\/09\/head-nom.jpg","width":264,"height":35,"caption":"www.Svalbard.fr"},"image":{"@id":"https:\/\/www.svalbard.fr\/actualites\/#\/schema\/logo\/image\/"}},{"@type":"Person","@id":"https:\/\/www.svalbard.fr\/actualites\/#\/schema\/person\/b9d185560b94bff7322d37cb676ee545","name":"Guillaume Chen","image":{"@type":"ImageObject","inLanguage":"fr-FR","@id":"https:\/\/www.svalbard.fr\/actualites\/#\/schema\/person\/image\/","url":"https:\/\/secure.gravatar.com\/avatar\/0c3f9c94586035b795ad4049a06fb048?s=96&d=mm&r=g","contentUrl":"https:\/\/secure.gravatar.com\/avatar\/0c3f9c94586035b795ad4049a06fb048?s=96&d=mm&r=g","caption":"Guillaume Chen"},"sameAs":["https:\/\/www.svalbard.fr\/"]}]}},"_links":{"self":[{"href":"https:\/\/www.svalbard.fr\/actualites\/wp-json\/wp\/v2\/posts\/3345"}],"collection":[{"href":"https:\/\/www.svalbard.fr\/actualites\/wp-json\/wp\/v2\/posts"}],"about":[{"href":"https:\/\/www.svalbard.fr\/actualites\/wp-json\/wp\/v2\/types\/post"}],"author":[{"embeddable":true,"href":"https:\/\/www.svalbard.fr\/actualites\/wp-json\/wp\/v2\/users\/3"}],"replies":[{"embeddable":true,"href":"https:\/\/www.svalbard.fr\/actualites\/wp-json\/wp\/v2\/comments?post=3345"}],"version-history":[{"count":1,"href":"https:\/\/www.svalbard.fr\/actualites\/wp-json\/wp\/v2\/posts\/3345\/revisions"}],"predecessor-version":[{"id":3347,"href":"https:\/\/www.svalbard.fr\/actualites\/wp-json\/wp\/v2\/posts\/3345\/revisions\/3347"}],"wp:featuredmedia":[{"embeddable":true,"href":"https:\/\/www.svalbard.fr\/actualites\/wp-json\/wp\/v2\/media\/3346"}],"wp:attachment":[{"href":"https:\/\/www.svalbard.fr\/actualites\/wp-json\/wp\/v2\/media?parent=3345"}],"wp:term":[{"taxonomy":"category","embeddable":true,"href":"https:\/\/www.svalbard.fr\/actualites\/wp-json\/wp\/v2\/categories?post=3345"},{"taxonomy":"post_tag","embeddable":true,"href":"https:\/\/www.svalbard.fr\/actualites\/wp-json\/wp\/v2\/tags?post=3345"}],"curies":[{"name":"wp","href":"https:\/\/api.w.org\/{rel}","templated":true}]}}