{"id":3361,"date":"2025-04-19T18:20:03","date_gmt":"2025-04-19T16:20:03","guid":{"rendered":"https:\/\/www.svalbard.fr\/actualites\/lun-des-plus-beaux-pays-de-leurope-a-fait-reflechir-la-taxe-touristique\/"},"modified":"2025-04-19T18:20:05","modified_gmt":"2025-04-19T16:20:05","slug":"lun-des-plus-beaux-pays-de-leurope-a-fait-reflechir-la-taxe-touristique","status":"publish","type":"post","link":"https:\/\/www.svalbard.fr\/actualites\/lun-des-plus-beaux-pays-de-leurope-a-fait-reflechir-la-taxe-touristique\/","title":{"rendered":"L&#39;un des \u00abplus beaux pays\u00bb de l&#39;Europe a fait r\u00e9fl\u00e9chir la taxe touristique"},"content":{"rendered":"<div>\n<p>Connu sous le nom de Terre des Lumi\u00e8res du Nord, des glaciers \u00e0 couper le souffle, des fjords majestueux, des cascades en cascade, de charmantes maisons rouges et une nature pr\u00e9serv\u00e9e, il n&#39;est pas surprenant que la Norv\u00e8ge gagne en popularit\u00e9. La Norv\u00e8ge a \u00e9t\u00e9 reconnue \u00e0 plusieurs reprises comme l&#39;un des plus beaux pays du monde, notamment en \u00e9tant nomm\u00e9 parmi le haut par Cond\u00e9 Nast Traveler en 2025. Cond\u00e9 Nast a salu\u00e9 le pays comme une terre \u00e9tonnante de glaciers, de montagnes, de lumi\u00e8res du Nord et de fjords embl\u00e9matiques, mettant en \u00e9vidence des merveilles sc\u00e9niques comme Geirangerfjord, Trolltunga et les \u00eeles Lofoten.<\/p>\n<p>La Norv\u00e8ge envisage d&#39;introduire une taxe touristique pour g\u00e9rer la pression des chiffres touristiques croissants. L&#39;ann\u00e9e derni\u00e8re, le pays a accueilli un record de 38 millions de restes de nuit, ce qui a suscit\u00e9 des inqui\u00e9tudes concernant le suntourisme.<\/p>\n<\/div>\n<div>\n<p>Le nouveau projet de loi propos\u00e9 permettrait aux municipalit\u00e9s locales de facturer une taxe de 3% sur les nuit\u00e9es dans l&#39;h\u00e9bergement comme les h\u00f4tels, les campings et les locations \u00e0 court terme.<\/p>\n<p>Pour la premi\u00e8re fois \u00e0 5%, le taux a \u00e9t\u00e9 r\u00e9duit apr\u00e8s les objections du secteur du tourisme. S&#39;il est adopt\u00e9 par le Parlement norv\u00e9gien, la taxe pourrait entrer en vigueur d\u00e8s cet \u00e9t\u00e9.<\/p>\n<p>Le ministre du commerce et de l&#39;industrie norv\u00e9gien, Cecilie Myrseth, a d\u00e9clar\u00e9 \u00e0 NRK: \u00ab\u00a0Nous savons que toutes les municipalit\u00e9s n&#39;en ont pas besoin, mais dans les zones \u00e0 haute pression, il s&#39;agit de renforcer la confiance entre la population locale et les visiteurs.\u00a0\u00bb<\/p>\n<\/div>\n<div>\n<article>\n<p>L&#39;argent de la taxe sera ensuite utilis\u00e9 pour financer les infrastructures li\u00e9es au tourisme, telles que le maintien des sentiers, des toilettes publiques et une signalisation.<\/p>\n<p>Chaque municipalit\u00e9 locale fonctionnerait avec des organismes touristiques locaux pour d\u00e9cider comment l&#39;argent est d\u00e9pens\u00e9.<\/p>\n<p>Cependant, certains auraient fait valoir que l&#39;imp\u00f4t excluant injustement les passagers de croisi\u00e8re, les excursionus et les camping-cars, malgr\u00e9 leur impact sur les destinations populaires comme les \u00eeles Lofoten.<\/p>\n<p>Le pays a \u00e9galement d\u00e9cid\u00e9 qu&#39;il n&#39;autoriserait plus les navires non \u00e9missions dans les fjords d&#39;ici 2032, et \u00e0 partir de 2026, les navires touristiques et les ferries de moins de 10 000 tonnes seront interdits de certaines zones.<\/p>\n<\/article>\n<\/div>\n","protected":false},"excerpt":{"rendered":"<p>Connu sous le nom de Terre des Lumi\u00e8res du Nord, des glaciers \u00e0 couper le souffle, des fjords majestueux, des cascades en cascade, de charmantes<\/p>\n","protected":false},"author":1,"featured_media":3362,"comment_status":"closed","ping_status":"","sticky":false,"template":"","format":"standard","meta":{"footnotes":""},"categories":[1],"tags":[789,8,20,2080,1780,287,2269,1032,1503],"yoast_head":"<!-- This site is optimized with the Yoast SEO plugin v21.0 - https:\/\/yoast.com\/wordpress\/plugins\/seo\/ -->\n<title>L&#039;un des \u00abplus beaux pays\u00bb de l&#039;Europe a fait r\u00e9fl\u00e9chir la taxe touristique<\/title>\n<meta name=\"robots\" content=\"index, follow, max-snippet:-1, max-image-preview:large, max-video-preview:-1\" \/>\n<link rel=\"canonical\" href=\"https:\/\/www.svalbard.fr\/actualites\/lun-des-plus-beaux-pays-de-leurope-a-fait-reflechir-la-taxe-touristique\/\" \/>\n<meta property=\"og:locale\" content=\"fr_FR\" \/>\n<meta property=\"og:type\" content=\"article\" \/>\n<meta property=\"og:title\" content=\"L&#039;un des \u00abplus beaux pays\u00bb de l&#039;Europe a fait r\u00e9fl\u00e9chir la taxe touristique\" \/>\n<meta property=\"og:description\" content=\"Connu sous le nom de Terre des Lumi\u00e8res du Nord, des glaciers \u00e0 couper le souffle, des fjords majestueux, des cascades en cascade, de charmantes\" \/>\n<meta property=\"og:url\" content=\"https:\/\/www.svalbard.fr\/actualites\/lun-des-plus-beaux-pays-de-leurope-a-fait-reflechir-la-taxe-touristique\/\" \/>\n<meta property=\"og:site_name\" content=\"www.Svalbard.fr\" \/>\n<meta property=\"article:published_time\" content=\"2025-04-19T16:20:03+00:00\" \/>\n<meta property=\"article:modified_time\" content=\"2025-04-19T16:20:05+00:00\" \/>\n<meta property=\"og:image\" content=\"https:\/\/www.svalbard.fr\/actualites\/wp-content\/uploads\/2025\/04\/L39un-des-plus-beaux-pays-de-l39Europe-a-fait-reflechir.jpg\" \/>\n\t<meta property=\"og:image:width\" content=\"1200\" \/>\n\t<meta property=\"og:image:height\" content=\"630\" \/>\n\t<meta property=\"og:image:type\" content=\"image\/jpeg\" \/>\n<meta name=\"author\" content=\"Hilmar\" \/>\n<meta name=\"twitter:card\" content=\"summary_large_image\" \/>\n<meta name=\"twitter:label1\" content=\"\u00c9crit par\" \/>\n\t<meta name=\"twitter:data1\" content=\"Hilmar\" \/>\n\t<meta name=\"twitter:label2\" content=\"Dur\u00e9e de lecture estim\u00e9e\" \/>\n\t<meta name=\"twitter:data2\" content=\"2 minutes\" \/>\n<script type=\"application\/ld+json\" class=\"yoast-schema-graph\">{\"@context\":\"https:\/\/schema.org\",\"@graph\":[{\"@type\":\"Article\",\"@id\":\"https:\/\/www.svalbard.fr\/actualites\/lun-des-plus-beaux-pays-de-leurope-a-fait-reflechir-la-taxe-touristique\/#article\",\"isPartOf\":{\"@id\":\"https:\/\/www.svalbard.fr\/actualites\/lun-des-plus-beaux-pays-de-leurope-a-fait-reflechir-la-taxe-touristique\/\"},\"author\":{\"name\":\"Hilmar\",\"@id\":\"https:\/\/www.svalbard.fr\/actualites\/#\/schema\/person\/a2f937d5712222366738fae98755c600\"},\"headline\":\"L&#39;un des \u00abplus beaux pays\u00bb de l&#39;Europe a fait r\u00e9fl\u00e9chir la taxe touristique\",\"datePublished\":\"2025-04-19T16:20:03+00:00\",\"dateModified\":\"2025-04-19T16:20:05+00:00\",\"mainEntityOfPage\":{\"@id\":\"https:\/\/www.svalbard.fr\/actualites\/lun-des-plus-beaux-pays-de-leurope-a-fait-reflechir-la-taxe-touristique\/\"},\"wordCount\":411,\"publisher\":{\"@id\":\"https:\/\/www.svalbard.fr\/actualites\/#organization\"},\"keywords\":[\"beaux\",\"des\",\"fait\",\"l39Europe\",\"l39un\",\"pays\",\"r\u00e9fl\u00e9chir\",\"taxe\",\"touristique\"],\"articleSection\":[\"Svalbard\"],\"inLanguage\":\"fr-FR\"},{\"@type\":\"WebPage\",\"@id\":\"https:\/\/www.svalbard.fr\/actualites\/lun-des-plus-beaux-pays-de-leurope-a-fait-reflechir-la-taxe-touristique\/\",\"url\":\"https:\/\/www.svalbard.fr\/actualites\/lun-des-plus-beaux-pays-de-leurope-a-fait-reflechir-la-taxe-touristique\/\",\"name\":\"L&#39;un des \u00abplus beaux pays\u00bb de l&#39;Europe a fait r\u00e9fl\u00e9chir la taxe touristique\",\"isPartOf\":{\"@id\":\"https:\/\/www.svalbard.fr\/actualites\/#website\"},\"datePublished\":\"2025-04-19T16:20:03+00:00\",\"dateModified\":\"2025-04-19T16:20:05+00:00\",\"breadcrumb\":{\"@id\":\"https:\/\/www.svalbard.fr\/actualites\/lun-des-plus-beaux-pays-de-leurope-a-fait-reflechir-la-taxe-touristique\/#breadcrumb\"},\"inLanguage\":\"fr-FR\",\"potentialAction\":[{\"@type\":\"ReadAction\",\"target\":[\"https:\/\/www.svalbard.fr\/actualites\/lun-des-plus-beaux-pays-de-leurope-a-fait-reflechir-la-taxe-touristique\/\"]}]},{\"@type\":\"BreadcrumbList\",\"@id\":\"https:\/\/www.svalbard.fr\/actualites\/lun-des-plus-beaux-pays-de-leurope-a-fait-reflechir-la-taxe-touristique\/#breadcrumb\",\"itemListElement\":[{\"@type\":\"ListItem\",\"position\":1,\"name\":\"Accueil\",\"item\":\"https:\/\/www.svalbard.fr\/actualites\/\"},{\"@type\":\"ListItem\",\"position\":2,\"name\":\"L&#39;un des \u00abplus beaux pays\u00bb de l&#39;Europe a fait r\u00e9fl\u00e9chir la taxe touristique\"}]},{\"@type\":\"WebSite\",\"@id\":\"https:\/\/www.svalbard.fr\/actualites\/#website\",\"url\":\"https:\/\/www.svalbard.fr\/actualites\/\",\"name\":\"www.Svalbard.fr\",\"description\":\"\",\"publisher\":{\"@id\":\"https:\/\/www.svalbard.fr\/actualites\/#organization\"},\"potentialAction\":[{\"@type\":\"SearchAction\",\"target\":{\"@type\":\"EntryPoint\",\"urlTemplate\":\"https:\/\/www.svalbard.fr\/actualites\/?s={search_term_string}\"},\"query-input\":\"required name=search_term_string\"}],\"inLanguage\":\"fr-FR\"},{\"@type\":\"Organization\",\"@id\":\"https:\/\/www.svalbard.fr\/actualites\/#organization\",\"name\":\"www.Svalbard.fr\",\"url\":\"https:\/\/www.svalbard.fr\/actualites\/\",\"logo\":{\"@type\":\"ImageObject\",\"inLanguage\":\"fr-FR\",\"@id\":\"https:\/\/www.svalbard.fr\/actualites\/#\/schema\/logo\/image\/\",\"url\":\"https:\/\/www.svalbard.fr\/actualites\/wp-content\/uploads\/2023\/09\/head-nom.jpg\",\"contentUrl\":\"https:\/\/www.svalbard.fr\/actualites\/wp-content\/uploads\/2023\/09\/head-nom.jpg\",\"width\":264,\"height\":35,\"caption\":\"www.Svalbard.fr\"},\"image\":{\"@id\":\"https:\/\/www.svalbard.fr\/actualites\/#\/schema\/logo\/image\/\"}},{\"@type\":\"Person\",\"@id\":\"https:\/\/www.svalbard.fr\/actualites\/#\/schema\/person\/a2f937d5712222366738fae98755c600\",\"name\":\"Hilmar\",\"image\":{\"@type\":\"ImageObject\",\"inLanguage\":\"fr-FR\",\"@id\":\"https:\/\/www.svalbard.fr\/actualites\/#\/schema\/person\/image\/\",\"url\":\"https:\/\/secure.gravatar.com\/avatar\/4daa437093476dbc32da415c112b6512?s=96&d=mm&r=g\",\"contentUrl\":\"https:\/\/secure.gravatar.com\/avatar\/4daa437093476dbc32da415c112b6512?s=96&d=mm&r=g\",\"caption\":\"Hilmar\"},\"description\":\"Hilmar est un passionn\u00e9 des r\u00e9gions polaires, sp\u00e9cialis\u00e9 dans la r\u00e9daction d'articles sur le Spitzberg et autres destinations arctiques. Il apporte son expertise et sa passion pour l'Arctique au sein de l'\u00e9quipe de r\u00e9daction de Svalbard depuis de nombreuses ann\u00e9es.\",\"sameAs\":[\"https:\/\/www.svalbard.fr\/\"]}]}<\/script>\n<!-- \/ Yoast SEO plugin. -->","yoast_head_json":{"title":"L&#39;un des \u00abplus beaux pays\u00bb de l&#39;Europe a fait r\u00e9fl\u00e9chir la taxe touristique","robots":{"index":"index","follow":"follow","max-snippet":"max-snippet:-1","max-image-preview":"max-image-preview:large","max-video-preview":"max-video-preview:-1"},"canonical":"https:\/\/www.svalbard.fr\/actualites\/lun-des-plus-beaux-pays-de-leurope-a-fait-reflechir-la-taxe-touristique\/","og_locale":"fr_FR","og_type":"article","og_title":"L&#39;un des \u00abplus beaux pays\u00bb de l&#39;Europe a fait r\u00e9fl\u00e9chir la taxe touristique","og_description":"Connu sous le nom de Terre des Lumi\u00e8res du Nord, des glaciers \u00e0 couper le souffle, des fjords majestueux, des cascades en cascade, de charmantes","og_url":"https:\/\/www.svalbard.fr\/actualites\/lun-des-plus-beaux-pays-de-leurope-a-fait-reflechir-la-taxe-touristique\/","og_site_name":"www.Svalbard.fr","article_published_time":"2025-04-19T16:20:03+00:00","article_modified_time":"2025-04-19T16:20:05+00:00","og_image":[{"width":1200,"height":630,"url":"https:\/\/www.svalbard.fr\/actualites\/wp-content\/uploads\/2025\/04\/L39un-des-plus-beaux-pays-de-l39Europe-a-fait-reflechir.jpg","type":"image\/jpeg"}],"author":"Hilmar","twitter_card":"summary_large_image","twitter_misc":{"\u00c9crit par":"Hilmar","Dur\u00e9e de lecture estim\u00e9e":"2 minutes"},"schema":{"@context":"https:\/\/schema.org","@graph":[{"@type":"Article","@id":"https:\/\/www.svalbard.fr\/actualites\/lun-des-plus-beaux-pays-de-leurope-a-fait-reflechir-la-taxe-touristique\/#article","isPartOf":{"@id":"https:\/\/www.svalbard.fr\/actualites\/lun-des-plus-beaux-pays-de-leurope-a-fait-reflechir-la-taxe-touristique\/"},"author":{"name":"Hilmar","@id":"https:\/\/www.svalbard.fr\/actualites\/#\/schema\/person\/a2f937d5712222366738fae98755c600"},"headline":"L&#39;un des \u00abplus beaux pays\u00bb de l&#39;Europe a fait r\u00e9fl\u00e9chir la taxe touristique","datePublished":"2025-04-19T16:20:03+00:00","dateModified":"2025-04-19T16:20:05+00:00","mainEntityOfPage":{"@id":"https:\/\/www.svalbard.fr\/actualites\/lun-des-plus-beaux-pays-de-leurope-a-fait-reflechir-la-taxe-touristique\/"},"wordCount":411,"publisher":{"@id":"https:\/\/www.svalbard.fr\/actualites\/#organization"},"keywords":["beaux","des","fait","l39Europe","l39un","pays","r\u00e9fl\u00e9chir","taxe","touristique"],"articleSection":["Svalbard"],"inLanguage":"fr-FR"},{"@type":"WebPage","@id":"https:\/\/www.svalbard.fr\/actualites\/lun-des-plus-beaux-pays-de-leurope-a-fait-reflechir-la-taxe-touristique\/","url":"https:\/\/www.svalbard.fr\/actualites\/lun-des-plus-beaux-pays-de-leurope-a-fait-reflechir-la-taxe-touristique\/","name":"L&#39;un des \u00abplus beaux pays\u00bb de l&#39;Europe a fait r\u00e9fl\u00e9chir la taxe touristique","isPartOf":{"@id":"https:\/\/www.svalbard.fr\/actualites\/#website"},"datePublished":"2025-04-19T16:20:03+00:00","dateModified":"2025-04-19T16:20:05+00:00","breadcrumb":{"@id":"https:\/\/www.svalbard.fr\/actualites\/lun-des-plus-beaux-pays-de-leurope-a-fait-reflechir-la-taxe-touristique\/#breadcrumb"},"inLanguage":"fr-FR","potentialAction":[{"@type":"ReadAction","target":["https:\/\/www.svalbard.fr\/actualites\/lun-des-plus-beaux-pays-de-leurope-a-fait-reflechir-la-taxe-touristique\/"]}]},{"@type":"BreadcrumbList","@id":"https:\/\/www.svalbard.fr\/actualites\/lun-des-plus-beaux-pays-de-leurope-a-fait-reflechir-la-taxe-touristique\/#breadcrumb","itemListElement":[{"@type":"ListItem","position":1,"name":"Accueil","item":"https:\/\/www.svalbard.fr\/actualites\/"},{"@type":"ListItem","position":2,"name":"L&#39;un des \u00abplus beaux pays\u00bb de l&#39;Europe a fait r\u00e9fl\u00e9chir la taxe touristique"}]},{"@type":"WebSite","@id":"https:\/\/www.svalbard.fr\/actualites\/#website","url":"https:\/\/www.svalbard.fr\/actualites\/","name":"www.Svalbard.fr","description":"","publisher":{"@id":"https:\/\/www.svalbard.fr\/actualites\/#organization"},"potentialAction":[{"@type":"SearchAction","target":{"@type":"EntryPoint","urlTemplate":"https:\/\/www.svalbard.fr\/actualites\/?s={search_term_string}"},"query-input":"required name=search_term_string"}],"inLanguage":"fr-FR"},{"@type":"Organization","@id":"https:\/\/www.svalbard.fr\/actualites\/#organization","name":"www.Svalbard.fr","url":"https:\/\/www.svalbard.fr\/actualites\/","logo":{"@type":"ImageObject","inLanguage":"fr-FR","@id":"https:\/\/www.svalbard.fr\/actualites\/#\/schema\/logo\/image\/","url":"https:\/\/www.svalbard.fr\/actualites\/wp-content\/uploads\/2023\/09\/head-nom.jpg","contentUrl":"https:\/\/www.svalbard.fr\/actualites\/wp-content\/uploads\/2023\/09\/head-nom.jpg","width":264,"height":35,"caption":"www.Svalbard.fr"},"image":{"@id":"https:\/\/www.svalbard.fr\/actualites\/#\/schema\/logo\/image\/"}},{"@type":"Person","@id":"https:\/\/www.svalbard.fr\/actualites\/#\/schema\/person\/a2f937d5712222366738fae98755c600","name":"Hilmar","image":{"@type":"ImageObject","inLanguage":"fr-FR","@id":"https:\/\/www.svalbard.fr\/actualites\/#\/schema\/person\/image\/","url":"https:\/\/secure.gravatar.com\/avatar\/4daa437093476dbc32da415c112b6512?s=96&d=mm&r=g","contentUrl":"https:\/\/secure.gravatar.com\/avatar\/4daa437093476dbc32da415c112b6512?s=96&d=mm&r=g","caption":"Hilmar"},"description":"Hilmar est un passionn\u00e9 des r\u00e9gions polaires, sp\u00e9cialis\u00e9 dans la r\u00e9daction d'articles sur le Spitzberg et autres destinations arctiques. Il apporte son expertise et sa passion pour l'Arctique au sein de l'\u00e9quipe de r\u00e9daction de Svalbard depuis de nombreuses ann\u00e9es.","sameAs":["https:\/\/www.svalbard.fr\/"]}]}},"_links":{"self":[{"href":"https:\/\/www.svalbard.fr\/actualites\/wp-json\/wp\/v2\/posts\/3361"}],"collection":[{"href":"https:\/\/www.svalbard.fr\/actualites\/wp-json\/wp\/v2\/posts"}],"about":[{"href":"https:\/\/www.svalbard.fr\/actualites\/wp-json\/wp\/v2\/types\/post"}],"author":[{"embeddable":true,"href":"https:\/\/www.svalbard.fr\/actualites\/wp-json\/wp\/v2\/users\/1"}],"replies":[{"embeddable":true,"href":"https:\/\/www.svalbard.fr\/actualites\/wp-json\/wp\/v2\/comments?post=3361"}],"version-history":[{"count":1,"href":"https:\/\/www.svalbard.fr\/actualites\/wp-json\/wp\/v2\/posts\/3361\/revisions"}],"predecessor-version":[{"id":3363,"href":"https:\/\/www.svalbard.fr\/actualites\/wp-json\/wp\/v2\/posts\/3361\/revisions\/3363"}],"wp:featuredmedia":[{"embeddable":true,"href":"https:\/\/www.svalbard.fr\/actualites\/wp-json\/wp\/v2\/media\/3362"}],"wp:attachment":[{"href":"https:\/\/www.svalbard.fr\/actualites\/wp-json\/wp\/v2\/media?parent=3361"}],"wp:term":[{"taxonomy":"category","embeddable":true,"href":"https:\/\/www.svalbard.fr\/actualites\/wp-json\/wp\/v2\/categories?post=3361"},{"taxonomy":"post_tag","embeddable":true,"href":"https:\/\/www.svalbard.fr\/actualites\/wp-json\/wp\/v2\/tags?post=3361"}],"curies":[{"name":"wp","href":"https:\/\/api.w.org\/{rel}","templated":true}]}}