{"id":339,"date":"2023-11-27T18:48:23","date_gmt":"2023-11-27T17:48:23","guid":{"rendered":"https:\/\/www.svalbard.fr\/actualites\/amerikalinjen-un-hotel-remarquable-a-oslo\/"},"modified":"2023-11-27T18:48:28","modified_gmt":"2023-11-27T17:48:28","slug":"amerikalinjen-un-hotel-remarquable-a-oslo","status":"publish","type":"post","link":"https:\/\/www.svalbard.fr\/actualites\/amerikalinjen-un-hotel-remarquable-a-oslo\/","title":{"rendered":"Amerikalinjen\u00a0: un h\u00f4tel remarquable \u00e0 Oslo"},"content":{"rendered":"<div itemprop=\"text\">\n<span id=\"dpsp-post-content-markup\" data-image-pin-it=\"false\"><\/span><\/p>\n<p class=\"intro\">Avec un emplacement tr\u00e8s central et un savant m\u00e9lange d\u2019histoire et de modernit\u00e9, Amerikalinjen vaut le d\u00e9tour pour votre prochain s\u00e9jour \u00e0 l\u2019h\u00f4tel \u00e0 Oslo.  Voici notre avis complet sur cet h\u00f4tel tendance.<\/p>\n<p>La capitale de la Norv\u00e8ge est une destination citadine populaire dans toute l&rsquo;Europe et le point de d\u00e9part naturel pour explorer le pays.  Si vous pr\u00e9voyez un voyage \u00e0 Oslo, une d\u00e9cision importante est de savoir o\u00f9 s\u00e9journer.<\/p>\n<figure class=\"wp-block-image size-large\"><noscript><img fetchpriority=\"high\" decoding=\"async\" width=\"768\" height=\"433\" src=\"https:\/\/www.svalbard.fr\/actualites\/wp-content\/uploads\/2023\/11\/Amerikalinjen-un-hotel-remarquable-a-Oslo.jpeg\" alt=\"H\u00f4tel Amerikalinjen sur Jernbanetorget, Oslo, Norv\u00e8ge.  Photo : David Nikel.\" class=\"wp-image-77799\"  ><\/noscript><\/figure>\n<p>Avec tout, des h\u00f4tels spa de luxe aux auberges \u00e9conomiques en passant par un march\u00e9 de location priv\u00e9 florissant, Oslo offre quelque chose pour r\u00e9pondre \u00e0 la plupart des pr\u00e9f\u00e9rences et des budgets.  En tant qu&rsquo;\u00e9diteur de ce site, je voyage beaucoup en Norv\u00e8ge et fais de nombreux voyages \u00e0 Oslo.<\/p>\n<p>Lors d&rsquo;un r\u00e9cent voyage \u00e0 Oslo pour, entre autres, assister \u00e0 l&rsquo;ouverture de Norr\u00f8na House, j&rsquo;ai pass\u00e9 quelques nuits \u00e0 l&rsquo;Amerikalinjen, un boutique-h\u00f4tel anim\u00e9 situ\u00e9 en plein c\u0153ur de la ville.<\/p>\n<h2 class=\"wp-block-heading\">Pr\u00e9sentation d&rsquo;Amerikalinjen<\/h2>\n<p>Autant j\u2019aime les h\u00e9bergements bon march\u00e9, autant j\u2019aime aussi les h\u00f4tels avec une histoire forte.  Amerikelinjen a certainement cela.  Je sais que ses origines seront d&rsquo;un grand int\u00e9r\u00eat pour nos lecteurs de la communaut\u00e9 norv\u00e9gienne am\u00e9ricaine.<\/p>\n<p>Le b\u00e2timent est l&rsquo;ancien si\u00e8ge de la Norwegian America Line (Den Norske Amerikalinje).  Fond\u00e9e en 1910, la compagnie maritime exploitait un service de paquebot entre les \u00c9tats-Unis et la Norv\u00e8ge.<\/p>\n<p class=\"has-base-background-color has-background\"><strong>Lignes am\u00e9ricaines d&rsquo;Oslo<\/strong>: Consultez les tarifs et disponibilit\u00e9s sur <strong>R\u00e9servation.com<\/strong><\/p>\n<p>Avec \u00e9galement une activit\u00e9 de fret tr\u00e8s active, la soci\u00e9t\u00e9 \u00e9tait l&rsquo;une des plus grandes compagnies maritimes de Norv\u00e8ge.  Apr\u00e8s la Grande Guerre, sa flotte comptait 19 navires.<\/p>\n<figure class=\"wp-block-image size-large\"><img loading=\"lazy\" data-lazyloaded=\"1\" data-placeholder-resp=\"768x644\" decoding=\"async\" width=\"768\" height=\"644\" src=\"https:\/\/www.svalbard.fr\/actualites\/wp-content\/uploads\/2023\/11\/1701107301_619_Amerikalinjen-un-hotel-remarquable-a-Oslo.jpeg\" alt=\"Table \u00e0 bagages et livre historique dans le hall d'Amerikalinjen.  Photo : David Nikel.\" class=\"wp-image-77801\"  data-><noscript><img loading=\"lazy\" decoding=\"async\" width=\"768\" height=\"644\" src=\"https:\/\/www.svalbard.fr\/actualites\/wp-content\/uploads\/2023\/11\/1701107301_619_Amerikalinjen-un-hotel-remarquable-a-Oslo.jpeg\" alt=\"Table \u00e0 bagages et livre historique dans le hall d'Amerikalinjen.  Photo : David Nikel.\" class=\"wp-image-77801\"  ><\/noscript><\/figure>\n<p>Avec le lien norv\u00e9gien-am\u00e9ricain et l&rsquo;histoire maritime tiss\u00e9s dans la conception de l&rsquo;h\u00f4tel, Amerikalinjen m&rsquo;a int\u00e9ress\u00e9 depuis son ouverture.  Maintenant, j&rsquo;ai eu la chance de le v\u00e9rifier par moi-m\u00eame.  Commen\u00e7ons par l&#8217;emplacement.<\/p>\n<h2 class=\"wp-block-heading\">O\u00f9 est Amerikalinjen \u00e0 Oslo, Norv\u00e8ge?<\/h2>\n<p>Il est difficile de rater Amerikalinjen.  Ce b\u00e2timent remarquable fait face \u00e0 Jernbanetorget, la place publique et principale plaque tournante des transports publics d&rsquo;Oslo.<\/p>\n<p>Des bus et des tramways passent devant l&rsquo;h\u00f4tel, des trains de m\u00e9tro d&rsquo;Oslo passent en dessous, tandis que des trains locaux, r\u00e9gionaux et longue distance se trouvent \u00e0 quelques pas de la gare centrale d&rsquo;Oslo.  Cela signifie que quelle que soit la mani\u00e8re dont vous choisissez de vous rendre \u00e0 Oslo, Amerikalinjen ne sera pas loin.<\/p>\n<h2 class=\"wp-block-heading\">Enregistrement et premi\u00e8res impressions<\/h2>\n<p>En entrant dans la grande entr\u00e9e, vous trouverez une s\u00e9rie de pi\u00e8ces.  \u00c0 gauche se trouve un salon et une zone de r\u00e9ception menant \u00e0 un bar.  \u00c0 droite se trouve un restaurant et tout droit, un impressionnant caf\u00e9 et salon sur le th\u00e8me du jardin.<\/p>\n<figure class=\"wp-block-image size-large\"><img loading=\"lazy\" data-lazyloaded=\"1\" data-placeholder-resp=\"768x432\" decoding=\"async\" width=\"768\" height=\"432\" src=\"https:\/\/www.svalbard.fr\/actualites\/wp-content\/uploads\/2023\/11\/1701107301_142_Amerikalinjen-un-hotel-remarquable-a-Oslo.jpeg\" alt=\"La cour couverte 'Haven' \u00e0 l'int\u00e9rieur d'Amerikalinjen.  Photo : David Nikel.\" class=\"wp-image-77803\"  data-><noscript><img loading=\"lazy\" decoding=\"async\" width=\"768\" height=\"432\" src=\"https:\/\/www.svalbard.fr\/actualites\/wp-content\/uploads\/2023\/11\/1701107301_142_Amerikalinjen-un-hotel-remarquable-a-Oslo.jpeg\" alt=\"La cour couverte 'Haven' \u00e0 l'int\u00e9rieur d'Amerikalinjen.  Photo : David Nikel.\" class=\"wp-image-77803\"  ><\/noscript><\/figure>\n<p>Cette cour int\u00e9rieure couverte s&rsquo;appelle \u00ab Haven \u00bb et j&rsquo;ai vu plusieurs personnes choisir d&rsquo;y travailler tout au long de mon s\u00e9jour.  Il servait \u00e9galement de si\u00e8ge \u00e0 d\u00e9bordement pour le petit-d\u00e9jeuner.<\/p>\n<p>La cl\u00e9 de ma chambre m&rsquo;attendait \u00e0 la r\u00e9ception.  Comme il avait d\u00e9j\u00e0 \u00e9t\u00e9 activ\u00e9, l&rsquo;enregistrement a \u00e9t\u00e9 tr\u00e8s rapide, avec juste une pr\u00e9sentation d&rsquo;une pi\u00e8ce d&rsquo;identit\u00e9 et une simple pression sur une carte de cr\u00e9dit.<\/p>\n<p class=\"has-base-background-color has-background\"><strong>Lignes am\u00e9ricaines d&rsquo;Oslo<\/strong>: Consultez les tarifs et disponibilit\u00e9s sur <strong>R\u00e9servation.com<\/strong><\/p>\n<p>On m&rsquo;a demand\u00e9 de r\u00e9server une heure pour le petit-d\u00e9jeuner en utilisant le code QR affich\u00e9 \u00e0 c\u00f4t\u00e9 du b\u00e2timent de r\u00e9ception.  Je ne suis pas fan de r\u00e9server une heure pour le petit-d\u00e9jeuner \u00e0 l&rsquo;avance, mais cela semble \u00eatre monnaie courante dans les h\u00f4tels haut de gamme de nos jours.<\/p>\n<h2 class=\"wp-block-heading\">Avis sur les chambres d&rsquo;h\u00f4tes Amerikalinjen<\/h2>\n<p>Ma premi\u00e8re impression de la pi\u00e8ce a \u00e9t\u00e9 vraiment tr\u00e8s positive.  En ouvrant la porte, ce mur qui me faisait penser \u00e0 une bo\u00eete \u00e0 lumi\u00e8re a attir\u00e9 mon regard.  C&rsquo;\u00e9tait en fait la salle de bain !<\/p>\n<figure class=\"wp-block-image size-large\"><img loading=\"lazy\" data-lazyloaded=\"1\" data-placeholder-resp=\"768x576\" decoding=\"async\" width=\"768\" height=\"576\" src=\"https:\/\/www.svalbard.fr\/actualites\/wp-content\/uploads\/2023\/11\/1701107301_660_Amerikalinjen-un-hotel-remarquable-a-Oslo.jpeg\" alt=\"La salle de bain \u00ab bo\u00eete \u00e0 lumi\u00e8re \u00bb de la chambre Amerikalinjen.  Photo : David Nikel.\" class=\"wp-image-77805\"  data-><noscript><img loading=\"lazy\" decoding=\"async\" width=\"768\" height=\"576\" src=\"https:\/\/www.svalbard.fr\/actualites\/wp-content\/uploads\/2023\/11\/1701107301_660_Amerikalinjen-un-hotel-remarquable-a-Oslo.jpeg\" alt=\"La salle de bain \u00ab bo\u00eete \u00e0 lumi\u00e8re \u00bb de la chambre Amerikalinjen.  Photo : David Nikel.\" class=\"wp-image-77805\"  ><\/noscript><\/figure>\n<p>Bien qu&rsquo;elle ne soit pas plus grande que la plupart des autres chambres d&rsquo;h\u00f4tel d&rsquo;Oslo, cette chambre a fait une impression saisissante.  Par exemple, derri\u00e8re le lit double de taille d\u00e9cente se trouvait un mur recouvert de miroir.<\/p>\n<figure class=\"wp-block-image size-large\"><img loading=\"lazy\" data-lazyloaded=\"1\" data-placeholder-resp=\"768x576\" decoding=\"async\" width=\"768\" height=\"576\" src=\"https:\/\/www.svalbard.fr\/actualites\/wp-content\/uploads\/2023\/11\/1701107302_731_Amerikalinjen-un-hotel-remarquable-a-Oslo.jpeg\" alt=\"Mur miroir derri\u00e8re le lit.  Photo : David Nikel.\" class=\"wp-image-77806\"  data-><noscript><img loading=\"lazy\" decoding=\"async\" width=\"768\" height=\"576\" src=\"https:\/\/www.svalbard.fr\/actualites\/wp-content\/uploads\/2023\/11\/1701107302_731_Amerikalinjen-un-hotel-remarquable-a-Oslo.jpeg\" alt=\"Mur miroir derri\u00e8re le lit.  Photo : David Nikel.\" class=\"wp-image-77806\"  ><\/noscript><\/figure>\n<p>Bien que moderne, la salle pr\u00e9sentait plusieurs images encadr\u00e9es qui ajoutaient au th\u00e8me historique de l&rsquo;h\u00f4tel, comme la carte de la compagnie maritime pour New York et les re\u00e7us de l&rsquo;\u00e9poque.<\/p>\n<figure class=\"wp-block-image size-large\"><img loading=\"lazy\" data-lazyloaded=\"1\" data-placeholder-resp=\"768x576\" decoding=\"async\" width=\"768\" height=\"576\" src=\"https:\/\/www.svalbard.fr\/actualites\/wp-content\/uploads\/2023\/11\/1701107302_659_Amerikalinjen-un-hotel-remarquable-a-Oslo.jpeg\" alt=\"Vue sur Jernbanetorget \u00e0 Oslo depuis la chambre d'h\u00f4tel Amerikalinjen.  Photo : David Nikel.\" class=\"wp-image-77807\"  data-><noscript><img loading=\"lazy\" decoding=\"async\" width=\"768\" height=\"576\" src=\"https:\/\/www.svalbard.fr\/actualites\/wp-content\/uploads\/2023\/11\/1701107302_659_Amerikalinjen-un-hotel-remarquable-a-Oslo.jpeg\" alt=\"Vue sur Jernbanetorget \u00e0 Oslo depuis la chambre d'h\u00f4tel Amerikalinjen.  Photo : David Nikel.\" class=\"wp-image-77807\"  ><\/noscript><\/figure>\n<p>Mais ce qui a fait la pi\u00e8ce pour moi, c&rsquo;est la vue directe sur Jernbanetorget.  Bien entendu, toutes les chambres n\u2019auront pas cette vue.  Les \u00e9quipements de la chambre comprenaient un r\u00e9frig\u00e9rateur\/minibar bien approvisionn\u00e9 et une machine Nespresso.<\/p>\n<figure class=\"wp-block-image size-large\"><img loading=\"lazy\" data-lazyloaded=\"1\" data-placeholder-resp=\"768x576\" decoding=\"async\" width=\"768\" height=\"576\" src=\"https:\/\/www.svalbard.fr\/actualites\/wp-content\/uploads\/2023\/11\/1701107302_670_Amerikalinjen-un-hotel-remarquable-a-Oslo.jpeg\" alt=\"Salle de bains \u00e9l\u00e9gante dans l'h\u00f4tel Amerikalinjen.  Photo : David Nikel.\" class=\"wp-image-77809\"  data-><noscript><img loading=\"lazy\" decoding=\"async\" width=\"768\" height=\"576\" src=\"https:\/\/www.svalbard.fr\/actualites\/wp-content\/uploads\/2023\/11\/1701107302_670_Amerikalinjen-un-hotel-remarquable-a-Oslo.jpeg\" alt=\"Salle de bains \u00e9l\u00e9gante dans l'h\u00f4tel Amerikalinjen.  Photo : David Nikel.\" class=\"wp-image-77809\"  ><\/noscript><\/figure>\n<p>La salle de bains \u00e9l\u00e9gante \u00e9tait un autre point fort, avec l&rsquo;une des meilleures douches que j&rsquo;ai jamais vues dans un h\u00f4tel norv\u00e9gien en termes de puissance et d&rsquo;espace dans la cabine.  Des articles de toilette, un s\u00e8che-cheveux et de nombreuses serviettes \u00e9taient fournis.<\/p>\n<h2 class=\"wp-block-heading\">Salle de sport<\/h2>\n<p>Au sous-sol de l&rsquo;h\u00f4tel se trouve un petit centre de remise en forme bien \u00e9quip\u00e9.  Une poign\u00e9e d&rsquo;appareils de cardio-training, d&rsquo;appareils de musculation et un espace de musculation libre sont compl\u00e9t\u00e9s par un mini-spa dot\u00e9 d&rsquo;un sauna de style finlandais et de lits en mosa\u00efque chauff\u00e9s.<\/p>\n<p>Lorsque je visite la salle de sport d\u2019un h\u00f4tel, il y a rarement quelqu\u2019un.  J&rsquo;ai donc \u00e9t\u00e9 un peu surpris lors de ma visite en fin d&rsquo;apr\u00e8s-midi et le centre \u00e9tait assez fr\u00e9quent\u00e9.  Cependant, j\u2019ai quand m\u00eame pu utiliser le mat\u00e9riel que je souhaitais utiliser.<\/p>\n<h2 class=\"wp-block-heading\">Petit-d\u00e9jeuner<\/h2>\n<p>Je suis arriv\u00e9 pour le petit-d\u00e9jeuner, avec des places disponibles \u00e0 la brasserie Atlas et dans la cour Haven.  Un menu d&rsquo;\u0153ufs \u00e0 la carte \u00e9tait disponible ainsi qu&rsquo;un buffet.<\/p>\n<figure class=\"wp-block-image size-large\"><img loading=\"lazy\" data-lazyloaded=\"1\" data-placeholder-resp=\"768x576\" decoding=\"async\" width=\"768\" height=\"576\" src=\"https:\/\/www.svalbard.fr\/actualites\/wp-content\/uploads\/2023\/11\/Amerikalinjen-un-hotel-remarquable-a-Oslo.jpg\" alt=\"Petit-d\u00e9jeuner am\u00e9ricain \u00e0 Atlas.  Photo : David Nikel.\" class=\"wp-image-77813\"  data-><noscript><img loading=\"lazy\" decoding=\"async\" width=\"768\" height=\"576\" src=\"https:\/\/www.svalbard.fr\/actualites\/wp-content\/uploads\/2023\/11\/Amerikalinjen-un-hotel-remarquable-a-Oslo.jpg\" alt=\"Petit-d\u00e9jeuner am\u00e9ricain \u00e0 Atlas.  Photo : David Nikel.\" class=\"wp-image-77813\"  ><\/noscript><\/figure>\n<p>M\u00eame si la disponibilit\u00e9 \u00e9tait un peu plus r\u00e9duite que dans certains h\u00f4tels, la qualit\u00e9 de tout \u00e9tait excellente.  Il y avait m\u00eame des bagels fra\u00eechement pr\u00e9par\u00e9s par la boulangerie sur place.<\/p>\n<p>Je n&rsquo;ai pas utilis\u00e9 la brasserie Atlas en dehors du petit-d\u00e9jeuner mais elle est \u00e9galement ouverte pour le d\u00e9jeuner et le d\u00eener.  Conform\u00e9ment au th\u00e8me de l&rsquo;h\u00f4tel, Atlas sert un menu inspir\u00e9 de New York mais avec des ingr\u00e9dients de toute la Norv\u00e8ge.<\/p>\n<figure class=\"wp-block-image size-large\"><img loading=\"lazy\" data-lazyloaded=\"1\" data-placeholder-resp=\"768x644\" decoding=\"async\" width=\"768\" height=\"644\" src=\"https:\/\/www.svalbard.fr\/actualites\/wp-content\/uploads\/2023\/11\/1701107303_286_Amerikalinjen-un-hotel-remarquable-a-Oslo.jpg\" alt=\"Bagels disponibles \u00e0 la boulangerie sur place de l'Amerikalinjen Hotel.  Photo : David Nikel.\" class=\"wp-image-77814\"  data-><noscript><img loading=\"lazy\" decoding=\"async\" width=\"768\" height=\"644\" src=\"https:\/\/www.svalbard.fr\/actualites\/wp-content\/uploads\/2023\/11\/1701107303_286_Amerikalinjen-un-hotel-remarquable-a-Oslo.jpg\" alt=\"Bagels disponibles \u00e0 la boulangerie sur place de l'Amerikalinjen Hotel.  Photo : David Nikel.\" class=\"wp-image-77814\"  ><\/noscript><\/figure>\n<h2 class=\"wp-block-heading\">Bar \u00e0 cocktails et club de jazz<\/h2>\n<p>Il se passe bien d\u2019autres choses \u00e0 Amerikalinjen que je n\u2019ai tout simplement pas eu l\u2019occasion de d\u00e9couvrir.  Tout d&rsquo;abord, le bar \u00e0 cocktails prim\u00e9 Pier 42, nomm\u00e9 d&rsquo;apr\u00e8s le point d&rsquo;arriv\u00e9e des immigrants \u00e0 Manhattan.<\/p>\n<p>Au sous-sol, le club de jazz Gustav accueille des s\u00e9ances de jazz le week-end et d&rsquo;autres concerts tout au long de l&rsquo;ann\u00e9e.<\/p>\n<p>Amerikalinjen a certainement fait sensation sur la sc\u00e8ne h\u00f4teli\u00e8re et nocturne d&rsquo;Oslo.  J&rsquo;ai vraiment appr\u00e9ci\u00e9 le th\u00e8me et les clins d&rsquo;\u0153il \u00e0 l&rsquo;histoire tout en \u00e9tant dans un h\u00f4tel r\u00e9solument moderne.<\/p>\n<p class=\"has-base-background-color has-background\"><strong>Lignes am\u00e9ricaines d&rsquo;Oslo<\/strong>: Consultez les tarifs et disponibilit\u00e9s sur <strong>R\u00e9servation.com<\/strong><\/p>\n<p>Si vous recherchez un s\u00e9jour pas cher dans la capitale, ce n&rsquo;est certainement pas celui-l\u00e0.  Mais si vous aimez l&rsquo;histoire, recherchez une cuisine et des cocktails haut de gamme, ou souhaitez simplement vous faire plaisir, Amerikalinjen est sans aucun doute l&rsquo;un des meilleurs h\u00f4tels d&rsquo;Oslo.<\/p>\n<\/div>\n","protected":false},"excerpt":{"rendered":"<p>Avec un emplacement tr\u00e8s central et un savant m\u00e9lange d\u2019histoire et de modernit\u00e9, Amerikalinjen vaut le d\u00e9tour pour votre prochain s\u00e9jour \u00e0 l\u2019h\u00f4tel \u00e0 Oslo.<\/p>\n","protected":false},"author":1,"featured_media":340,"comment_status":"closed","ping_status":"","sticky":false,"template":"","format":"standard","meta":{"footnotes":""},"categories":[1],"tags":[503,504,261,354],"yoast_head":"<!-- This site is optimized with the Yoast SEO plugin v21.0 - https:\/\/yoast.com\/wordpress\/plugins\/seo\/ -->\n<title>Amerikalinjen\u00a0: un h\u00f4tel remarquable \u00e0 Oslo<\/title>\n<meta name=\"robots\" content=\"index, follow, max-snippet:-1, max-image-preview:large, max-video-preview:-1\" \/>\n<link rel=\"canonical\" href=\"https:\/\/www.svalbard.fr\/actualites\/amerikalinjen-un-hotel-remarquable-a-oslo\/\" \/>\n<meta property=\"og:locale\" content=\"fr_FR\" \/>\n<meta property=\"og:type\" content=\"article\" \/>\n<meta property=\"og:title\" content=\"Amerikalinjen\u00a0: un h\u00f4tel remarquable \u00e0 Oslo\" \/>\n<meta property=\"og:description\" content=\"Avec un emplacement tr\u00e8s central et un savant m\u00e9lange d\u2019histoire et de modernit\u00e9, Amerikalinjen vaut le d\u00e9tour pour votre prochain s\u00e9jour \u00e0 l\u2019h\u00f4tel \u00e0 Oslo.\" \/>\n<meta property=\"og:url\" content=\"https:\/\/www.svalbard.fr\/actualites\/amerikalinjen-un-hotel-remarquable-a-oslo\/\" \/>\n<meta property=\"og:site_name\" content=\"www.Svalbard.fr\" \/>\n<meta property=\"article:published_time\" content=\"2023-11-27T17:48:23+00:00\" \/>\n<meta property=\"article:modified_time\" content=\"2023-11-27T17:48:28+00:00\" \/>\n<meta property=\"og:image\" content=\"https:\/\/www.svalbard.fr\/actualites\/wp-content\/uploads\/2023\/11\/1701107305_Amerikalinjen-un-hotel-remarquable-a-Oslo.jpeg\" \/>\n\t<meta property=\"og:image:width\" content=\"1640\" \/>\n\t<meta property=\"og:image:height\" content=\"924\" \/>\n\t<meta property=\"og:image:type\" content=\"image\/jpeg\" \/>\n<meta name=\"author\" content=\"Hilmar\" \/>\n<meta name=\"twitter:card\" content=\"summary_large_image\" \/>\n<meta name=\"twitter:label1\" content=\"\u00c9crit par\" \/>\n\t<meta name=\"twitter:data1\" content=\"Hilmar\" \/>\n\t<meta name=\"twitter:label2\" content=\"Dur\u00e9e de lecture estim\u00e9e\" \/>\n\t<meta name=\"twitter:data2\" content=\"6 minutes\" \/>\n<script type=\"application\/ld+json\" class=\"yoast-schema-graph\">{\"@context\":\"https:\/\/schema.org\",\"@graph\":[{\"@type\":\"Article\",\"@id\":\"https:\/\/www.svalbard.fr\/actualites\/amerikalinjen-un-hotel-remarquable-a-oslo\/#article\",\"isPartOf\":{\"@id\":\"https:\/\/www.svalbard.fr\/actualites\/amerikalinjen-un-hotel-remarquable-a-oslo\/\"},\"author\":{\"name\":\"Hilmar\",\"@id\":\"https:\/\/www.svalbard.fr\/actualites\/#\/schema\/person\/a2f937d5712222366738fae98755c600\"},\"headline\":\"Amerikalinjen\u00a0: un h\u00f4tel remarquable \u00e0 Oslo\",\"datePublished\":\"2023-11-27T17:48:23+00:00\",\"dateModified\":\"2023-11-27T17:48:28+00:00\",\"mainEntityOfPage\":{\"@id\":\"https:\/\/www.svalbard.fr\/actualites\/amerikalinjen-un-hotel-remarquable-a-oslo\/\"},\"wordCount\":1240,\"publisher\":{\"@id\":\"https:\/\/www.svalbard.fr\/actualites\/#organization\"},\"keywords\":[\"Amerikalinjen\",\"h\u00f4tel\",\"Oslo\",\"remarquable\"],\"articleSection\":[\"Svalbard\"],\"inLanguage\":\"fr-FR\"},{\"@type\":\"WebPage\",\"@id\":\"https:\/\/www.svalbard.fr\/actualites\/amerikalinjen-un-hotel-remarquable-a-oslo\/\",\"url\":\"https:\/\/www.svalbard.fr\/actualites\/amerikalinjen-un-hotel-remarquable-a-oslo\/\",\"name\":\"Amerikalinjen\u00a0: un h\u00f4tel remarquable \u00e0 Oslo\",\"isPartOf\":{\"@id\":\"https:\/\/www.svalbard.fr\/actualites\/#website\"},\"datePublished\":\"2023-11-27T17:48:23+00:00\",\"dateModified\":\"2023-11-27T17:48:28+00:00\",\"breadcrumb\":{\"@id\":\"https:\/\/www.svalbard.fr\/actualites\/amerikalinjen-un-hotel-remarquable-a-oslo\/#breadcrumb\"},\"inLanguage\":\"fr-FR\",\"potentialAction\":[{\"@type\":\"ReadAction\",\"target\":[\"https:\/\/www.svalbard.fr\/actualites\/amerikalinjen-un-hotel-remarquable-a-oslo\/\"]}]},{\"@type\":\"BreadcrumbList\",\"@id\":\"https:\/\/www.svalbard.fr\/actualites\/amerikalinjen-un-hotel-remarquable-a-oslo\/#breadcrumb\",\"itemListElement\":[{\"@type\":\"ListItem\",\"position\":1,\"name\":\"Accueil\",\"item\":\"https:\/\/www.svalbard.fr\/actualites\/\"},{\"@type\":\"ListItem\",\"position\":2,\"name\":\"Amerikalinjen\u00a0: un h\u00f4tel remarquable \u00e0 Oslo\"}]},{\"@type\":\"WebSite\",\"@id\":\"https:\/\/www.svalbard.fr\/actualites\/#website\",\"url\":\"https:\/\/www.svalbard.fr\/actualites\/\",\"name\":\"www.Svalbard.fr\",\"description\":\"\",\"publisher\":{\"@id\":\"https:\/\/www.svalbard.fr\/actualites\/#organization\"},\"potentialAction\":[{\"@type\":\"SearchAction\",\"target\":{\"@type\":\"EntryPoint\",\"urlTemplate\":\"https:\/\/www.svalbard.fr\/actualites\/?s={search_term_string}\"},\"query-input\":\"required name=search_term_string\"}],\"inLanguage\":\"fr-FR\"},{\"@type\":\"Organization\",\"@id\":\"https:\/\/www.svalbard.fr\/actualites\/#organization\",\"name\":\"www.Svalbard.fr\",\"url\":\"https:\/\/www.svalbard.fr\/actualites\/\",\"logo\":{\"@type\":\"ImageObject\",\"inLanguage\":\"fr-FR\",\"@id\":\"https:\/\/www.svalbard.fr\/actualites\/#\/schema\/logo\/image\/\",\"url\":\"https:\/\/www.svalbard.fr\/actualites\/wp-content\/uploads\/2023\/09\/head-nom.jpg\",\"contentUrl\":\"https:\/\/www.svalbard.fr\/actualites\/wp-content\/uploads\/2023\/09\/head-nom.jpg\",\"width\":264,\"height\":35,\"caption\":\"www.Svalbard.fr\"},\"image\":{\"@id\":\"https:\/\/www.svalbard.fr\/actualites\/#\/schema\/logo\/image\/\"}},{\"@type\":\"Person\",\"@id\":\"https:\/\/www.svalbard.fr\/actualites\/#\/schema\/person\/a2f937d5712222366738fae98755c600\",\"name\":\"Hilmar\",\"image\":{\"@type\":\"ImageObject\",\"inLanguage\":\"fr-FR\",\"@id\":\"https:\/\/www.svalbard.fr\/actualites\/#\/schema\/person\/image\/\",\"url\":\"https:\/\/secure.gravatar.com\/avatar\/4daa437093476dbc32da415c112b6512?s=96&d=mm&r=g\",\"contentUrl\":\"https:\/\/secure.gravatar.com\/avatar\/4daa437093476dbc32da415c112b6512?s=96&d=mm&r=g\",\"caption\":\"Hilmar\"},\"description\":\"Hilmar est un passionn\u00e9 des r\u00e9gions polaires, sp\u00e9cialis\u00e9 dans la r\u00e9daction d'articles sur le Spitzberg et autres destinations arctiques. Il apporte son expertise et sa passion pour l'Arctique au sein de l'\u00e9quipe de r\u00e9daction de Svalbard depuis de nombreuses ann\u00e9es.\",\"sameAs\":[\"https:\/\/www.svalbard.fr\/\"]}]}<\/script>\n<!-- \/ Yoast SEO plugin. -->","yoast_head_json":{"title":"Amerikalinjen\u00a0: un h\u00f4tel remarquable \u00e0 Oslo","robots":{"index":"index","follow":"follow","max-snippet":"max-snippet:-1","max-image-preview":"max-image-preview:large","max-video-preview":"max-video-preview:-1"},"canonical":"https:\/\/www.svalbard.fr\/actualites\/amerikalinjen-un-hotel-remarquable-a-oslo\/","og_locale":"fr_FR","og_type":"article","og_title":"Amerikalinjen\u00a0: un h\u00f4tel remarquable \u00e0 Oslo","og_description":"Avec un emplacement tr\u00e8s central et un savant m\u00e9lange d\u2019histoire et de modernit\u00e9, Amerikalinjen vaut le d\u00e9tour pour votre prochain s\u00e9jour \u00e0 l\u2019h\u00f4tel \u00e0 Oslo.","og_url":"https:\/\/www.svalbard.fr\/actualites\/amerikalinjen-un-hotel-remarquable-a-oslo\/","og_site_name":"www.Svalbard.fr","article_published_time":"2023-11-27T17:48:23+00:00","article_modified_time":"2023-11-27T17:48:28+00:00","og_image":[{"width":1640,"height":924,"url":"https:\/\/www.svalbard.fr\/actualites\/wp-content\/uploads\/2023\/11\/1701107305_Amerikalinjen-un-hotel-remarquable-a-Oslo.jpeg","type":"image\/jpeg"}],"author":"Hilmar","twitter_card":"summary_large_image","twitter_misc":{"\u00c9crit par":"Hilmar","Dur\u00e9e de lecture estim\u00e9e":"6 minutes"},"schema":{"@context":"https:\/\/schema.org","@graph":[{"@type":"Article","@id":"https:\/\/www.svalbard.fr\/actualites\/amerikalinjen-un-hotel-remarquable-a-oslo\/#article","isPartOf":{"@id":"https:\/\/www.svalbard.fr\/actualites\/amerikalinjen-un-hotel-remarquable-a-oslo\/"},"author":{"name":"Hilmar","@id":"https:\/\/www.svalbard.fr\/actualites\/#\/schema\/person\/a2f937d5712222366738fae98755c600"},"headline":"Amerikalinjen\u00a0: un h\u00f4tel remarquable \u00e0 Oslo","datePublished":"2023-11-27T17:48:23+00:00","dateModified":"2023-11-27T17:48:28+00:00","mainEntityOfPage":{"@id":"https:\/\/www.svalbard.fr\/actualites\/amerikalinjen-un-hotel-remarquable-a-oslo\/"},"wordCount":1240,"publisher":{"@id":"https:\/\/www.svalbard.fr\/actualites\/#organization"},"keywords":["Amerikalinjen","h\u00f4tel","Oslo","remarquable"],"articleSection":["Svalbard"],"inLanguage":"fr-FR"},{"@type":"WebPage","@id":"https:\/\/www.svalbard.fr\/actualites\/amerikalinjen-un-hotel-remarquable-a-oslo\/","url":"https:\/\/www.svalbard.fr\/actualites\/amerikalinjen-un-hotel-remarquable-a-oslo\/","name":"Amerikalinjen\u00a0: un h\u00f4tel remarquable \u00e0 Oslo","isPartOf":{"@id":"https:\/\/www.svalbard.fr\/actualites\/#website"},"datePublished":"2023-11-27T17:48:23+00:00","dateModified":"2023-11-27T17:48:28+00:00","breadcrumb":{"@id":"https:\/\/www.svalbard.fr\/actualites\/amerikalinjen-un-hotel-remarquable-a-oslo\/#breadcrumb"},"inLanguage":"fr-FR","potentialAction":[{"@type":"ReadAction","target":["https:\/\/www.svalbard.fr\/actualites\/amerikalinjen-un-hotel-remarquable-a-oslo\/"]}]},{"@type":"BreadcrumbList","@id":"https:\/\/www.svalbard.fr\/actualites\/amerikalinjen-un-hotel-remarquable-a-oslo\/#breadcrumb","itemListElement":[{"@type":"ListItem","position":1,"name":"Accueil","item":"https:\/\/www.svalbard.fr\/actualites\/"},{"@type":"ListItem","position":2,"name":"Amerikalinjen\u00a0: un h\u00f4tel remarquable \u00e0 Oslo"}]},{"@type":"WebSite","@id":"https:\/\/www.svalbard.fr\/actualites\/#website","url":"https:\/\/www.svalbard.fr\/actualites\/","name":"www.Svalbard.fr","description":"","publisher":{"@id":"https:\/\/www.svalbard.fr\/actualites\/#organization"},"potentialAction":[{"@type":"SearchAction","target":{"@type":"EntryPoint","urlTemplate":"https:\/\/www.svalbard.fr\/actualites\/?s={search_term_string}"},"query-input":"required name=search_term_string"}],"inLanguage":"fr-FR"},{"@type":"Organization","@id":"https:\/\/www.svalbard.fr\/actualites\/#organization","name":"www.Svalbard.fr","url":"https:\/\/www.svalbard.fr\/actualites\/","logo":{"@type":"ImageObject","inLanguage":"fr-FR","@id":"https:\/\/www.svalbard.fr\/actualites\/#\/schema\/logo\/image\/","url":"https:\/\/www.svalbard.fr\/actualites\/wp-content\/uploads\/2023\/09\/head-nom.jpg","contentUrl":"https:\/\/www.svalbard.fr\/actualites\/wp-content\/uploads\/2023\/09\/head-nom.jpg","width":264,"height":35,"caption":"www.Svalbard.fr"},"image":{"@id":"https:\/\/www.svalbard.fr\/actualites\/#\/schema\/logo\/image\/"}},{"@type":"Person","@id":"https:\/\/www.svalbard.fr\/actualites\/#\/schema\/person\/a2f937d5712222366738fae98755c600","name":"Hilmar","image":{"@type":"ImageObject","inLanguage":"fr-FR","@id":"https:\/\/www.svalbard.fr\/actualites\/#\/schema\/person\/image\/","url":"https:\/\/secure.gravatar.com\/avatar\/4daa437093476dbc32da415c112b6512?s=96&d=mm&r=g","contentUrl":"https:\/\/secure.gravatar.com\/avatar\/4daa437093476dbc32da415c112b6512?s=96&d=mm&r=g","caption":"Hilmar"},"description":"Hilmar est un passionn\u00e9 des r\u00e9gions polaires, sp\u00e9cialis\u00e9 dans la r\u00e9daction d'articles sur le Spitzberg et autres destinations arctiques. Il apporte son expertise et sa passion pour l'Arctique au sein de l'\u00e9quipe de r\u00e9daction de Svalbard depuis de nombreuses ann\u00e9es.","sameAs":["https:\/\/www.svalbard.fr\/"]}]}},"_links":{"self":[{"href":"https:\/\/www.svalbard.fr\/actualites\/wp-json\/wp\/v2\/posts\/339"}],"collection":[{"href":"https:\/\/www.svalbard.fr\/actualites\/wp-json\/wp\/v2\/posts"}],"about":[{"href":"https:\/\/www.svalbard.fr\/actualites\/wp-json\/wp\/v2\/types\/post"}],"author":[{"embeddable":true,"href":"https:\/\/www.svalbard.fr\/actualites\/wp-json\/wp\/v2\/users\/1"}],"replies":[{"embeddable":true,"href":"https:\/\/www.svalbard.fr\/actualites\/wp-json\/wp\/v2\/comments?post=339"}],"version-history":[{"count":1,"href":"https:\/\/www.svalbard.fr\/actualites\/wp-json\/wp\/v2\/posts\/339\/revisions"}],"predecessor-version":[{"id":341,"href":"https:\/\/www.svalbard.fr\/actualites\/wp-json\/wp\/v2\/posts\/339\/revisions\/341"}],"wp:featuredmedia":[{"embeddable":true,"href":"https:\/\/www.svalbard.fr\/actualites\/wp-json\/wp\/v2\/media\/340"}],"wp:attachment":[{"href":"https:\/\/www.svalbard.fr\/actualites\/wp-json\/wp\/v2\/media?parent=339"}],"wp:term":[{"taxonomy":"category","embeddable":true,"href":"https:\/\/www.svalbard.fr\/actualites\/wp-json\/wp\/v2\/categories?post=339"},{"taxonomy":"post_tag","embeddable":true,"href":"https:\/\/www.svalbard.fr\/actualites\/wp-json\/wp\/v2\/tags?post=339"}],"curies":[{"name":"wp","href":"https:\/\/api.w.org\/{rel}","templated":true}]}}