{"id":3419,"date":"2025-04-28T08:30:00","date_gmt":"2025-04-28T06:30:00","guid":{"rendered":"https:\/\/www.svalbard.fr\/actualites\/?p=3419"},"modified":"2025-04-25T12:41:10","modified_gmt":"2025-04-25T10:41:10","slug":"il-decouvre-36-ans-plus-tard-que-son-permis-na-jamais-ete-valide","status":"publish","type":"post","link":"https:\/\/www.svalbard.fr\/actualites\/il-decouvre-36-ans-plus-tard-que-son-permis-na-jamais-ete-valide\/","title":{"rendered":"Il d\u00e9couvre 36 ans plus tard que son permis n&rsquo;a jamais \u00e9t\u00e9 valide"},"content":{"rendered":"\n<p><strong><em>Imaginez vivre pendant 36 ans avec l\u2019assurance que vous avez un permis de conduire valide, pour d\u00e9couvrir, lors d&rsquo;un contr\u00f4le routier de routine, qu&rsquo;il n\u2019a jamais \u00e9t\u00e9 reconnu. C\u2019est exactement ce qui est arriv\u00e9 \u00e0 St\u00e9phane, un habitant de Pont-Audemer dans l&rsquo;Eure, un choc qui a boulevers\u00e9 son quotidien.<\/em><\/strong><\/p>\n\n\n\n<!--more-->\n\n\n\n<h2 class=\"wp-block-heading\"><strong>Un choc juridique inattendu<\/strong><\/h2>\n\n\n\n<p>St\u00e9phane, qui avait obtenu son <a href=\"https:\/\/www.svalbard.fr\/actualites\/les-expatries-britanniques-en-europe-doivent-suivre-les-nouvelles-regles-du-permis-de-conduire-avec-les-modifications-apportees-aujourdhui\/\"><strong>permis de conduire<\/strong><\/a> en 1987 en C\u00f4te d&rsquo;Ivoire, n\u2019a jamais eu de probl\u00e8me avec son permis, que ce soit pour la location de voiture ou les assurances. Pourtant, lors d&rsquo;un contr\u00f4le routier, les autorit\u00e9s locales lui ont r\u00e9v\u00e9l\u00e9 une v\u00e9rit\u00e9 bien plus complexe : son permis n\u2019\u00e9tait pas valide en France. <strong>\u00ab Je suis rest\u00e9 sans voix \u00bb,<\/strong> confie-t-il, encore abasourdi par la situation. Un choc profond pour cet homme, qui avait v\u00e9cu sa vie en toute confiance, sans aucune alerte sur la validit\u00e9 de ses documents.<\/p>\n\n\n\n<h2 class=\"wp-block-heading\"><strong>Les r\u00e9percussions sur la vie quotidienne<\/strong><\/h2>\n\n\n\n<p>Ce retournement de situation a rapidement compliqu\u00e9 la vie de St\u00e9phane. En tant qu&rsquo;ing\u00e9nieur commercial dans le secteur informatique, la possibilit\u00e9 de se d\u00e9placer est cruciale pour son travail. <strong>\u00ab J&rsquo;avais l&rsquo;habitude de me d\u00e9placer librement, de rencontrer mes clients, et maintenant, je dois compter sur ma famille et mes amis pour me transporter. \u00bb<\/strong> Vivre dans une zone rurale o\u00f9 les options de transport en commun sont limit\u00e9es n\u2019a fait qu\u2019aggraver les choses. Cette situation inattendue a impact\u00e9 non seulement sa vie professionnelle, mais aussi ses activit\u00e9s personnelles.<\/p>\n\n\n\n<h2 class=\"wp-block-heading\"><strong>Un retour \u00e0 l\u2019auto-\u00e9cole<\/strong><\/h2>\n\n\n<div class=\"wp-block-image\">\n<figure class=\"aligncenter size-large\"><img decoding=\"async\" loading=\"lazy\" width=\"1024\" height=\"678\" src=\"https:\/\/www.svalbard.fr\/actualites\/wp-content\/uploads\/2025\/04\/AUTO-ECOLE-1024x678.jpg\" alt=\"\" class=\"wp-image-3421\" srcset=\"https:\/\/www.svalbard.fr\/actualites\/wp-content\/uploads\/2025\/04\/AUTO-ECOLE-1024x678.jpg 1024w, https:\/\/www.svalbard.fr\/actualites\/wp-content\/uploads\/2025\/04\/AUTO-ECOLE-300x199.jpg 300w, https:\/\/www.svalbard.fr\/actualites\/wp-content\/uploads\/2025\/04\/AUTO-ECOLE-768x509.jpg 768w, https:\/\/www.svalbard.fr\/actualites\/wp-content\/uploads\/2025\/04\/AUTO-ECOLE.jpg 1200w\" sizes=\"(max-width: 1024px) 100vw, 1024px\" \/><\/figure><\/div>\n\n\n<p>Un <a href=\"https:\/\/www.svalbard.fr\/actualites\/pourquoi-la-pauvrete-au-maghreb-devient-un-enjeu-crucial-pour-lalgerie-le-maroc-et-la-tunisie\/\"><strong>paradoxe<\/strong><\/a> se profile : apr\u00e8s avoir appris que son permis n\u2019avait jamais \u00e9t\u00e9 valide, St\u00e9phane se retrouve \u00e0 s\u2019inscrire dans la m\u00eame auto-\u00e9cole que sa fille, qui suit actuellement le programme de conduite accompagn\u00e9e. <strong>\u00ab C&rsquo;est bizarre de penser qu&rsquo;apr\u00e8s tout ce temps, je dois maintenant passer par les m\u00eames \u00e9tapes qu\u2019elle \u00bb,<\/strong> confie-t-il. Mais cette exp\u00e9rience partag\u00e9e devient aussi une belle occasion pour la famille de se soutenir mutuellement. <strong>\u00ab C\u2019est \u00e9trange, mais \u00e7a nous permet de traverser cette \u00e9preuve ensemble. \u00bb<\/strong><\/p>\n\n\n\n<h2 class=\"wp-block-heading\"><strong>Une affaire judiciaire en suspens<\/strong><\/h2>\n\n\n\n<p>En attendant de r\u00e9gulariser sa situation, St\u00e9phane devra compara\u00eetre devant le tribunal d&rsquo;\u00c9vreux en janvier prochain. Il risque une amende, bien que son avocat estime qu&rsquo;elle devrait \u00eatre inf\u00e9rieure \u00e0 500 euros. <strong>\u00ab Nous travaillons avec les autorit\u00e9s pour clarifier cette situation et minimiser les cons\u00e9quences \u00bb,<\/strong> pr\u00e9cise son avocat. Un \u00e9pisode qui met en lumi\u00e8re les complexit\u00e9s et parfois les pi\u00e8ges juridiques li\u00e9s \u00e0 la reconnaissance des permis \u00e9trangers.<\/p>\n\n\n\n<h2 class=\"wp-block-heading\"><strong>Des conseils pratiques pour \u00e9viter les pi\u00e8ges juridiques<\/strong><\/h2>\n\n\n\n<p>L\u2019histoire de St\u00e9phane offre plusieurs enseignements sur la mani\u00e8re d\u2019\u00e9viter de telles situations :<\/p>\n\n\n\n<ul>\n<li><strong>V\u00e9rifiez la validit\u00e9 de vos documents \u00e9trangers<\/strong> : Si vous avez obtenu votre permis \u00e0 l\u2019\u00e9tranger, assurez-vous qu\u2019il soit reconnu dans votre pays de r\u00e9sidence.<\/li>\n\n\n\n<li><strong>Consultez des experts juridiques<\/strong> : Un avocat sp\u00e9cialis\u00e9 peut vous fournir des informations pr\u00e9cieuses sur les exigences l\u00e9gales locales, en particulier lorsque vous vivez ou travaillez dans un autre pays.<\/li>\n\n\n\n<li><strong>Restez inform\u00e9 des \u00e9volutions l\u00e9gislatives<\/strong> : Les r\u00e8gles changent fr\u00e9quemment, et il est essentiel de suivre l\u2019actualit\u00e9 pour \u00e9viter de mauvaises surprises.<\/li>\n<\/ul>\n\n\n\n<h2 class=\"wp-block-heading\"><strong>Le\u00e7on \u00e0 tirer : la vigilance avant tout<\/strong><\/h2>\n\n\n\n<p>Cette exp\u00e9rience v\u00e9cue par St\u00e9phane met en lumi\u00e8re l\u2019importance de bien comprendre les <strong><a href=\"https:\/\/www.svalbard.fr\/actualites\/drones-en-norvege-regles-et-reglementations-a-connaitre\/\">r\u00e9glementations locales<\/a><\/strong> et de v\u00e9rifier minutieusement les <strong>documents administratifs<\/strong>, surtout lorsqu\u2019on \u00e9volue dans un contexte international. La d\u00e9couverte de la non-validit\u00e9 de son permis apr\u00e8s 36 ans de conduite montre \u00e0 quel point il est crucial de s\u2019informer r\u00e9guli\u00e8rement et de consulter des <strong>experts juridiques<\/strong> pour \u00e9viter les d\u00e9sagr\u00e9ments qui peuvent perturber profond\u00e9ment votre quotidien et vos projets professionnels.<\/p>\n","protected":false},"excerpt":{"rendered":"<p>Imaginez vivre pendant 36 ans avec l\u2019assurance que vous avez un permis de conduire valide, pour d\u00e9couvrir, lors d&rsquo;un contr\u00f4le routier de routine, qu&rsquo;il n\u2019a<\/p>\n","protected":false},"author":3,"featured_media":3420,"comment_status":"closed","ping_status":"closed","sticky":false,"template":"","format":"standard","meta":{"footnotes":""},"categories":[1725],"tags":[],"yoast_head":"<!-- This site is optimized with the Yoast SEO plugin v21.0 - https:\/\/yoast.com\/wordpress\/plugins\/seo\/ -->\n<title>Il d\u00e9couvre 36 ans plus tard que son permis n&#039;a jamais \u00e9t\u00e9 valide<\/title>\n<meta name=\"robots\" content=\"index, follow, max-snippet:-1, max-image-preview:large, max-video-preview:-1\" \/>\n<link rel=\"canonical\" href=\"https:\/\/www.svalbard.fr\/actualites\/il-decouvre-36-ans-plus-tard-que-son-permis-na-jamais-ete-valide\/\" \/>\n<meta property=\"og:locale\" content=\"fr_FR\" \/>\n<meta property=\"og:type\" content=\"article\" \/>\n<meta property=\"og:title\" content=\"Il d\u00e9couvre 36 ans plus tard que son permis n&#039;a jamais \u00e9t\u00e9 valide\" \/>\n<meta property=\"og:description\" content=\"Imaginez vivre pendant 36 ans avec l\u2019assurance que vous avez un permis de conduire valide, pour d\u00e9couvrir, lors d&rsquo;un contr\u00f4le routier de routine, qu&rsquo;il n\u2019a\" \/>\n<meta property=\"og:url\" content=\"https:\/\/www.svalbard.fr\/actualites\/il-decouvre-36-ans-plus-tard-que-son-permis-na-jamais-ete-valide\/\" \/>\n<meta property=\"og:site_name\" content=\"www.Svalbard.fr\" \/>\n<meta property=\"article:published_time\" content=\"2025-04-28T06:30:00+00:00\" \/>\n<meta property=\"article:modified_time\" content=\"2025-04-25T10:41:10+00:00\" \/>\n<meta property=\"og:image\" content=\"https:\/\/www.svalbard.fr\/actualites\/wp-content\/uploads\/2025\/04\/son-permis-na-jamais-ete-valide.jpg\" \/>\n\t<meta property=\"og:image:width\" content=\"1200\" \/>\n\t<meta property=\"og:image:height\" content=\"675\" \/>\n\t<meta property=\"og:image:type\" content=\"image\/jpeg\" \/>\n<meta name=\"author\" content=\"Guillaume Chen\" \/>\n<meta name=\"twitter:card\" content=\"summary_large_image\" \/>\n<meta name=\"twitter:label1\" content=\"\u00c9crit par\" \/>\n\t<meta name=\"twitter:data1\" content=\"Guillaume Chen\" \/>\n\t<meta name=\"twitter:label2\" content=\"Dur\u00e9e de lecture estim\u00e9e\" \/>\n\t<meta name=\"twitter:data2\" content=\"4 minutes\" \/>\n<script type=\"application\/ld+json\" class=\"yoast-schema-graph\">{\"@context\":\"https:\/\/schema.org\",\"@graph\":[{\"@type\":\"Article\",\"@id\":\"https:\/\/www.svalbard.fr\/actualites\/il-decouvre-36-ans-plus-tard-que-son-permis-na-jamais-ete-valide\/#article\",\"isPartOf\":{\"@id\":\"https:\/\/www.svalbard.fr\/actualites\/il-decouvre-36-ans-plus-tard-que-son-permis-na-jamais-ete-valide\/\"},\"author\":{\"name\":\"Guillaume Chen\",\"@id\":\"https:\/\/www.svalbard.fr\/actualites\/#\/schema\/person\/b9d185560b94bff7322d37cb676ee545\"},\"headline\":\"Il d\u00e9couvre 36 ans plus tard que son permis n&rsquo;a jamais \u00e9t\u00e9 valide\",\"datePublished\":\"2025-04-28T06:30:00+00:00\",\"dateModified\":\"2025-04-25T10:41:10+00:00\",\"mainEntityOfPage\":{\"@id\":\"https:\/\/www.svalbard.fr\/actualites\/il-decouvre-36-ans-plus-tard-que-son-permis-na-jamais-ete-valide\/\"},\"wordCount\":652,\"publisher\":{\"@id\":\"https:\/\/www.svalbard.fr\/actualites\/#organization\"},\"articleSection\":[\"Tendances\"],\"inLanguage\":\"fr-FR\"},{\"@type\":\"WebPage\",\"@id\":\"https:\/\/www.svalbard.fr\/actualites\/il-decouvre-36-ans-plus-tard-que-son-permis-na-jamais-ete-valide\/\",\"url\":\"https:\/\/www.svalbard.fr\/actualites\/il-decouvre-36-ans-plus-tard-que-son-permis-na-jamais-ete-valide\/\",\"name\":\"Il d\u00e9couvre 36 ans plus tard que son permis n'a jamais \u00e9t\u00e9 valide\",\"isPartOf\":{\"@id\":\"https:\/\/www.svalbard.fr\/actualites\/#website\"},\"datePublished\":\"2025-04-28T06:30:00+00:00\",\"dateModified\":\"2025-04-25T10:41:10+00:00\",\"breadcrumb\":{\"@id\":\"https:\/\/www.svalbard.fr\/actualites\/il-decouvre-36-ans-plus-tard-que-son-permis-na-jamais-ete-valide\/#breadcrumb\"},\"inLanguage\":\"fr-FR\",\"potentialAction\":[{\"@type\":\"ReadAction\",\"target\":[\"https:\/\/www.svalbard.fr\/actualites\/il-decouvre-36-ans-plus-tard-que-son-permis-na-jamais-ete-valide\/\"]}]},{\"@type\":\"BreadcrumbList\",\"@id\":\"https:\/\/www.svalbard.fr\/actualites\/il-decouvre-36-ans-plus-tard-que-son-permis-na-jamais-ete-valide\/#breadcrumb\",\"itemListElement\":[{\"@type\":\"ListItem\",\"position\":1,\"name\":\"Accueil\",\"item\":\"https:\/\/www.svalbard.fr\/actualites\/\"},{\"@type\":\"ListItem\",\"position\":2,\"name\":\"Il d\u00e9couvre 36 ans plus tard que son permis n&rsquo;a jamais \u00e9t\u00e9 valide\"}]},{\"@type\":\"WebSite\",\"@id\":\"https:\/\/www.svalbard.fr\/actualites\/#website\",\"url\":\"https:\/\/www.svalbard.fr\/actualites\/\",\"name\":\"www.Svalbard.fr\",\"description\":\"\",\"publisher\":{\"@id\":\"https:\/\/www.svalbard.fr\/actualites\/#organization\"},\"potentialAction\":[{\"@type\":\"SearchAction\",\"target\":{\"@type\":\"EntryPoint\",\"urlTemplate\":\"https:\/\/www.svalbard.fr\/actualites\/?s={search_term_string}\"},\"query-input\":\"required name=search_term_string\"}],\"inLanguage\":\"fr-FR\"},{\"@type\":\"Organization\",\"@id\":\"https:\/\/www.svalbard.fr\/actualites\/#organization\",\"name\":\"www.Svalbard.fr\",\"url\":\"https:\/\/www.svalbard.fr\/actualites\/\",\"logo\":{\"@type\":\"ImageObject\",\"inLanguage\":\"fr-FR\",\"@id\":\"https:\/\/www.svalbard.fr\/actualites\/#\/schema\/logo\/image\/\",\"url\":\"https:\/\/www.svalbard.fr\/actualites\/wp-content\/uploads\/2023\/09\/head-nom.jpg\",\"contentUrl\":\"https:\/\/www.svalbard.fr\/actualites\/wp-content\/uploads\/2023\/09\/head-nom.jpg\",\"width\":264,\"height\":35,\"caption\":\"www.Svalbard.fr\"},\"image\":{\"@id\":\"https:\/\/www.svalbard.fr\/actualites\/#\/schema\/logo\/image\/\"}},{\"@type\":\"Person\",\"@id\":\"https:\/\/www.svalbard.fr\/actualites\/#\/schema\/person\/b9d185560b94bff7322d37cb676ee545\",\"name\":\"Guillaume Chen\",\"image\":{\"@type\":\"ImageObject\",\"inLanguage\":\"fr-FR\",\"@id\":\"https:\/\/www.svalbard.fr\/actualites\/#\/schema\/person\/image\/\",\"url\":\"https:\/\/secure.gravatar.com\/avatar\/0c3f9c94586035b795ad4049a06fb048?s=96&d=mm&r=g\",\"contentUrl\":\"https:\/\/secure.gravatar.com\/avatar\/0c3f9c94586035b795ad4049a06fb048?s=96&d=mm&r=g\",\"caption\":\"Guillaume Chen\"},\"sameAs\":[\"https:\/\/www.svalbard.fr\/\"]}]}<\/script>\n<!-- \/ Yoast SEO plugin. -->","yoast_head_json":{"title":"Il d\u00e9couvre 36 ans plus tard que son permis n'a jamais \u00e9t\u00e9 valide","robots":{"index":"index","follow":"follow","max-snippet":"max-snippet:-1","max-image-preview":"max-image-preview:large","max-video-preview":"max-video-preview:-1"},"canonical":"https:\/\/www.svalbard.fr\/actualites\/il-decouvre-36-ans-plus-tard-que-son-permis-na-jamais-ete-valide\/","og_locale":"fr_FR","og_type":"article","og_title":"Il d\u00e9couvre 36 ans plus tard que son permis n'a jamais \u00e9t\u00e9 valide","og_description":"Imaginez vivre pendant 36 ans avec l\u2019assurance que vous avez un permis de conduire valide, pour d\u00e9couvrir, lors d&rsquo;un contr\u00f4le routier de routine, qu&rsquo;il n\u2019a","og_url":"https:\/\/www.svalbard.fr\/actualites\/il-decouvre-36-ans-plus-tard-que-son-permis-na-jamais-ete-valide\/","og_site_name":"www.Svalbard.fr","article_published_time":"2025-04-28T06:30:00+00:00","article_modified_time":"2025-04-25T10:41:10+00:00","og_image":[{"width":1200,"height":675,"url":"https:\/\/www.svalbard.fr\/actualites\/wp-content\/uploads\/2025\/04\/son-permis-na-jamais-ete-valide.jpg","type":"image\/jpeg"}],"author":"Guillaume Chen","twitter_card":"summary_large_image","twitter_misc":{"\u00c9crit par":"Guillaume Chen","Dur\u00e9e de lecture estim\u00e9e":"4 minutes"},"schema":{"@context":"https:\/\/schema.org","@graph":[{"@type":"Article","@id":"https:\/\/www.svalbard.fr\/actualites\/il-decouvre-36-ans-plus-tard-que-son-permis-na-jamais-ete-valide\/#article","isPartOf":{"@id":"https:\/\/www.svalbard.fr\/actualites\/il-decouvre-36-ans-plus-tard-que-son-permis-na-jamais-ete-valide\/"},"author":{"name":"Guillaume Chen","@id":"https:\/\/www.svalbard.fr\/actualites\/#\/schema\/person\/b9d185560b94bff7322d37cb676ee545"},"headline":"Il d\u00e9couvre 36 ans plus tard que son permis n&rsquo;a jamais \u00e9t\u00e9 valide","datePublished":"2025-04-28T06:30:00+00:00","dateModified":"2025-04-25T10:41:10+00:00","mainEntityOfPage":{"@id":"https:\/\/www.svalbard.fr\/actualites\/il-decouvre-36-ans-plus-tard-que-son-permis-na-jamais-ete-valide\/"},"wordCount":652,"publisher":{"@id":"https:\/\/www.svalbard.fr\/actualites\/#organization"},"articleSection":["Tendances"],"inLanguage":"fr-FR"},{"@type":"WebPage","@id":"https:\/\/www.svalbard.fr\/actualites\/il-decouvre-36-ans-plus-tard-que-son-permis-na-jamais-ete-valide\/","url":"https:\/\/www.svalbard.fr\/actualites\/il-decouvre-36-ans-plus-tard-que-son-permis-na-jamais-ete-valide\/","name":"Il d\u00e9couvre 36 ans plus tard que son permis n'a jamais \u00e9t\u00e9 valide","isPartOf":{"@id":"https:\/\/www.svalbard.fr\/actualites\/#website"},"datePublished":"2025-04-28T06:30:00+00:00","dateModified":"2025-04-25T10:41:10+00:00","breadcrumb":{"@id":"https:\/\/www.svalbard.fr\/actualites\/il-decouvre-36-ans-plus-tard-que-son-permis-na-jamais-ete-valide\/#breadcrumb"},"inLanguage":"fr-FR","potentialAction":[{"@type":"ReadAction","target":["https:\/\/www.svalbard.fr\/actualites\/il-decouvre-36-ans-plus-tard-que-son-permis-na-jamais-ete-valide\/"]}]},{"@type":"BreadcrumbList","@id":"https:\/\/www.svalbard.fr\/actualites\/il-decouvre-36-ans-plus-tard-que-son-permis-na-jamais-ete-valide\/#breadcrumb","itemListElement":[{"@type":"ListItem","position":1,"name":"Accueil","item":"https:\/\/www.svalbard.fr\/actualites\/"},{"@type":"ListItem","position":2,"name":"Il d\u00e9couvre 36 ans plus tard que son permis n&rsquo;a jamais \u00e9t\u00e9 valide"}]},{"@type":"WebSite","@id":"https:\/\/www.svalbard.fr\/actualites\/#website","url":"https:\/\/www.svalbard.fr\/actualites\/","name":"www.Svalbard.fr","description":"","publisher":{"@id":"https:\/\/www.svalbard.fr\/actualites\/#organization"},"potentialAction":[{"@type":"SearchAction","target":{"@type":"EntryPoint","urlTemplate":"https:\/\/www.svalbard.fr\/actualites\/?s={search_term_string}"},"query-input":"required name=search_term_string"}],"inLanguage":"fr-FR"},{"@type":"Organization","@id":"https:\/\/www.svalbard.fr\/actualites\/#organization","name":"www.Svalbard.fr","url":"https:\/\/www.svalbard.fr\/actualites\/","logo":{"@type":"ImageObject","inLanguage":"fr-FR","@id":"https:\/\/www.svalbard.fr\/actualites\/#\/schema\/logo\/image\/","url":"https:\/\/www.svalbard.fr\/actualites\/wp-content\/uploads\/2023\/09\/head-nom.jpg","contentUrl":"https:\/\/www.svalbard.fr\/actualites\/wp-content\/uploads\/2023\/09\/head-nom.jpg","width":264,"height":35,"caption":"www.Svalbard.fr"},"image":{"@id":"https:\/\/www.svalbard.fr\/actualites\/#\/schema\/logo\/image\/"}},{"@type":"Person","@id":"https:\/\/www.svalbard.fr\/actualites\/#\/schema\/person\/b9d185560b94bff7322d37cb676ee545","name":"Guillaume Chen","image":{"@type":"ImageObject","inLanguage":"fr-FR","@id":"https:\/\/www.svalbard.fr\/actualites\/#\/schema\/person\/image\/","url":"https:\/\/secure.gravatar.com\/avatar\/0c3f9c94586035b795ad4049a06fb048?s=96&d=mm&r=g","contentUrl":"https:\/\/secure.gravatar.com\/avatar\/0c3f9c94586035b795ad4049a06fb048?s=96&d=mm&r=g","caption":"Guillaume Chen"},"sameAs":["https:\/\/www.svalbard.fr\/"]}]}},"_links":{"self":[{"href":"https:\/\/www.svalbard.fr\/actualites\/wp-json\/wp\/v2\/posts\/3419"}],"collection":[{"href":"https:\/\/www.svalbard.fr\/actualites\/wp-json\/wp\/v2\/posts"}],"about":[{"href":"https:\/\/www.svalbard.fr\/actualites\/wp-json\/wp\/v2\/types\/post"}],"author":[{"embeddable":true,"href":"https:\/\/www.svalbard.fr\/actualites\/wp-json\/wp\/v2\/users\/3"}],"replies":[{"embeddable":true,"href":"https:\/\/www.svalbard.fr\/actualites\/wp-json\/wp\/v2\/comments?post=3419"}],"version-history":[{"count":1,"href":"https:\/\/www.svalbard.fr\/actualites\/wp-json\/wp\/v2\/posts\/3419\/revisions"}],"predecessor-version":[{"id":3422,"href":"https:\/\/www.svalbard.fr\/actualites\/wp-json\/wp\/v2\/posts\/3419\/revisions\/3422"}],"wp:featuredmedia":[{"embeddable":true,"href":"https:\/\/www.svalbard.fr\/actualites\/wp-json\/wp\/v2\/media\/3420"}],"wp:attachment":[{"href":"https:\/\/www.svalbard.fr\/actualites\/wp-json\/wp\/v2\/media?parent=3419"}],"wp:term":[{"taxonomy":"category","embeddable":true,"href":"https:\/\/www.svalbard.fr\/actualites\/wp-json\/wp\/v2\/categories?post=3419"},{"taxonomy":"post_tag","embeddable":true,"href":"https:\/\/www.svalbard.fr\/actualites\/wp-json\/wp\/v2\/tags?post=3419"}],"curies":[{"name":"wp","href":"https:\/\/api.w.org\/{rel}","templated":true}]}}