{"id":3457,"date":"2025-04-29T15:30:00","date_gmt":"2025-04-29T13:30:00","guid":{"rendered":"https:\/\/www.svalbard.fr\/actualites\/?p=3457"},"modified":"2025-04-28T14:07:07","modified_gmt":"2025-04-28T12:07:07","slug":"lespagne-devoile-un-generateur-dhydrogene-100-renouvelable-qui-etonne-le-monde-entier","status":"publish","type":"post","link":"https:\/\/www.svalbard.fr\/actualites\/lespagne-devoile-un-generateur-dhydrogene-100-renouvelable-qui-etonne-le-monde-entier\/","title":{"rendered":"L\u2019Espagne d\u00e9voile un g\u00e9n\u00e9rateur d\u2019hydrog\u00e8ne 100 % renouvelable qui \u00e9tonne le monde entier"},"content":{"rendered":"\n<p><strong><em>\u00c0 l\u2019heure o\u00f9 la plan\u00e8te cherche des solutions pour stocker l\u2019\u00e9nergie propre de demain, l\u2019Espagne fait sensation en d\u00e9voilant un projet r\u00e9volutionnaire. Un g\u00e9n\u00e9rateur d\u2019hydrog\u00e8ne fonctionnant exclusivement aux \u00e9nergies renouvelables vient d\u2019\u00eatre mis au point, faisant franchir une nouvelle \u00e9tape \u00e0 la transition \u00e9nerg\u00e9tique mondiale.<\/em><\/strong><\/p>\n\n\n\n<!--more-->\n\n\n\n<h2 class=\"wp-block-heading\"><strong>Une avanc\u00e9e technologique majeure pour l\u2019hydrog\u00e8ne vert<\/strong><\/h2>\n\n\n\n<p>Fruit du travail de <strong>Nordex SE<\/strong> en collaboration avec le gouvernement de Navarre, ce nouveau g\u00e9ant technologique est le plus grand <strong>\u00e9lectrolyseur alcalin pressuris\u00e9<\/strong> jamais construit en Europe. Capable de produire <strong>10 kg d\u2019hydrog\u00e8ne par heure<\/strong> en consommant moins de <strong>50 kWh par kilogramme<\/strong>, il affiche une <strong>puissance de 500 kW<\/strong>, doublant quasiment la densit\u00e9 \u00e9nerg\u00e9tique des batteries au lithium traditionnelles.<\/p>\n\n\n\n<p>Con\u00e7u pour des applications ambitieuses, du <strong>secteur a\u00e9ronautique<\/strong> aux <strong>v\u00e9hicules \u00e9lectriques<\/strong>, cet \u00e9lectrolyseur ouvre la voie \u00e0 un stockage d\u2019\u00e9nergie propre et performant.<\/p>\n\n\n\n<h2 class=\"wp-block-heading\"><strong>Une collaboration publique-priv\u00e9e soutenue par l&rsquo;Europe<\/strong><\/h2>\n\n\n<div class=\"wp-block-image\">\n<figure class=\"aligncenter size-large\"><img decoding=\"async\" loading=\"lazy\" width=\"1024\" height=\"683\" src=\"https:\/\/www.svalbard.fr\/actualites\/wp-content\/uploads\/2025\/04\/generateur-dhydrogene-2-1024x683.jpg\" alt=\"\" class=\"wp-image-3458\" srcset=\"https:\/\/www.svalbard.fr\/actualites\/wp-content\/uploads\/2025\/04\/generateur-dhydrogene-2-1024x683.jpg 1024w, https:\/\/www.svalbard.fr\/actualites\/wp-content\/uploads\/2025\/04\/generateur-dhydrogene-2-300x200.jpg 300w, https:\/\/www.svalbard.fr\/actualites\/wp-content\/uploads\/2025\/04\/generateur-dhydrogene-2-768x512.jpg 768w, https:\/\/www.svalbard.fr\/actualites\/wp-content\/uploads\/2025\/04\/generateur-dhydrogene-2.jpg 1199w\" sizes=\"(max-width: 1024px) 100vw, 1024px\" \/><\/figure><\/div>\n\n\n<p>Ce projet visionnaire n\u2019aurait pas vu le jour sans une forte synergie entre <strong>Nordex SE<\/strong> et les autorit\u00e9s r\u00e9gionales. Gr\u00e2ce \u00e0 une aide de <strong>12 millions d\u2019euros<\/strong> du programme europ\u00e9en <strong>Hy2Tech<\/strong>, l\u2019entreprise a pu acc\u00e9l\u00e9rer la mise au point de cette innovation majeure.<\/p>\n\n\n\n<p>Cet investissement t\u00e9moigne de l\u2019engagement de l\u2019Union europ\u00e9enne \u00e0 soutenir des <strong>technologies durables<\/strong> et \u00e0 favoriser l\u2019<a href=\"https:\/\/www.svalbard.fr\/actualites\/une-percee-scientifique-prometteuse-transformer-le-co2-en-carburant-un-pas-vers-un-avenir-ecologique\/\"><strong>ind\u00e9pendance \u00e9nerg\u00e9tique<\/strong><\/a> face aux \u00e9nergies fossiles.<\/p>\n\n\n\n<h2 class=\"wp-block-heading\"><strong>Un fonctionnement en parfaite harmonie avec les \u00e9nergies renouvelables<\/strong><\/h2>\n\n\n\n<p>Ce g\u00e9n\u00e9rateur d\u2019hydrog\u00e8ne ne se contente pas de produire de l\u2019\u00e9nergie verte, il est aussi pens\u00e9 pour s\u2019adapter aux <strong>variations d\u2019approvisionnement<\/strong> des sources renouvelables comme l\u2019\u00e9olien.<\/p>\n\n\n\n<p>Son int\u00e9gration avec les <strong>parcs \u00e9oliens Nordex<\/strong> permet de maximiser l\u2019efficacit\u00e9 tout en r\u00e9duisant les pertes, participant ainsi \u00e0 une meilleure <strong>stabilisation des r\u00e9seaux \u00e9lectriques<\/strong> et \u00e0 une diminution importante des <strong>\u00e9missions de CO\u2082<\/strong>.<\/p>\n\n\n\n<h2 class=\"wp-block-heading\"><strong>Des retomb\u00e9es \u00e9conomiques et environnementales prometteuses<\/strong><\/h2>\n\n\n\n<p>En rendant l\u2019<strong><a href=\"https:\/\/www.svalbard.fr\/actualites\/redecouverte-dun-brevet-oublie-dedison-vers-une-revolution-de-lhydrogene\/\">hydrog\u00e8ne vert<\/a><\/strong> plus accessible et plus \u00e9conomique, cette avanc\u00e9e pourrait donner un coup d&rsquo;acc\u00e9l\u00e9rateur \u00e0 l\u2019adoption massive des <strong>v\u00e9hicules \u00e0 hydrog\u00e8ne<\/strong> et renforcer les syst\u00e8mes de <strong>stockage d\u2019\u00e9nergie<\/strong> de grande capacit\u00e9.<\/p>\n\n\n\n<p>Sur le plan environnemental, chaque kilo d\u2019hydrog\u00e8ne produit contribue directement \u00e0 r\u00e9duire la d\u00e9pendance aux combustibles fossiles, rapprochant l&rsquo;Europe de ses ambitieux objectifs de <strong>neutralit\u00e9 carbone<\/strong>.<\/p>\n\n\n\n<h2 class=\"wp-block-heading\"><strong>Un avenir ambitieux et de nouveaux d\u00e9fis \u00e0 relever<\/strong><\/h2>\n\n\n\n<figure class=\"wp-block-embed aligncenter is-type-video is-provider-youtube wp-block-embed-youtube wp-embed-aspect-16-9 wp-has-aspect-ratio\"><div class=\"wp-block-embed__wrapper\">\n<iframe loading=\"lazy\" title=\"France | The Nordex Group around the world (FR)\" width=\"1200\" height=\"675\" src=\"https:\/\/www.youtube.com\/embed\/cRzQtCrQ_Pg?feature=oembed\" frameborder=\"0\" allow=\"accelerometer; autoplay; clipboard-write; encrypted-media; gyroscope; picture-in-picture; web-share\" referrerpolicy=\"strict-origin-when-cross-origin\" allowfullscreen><\/iframe>\n<\/div><\/figure>\n\n\n\n<p>Pour <strong>Luis Solla<\/strong>, PDG de Nordex Electrolyzers, ce prototype n\u2019est qu\u2019un d\u00e9but. L\u2019entreprise pr\u00e9voit de commercialiser des \u00e9lectrolyseurs \u00e0 <strong>l\u2019\u00e9chelle du m\u00e9gawatt<\/strong> d\u2019ici 2026, en s\u2019appuyant sur son r\u00e9seau mondial pour propager la technologie.<\/p>\n\n\n\n<p>Bien s\u00fbr, des d\u00e9fis demeurent, notamment en termes d\u2019<strong>optimisation des performances<\/strong> et de gestion des <a href=\"https:\/\/www.svalbard.fr\/actualites\/ce-grand-projet-transatlantique-pourrait-resoudre-le-principal-probleme-des-energies-renouvelables\/\"><strong>ressources renouvelables<\/strong><\/a>. Mais avec des investissements soutenus dans la recherche, l&rsquo;hydrog\u00e8ne pourrait devenir une <strong>alternative incontournable<\/strong> face aux batteries traditionnelles.<\/p>\n","protected":false},"excerpt":{"rendered":"<p>\u00c0 l\u2019heure o\u00f9 la plan\u00e8te cherche des solutions pour stocker l\u2019\u00e9nergie propre de demain, l\u2019Espagne fait sensation en d\u00e9voilant un projet r\u00e9volutionnaire. Un g\u00e9n\u00e9rateur d\u2019hydrog\u00e8ne<\/p>\n","protected":false},"author":3,"featured_media":3459,"comment_status":"closed","ping_status":"closed","sticky":false,"template":"","format":"standard","meta":{"footnotes":""},"categories":[1725],"tags":[],"yoast_head":"<!-- This site is optimized with the Yoast SEO plugin v21.0 - https:\/\/yoast.com\/wordpress\/plugins\/seo\/ -->\n<title>L\u2019Espagne d\u00e9voile un g\u00e9n\u00e9rateur d\u2019hydrog\u00e8ne 100 % renouvelable qui \u00e9tonne le monde entier<\/title>\n<meta name=\"robots\" content=\"index, follow, max-snippet:-1, max-image-preview:large, max-video-preview:-1\" \/>\n<link rel=\"canonical\" href=\"https:\/\/www.svalbard.fr\/actualites\/lespagne-devoile-un-generateur-dhydrogene-100-renouvelable-qui-etonne-le-monde-entier\/\" \/>\n<meta property=\"og:locale\" content=\"fr_FR\" \/>\n<meta property=\"og:type\" content=\"article\" \/>\n<meta property=\"og:title\" content=\"L\u2019Espagne d\u00e9voile un g\u00e9n\u00e9rateur d\u2019hydrog\u00e8ne 100 % renouvelable qui \u00e9tonne le monde entier\" \/>\n<meta property=\"og:description\" content=\"\u00c0 l\u2019heure o\u00f9 la plan\u00e8te cherche des solutions pour stocker l\u2019\u00e9nergie propre de demain, l\u2019Espagne fait sensation en d\u00e9voilant un projet r\u00e9volutionnaire. Un g\u00e9n\u00e9rateur d\u2019hydrog\u00e8ne\" \/>\n<meta property=\"og:url\" content=\"https:\/\/www.svalbard.fr\/actualites\/lespagne-devoile-un-generateur-dhydrogene-100-renouvelable-qui-etonne-le-monde-entier\/\" \/>\n<meta property=\"og:site_name\" content=\"www.Svalbard.fr\" \/>\n<meta property=\"article:published_time\" content=\"2025-04-29T13:30:00+00:00\" \/>\n<meta property=\"article:modified_time\" content=\"2025-04-28T12:07:07+00:00\" \/>\n<meta property=\"og:image\" content=\"https:\/\/www.svalbard.fr\/actualites\/wp-content\/uploads\/2025\/04\/generateur-dhydrogene.jpg\" \/>\n\t<meta property=\"og:image:width\" content=\"1200\" \/>\n\t<meta property=\"og:image:height\" content=\"800\" \/>\n\t<meta property=\"og:image:type\" content=\"image\/jpeg\" \/>\n<meta name=\"author\" content=\"Guillaume Chen\" \/>\n<meta name=\"twitter:card\" content=\"summary_large_image\" \/>\n<meta name=\"twitter:label1\" content=\"\u00c9crit par\" \/>\n\t<meta name=\"twitter:data1\" content=\"Guillaume Chen\" \/>\n\t<meta name=\"twitter:label2\" content=\"Dur\u00e9e de lecture estim\u00e9e\" \/>\n\t<meta name=\"twitter:data2\" content=\"3 minutes\" \/>\n<script type=\"application\/ld+json\" class=\"yoast-schema-graph\">{\"@context\":\"https:\/\/schema.org\",\"@graph\":[{\"@type\":\"Article\",\"@id\":\"https:\/\/www.svalbard.fr\/actualites\/lespagne-devoile-un-generateur-dhydrogene-100-renouvelable-qui-etonne-le-monde-entier\/#article\",\"isPartOf\":{\"@id\":\"https:\/\/www.svalbard.fr\/actualites\/lespagne-devoile-un-generateur-dhydrogene-100-renouvelable-qui-etonne-le-monde-entier\/\"},\"author\":{\"name\":\"Guillaume Chen\",\"@id\":\"https:\/\/www.svalbard.fr\/actualites\/#\/schema\/person\/b9d185560b94bff7322d37cb676ee545\"},\"headline\":\"L\u2019Espagne d\u00e9voile un g\u00e9n\u00e9rateur d\u2019hydrog\u00e8ne 100 % renouvelable qui \u00e9tonne le monde entier\",\"datePublished\":\"2025-04-29T13:30:00+00:00\",\"dateModified\":\"2025-04-28T12:07:07+00:00\",\"mainEntityOfPage\":{\"@id\":\"https:\/\/www.svalbard.fr\/actualites\/lespagne-devoile-un-generateur-dhydrogene-100-renouvelable-qui-etonne-le-monde-entier\/\"},\"wordCount\":506,\"publisher\":{\"@id\":\"https:\/\/www.svalbard.fr\/actualites\/#organization\"},\"articleSection\":[\"Tendances\"],\"inLanguage\":\"fr-FR\"},{\"@type\":\"WebPage\",\"@id\":\"https:\/\/www.svalbard.fr\/actualites\/lespagne-devoile-un-generateur-dhydrogene-100-renouvelable-qui-etonne-le-monde-entier\/\",\"url\":\"https:\/\/www.svalbard.fr\/actualites\/lespagne-devoile-un-generateur-dhydrogene-100-renouvelable-qui-etonne-le-monde-entier\/\",\"name\":\"L\u2019Espagne d\u00e9voile un g\u00e9n\u00e9rateur d\u2019hydrog\u00e8ne 100 % renouvelable qui \u00e9tonne le monde entier\",\"isPartOf\":{\"@id\":\"https:\/\/www.svalbard.fr\/actualites\/#website\"},\"datePublished\":\"2025-04-29T13:30:00+00:00\",\"dateModified\":\"2025-04-28T12:07:07+00:00\",\"breadcrumb\":{\"@id\":\"https:\/\/www.svalbard.fr\/actualites\/lespagne-devoile-un-generateur-dhydrogene-100-renouvelable-qui-etonne-le-monde-entier\/#breadcrumb\"},\"inLanguage\":\"fr-FR\",\"potentialAction\":[{\"@type\":\"ReadAction\",\"target\":[\"https:\/\/www.svalbard.fr\/actualites\/lespagne-devoile-un-generateur-dhydrogene-100-renouvelable-qui-etonne-le-monde-entier\/\"]}]},{\"@type\":\"BreadcrumbList\",\"@id\":\"https:\/\/www.svalbard.fr\/actualites\/lespagne-devoile-un-generateur-dhydrogene-100-renouvelable-qui-etonne-le-monde-entier\/#breadcrumb\",\"itemListElement\":[{\"@type\":\"ListItem\",\"position\":1,\"name\":\"Accueil\",\"item\":\"https:\/\/www.svalbard.fr\/actualites\/\"},{\"@type\":\"ListItem\",\"position\":2,\"name\":\"L\u2019Espagne d\u00e9voile un g\u00e9n\u00e9rateur d\u2019hydrog\u00e8ne 100 % renouvelable qui \u00e9tonne le monde entier\"}]},{\"@type\":\"WebSite\",\"@id\":\"https:\/\/www.svalbard.fr\/actualites\/#website\",\"url\":\"https:\/\/www.svalbard.fr\/actualites\/\",\"name\":\"www.Svalbard.fr\",\"description\":\"\",\"publisher\":{\"@id\":\"https:\/\/www.svalbard.fr\/actualites\/#organization\"},\"potentialAction\":[{\"@type\":\"SearchAction\",\"target\":{\"@type\":\"EntryPoint\",\"urlTemplate\":\"https:\/\/www.svalbard.fr\/actualites\/?s={search_term_string}\"},\"query-input\":\"required name=search_term_string\"}],\"inLanguage\":\"fr-FR\"},{\"@type\":\"Organization\",\"@id\":\"https:\/\/www.svalbard.fr\/actualites\/#organization\",\"name\":\"www.Svalbard.fr\",\"url\":\"https:\/\/www.svalbard.fr\/actualites\/\",\"logo\":{\"@type\":\"ImageObject\",\"inLanguage\":\"fr-FR\",\"@id\":\"https:\/\/www.svalbard.fr\/actualites\/#\/schema\/logo\/image\/\",\"url\":\"https:\/\/www.svalbard.fr\/actualites\/wp-content\/uploads\/2023\/09\/head-nom.jpg\",\"contentUrl\":\"https:\/\/www.svalbard.fr\/actualites\/wp-content\/uploads\/2023\/09\/head-nom.jpg\",\"width\":264,\"height\":35,\"caption\":\"www.Svalbard.fr\"},\"image\":{\"@id\":\"https:\/\/www.svalbard.fr\/actualites\/#\/schema\/logo\/image\/\"}},{\"@type\":\"Person\",\"@id\":\"https:\/\/www.svalbard.fr\/actualites\/#\/schema\/person\/b9d185560b94bff7322d37cb676ee545\",\"name\":\"Guillaume Chen\",\"image\":{\"@type\":\"ImageObject\",\"inLanguage\":\"fr-FR\",\"@id\":\"https:\/\/www.svalbard.fr\/actualites\/#\/schema\/person\/image\/\",\"url\":\"https:\/\/secure.gravatar.com\/avatar\/0c3f9c94586035b795ad4049a06fb048?s=96&d=mm&r=g\",\"contentUrl\":\"https:\/\/secure.gravatar.com\/avatar\/0c3f9c94586035b795ad4049a06fb048?s=96&d=mm&r=g\",\"caption\":\"Guillaume Chen\"},\"sameAs\":[\"https:\/\/www.svalbard.fr\/\"]}]}<\/script>\n<!-- \/ Yoast SEO plugin. -->","yoast_head_json":{"title":"L\u2019Espagne d\u00e9voile un g\u00e9n\u00e9rateur d\u2019hydrog\u00e8ne 100 % renouvelable qui \u00e9tonne le monde entier","robots":{"index":"index","follow":"follow","max-snippet":"max-snippet:-1","max-image-preview":"max-image-preview:large","max-video-preview":"max-video-preview:-1"},"canonical":"https:\/\/www.svalbard.fr\/actualites\/lespagne-devoile-un-generateur-dhydrogene-100-renouvelable-qui-etonne-le-monde-entier\/","og_locale":"fr_FR","og_type":"article","og_title":"L\u2019Espagne d\u00e9voile un g\u00e9n\u00e9rateur d\u2019hydrog\u00e8ne 100 % renouvelable qui \u00e9tonne le monde entier","og_description":"\u00c0 l\u2019heure o\u00f9 la plan\u00e8te cherche des solutions pour stocker l\u2019\u00e9nergie propre de demain, l\u2019Espagne fait sensation en d\u00e9voilant un projet r\u00e9volutionnaire. Un g\u00e9n\u00e9rateur d\u2019hydrog\u00e8ne","og_url":"https:\/\/www.svalbard.fr\/actualites\/lespagne-devoile-un-generateur-dhydrogene-100-renouvelable-qui-etonne-le-monde-entier\/","og_site_name":"www.Svalbard.fr","article_published_time":"2025-04-29T13:30:00+00:00","article_modified_time":"2025-04-28T12:07:07+00:00","og_image":[{"width":1200,"height":800,"url":"https:\/\/www.svalbard.fr\/actualites\/wp-content\/uploads\/2025\/04\/generateur-dhydrogene.jpg","type":"image\/jpeg"}],"author":"Guillaume Chen","twitter_card":"summary_large_image","twitter_misc":{"\u00c9crit par":"Guillaume Chen","Dur\u00e9e de lecture estim\u00e9e":"3 minutes"},"schema":{"@context":"https:\/\/schema.org","@graph":[{"@type":"Article","@id":"https:\/\/www.svalbard.fr\/actualites\/lespagne-devoile-un-generateur-dhydrogene-100-renouvelable-qui-etonne-le-monde-entier\/#article","isPartOf":{"@id":"https:\/\/www.svalbard.fr\/actualites\/lespagne-devoile-un-generateur-dhydrogene-100-renouvelable-qui-etonne-le-monde-entier\/"},"author":{"name":"Guillaume Chen","@id":"https:\/\/www.svalbard.fr\/actualites\/#\/schema\/person\/b9d185560b94bff7322d37cb676ee545"},"headline":"L\u2019Espagne d\u00e9voile un g\u00e9n\u00e9rateur d\u2019hydrog\u00e8ne 100 % renouvelable qui \u00e9tonne le monde entier","datePublished":"2025-04-29T13:30:00+00:00","dateModified":"2025-04-28T12:07:07+00:00","mainEntityOfPage":{"@id":"https:\/\/www.svalbard.fr\/actualites\/lespagne-devoile-un-generateur-dhydrogene-100-renouvelable-qui-etonne-le-monde-entier\/"},"wordCount":506,"publisher":{"@id":"https:\/\/www.svalbard.fr\/actualites\/#organization"},"articleSection":["Tendances"],"inLanguage":"fr-FR"},{"@type":"WebPage","@id":"https:\/\/www.svalbard.fr\/actualites\/lespagne-devoile-un-generateur-dhydrogene-100-renouvelable-qui-etonne-le-monde-entier\/","url":"https:\/\/www.svalbard.fr\/actualites\/lespagne-devoile-un-generateur-dhydrogene-100-renouvelable-qui-etonne-le-monde-entier\/","name":"L\u2019Espagne d\u00e9voile un g\u00e9n\u00e9rateur d\u2019hydrog\u00e8ne 100 % renouvelable qui \u00e9tonne le monde entier","isPartOf":{"@id":"https:\/\/www.svalbard.fr\/actualites\/#website"},"datePublished":"2025-04-29T13:30:00+00:00","dateModified":"2025-04-28T12:07:07+00:00","breadcrumb":{"@id":"https:\/\/www.svalbard.fr\/actualites\/lespagne-devoile-un-generateur-dhydrogene-100-renouvelable-qui-etonne-le-monde-entier\/#breadcrumb"},"inLanguage":"fr-FR","potentialAction":[{"@type":"ReadAction","target":["https:\/\/www.svalbard.fr\/actualites\/lespagne-devoile-un-generateur-dhydrogene-100-renouvelable-qui-etonne-le-monde-entier\/"]}]},{"@type":"BreadcrumbList","@id":"https:\/\/www.svalbard.fr\/actualites\/lespagne-devoile-un-generateur-dhydrogene-100-renouvelable-qui-etonne-le-monde-entier\/#breadcrumb","itemListElement":[{"@type":"ListItem","position":1,"name":"Accueil","item":"https:\/\/www.svalbard.fr\/actualites\/"},{"@type":"ListItem","position":2,"name":"L\u2019Espagne d\u00e9voile un g\u00e9n\u00e9rateur d\u2019hydrog\u00e8ne 100 % renouvelable qui \u00e9tonne le monde entier"}]},{"@type":"WebSite","@id":"https:\/\/www.svalbard.fr\/actualites\/#website","url":"https:\/\/www.svalbard.fr\/actualites\/","name":"www.Svalbard.fr","description":"","publisher":{"@id":"https:\/\/www.svalbard.fr\/actualites\/#organization"},"potentialAction":[{"@type":"SearchAction","target":{"@type":"EntryPoint","urlTemplate":"https:\/\/www.svalbard.fr\/actualites\/?s={search_term_string}"},"query-input":"required name=search_term_string"}],"inLanguage":"fr-FR"},{"@type":"Organization","@id":"https:\/\/www.svalbard.fr\/actualites\/#organization","name":"www.Svalbard.fr","url":"https:\/\/www.svalbard.fr\/actualites\/","logo":{"@type":"ImageObject","inLanguage":"fr-FR","@id":"https:\/\/www.svalbard.fr\/actualites\/#\/schema\/logo\/image\/","url":"https:\/\/www.svalbard.fr\/actualites\/wp-content\/uploads\/2023\/09\/head-nom.jpg","contentUrl":"https:\/\/www.svalbard.fr\/actualites\/wp-content\/uploads\/2023\/09\/head-nom.jpg","width":264,"height":35,"caption":"www.Svalbard.fr"},"image":{"@id":"https:\/\/www.svalbard.fr\/actualites\/#\/schema\/logo\/image\/"}},{"@type":"Person","@id":"https:\/\/www.svalbard.fr\/actualites\/#\/schema\/person\/b9d185560b94bff7322d37cb676ee545","name":"Guillaume Chen","image":{"@type":"ImageObject","inLanguage":"fr-FR","@id":"https:\/\/www.svalbard.fr\/actualites\/#\/schema\/person\/image\/","url":"https:\/\/secure.gravatar.com\/avatar\/0c3f9c94586035b795ad4049a06fb048?s=96&d=mm&r=g","contentUrl":"https:\/\/secure.gravatar.com\/avatar\/0c3f9c94586035b795ad4049a06fb048?s=96&d=mm&r=g","caption":"Guillaume Chen"},"sameAs":["https:\/\/www.svalbard.fr\/"]}]}},"_links":{"self":[{"href":"https:\/\/www.svalbard.fr\/actualites\/wp-json\/wp\/v2\/posts\/3457"}],"collection":[{"href":"https:\/\/www.svalbard.fr\/actualites\/wp-json\/wp\/v2\/posts"}],"about":[{"href":"https:\/\/www.svalbard.fr\/actualites\/wp-json\/wp\/v2\/types\/post"}],"author":[{"embeddable":true,"href":"https:\/\/www.svalbard.fr\/actualites\/wp-json\/wp\/v2\/users\/3"}],"replies":[{"embeddable":true,"href":"https:\/\/www.svalbard.fr\/actualites\/wp-json\/wp\/v2\/comments?post=3457"}],"version-history":[{"count":1,"href":"https:\/\/www.svalbard.fr\/actualites\/wp-json\/wp\/v2\/posts\/3457\/revisions"}],"predecessor-version":[{"id":3460,"href":"https:\/\/www.svalbard.fr\/actualites\/wp-json\/wp\/v2\/posts\/3457\/revisions\/3460"}],"wp:featuredmedia":[{"embeddable":true,"href":"https:\/\/www.svalbard.fr\/actualites\/wp-json\/wp\/v2\/media\/3459"}],"wp:attachment":[{"href":"https:\/\/www.svalbard.fr\/actualites\/wp-json\/wp\/v2\/media?parent=3457"}],"wp:term":[{"taxonomy":"category","embeddable":true,"href":"https:\/\/www.svalbard.fr\/actualites\/wp-json\/wp\/v2\/categories?post=3457"},{"taxonomy":"post_tag","embeddable":true,"href":"https:\/\/www.svalbard.fr\/actualites\/wp-json\/wp\/v2\/tags?post=3457"}],"curies":[{"name":"wp","href":"https:\/\/api.w.org\/{rel}","templated":true}]}}