{"id":3466,"date":"2025-04-30T10:30:00","date_gmt":"2025-04-30T08:30:00","guid":{"rendered":"https:\/\/www.svalbard.fr\/actualites\/?p=3466"},"modified":"2025-04-28T14:22:10","modified_gmt":"2025-04-28T12:22:10","slug":"oubliez-le-canape-beige-decouvrez-la-grande-tendance-deco-qui-va-dominer-2025","status":"publish","type":"post","link":"https:\/\/www.svalbard.fr\/actualites\/oubliez-le-canape-beige-decouvrez-la-grande-tendance-deco-qui-va-dominer-2025\/","title":{"rendered":"Oubliez le canap\u00e9 beige : d\u00e9couvrez la grande tendance d\u00e9co qui va dominer 2025"},"content":{"rendered":"\n<p><strong><em>Longtemps consid\u00e9r\u00e9 comme un incontournable du salon, le canap\u00e9 beige s&rsquo;appr\u00eate \u00e0 tirer sa r\u00e9v\u00e9rence. Avec 2025 \u00e0 l\u2019horizon, une nouvelle vague d&rsquo;inspirations d\u00e9co arrive, pleine de couleurs, de textures naturelles et d\u2019envies de personnalisation. L\u2019heure est venue de faire \u00e9voluer votre int\u00e9rieur et d\u2019oser un style qui vous ressemble vraiment.<\/em><\/strong><\/p>\n\n\n\n<!--more-->\n\n\n\n<h2 class=\"wp-block-heading\"><strong>Salon futuriste ou esprit nature : faites votre choix !<\/strong><\/h2>\n\n\n\n<p>Avec l\u2019explosion des r\u00e9seaux sociaux, les <a href=\"https:\/\/www.svalbard.fr\/actualites\/ces-elements-de-decoration-bon-marche-ruinent-lambiance-de-votre-interieur\/\"><strong>tendances d\u00e9co<\/strong><\/a> circulent d\u00e9sormais \u00e0 une vitesse folle. Difficile parfois de suivre ce tourbillon d\u2019id\u00e9es nouvelles. Pas de panique : en 2025, la consigne est claire. Oubliez les <strong>couleurs neutres<\/strong> et le minimalisme froid, et place \u00e0 l&rsquo;<strong>optimisme<\/strong> et \u00e0 l&rsquo;<strong>expression personnelle<\/strong>.<\/p>\n\n\n\n<p>Parmi les grandes tendances :<\/p>\n\n\n\n<ul>\n<li><strong>Couleurs \u00e9clatantes<\/strong> : Jaune soleil, vert tendre, terracotta chaleureux&#8230; Ces teintes vibrantes s\u2019invitent sur les tissus velout\u00e9s, la soie et m\u00eame le cuir, pour un int\u00e9rieur aussi accueillant que vivant.<\/li>\n\n\n\n<li><strong>Mat\u00e9riaux naturels<\/strong> : Bois brut, pierre textur\u00e9e et rotin l\u00e9ger insufflent une atmosph\u00e8re apaisante et authentique \u00e0 votre salon.<\/li>\n\n\n\n<li><strong>Plantes d\u2019int\u00e9rieur<\/strong> : En plus d\u2019apporter de la fra\u00eecheur, elles contribuent \u00e0 purifier l\u2019air et \u00e0 cr\u00e9er un v\u00e9ritable petit \u00e9cosyst\u00e8me chez soi.<\/li>\n<\/ul>\n\n\n\n<h2 class=\"wp-block-heading\"><strong>Quelles alternatives au traditionnel canap\u00e9 beige ?<\/strong><\/h2>\n\n\n\n<p>Si votre vieux <a href=\"https:\/\/www.svalbard.fr\/actualites\/pourquoi-votre-maison-demeure-t-elle-froide-en-hiver-malgre-le-chauffage-voici-lerreur-a-eviter\/\"><strong>canap\u00e9<\/strong><\/a> commence \u00e0 sembler terne, de nombreuses options permettent de repenser l\u2019espace de mani\u00e8re pratique et styl\u00e9e :<\/p>\n\n\n\n<ul>\n<li><strong>Poufs modulables<\/strong> ou <strong>canap\u00e9s-lits<\/strong> : Parfaits pour optimiser les petits espaces sans renoncer au confort.<\/li>\n\n\n\n<li><strong>Tables basses discr\u00e8tes<\/strong> : Privil\u00e9giez des formes douces et des mat\u00e9riaux naturels pour un ensemble harmonieux et facile \u00e0 vivre.<\/li>\n\n\n\n<li><strong>Solutions de rangement intelligentes<\/strong> : Rangements discrets, \u00e9tag\u00e8res ouvertes ou coffres int\u00e9gr\u00e9s permettent de lib\u00e9rer de l\u2019espace tout en structurant votre pi\u00e8ce.<\/li>\n<\/ul>\n\n\n\n<p>L\u2019id\u00e9e ? Cr\u00e9er un salon fonctionnel, a\u00e9r\u00e9 et chaleureux, loin de l\u2019aust\u00e9rit\u00e9 des d\u00e9cors standardis\u00e9s.<\/p>\n\n\n\n<h2 class=\"wp-block-heading\"><strong>Confort et style : les nouveaux mots d\u2019ordre pour 2025<\/strong><\/h2>\n\n\n\n<p>La crise sanitaire a profond\u00e9ment transform\u00e9 notre rapport \u00e0 la maison. Aujourd&rsquo;hui, le salon est devenu un v\u00e9ritable <strong>cocon multifonction<\/strong>, o\u00f9 d\u00e9tente et productivit\u00e9 doivent cohabiter.<\/p>\n\n\n\n<p>Les nouvelles attentes :<\/p>\n\n\n\n<ul>\n<li><strong>Confort absolu<\/strong> : Des assises moelleuses, des lignes ergonomiques et des mat\u00e9riaux doux pour inviter au l\u00e2cher-prise.<\/li>\n\n\n\n<li><strong>Palette harmonieuse<\/strong> : Des tons doux \u00e9quilibr\u00e9s par quelques touches plus vibrantes pour stimuler l&rsquo;\u00e9nergie tout en apaisant l&rsquo;esprit.<\/li>\n\n\n\n<li><strong>Qualit\u00e9 durable<\/strong> : Investir dans des <strong><a href=\"https:\/\/www.svalbard.fr\/actualites\/porsche-911-targa-964-une-reinterpretation-splendide-signee-theon-design\/\">mat\u00e9riaux nobles<\/a><\/strong> est devenu essentiel pour allier esth\u00e9tisme et long\u00e9vit\u00e9.<\/li>\n<\/ul>\n\n\n\n<h2 class=\"wp-block-heading\"><strong>Vers un salon moderne et personnalis\u00e9<\/strong><\/h2>\n\n\n\n<p>Renouveler son salon, c\u2019est plus qu\u2019un simple changement de meubles. C\u2019est une opportunit\u00e9 de <strong>refl\u00e9ter votre personnalit\u00e9<\/strong> \u00e0 travers vos choix d\u00e9coratifs. En osant la couleur, les mati\u00e8res naturelles et des solutions adapt\u00e9es \u00e0 votre mode de vie, vous transformez votre espace en un lieu \u00e0 la fois beau, confortable et pratique.<\/p>\n\n\n\n<p>Un conseil : restez curieux, explorez les nouveaut\u00e9s et inspirez-vous des <strong>experts en <a href=\"https:\/\/www.svalbard.fr\/actualites\/decouvrez-le-design-scandinave-a-copenhague-danemark\/\">d\u00e9coration int\u00e9rieure<\/a><\/strong> pour cr\u00e9er un salon \u00e0 votre image. Apr\u00e8s tout, le plus grand luxe en 2025 sera d\u2019habiter un lieu qui vous ressemble.<\/p>\n","protected":false},"excerpt":{"rendered":"<p>Longtemps consid\u00e9r\u00e9 comme un incontournable du salon, le canap\u00e9 beige s&rsquo;appr\u00eate \u00e0 tirer sa r\u00e9v\u00e9rence. Avec 2025 \u00e0 l\u2019horizon, une nouvelle vague d&rsquo;inspirations d\u00e9co arrive,<\/p>\n","protected":false},"author":3,"featured_media":3467,"comment_status":"closed","ping_status":"closed","sticky":false,"template":"","format":"standard","meta":{"footnotes":""},"categories":[1725],"tags":[],"yoast_head":"<!-- This site is optimized with the Yoast SEO plugin v21.0 - https:\/\/yoast.com\/wordpress\/plugins\/seo\/ -->\n<title>Oubliez le canap\u00e9 beige : d\u00e9couvrez la grande tendance d\u00e9co qui va dominer 2025<\/title>\n<meta name=\"robots\" content=\"index, follow, max-snippet:-1, max-image-preview:large, max-video-preview:-1\" \/>\n<link rel=\"canonical\" href=\"https:\/\/www.svalbard.fr\/actualites\/oubliez-le-canape-beige-decouvrez-la-grande-tendance-deco-qui-va-dominer-2025\/\" \/>\n<meta property=\"og:locale\" content=\"fr_FR\" \/>\n<meta property=\"og:type\" content=\"article\" \/>\n<meta property=\"og:title\" content=\"Oubliez le canap\u00e9 beige : d\u00e9couvrez la grande tendance d\u00e9co qui va dominer 2025\" \/>\n<meta property=\"og:description\" content=\"Longtemps consid\u00e9r\u00e9 comme un incontournable du salon, le canap\u00e9 beige s&rsquo;appr\u00eate \u00e0 tirer sa r\u00e9v\u00e9rence. Avec 2025 \u00e0 l\u2019horizon, une nouvelle vague d&rsquo;inspirations d\u00e9co arrive,\" \/>\n<meta property=\"og:url\" content=\"https:\/\/www.svalbard.fr\/actualites\/oubliez-le-canape-beige-decouvrez-la-grande-tendance-deco-qui-va-dominer-2025\/\" \/>\n<meta property=\"og:site_name\" content=\"www.Svalbard.fr\" \/>\n<meta property=\"article:published_time\" content=\"2025-04-30T08:30:00+00:00\" \/>\n<meta property=\"article:modified_time\" content=\"2025-04-28T12:22:10+00:00\" \/>\n<meta property=\"og:image\" content=\"https:\/\/www.svalbard.fr\/actualites\/wp-content\/uploads\/2025\/04\/canape-beige.jpg\" \/>\n\t<meta property=\"og:image:width\" content=\"1200\" \/>\n\t<meta property=\"og:image:height\" content=\"526\" \/>\n\t<meta property=\"og:image:type\" content=\"image\/jpeg\" \/>\n<meta name=\"author\" content=\"Guillaume Chen\" \/>\n<meta name=\"twitter:card\" content=\"summary_large_image\" \/>\n<meta name=\"twitter:label1\" content=\"\u00c9crit par\" \/>\n\t<meta name=\"twitter:data1\" content=\"Guillaume Chen\" \/>\n\t<meta name=\"twitter:label2\" content=\"Dur\u00e9e de lecture estim\u00e9e\" \/>\n\t<meta name=\"twitter:data2\" content=\"3 minutes\" \/>\n<script type=\"application\/ld+json\" class=\"yoast-schema-graph\">{\"@context\":\"https:\/\/schema.org\",\"@graph\":[{\"@type\":\"Article\",\"@id\":\"https:\/\/www.svalbard.fr\/actualites\/oubliez-le-canape-beige-decouvrez-la-grande-tendance-deco-qui-va-dominer-2025\/#article\",\"isPartOf\":{\"@id\":\"https:\/\/www.svalbard.fr\/actualites\/oubliez-le-canape-beige-decouvrez-la-grande-tendance-deco-qui-va-dominer-2025\/\"},\"author\":{\"name\":\"Guillaume Chen\",\"@id\":\"https:\/\/www.svalbard.fr\/actualites\/#\/schema\/person\/b9d185560b94bff7322d37cb676ee545\"},\"headline\":\"Oubliez le canap\u00e9 beige : d\u00e9couvrez la grande tendance d\u00e9co qui va dominer 2025\",\"datePublished\":\"2025-04-30T08:30:00+00:00\",\"dateModified\":\"2025-04-28T12:22:10+00:00\",\"mainEntityOfPage\":{\"@id\":\"https:\/\/www.svalbard.fr\/actualites\/oubliez-le-canape-beige-decouvrez-la-grande-tendance-deco-qui-va-dominer-2025\/\"},\"wordCount\":526,\"publisher\":{\"@id\":\"https:\/\/www.svalbard.fr\/actualites\/#organization\"},\"articleSection\":[\"Tendances\"],\"inLanguage\":\"fr-FR\"},{\"@type\":\"WebPage\",\"@id\":\"https:\/\/www.svalbard.fr\/actualites\/oubliez-le-canape-beige-decouvrez-la-grande-tendance-deco-qui-va-dominer-2025\/\",\"url\":\"https:\/\/www.svalbard.fr\/actualites\/oubliez-le-canape-beige-decouvrez-la-grande-tendance-deco-qui-va-dominer-2025\/\",\"name\":\"Oubliez le canap\u00e9 beige : d\u00e9couvrez la grande tendance d\u00e9co qui va dominer 2025\",\"isPartOf\":{\"@id\":\"https:\/\/www.svalbard.fr\/actualites\/#website\"},\"datePublished\":\"2025-04-30T08:30:00+00:00\",\"dateModified\":\"2025-04-28T12:22:10+00:00\",\"breadcrumb\":{\"@id\":\"https:\/\/www.svalbard.fr\/actualites\/oubliez-le-canape-beige-decouvrez-la-grande-tendance-deco-qui-va-dominer-2025\/#breadcrumb\"},\"inLanguage\":\"fr-FR\",\"potentialAction\":[{\"@type\":\"ReadAction\",\"target\":[\"https:\/\/www.svalbard.fr\/actualites\/oubliez-le-canape-beige-decouvrez-la-grande-tendance-deco-qui-va-dominer-2025\/\"]}]},{\"@type\":\"BreadcrumbList\",\"@id\":\"https:\/\/www.svalbard.fr\/actualites\/oubliez-le-canape-beige-decouvrez-la-grande-tendance-deco-qui-va-dominer-2025\/#breadcrumb\",\"itemListElement\":[{\"@type\":\"ListItem\",\"position\":1,\"name\":\"Accueil\",\"item\":\"https:\/\/www.svalbard.fr\/actualites\/\"},{\"@type\":\"ListItem\",\"position\":2,\"name\":\"Oubliez le canap\u00e9 beige : d\u00e9couvrez la grande tendance d\u00e9co qui va dominer 2025\"}]},{\"@type\":\"WebSite\",\"@id\":\"https:\/\/www.svalbard.fr\/actualites\/#website\",\"url\":\"https:\/\/www.svalbard.fr\/actualites\/\",\"name\":\"www.Svalbard.fr\",\"description\":\"\",\"publisher\":{\"@id\":\"https:\/\/www.svalbard.fr\/actualites\/#organization\"},\"potentialAction\":[{\"@type\":\"SearchAction\",\"target\":{\"@type\":\"EntryPoint\",\"urlTemplate\":\"https:\/\/www.svalbard.fr\/actualites\/?s={search_term_string}\"},\"query-input\":\"required name=search_term_string\"}],\"inLanguage\":\"fr-FR\"},{\"@type\":\"Organization\",\"@id\":\"https:\/\/www.svalbard.fr\/actualites\/#organization\",\"name\":\"www.Svalbard.fr\",\"url\":\"https:\/\/www.svalbard.fr\/actualites\/\",\"logo\":{\"@type\":\"ImageObject\",\"inLanguage\":\"fr-FR\",\"@id\":\"https:\/\/www.svalbard.fr\/actualites\/#\/schema\/logo\/image\/\",\"url\":\"https:\/\/www.svalbard.fr\/actualites\/wp-content\/uploads\/2023\/09\/head-nom.jpg\",\"contentUrl\":\"https:\/\/www.svalbard.fr\/actualites\/wp-content\/uploads\/2023\/09\/head-nom.jpg\",\"width\":264,\"height\":35,\"caption\":\"www.Svalbard.fr\"},\"image\":{\"@id\":\"https:\/\/www.svalbard.fr\/actualites\/#\/schema\/logo\/image\/\"}},{\"@type\":\"Person\",\"@id\":\"https:\/\/www.svalbard.fr\/actualites\/#\/schema\/person\/b9d185560b94bff7322d37cb676ee545\",\"name\":\"Guillaume Chen\",\"image\":{\"@type\":\"ImageObject\",\"inLanguage\":\"fr-FR\",\"@id\":\"https:\/\/www.svalbard.fr\/actualites\/#\/schema\/person\/image\/\",\"url\":\"https:\/\/secure.gravatar.com\/avatar\/0c3f9c94586035b795ad4049a06fb048?s=96&d=mm&r=g\",\"contentUrl\":\"https:\/\/secure.gravatar.com\/avatar\/0c3f9c94586035b795ad4049a06fb048?s=96&d=mm&r=g\",\"caption\":\"Guillaume Chen\"},\"sameAs\":[\"https:\/\/www.svalbard.fr\/\"]}]}<\/script>\n<!-- \/ Yoast SEO plugin. -->","yoast_head_json":{"title":"Oubliez le canap\u00e9 beige : d\u00e9couvrez la grande tendance d\u00e9co qui va dominer 2025","robots":{"index":"index","follow":"follow","max-snippet":"max-snippet:-1","max-image-preview":"max-image-preview:large","max-video-preview":"max-video-preview:-1"},"canonical":"https:\/\/www.svalbard.fr\/actualites\/oubliez-le-canape-beige-decouvrez-la-grande-tendance-deco-qui-va-dominer-2025\/","og_locale":"fr_FR","og_type":"article","og_title":"Oubliez le canap\u00e9 beige : d\u00e9couvrez la grande tendance d\u00e9co qui va dominer 2025","og_description":"Longtemps consid\u00e9r\u00e9 comme un incontournable du salon, le canap\u00e9 beige s&rsquo;appr\u00eate \u00e0 tirer sa r\u00e9v\u00e9rence. Avec 2025 \u00e0 l\u2019horizon, une nouvelle vague d&rsquo;inspirations d\u00e9co arrive,","og_url":"https:\/\/www.svalbard.fr\/actualites\/oubliez-le-canape-beige-decouvrez-la-grande-tendance-deco-qui-va-dominer-2025\/","og_site_name":"www.Svalbard.fr","article_published_time":"2025-04-30T08:30:00+00:00","article_modified_time":"2025-04-28T12:22:10+00:00","og_image":[{"width":1200,"height":526,"url":"https:\/\/www.svalbard.fr\/actualites\/wp-content\/uploads\/2025\/04\/canape-beige.jpg","type":"image\/jpeg"}],"author":"Guillaume Chen","twitter_card":"summary_large_image","twitter_misc":{"\u00c9crit par":"Guillaume Chen","Dur\u00e9e de lecture estim\u00e9e":"3 minutes"},"schema":{"@context":"https:\/\/schema.org","@graph":[{"@type":"Article","@id":"https:\/\/www.svalbard.fr\/actualites\/oubliez-le-canape-beige-decouvrez-la-grande-tendance-deco-qui-va-dominer-2025\/#article","isPartOf":{"@id":"https:\/\/www.svalbard.fr\/actualites\/oubliez-le-canape-beige-decouvrez-la-grande-tendance-deco-qui-va-dominer-2025\/"},"author":{"name":"Guillaume Chen","@id":"https:\/\/www.svalbard.fr\/actualites\/#\/schema\/person\/b9d185560b94bff7322d37cb676ee545"},"headline":"Oubliez le canap\u00e9 beige : d\u00e9couvrez la grande tendance d\u00e9co qui va dominer 2025","datePublished":"2025-04-30T08:30:00+00:00","dateModified":"2025-04-28T12:22:10+00:00","mainEntityOfPage":{"@id":"https:\/\/www.svalbard.fr\/actualites\/oubliez-le-canape-beige-decouvrez-la-grande-tendance-deco-qui-va-dominer-2025\/"},"wordCount":526,"publisher":{"@id":"https:\/\/www.svalbard.fr\/actualites\/#organization"},"articleSection":["Tendances"],"inLanguage":"fr-FR"},{"@type":"WebPage","@id":"https:\/\/www.svalbard.fr\/actualites\/oubliez-le-canape-beige-decouvrez-la-grande-tendance-deco-qui-va-dominer-2025\/","url":"https:\/\/www.svalbard.fr\/actualites\/oubliez-le-canape-beige-decouvrez-la-grande-tendance-deco-qui-va-dominer-2025\/","name":"Oubliez le canap\u00e9 beige : d\u00e9couvrez la grande tendance d\u00e9co qui va dominer 2025","isPartOf":{"@id":"https:\/\/www.svalbard.fr\/actualites\/#website"},"datePublished":"2025-04-30T08:30:00+00:00","dateModified":"2025-04-28T12:22:10+00:00","breadcrumb":{"@id":"https:\/\/www.svalbard.fr\/actualites\/oubliez-le-canape-beige-decouvrez-la-grande-tendance-deco-qui-va-dominer-2025\/#breadcrumb"},"inLanguage":"fr-FR","potentialAction":[{"@type":"ReadAction","target":["https:\/\/www.svalbard.fr\/actualites\/oubliez-le-canape-beige-decouvrez-la-grande-tendance-deco-qui-va-dominer-2025\/"]}]},{"@type":"BreadcrumbList","@id":"https:\/\/www.svalbard.fr\/actualites\/oubliez-le-canape-beige-decouvrez-la-grande-tendance-deco-qui-va-dominer-2025\/#breadcrumb","itemListElement":[{"@type":"ListItem","position":1,"name":"Accueil","item":"https:\/\/www.svalbard.fr\/actualites\/"},{"@type":"ListItem","position":2,"name":"Oubliez le canap\u00e9 beige : d\u00e9couvrez la grande tendance d\u00e9co qui va dominer 2025"}]},{"@type":"WebSite","@id":"https:\/\/www.svalbard.fr\/actualites\/#website","url":"https:\/\/www.svalbard.fr\/actualites\/","name":"www.Svalbard.fr","description":"","publisher":{"@id":"https:\/\/www.svalbard.fr\/actualites\/#organization"},"potentialAction":[{"@type":"SearchAction","target":{"@type":"EntryPoint","urlTemplate":"https:\/\/www.svalbard.fr\/actualites\/?s={search_term_string}"},"query-input":"required name=search_term_string"}],"inLanguage":"fr-FR"},{"@type":"Organization","@id":"https:\/\/www.svalbard.fr\/actualites\/#organization","name":"www.Svalbard.fr","url":"https:\/\/www.svalbard.fr\/actualites\/","logo":{"@type":"ImageObject","inLanguage":"fr-FR","@id":"https:\/\/www.svalbard.fr\/actualites\/#\/schema\/logo\/image\/","url":"https:\/\/www.svalbard.fr\/actualites\/wp-content\/uploads\/2023\/09\/head-nom.jpg","contentUrl":"https:\/\/www.svalbard.fr\/actualites\/wp-content\/uploads\/2023\/09\/head-nom.jpg","width":264,"height":35,"caption":"www.Svalbard.fr"},"image":{"@id":"https:\/\/www.svalbard.fr\/actualites\/#\/schema\/logo\/image\/"}},{"@type":"Person","@id":"https:\/\/www.svalbard.fr\/actualites\/#\/schema\/person\/b9d185560b94bff7322d37cb676ee545","name":"Guillaume Chen","image":{"@type":"ImageObject","inLanguage":"fr-FR","@id":"https:\/\/www.svalbard.fr\/actualites\/#\/schema\/person\/image\/","url":"https:\/\/secure.gravatar.com\/avatar\/0c3f9c94586035b795ad4049a06fb048?s=96&d=mm&r=g","contentUrl":"https:\/\/secure.gravatar.com\/avatar\/0c3f9c94586035b795ad4049a06fb048?s=96&d=mm&r=g","caption":"Guillaume Chen"},"sameAs":["https:\/\/www.svalbard.fr\/"]}]}},"_links":{"self":[{"href":"https:\/\/www.svalbard.fr\/actualites\/wp-json\/wp\/v2\/posts\/3466"}],"collection":[{"href":"https:\/\/www.svalbard.fr\/actualites\/wp-json\/wp\/v2\/posts"}],"about":[{"href":"https:\/\/www.svalbard.fr\/actualites\/wp-json\/wp\/v2\/types\/post"}],"author":[{"embeddable":true,"href":"https:\/\/www.svalbard.fr\/actualites\/wp-json\/wp\/v2\/users\/3"}],"replies":[{"embeddable":true,"href":"https:\/\/www.svalbard.fr\/actualites\/wp-json\/wp\/v2\/comments?post=3466"}],"version-history":[{"count":1,"href":"https:\/\/www.svalbard.fr\/actualites\/wp-json\/wp\/v2\/posts\/3466\/revisions"}],"predecessor-version":[{"id":3469,"href":"https:\/\/www.svalbard.fr\/actualites\/wp-json\/wp\/v2\/posts\/3466\/revisions\/3469"}],"wp:featuredmedia":[{"embeddable":true,"href":"https:\/\/www.svalbard.fr\/actualites\/wp-json\/wp\/v2\/media\/3467"}],"wp:attachment":[{"href":"https:\/\/www.svalbard.fr\/actualites\/wp-json\/wp\/v2\/media?parent=3466"}],"wp:term":[{"taxonomy":"category","embeddable":true,"href":"https:\/\/www.svalbard.fr\/actualites\/wp-json\/wp\/v2\/categories?post=3466"},{"taxonomy":"post_tag","embeddable":true,"href":"https:\/\/www.svalbard.fr\/actualites\/wp-json\/wp\/v2\/tags?post=3466"}],"curies":[{"name":"wp","href":"https:\/\/api.w.org\/{rel}","templated":true}]}}