{"id":348,"date":"2023-12-01T14:00:46","date_gmt":"2023-12-01T13:00:46","guid":{"rendered":"https:\/\/www.svalbard.fr\/actualites\/73-vivre-a-mandal-dans-le-sud-de-la-norvege\/"},"modified":"2023-12-01T14:00:50","modified_gmt":"2023-12-01T13:00:50","slug":"73-vivre-a-mandal-dans-le-sud-de-la-norvege","status":"publish","type":"post","link":"https:\/\/www.svalbard.fr\/actualites\/73-vivre-a-mandal-dans-le-sud-de-la-norvege\/","title":{"rendered":"73\u00a0: Vivre \u00e0 Mandal, dans le sud de la Norv\u00e8ge"},"content":{"rendered":"<div itemprop=\"text\">\n<div class=\"dpsp-post-pinterest-image-hidden\" style=\"display: none;\"><noscript><img decoding=\"async\" src=\"https:\/\/www.svalbard.fr\/actualites\/wp-content\/uploads\/2023\/12\/73-Vivre-a-Mandal-dans-le-sud-de-la-Norvege.jpg\" data-pin-media=\"https:\/\/www.lifeinnorway.net\/wp-content\/uploads\/2023\/12\/LIN-Podcast-Episode-73-Living-in-Mandal.jpg\" data-pin-title=\"Living in Mandal, Southern Norway\" data-pin-description=\"Life in Norway Show Episode #73: Agnes Erickson joins the podcast to talk about her move from California to Norway, and what life is like in a small town on the south coast.\" alt=\"Vivre \u00e0 Mandal, dans le sud de la Norv\u00e8ge, podcast\" class=\"dpsp-post-pinterest-image-hidden-inner  dpsp-post-pinterest-image-hidden-single\" loading=\"lazy\"><\/noscript><\/div>\n<p><span id=\"dpsp-post-content-markup\" data-image-pin-it=\"false\"><\/span><\/p>\n<p class=\"intro\">Life in Norway Show \u00c9pisode n\u00b073\u00a0: Agnes Erickson rejoint le podcast pour parler de son d\u00e9m\u00e9nagement de la Californie vers la Norv\u00e8ge et de la vie dans une petite ville de la c\u00f4te sud.<\/p>\n<p>D\u00e9sol\u00e9, fans de podcast\u00a0!  J&rsquo;ai r\u00e9cemment r\u00e9alis\u00e9 que cela faisait six mois depuis la sortie d&rsquo;un \u00e9pisode.  R\u00e9cemment, je me suis concentr\u00e9 sur les voyages et la r\u00e9alisation de vid\u00e9os YouTube, alors j&rsquo;ai laiss\u00e9 le micro du podcast se reposer un peu.  Il est temps de rem\u00e9dier \u00e0 cela !<\/p>\n<figure class=\"wp-block-image size-large\"><img data-lazyloaded=\"1\" data-placeholder-resp=\"768x433\" fetchpriority=\"high\" decoding=\"async\" width=\"768\" height=\"433\" src=\"https:\/\/www.svalbard.fr\/actualites\/wp-content\/uploads\/2023\/12\/73-Vivre-a-Mandal-dans-le-sud-de-la-Norvege.jpeg\" alt=\"Photo d'Agnes Erickson avec Mandal Norv\u00e8ge en arri\u00e8re-plan.\" class=\"wp-image-77847\"  data-><noscript><img fetchpriority=\"high\" decoding=\"async\" width=\"768\" height=\"433\" src=\"https:\/\/www.svalbard.fr\/actualites\/wp-content\/uploads\/2023\/12\/73-Vivre-a-Mandal-dans-le-sud-de-la-Norvege.jpeg\" alt=\"Photo d'Agnes Erickson avec Mandal Norv\u00e8ge en arri\u00e8re-plan.\" class=\"wp-image-77847\"  ><\/noscript><\/figure>\n<p>Dans le dernier \u00e9pisode de l&rsquo;\u00e9mission Life in Norway, je suis rejoint par Agnes Erickson, qui travaille dans l&rsquo;\u00e9quipe marketing du d\u00e9taillant norv\u00e9gien de v\u00eatements d&rsquo;ext\u00e9rieur Norr\u00f8na.  Nous parlons de son histoire de d\u00e9m\u00e9nagement des \u00c9tats-Unis vers la Norv\u00e8ge et de la vie sur la c\u00f4te sud ensoleill\u00e9e de la Norv\u00e8ge.<\/p>\n<h2 class=\"wp-block-heading\">\u00c9coutez l&rsquo;\u00e9mission<\/h2>\n<p>Vous pouvez \u00e9couter l&rsquo;\u00e9mission \u00e0 l&rsquo;aide du lecteur Web ci-dessous ou sur le lecteur podcast de votre choix.  Cela inclut\u00a0: Apple Podcasts, Google Podcasts, Stitcher, YouTube (audio uniquement) et Spotify.  Recherchez simplement \u00ab\u00a0La vie en Norv\u00e8ge\u00a0\u00bb sur la plateforme de votre choix pour commencer.<\/p>\n<p><iframe loading=\"lazy\" title=\"Embed Player\" src=\"https:\/\/play.libsyn.com\/embed\/episode\/id\/28862443\/height\/192\/theme\/modern\/size\/large\/thumbnail\/yes\/custom-color\/8c1414\/time-start\/00:00:00\/playlist-height\/200\/direction\/backward\/font-color\/f3f1f1\" height=\"192\" width=\"100%\" scrolling=\"no\" allowfullscreen=\"\" webkitallowfullscreen=\"true\" mozallowfullscreen=\"true\" oallowfullscreen=\"true\" msallowfullscreen=\"true\" style=\"border: medium;\"><\/iframe><\/p>\n<p>O\u00f9 que vous \u00e9coutiez, n&rsquo;oubliez pas de cliquer sur \u00ab\u00a0s&rsquo;abonner\u00a0\u00bb pour ne pas manquer un prochain \u00e9pisode\u00a0!<\/p>\n<h2 class=\"wp-block-heading\">Pr\u00e9sentation d&rsquo;Agn\u00e8s<\/h2>\n<p>Agn\u00e8s travaille dans l&rsquo;\u00e9quipe marketing du si\u00e8ge de la marque norv\u00e9gienne de v\u00eatements d&rsquo;ext\u00e9rieur Norr\u00f8na.  Elle travaille depuis Oslo quelques jours par semaine et travaille le reste du temps \u00e0 Mandal.<\/p>\n<p>Agn\u00e8s dit qu&rsquo;elle a d\u00e9m\u00e9nag\u00e9 en Norv\u00e8ge \u00ab par amour \u00bb, mais malgr\u00e9 cela, ce fut une premi\u00e8re ann\u00e9e difficile pour s&rsquo;adapter \u00e0 la culture diff\u00e9rente et apprendre la langue.  Mais dix ans plus tard, l\u2019effort en valait la peine !<\/p>\n<figure class=\"wp-block-image size-full\"><img loading=\"lazy\" data-lazyloaded=\"1\" data-placeholder-resp=\"804x1072\" decoding=\"async\" width=\"804\" height=\"1072\" src=\"https:\/\/www.svalbard.fr\/actualites\/wp-content\/uploads\/2023\/12\/1701435646_632_73-Vivre-a-Mandal-dans-le-sud-de-la-Norvege.jpg\" alt=\"Agn\u00e8s \u00e0 Hovden.\" class=\"wp-image-77849\"  data-><noscript><img loading=\"lazy\" decoding=\"async\" width=\"804\" height=\"1072\" src=\"https:\/\/www.svalbard.fr\/actualites\/wp-content\/uploads\/2023\/12\/1701435646_632_73-Vivre-a-Mandal-dans-le-sud-de-la-Norvege.jpg\" alt=\"Agn\u00e8s \u00e0 Hovden.\" class=\"wp-image-77849\"  ><\/noscript><\/figure>\n<p>\u00ab Quand j\u2019ai d\u00e9m\u00e9nag\u00e9 \u00e0 Mandal, j\u2019avais pour r\u00e8gle de dire oui \u00e0 tout la premi\u00e8re ann\u00e9e.  C&rsquo;est \u00e9puisant de socialiser et surtout quand ce n&rsquo;est pas dans votre langue, mais je savais que la premi\u00e8re ann\u00e9e \u00e9tait mon opportunit\u00e9.<\/p>\n<h2 class=\"wp-block-heading\">Pr\u00e9sentation de Mandal<\/h2>\n<p>Mandal est une petite ville norv\u00e9gienne d&rsquo;environ 10 000 habitants situ\u00e9e sur la c\u00f4te sud de la Norv\u00e8ge, \u00e0 environ 30 minutes \u00e0 l&rsquo;ouest de Kristiansand.  Comme de nombreuses villes c\u00f4ti\u00e8res du sud, Mandal est connue pour ses maisons blanches en bois, ses plages et son port anim\u00e9.<\/p>\n<p>Agn\u00e8s consid\u00e8re la plage de Sj\u00f8sanden comme l&rsquo;un de ses endroits pr\u00e9f\u00e9r\u00e9s de la ville : \u00ab\u00a0C&rsquo;est une immense plage de sable qui pourrait se trouver en Espagne ou au Portugal, mais d\u00e8s que l&rsquo;on quitte le sable, il y a une for\u00eat \u00e9paisse et dense avec de magnifiques sentiers de randonn\u00e9e.\u00a0\u00bb<\/p>\n<h2 class=\"wp-block-heading\">Liens du spectacle<\/h2>\n<\/div>\n","protected":false},"excerpt":{"rendered":"<p>Life in Norway Show \u00c9pisode n\u00b073\u00a0: Agnes Erickson rejoint le podcast pour parler de son d\u00e9m\u00e9nagement de la Californie vers la Norv\u00e8ge et de la<\/p>\n","protected":false},"author":1,"featured_media":349,"comment_status":"closed","ping_status":"","sticky":false,"template":"","format":"standard","meta":{"footnotes":""},"categories":[1],"tags":[54,517,6,518,516],"yoast_head":"<!-- This site is optimized with the Yoast SEO plugin v21.0 - https:\/\/yoast.com\/wordpress\/plugins\/seo\/ -->\n<title>73\u00a0: Vivre \u00e0 Mandal, dans le sud de la Norv\u00e8ge<\/title>\n<meta name=\"robots\" content=\"index, follow, max-snippet:-1, max-image-preview:large, max-video-preview:-1\" \/>\n<link rel=\"canonical\" href=\"https:\/\/www.svalbard.fr\/actualites\/73-vivre-a-mandal-dans-le-sud-de-la-norvege\/\" \/>\n<meta property=\"og:locale\" content=\"fr_FR\" \/>\n<meta property=\"og:type\" content=\"article\" \/>\n<meta property=\"og:title\" content=\"73\u00a0: Vivre \u00e0 Mandal, dans le sud de la Norv\u00e8ge\" \/>\n<meta property=\"og:description\" content=\"Life in Norway Show \u00c9pisode n\u00b073\u00a0: Agnes Erickson rejoint le podcast pour parler de son d\u00e9m\u00e9nagement de la Californie vers la Norv\u00e8ge et de la\" \/>\n<meta property=\"og:url\" content=\"https:\/\/www.svalbard.fr\/actualites\/73-vivre-a-mandal-dans-le-sud-de-la-norvege\/\" \/>\n<meta property=\"og:site_name\" content=\"www.Svalbard.fr\" \/>\n<meta property=\"article:published_time\" content=\"2023-12-01T13:00:46+00:00\" \/>\n<meta property=\"article:modified_time\" content=\"2023-12-01T13:00:50+00:00\" \/>\n<meta property=\"og:image\" content=\"https:\/\/www.svalbard.fr\/actualites\/wp-content\/uploads\/2023\/12\/1701435648_73-Vivre-a-Mandal-dans-le-sud-de-la-Norvege.jpeg\" \/>\n\t<meta property=\"og:image:width\" content=\"1640\" \/>\n\t<meta property=\"og:image:height\" content=\"924\" \/>\n\t<meta property=\"og:image:type\" content=\"image\/jpeg\" \/>\n<meta name=\"author\" content=\"Hilmar\" \/>\n<meta name=\"twitter:card\" content=\"summary_large_image\" \/>\n<meta name=\"twitter:label1\" content=\"\u00c9crit par\" \/>\n\t<meta name=\"twitter:data1\" content=\"Hilmar\" \/>\n\t<meta name=\"twitter:label2\" content=\"Dur\u00e9e de lecture estim\u00e9e\" \/>\n\t<meta name=\"twitter:data2\" content=\"2 minutes\" \/>\n<script type=\"application\/ld+json\" class=\"yoast-schema-graph\">{\"@context\":\"https:\/\/schema.org\",\"@graph\":[{\"@type\":\"Article\",\"@id\":\"https:\/\/www.svalbard.fr\/actualites\/73-vivre-a-mandal-dans-le-sud-de-la-norvege\/#article\",\"isPartOf\":{\"@id\":\"https:\/\/www.svalbard.fr\/actualites\/73-vivre-a-mandal-dans-le-sud-de-la-norvege\/\"},\"author\":{\"name\":\"Hilmar\",\"@id\":\"https:\/\/www.svalbard.fr\/actualites\/#\/schema\/person\/a2f937d5712222366738fae98755c600\"},\"headline\":\"73\u00a0: Vivre \u00e0 Mandal, dans le sud de la Norv\u00e8ge\",\"datePublished\":\"2023-12-01T13:00:46+00:00\",\"dateModified\":\"2023-12-01T13:00:50+00:00\",\"mainEntityOfPage\":{\"@id\":\"https:\/\/www.svalbard.fr\/actualites\/73-vivre-a-mandal-dans-le-sud-de-la-norvege\/\"},\"wordCount\":479,\"publisher\":{\"@id\":\"https:\/\/www.svalbard.fr\/actualites\/#organization\"},\"keywords\":[\"dans\",\"Mandal\",\"Norv\u00e8ge\",\"sud\",\"Vivre\"],\"articleSection\":[\"Svalbard\"],\"inLanguage\":\"fr-FR\"},{\"@type\":\"WebPage\",\"@id\":\"https:\/\/www.svalbard.fr\/actualites\/73-vivre-a-mandal-dans-le-sud-de-la-norvege\/\",\"url\":\"https:\/\/www.svalbard.fr\/actualites\/73-vivre-a-mandal-dans-le-sud-de-la-norvege\/\",\"name\":\"73\u00a0: Vivre \u00e0 Mandal, dans le sud de la Norv\u00e8ge\",\"isPartOf\":{\"@id\":\"https:\/\/www.svalbard.fr\/actualites\/#website\"},\"datePublished\":\"2023-12-01T13:00:46+00:00\",\"dateModified\":\"2023-12-01T13:00:50+00:00\",\"breadcrumb\":{\"@id\":\"https:\/\/www.svalbard.fr\/actualites\/73-vivre-a-mandal-dans-le-sud-de-la-norvege\/#breadcrumb\"},\"inLanguage\":\"fr-FR\",\"potentialAction\":[{\"@type\":\"ReadAction\",\"target\":[\"https:\/\/www.svalbard.fr\/actualites\/73-vivre-a-mandal-dans-le-sud-de-la-norvege\/\"]}]},{\"@type\":\"BreadcrumbList\",\"@id\":\"https:\/\/www.svalbard.fr\/actualites\/73-vivre-a-mandal-dans-le-sud-de-la-norvege\/#breadcrumb\",\"itemListElement\":[{\"@type\":\"ListItem\",\"position\":1,\"name\":\"Accueil\",\"item\":\"https:\/\/www.svalbard.fr\/actualites\/\"},{\"@type\":\"ListItem\",\"position\":2,\"name\":\"73\u00a0: Vivre \u00e0 Mandal, dans le sud de la Norv\u00e8ge\"}]},{\"@type\":\"WebSite\",\"@id\":\"https:\/\/www.svalbard.fr\/actualites\/#website\",\"url\":\"https:\/\/www.svalbard.fr\/actualites\/\",\"name\":\"www.Svalbard.fr\",\"description\":\"\",\"publisher\":{\"@id\":\"https:\/\/www.svalbard.fr\/actualites\/#organization\"},\"potentialAction\":[{\"@type\":\"SearchAction\",\"target\":{\"@type\":\"EntryPoint\",\"urlTemplate\":\"https:\/\/www.svalbard.fr\/actualites\/?s={search_term_string}\"},\"query-input\":\"required name=search_term_string\"}],\"inLanguage\":\"fr-FR\"},{\"@type\":\"Organization\",\"@id\":\"https:\/\/www.svalbard.fr\/actualites\/#organization\",\"name\":\"www.Svalbard.fr\",\"url\":\"https:\/\/www.svalbard.fr\/actualites\/\",\"logo\":{\"@type\":\"ImageObject\",\"inLanguage\":\"fr-FR\",\"@id\":\"https:\/\/www.svalbard.fr\/actualites\/#\/schema\/logo\/image\/\",\"url\":\"https:\/\/www.svalbard.fr\/actualites\/wp-content\/uploads\/2023\/09\/head-nom.jpg\",\"contentUrl\":\"https:\/\/www.svalbard.fr\/actualites\/wp-content\/uploads\/2023\/09\/head-nom.jpg\",\"width\":264,\"height\":35,\"caption\":\"www.Svalbard.fr\"},\"image\":{\"@id\":\"https:\/\/www.svalbard.fr\/actualites\/#\/schema\/logo\/image\/\"}},{\"@type\":\"Person\",\"@id\":\"https:\/\/www.svalbard.fr\/actualites\/#\/schema\/person\/a2f937d5712222366738fae98755c600\",\"name\":\"Hilmar\",\"image\":{\"@type\":\"ImageObject\",\"inLanguage\":\"fr-FR\",\"@id\":\"https:\/\/www.svalbard.fr\/actualites\/#\/schema\/person\/image\/\",\"url\":\"https:\/\/secure.gravatar.com\/avatar\/4daa437093476dbc32da415c112b6512?s=96&d=mm&r=g\",\"contentUrl\":\"https:\/\/secure.gravatar.com\/avatar\/4daa437093476dbc32da415c112b6512?s=96&d=mm&r=g\",\"caption\":\"Hilmar\"},\"description\":\"Hilmar est un passionn\u00e9 des r\u00e9gions polaires, sp\u00e9cialis\u00e9 dans la r\u00e9daction d'articles sur le Spitzberg et autres destinations arctiques. Il apporte son expertise et sa passion pour l'Arctique au sein de l'\u00e9quipe de r\u00e9daction de Svalbard depuis de nombreuses ann\u00e9es.\",\"sameAs\":[\"https:\/\/www.svalbard.fr\/\"]}]}<\/script>\n<!-- \/ Yoast SEO plugin. -->","yoast_head_json":{"title":"73\u00a0: Vivre \u00e0 Mandal, dans le sud de la Norv\u00e8ge","robots":{"index":"index","follow":"follow","max-snippet":"max-snippet:-1","max-image-preview":"max-image-preview:large","max-video-preview":"max-video-preview:-1"},"canonical":"https:\/\/www.svalbard.fr\/actualites\/73-vivre-a-mandal-dans-le-sud-de-la-norvege\/","og_locale":"fr_FR","og_type":"article","og_title":"73\u00a0: Vivre \u00e0 Mandal, dans le sud de la Norv\u00e8ge","og_description":"Life in Norway Show \u00c9pisode n\u00b073\u00a0: Agnes Erickson rejoint le podcast pour parler de son d\u00e9m\u00e9nagement de la Californie vers la Norv\u00e8ge et de la","og_url":"https:\/\/www.svalbard.fr\/actualites\/73-vivre-a-mandal-dans-le-sud-de-la-norvege\/","og_site_name":"www.Svalbard.fr","article_published_time":"2023-12-01T13:00:46+00:00","article_modified_time":"2023-12-01T13:00:50+00:00","og_image":[{"width":1640,"height":924,"url":"https:\/\/www.svalbard.fr\/actualites\/wp-content\/uploads\/2023\/12\/1701435648_73-Vivre-a-Mandal-dans-le-sud-de-la-Norvege.jpeg","type":"image\/jpeg"}],"author":"Hilmar","twitter_card":"summary_large_image","twitter_misc":{"\u00c9crit par":"Hilmar","Dur\u00e9e de lecture estim\u00e9e":"2 minutes"},"schema":{"@context":"https:\/\/schema.org","@graph":[{"@type":"Article","@id":"https:\/\/www.svalbard.fr\/actualites\/73-vivre-a-mandal-dans-le-sud-de-la-norvege\/#article","isPartOf":{"@id":"https:\/\/www.svalbard.fr\/actualites\/73-vivre-a-mandal-dans-le-sud-de-la-norvege\/"},"author":{"name":"Hilmar","@id":"https:\/\/www.svalbard.fr\/actualites\/#\/schema\/person\/a2f937d5712222366738fae98755c600"},"headline":"73\u00a0: Vivre \u00e0 Mandal, dans le sud de la Norv\u00e8ge","datePublished":"2023-12-01T13:00:46+00:00","dateModified":"2023-12-01T13:00:50+00:00","mainEntityOfPage":{"@id":"https:\/\/www.svalbard.fr\/actualites\/73-vivre-a-mandal-dans-le-sud-de-la-norvege\/"},"wordCount":479,"publisher":{"@id":"https:\/\/www.svalbard.fr\/actualites\/#organization"},"keywords":["dans","Mandal","Norv\u00e8ge","sud","Vivre"],"articleSection":["Svalbard"],"inLanguage":"fr-FR"},{"@type":"WebPage","@id":"https:\/\/www.svalbard.fr\/actualites\/73-vivre-a-mandal-dans-le-sud-de-la-norvege\/","url":"https:\/\/www.svalbard.fr\/actualites\/73-vivre-a-mandal-dans-le-sud-de-la-norvege\/","name":"73\u00a0: Vivre \u00e0 Mandal, dans le sud de la Norv\u00e8ge","isPartOf":{"@id":"https:\/\/www.svalbard.fr\/actualites\/#website"},"datePublished":"2023-12-01T13:00:46+00:00","dateModified":"2023-12-01T13:00:50+00:00","breadcrumb":{"@id":"https:\/\/www.svalbard.fr\/actualites\/73-vivre-a-mandal-dans-le-sud-de-la-norvege\/#breadcrumb"},"inLanguage":"fr-FR","potentialAction":[{"@type":"ReadAction","target":["https:\/\/www.svalbard.fr\/actualites\/73-vivre-a-mandal-dans-le-sud-de-la-norvege\/"]}]},{"@type":"BreadcrumbList","@id":"https:\/\/www.svalbard.fr\/actualites\/73-vivre-a-mandal-dans-le-sud-de-la-norvege\/#breadcrumb","itemListElement":[{"@type":"ListItem","position":1,"name":"Accueil","item":"https:\/\/www.svalbard.fr\/actualites\/"},{"@type":"ListItem","position":2,"name":"73\u00a0: Vivre \u00e0 Mandal, dans le sud de la Norv\u00e8ge"}]},{"@type":"WebSite","@id":"https:\/\/www.svalbard.fr\/actualites\/#website","url":"https:\/\/www.svalbard.fr\/actualites\/","name":"www.Svalbard.fr","description":"","publisher":{"@id":"https:\/\/www.svalbard.fr\/actualites\/#organization"},"potentialAction":[{"@type":"SearchAction","target":{"@type":"EntryPoint","urlTemplate":"https:\/\/www.svalbard.fr\/actualites\/?s={search_term_string}"},"query-input":"required name=search_term_string"}],"inLanguage":"fr-FR"},{"@type":"Organization","@id":"https:\/\/www.svalbard.fr\/actualites\/#organization","name":"www.Svalbard.fr","url":"https:\/\/www.svalbard.fr\/actualites\/","logo":{"@type":"ImageObject","inLanguage":"fr-FR","@id":"https:\/\/www.svalbard.fr\/actualites\/#\/schema\/logo\/image\/","url":"https:\/\/www.svalbard.fr\/actualites\/wp-content\/uploads\/2023\/09\/head-nom.jpg","contentUrl":"https:\/\/www.svalbard.fr\/actualites\/wp-content\/uploads\/2023\/09\/head-nom.jpg","width":264,"height":35,"caption":"www.Svalbard.fr"},"image":{"@id":"https:\/\/www.svalbard.fr\/actualites\/#\/schema\/logo\/image\/"}},{"@type":"Person","@id":"https:\/\/www.svalbard.fr\/actualites\/#\/schema\/person\/a2f937d5712222366738fae98755c600","name":"Hilmar","image":{"@type":"ImageObject","inLanguage":"fr-FR","@id":"https:\/\/www.svalbard.fr\/actualites\/#\/schema\/person\/image\/","url":"https:\/\/secure.gravatar.com\/avatar\/4daa437093476dbc32da415c112b6512?s=96&d=mm&r=g","contentUrl":"https:\/\/secure.gravatar.com\/avatar\/4daa437093476dbc32da415c112b6512?s=96&d=mm&r=g","caption":"Hilmar"},"description":"Hilmar est un passionn\u00e9 des r\u00e9gions polaires, sp\u00e9cialis\u00e9 dans la r\u00e9daction d'articles sur le Spitzberg et autres destinations arctiques. Il apporte son expertise et sa passion pour l'Arctique au sein de l'\u00e9quipe de r\u00e9daction de Svalbard depuis de nombreuses ann\u00e9es.","sameAs":["https:\/\/www.svalbard.fr\/"]}]}},"_links":{"self":[{"href":"https:\/\/www.svalbard.fr\/actualites\/wp-json\/wp\/v2\/posts\/348"}],"collection":[{"href":"https:\/\/www.svalbard.fr\/actualites\/wp-json\/wp\/v2\/posts"}],"about":[{"href":"https:\/\/www.svalbard.fr\/actualites\/wp-json\/wp\/v2\/types\/post"}],"author":[{"embeddable":true,"href":"https:\/\/www.svalbard.fr\/actualites\/wp-json\/wp\/v2\/users\/1"}],"replies":[{"embeddable":true,"href":"https:\/\/www.svalbard.fr\/actualites\/wp-json\/wp\/v2\/comments?post=348"}],"version-history":[{"count":1,"href":"https:\/\/www.svalbard.fr\/actualites\/wp-json\/wp\/v2\/posts\/348\/revisions"}],"predecessor-version":[{"id":350,"href":"https:\/\/www.svalbard.fr\/actualites\/wp-json\/wp\/v2\/posts\/348\/revisions\/350"}],"wp:featuredmedia":[{"embeddable":true,"href":"https:\/\/www.svalbard.fr\/actualites\/wp-json\/wp\/v2\/media\/349"}],"wp:attachment":[{"href":"https:\/\/www.svalbard.fr\/actualites\/wp-json\/wp\/v2\/media?parent=348"}],"wp:term":[{"taxonomy":"category","embeddable":true,"href":"https:\/\/www.svalbard.fr\/actualites\/wp-json\/wp\/v2\/categories?post=348"},{"taxonomy":"post_tag","embeddable":true,"href":"https:\/\/www.svalbard.fr\/actualites\/wp-json\/wp\/v2\/tags?post=348"}],"curies":[{"name":"wp","href":"https:\/\/api.w.org\/{rel}","templated":true}]}}