{"id":3499,"date":"2025-05-02T15:30:00","date_gmt":"2025-05-02T13:30:00","guid":{"rendered":"https:\/\/www.svalbard.fr\/actualites\/?p=3499"},"modified":"2025-04-29T11:30:26","modified_gmt":"2025-04-29T09:30:26","slug":"pourquoi-la-piece-de-2e-dediee-a-jacques-chirac-est-devenue-un-objet-culte-pour-les-collectionneurs","status":"publish","type":"post","link":"https:\/\/www.svalbard.fr\/actualites\/pourquoi-la-piece-de-2e-dediee-a-jacques-chirac-est-devenue-un-objet-culte-pour-les-collectionneurs\/","title":{"rendered":"Pourquoi la pi\u00e8ce de 2\u20ac d\u00e9di\u00e9e \u00e0 Jacques Chirac est devenue un objet culte pour les collectionneurs"},"content":{"rendered":"\n<p><strong><em>La pi\u00e8ce de 2 euros d\u00e9di\u00e9e \u00e0 Jacques Chirac est devenue bien plus qu\u2019un simple moyen de paiement ; elle est d\u00e9sormais un objet de collection recherch\u00e9 et pris\u00e9. Son importance historique et sa raret\u00e9 en font une pi\u00e8ce incontournable pour les passionn\u00e9s de numismatique. Mais pourquoi cette pi\u00e8ce, \u00e9mise pour comm\u00e9morer l\u2019\u0153uvre de Jacques Chirac, est-elle devenue une v\u00e9ritable ic\u00f4ne parmi les collectionneurs ?<\/em><\/strong><\/p>\n\n\n\n<!--more-->\n\n\n\n<h2 class=\"wp-block-heading\">Jacques Chirac et l\u2019introduction de l\u2019euro<\/h2>\n\n\n\n<p>L\u2019histoire de cette pi\u00e8ce commence le 21 novembre 2000, lorsque Jacques Chirac, alors pr\u00e9sident de la R\u00e9publique fran\u00e7aise, a pr\u00e9sent\u00e9 les premi\u00e8res pi\u00e8ces en euros. Cette monnaie a \u00e9t\u00e9 mise en circulation le 1er janvier 2002, marquant le d\u00e9but d&rsquo;une \u00e8re nouvelle pour l&rsquo;Europe. La <a href=\"https:\/\/www.svalbard.fr\/actualites\/cette-piece-de-2-euros-peut-valoir-jusqua-3-000-e-avez-vous-la-bonne-dans-votre-porte-monnaie\/\"><strong>pi\u00e8ce de 2 euros<\/strong><\/a>, en particulier, se distingue par un design <strong>symbolique<\/strong> et une valeur culturelle importante. Le c\u00f4t\u00e9 national des pi\u00e8ces en euros, choisi personnellement par Chirac, affiche un <strong>arbre<\/strong> symbolique entour\u00e9 de la devise <strong>\u00ab Libert\u00e9, \u00c9galit\u00e9, Fraternit\u00e9 \u00bb<\/strong>, des valeurs essentielles \u00e0 la fois pour la <strong>R\u00e9publique fran\u00e7aise<\/strong> et l\u2019Europe.<\/p>\n\n\n\n<h2 class=\"wp-block-heading\">Les caract\u00e9ristiques de la pi\u00e8ce comm\u00e9morative<\/h2>\n\n\n\n<p>La pi\u00e8ce de 2 euros d\u00e9di\u00e9e \u00e0 Jacques Chirac est un exemple parfait de <strong>monnaie comm\u00e9morative<\/strong>. Elle a \u00e9t\u00e9 frapp\u00e9e en \u00e9dition limit\u00e9e pour souligner la contribution majeure de Chirac \u00e0 la politique fran\u00e7aise et europ\u00e9enne. Parmi ses caract\u00e9ristiques les plus remarquables :<\/p>\n\n\n\n<ul>\n<li><strong>Mat\u00e9riaux<\/strong> : Elle est fabriqu\u00e9e en <strong>bim\u00e9tal<\/strong>, avec un noyau en nickel et un anneau en laiton, offrant une <strong>durabilit\u00e9<\/strong> et une r\u00e9sistance exceptionnelles.<\/li>\n\n\n\n<li><strong>Design comm\u00e9moratif<\/strong> : Le portrait stylis\u00e9 de Jacques Chirac orne le recto, accompagn\u00e9 de la date de sa pr\u00e9sidence, immortalisant son r\u00f4le dans l&rsquo;histoire.<\/li>\n\n\n\n<li><strong>\u00c9dition limit\u00e9e<\/strong> : Cette pi\u00e8ce a \u00e9t\u00e9 frapp\u00e9e en un nombre restreint d&rsquo;exemplaires, ce qui en fait un v\u00e9ritable <strong>objet rare<\/strong> et tr\u00e8s recherch\u00e9.<\/li>\n<\/ul>\n\n\n\n<h2 class=\"wp-block-heading\">La valeur de collection : un march\u00e9 dynamique<\/h2>\n\n\n\n<p>La valeur de cette pi\u00e8ce varie en fonction de plusieurs \u00e9l\u00e9ments cl\u00e9s, notamment :<\/p>\n\n\n\n<ul>\n<li><strong>Raret\u00e9<\/strong> : L\u2019\u00e9dition limit\u00e9e de cette pi\u00e8ce la rend difficile \u00e0 trouver, ce qui augmente son attrait pour les <a href=\"https:\/\/www.svalbard.fr\/actualites\/pieces-euro-avec-defauts-ces-erreurs-valent-une-petite-fortune-aux-collectionneurs\/\"><strong>collectionneurs<\/strong><\/a>.<\/li>\n\n\n\n<li><strong>\u00c9tat de conservation<\/strong> : Les pi\u00e8ces qui n&rsquo;ont pas circul\u00e9, ou celles en parfait \u00e9tat, peuvent atteindre des prix bien plus \u00e9lev\u00e9s que celles qui ont \u00e9t\u00e9 utilis\u00e9es.<\/li>\n\n\n\n<li><strong>Demande du march\u00e9<\/strong> : L\u2019engouement pour Jacques Chirac et son r\u00f4le historique en Europe alimente la demande pour cette pi\u00e8ce, avec des <strong>prix<\/strong> qui peuvent d\u00e9passer les 2 euros initiaux.<\/li>\n<\/ul>\n\n\n\n<p>Certaines pi\u00e8ces peuvent ainsi se vendre \u00e0 plusieurs centaines d&rsquo;euros, selon leur \u00e9tat et leur authenticit\u00e9. Les collectionneurs avertis cherchent des pi\u00e8ces qui allient <strong>histoire<\/strong> et <strong>qualit\u00e9<\/strong>.<\/p>\n\n\n\n<h2 class=\"wp-block-heading\">O\u00f9 acheter ou vendre la pi\u00e8ce ?<\/h2>\n\n\n\n<p>Pour ceux qui souhaitent enrichir leur collection, plusieurs options s\u2019offrent \u00e0 eux :<\/p>\n\n\n\n<ul>\n<li><strong>Monnaie de Paris<\/strong> : En tant qu\u2019organisme officiel de frappe des monnaies en France, la Monnaie de Paris garantit l&rsquo;authenticit\u00e9 des pi\u00e8ces qu\u2019elle produit.<\/li>\n\n\n\n<li><strong>Marchands sp\u00e9cialis\u00e9s<\/strong> : Les magasins de pi\u00e8ces de monnaie et les sites d\u2019ench\u00e8res en ligne sont des lieux s\u00fbrs pour trouver des pi\u00e8ces authentiques.<\/li>\n\n\n\n<li><strong>Foires numismatiques<\/strong> : Ces \u00e9v\u00e9nements sont l&rsquo;occasion id\u00e9ale pour rencontrer des experts et \u00e9changer des pi\u00e8ces rares avec d&rsquo;autres passionn\u00e9s.<\/li>\n<\/ul>\n\n\n\n<h2 class=\"wp-block-heading\">Attention aux contrefa\u00e7ons<\/h2>\n\n\n\n<p>Le march\u00e9 des pi\u00e8ces comm\u00e9moratives, bien que fascinant, n\u2019est pas exempt de risques. Les contrefa\u00e7ons sont courantes, et il est essentiel de v\u00e9rifier l\u2019authenticit\u00e9 des pi\u00e8ces avant d\u2019effectuer un achat. Pour \u00e9viter les mauvaises surprises, il est recommand\u00e9 de s\u2019adresser \u00e0 des <strong>experts<\/strong> certifi\u00e9s ou \u00e0 des marchands reconnus pour garantir l&rsquo;authenticit\u00e9 des pi\u00e8ces.<\/p>\n\n\n\n<h2 class=\"wp-block-heading\">Conclusion : un investissement culturel et \u00e9conomique<\/h2>\n\n\n\n<p>La pi\u00e8ce de 2 euros d\u00e9di\u00e9e \u00e0 Jacques Chirac est bien plus qu\u2019une simple <strong><a href=\"https:\/\/www.svalbard.fr\/actualites\/ces-pieces-de-2-e-rares-peuvent-valoir-une-fortune-jetez-un-oeil-a-votre-porte-monnaie\/\">monnaie de circulation<\/a><\/strong>. Elle incarne un moment cl\u00e9 de l\u2019histoire de l\u2019Europe et un hommage \u00e0 l\u2019\u0153uvre de Jacques Chirac. Pour les collectionneurs, c\u2019est un v\u00e9ritable investissement <strong>culturel<\/strong> et <strong>\u00e9conomique<\/strong>. Si vous avez la chance de poss\u00e9der une de ces pi\u00e8ces ou si vous envisagez d\u2019en acqu\u00e9rir une, assurez-vous de la stocker correctement et de vous tourner vers des <strong>vendeurs de confiance<\/strong> pour garantir sa valeur et son authenticit\u00e9.<\/p>\n","protected":false},"excerpt":{"rendered":"<p>La pi\u00e8ce de 2 euros d\u00e9di\u00e9e \u00e0 Jacques Chirac est devenue bien plus qu\u2019un simple moyen de paiement ; elle est d\u00e9sormais un objet de<\/p>\n","protected":false},"author":3,"featured_media":3501,"comment_status":"closed","ping_status":"closed","sticky":false,"template":"","format":"standard","meta":{"footnotes":""},"categories":[1725],"tags":[],"yoast_head":"<!-- This site is optimized with the Yoast SEO plugin v21.0 - https:\/\/yoast.com\/wordpress\/plugins\/seo\/ -->\n<title>Pourquoi la pi\u00e8ce de 2\u20ac d\u00e9di\u00e9e \u00e0 Jacques Chirac est devenue un objet culte pour les collectionneurs<\/title>\n<meta name=\"robots\" content=\"index, follow, max-snippet:-1, max-image-preview:large, max-video-preview:-1\" \/>\n<link rel=\"canonical\" href=\"https:\/\/www.svalbard.fr\/actualites\/pourquoi-la-piece-de-2e-dediee-a-jacques-chirac-est-devenue-un-objet-culte-pour-les-collectionneurs\/\" \/>\n<meta property=\"og:locale\" content=\"fr_FR\" \/>\n<meta property=\"og:type\" content=\"article\" \/>\n<meta property=\"og:title\" content=\"Pourquoi la pi\u00e8ce de 2\u20ac d\u00e9di\u00e9e \u00e0 Jacques Chirac est devenue un objet culte pour les collectionneurs\" \/>\n<meta property=\"og:description\" content=\"La pi\u00e8ce de 2 euros d\u00e9di\u00e9e \u00e0 Jacques Chirac est devenue bien plus qu\u2019un simple moyen de paiement ; elle est d\u00e9sormais un objet de\" \/>\n<meta property=\"og:url\" content=\"https:\/\/www.svalbard.fr\/actualites\/pourquoi-la-piece-de-2e-dediee-a-jacques-chirac-est-devenue-un-objet-culte-pour-les-collectionneurs\/\" \/>\n<meta property=\"og:site_name\" content=\"www.Svalbard.fr\" \/>\n<meta property=\"article:published_time\" content=\"2025-05-02T13:30:00+00:00\" \/>\n<meta property=\"article:modified_time\" content=\"2025-04-29T09:30:26+00:00\" \/>\n<meta property=\"og:image\" content=\"https:\/\/www.svalbard.fr\/actualites\/wp-content\/uploads\/2025\/04\/piece-de-2E-dediee-a-Jacques-Chirac-1.jpg\" \/>\n\t<meta property=\"og:image:width\" content=\"1200\" \/>\n\t<meta property=\"og:image:height\" content=\"800\" \/>\n\t<meta property=\"og:image:type\" content=\"image\/jpeg\" \/>\n<meta name=\"author\" content=\"Guillaume Chen\" \/>\n<meta name=\"twitter:card\" content=\"summary_large_image\" \/>\n<meta name=\"twitter:label1\" content=\"\u00c9crit par\" \/>\n\t<meta name=\"twitter:data1\" content=\"Guillaume Chen\" \/>\n\t<meta name=\"twitter:label2\" content=\"Dur\u00e9e de lecture estim\u00e9e\" \/>\n\t<meta name=\"twitter:data2\" content=\"4 minutes\" \/>\n<script type=\"application\/ld+json\" class=\"yoast-schema-graph\">{\"@context\":\"https:\/\/schema.org\",\"@graph\":[{\"@type\":\"Article\",\"@id\":\"https:\/\/www.svalbard.fr\/actualites\/pourquoi-la-piece-de-2e-dediee-a-jacques-chirac-est-devenue-un-objet-culte-pour-les-collectionneurs\/#article\",\"isPartOf\":{\"@id\":\"https:\/\/www.svalbard.fr\/actualites\/pourquoi-la-piece-de-2e-dediee-a-jacques-chirac-est-devenue-un-objet-culte-pour-les-collectionneurs\/\"},\"author\":{\"name\":\"Guillaume Chen\",\"@id\":\"https:\/\/www.svalbard.fr\/actualites\/#\/schema\/person\/b9d185560b94bff7322d37cb676ee545\"},\"headline\":\"Pourquoi la pi\u00e8ce de 2\u20ac d\u00e9di\u00e9e \u00e0 Jacques Chirac est devenue un objet culte pour les collectionneurs\",\"datePublished\":\"2025-05-02T13:30:00+00:00\",\"dateModified\":\"2025-04-29T09:30:26+00:00\",\"mainEntityOfPage\":{\"@id\":\"https:\/\/www.svalbard.fr\/actualites\/pourquoi-la-piece-de-2e-dediee-a-jacques-chirac-est-devenue-un-objet-culte-pour-les-collectionneurs\/\"},\"wordCount\":741,\"publisher\":{\"@id\":\"https:\/\/www.svalbard.fr\/actualites\/#organization\"},\"articleSection\":[\"Tendances\"],\"inLanguage\":\"fr-FR\"},{\"@type\":\"WebPage\",\"@id\":\"https:\/\/www.svalbard.fr\/actualites\/pourquoi-la-piece-de-2e-dediee-a-jacques-chirac-est-devenue-un-objet-culte-pour-les-collectionneurs\/\",\"url\":\"https:\/\/www.svalbard.fr\/actualites\/pourquoi-la-piece-de-2e-dediee-a-jacques-chirac-est-devenue-un-objet-culte-pour-les-collectionneurs\/\",\"name\":\"Pourquoi la pi\u00e8ce de 2\u20ac d\u00e9di\u00e9e \u00e0 Jacques Chirac est devenue un objet culte pour les collectionneurs\",\"isPartOf\":{\"@id\":\"https:\/\/www.svalbard.fr\/actualites\/#website\"},\"datePublished\":\"2025-05-02T13:30:00+00:00\",\"dateModified\":\"2025-04-29T09:30:26+00:00\",\"breadcrumb\":{\"@id\":\"https:\/\/www.svalbard.fr\/actualites\/pourquoi-la-piece-de-2e-dediee-a-jacques-chirac-est-devenue-un-objet-culte-pour-les-collectionneurs\/#breadcrumb\"},\"inLanguage\":\"fr-FR\",\"potentialAction\":[{\"@type\":\"ReadAction\",\"target\":[\"https:\/\/www.svalbard.fr\/actualites\/pourquoi-la-piece-de-2e-dediee-a-jacques-chirac-est-devenue-un-objet-culte-pour-les-collectionneurs\/\"]}]},{\"@type\":\"BreadcrumbList\",\"@id\":\"https:\/\/www.svalbard.fr\/actualites\/pourquoi-la-piece-de-2e-dediee-a-jacques-chirac-est-devenue-un-objet-culte-pour-les-collectionneurs\/#breadcrumb\",\"itemListElement\":[{\"@type\":\"ListItem\",\"position\":1,\"name\":\"Accueil\",\"item\":\"https:\/\/www.svalbard.fr\/actualites\/\"},{\"@type\":\"ListItem\",\"position\":2,\"name\":\"Pourquoi la pi\u00e8ce de 2\u20ac d\u00e9di\u00e9e \u00e0 Jacques Chirac est devenue un objet culte pour les collectionneurs\"}]},{\"@type\":\"WebSite\",\"@id\":\"https:\/\/www.svalbard.fr\/actualites\/#website\",\"url\":\"https:\/\/www.svalbard.fr\/actualites\/\",\"name\":\"www.Svalbard.fr\",\"description\":\"\",\"publisher\":{\"@id\":\"https:\/\/www.svalbard.fr\/actualites\/#organization\"},\"potentialAction\":[{\"@type\":\"SearchAction\",\"target\":{\"@type\":\"EntryPoint\",\"urlTemplate\":\"https:\/\/www.svalbard.fr\/actualites\/?s={search_term_string}\"},\"query-input\":\"required name=search_term_string\"}],\"inLanguage\":\"fr-FR\"},{\"@type\":\"Organization\",\"@id\":\"https:\/\/www.svalbard.fr\/actualites\/#organization\",\"name\":\"www.Svalbard.fr\",\"url\":\"https:\/\/www.svalbard.fr\/actualites\/\",\"logo\":{\"@type\":\"ImageObject\",\"inLanguage\":\"fr-FR\",\"@id\":\"https:\/\/www.svalbard.fr\/actualites\/#\/schema\/logo\/image\/\",\"url\":\"https:\/\/www.svalbard.fr\/actualites\/wp-content\/uploads\/2023\/09\/head-nom.jpg\",\"contentUrl\":\"https:\/\/www.svalbard.fr\/actualites\/wp-content\/uploads\/2023\/09\/head-nom.jpg\",\"width\":264,\"height\":35,\"caption\":\"www.Svalbard.fr\"},\"image\":{\"@id\":\"https:\/\/www.svalbard.fr\/actualites\/#\/schema\/logo\/image\/\"}},{\"@type\":\"Person\",\"@id\":\"https:\/\/www.svalbard.fr\/actualites\/#\/schema\/person\/b9d185560b94bff7322d37cb676ee545\",\"name\":\"Guillaume Chen\",\"image\":{\"@type\":\"ImageObject\",\"inLanguage\":\"fr-FR\",\"@id\":\"https:\/\/www.svalbard.fr\/actualites\/#\/schema\/person\/image\/\",\"url\":\"https:\/\/secure.gravatar.com\/avatar\/0c3f9c94586035b795ad4049a06fb048?s=96&d=mm&r=g\",\"contentUrl\":\"https:\/\/secure.gravatar.com\/avatar\/0c3f9c94586035b795ad4049a06fb048?s=96&d=mm&r=g\",\"caption\":\"Guillaume Chen\"},\"sameAs\":[\"https:\/\/www.svalbard.fr\/\"]}]}<\/script>\n<!-- \/ Yoast SEO plugin. -->","yoast_head_json":{"title":"Pourquoi la pi\u00e8ce de 2\u20ac d\u00e9di\u00e9e \u00e0 Jacques Chirac est devenue un objet culte pour les collectionneurs","robots":{"index":"index","follow":"follow","max-snippet":"max-snippet:-1","max-image-preview":"max-image-preview:large","max-video-preview":"max-video-preview:-1"},"canonical":"https:\/\/www.svalbard.fr\/actualites\/pourquoi-la-piece-de-2e-dediee-a-jacques-chirac-est-devenue-un-objet-culte-pour-les-collectionneurs\/","og_locale":"fr_FR","og_type":"article","og_title":"Pourquoi la pi\u00e8ce de 2\u20ac d\u00e9di\u00e9e \u00e0 Jacques Chirac est devenue un objet culte pour les collectionneurs","og_description":"La pi\u00e8ce de 2 euros d\u00e9di\u00e9e \u00e0 Jacques Chirac est devenue bien plus qu\u2019un simple moyen de paiement ; elle est d\u00e9sormais un objet de","og_url":"https:\/\/www.svalbard.fr\/actualites\/pourquoi-la-piece-de-2e-dediee-a-jacques-chirac-est-devenue-un-objet-culte-pour-les-collectionneurs\/","og_site_name":"www.Svalbard.fr","article_published_time":"2025-05-02T13:30:00+00:00","article_modified_time":"2025-04-29T09:30:26+00:00","og_image":[{"width":1200,"height":800,"url":"https:\/\/www.svalbard.fr\/actualites\/wp-content\/uploads\/2025\/04\/piece-de-2E-dediee-a-Jacques-Chirac-1.jpg","type":"image\/jpeg"}],"author":"Guillaume Chen","twitter_card":"summary_large_image","twitter_misc":{"\u00c9crit par":"Guillaume Chen","Dur\u00e9e de lecture estim\u00e9e":"4 minutes"},"schema":{"@context":"https:\/\/schema.org","@graph":[{"@type":"Article","@id":"https:\/\/www.svalbard.fr\/actualites\/pourquoi-la-piece-de-2e-dediee-a-jacques-chirac-est-devenue-un-objet-culte-pour-les-collectionneurs\/#article","isPartOf":{"@id":"https:\/\/www.svalbard.fr\/actualites\/pourquoi-la-piece-de-2e-dediee-a-jacques-chirac-est-devenue-un-objet-culte-pour-les-collectionneurs\/"},"author":{"name":"Guillaume Chen","@id":"https:\/\/www.svalbard.fr\/actualites\/#\/schema\/person\/b9d185560b94bff7322d37cb676ee545"},"headline":"Pourquoi la pi\u00e8ce de 2\u20ac d\u00e9di\u00e9e \u00e0 Jacques Chirac est devenue un objet culte pour les collectionneurs","datePublished":"2025-05-02T13:30:00+00:00","dateModified":"2025-04-29T09:30:26+00:00","mainEntityOfPage":{"@id":"https:\/\/www.svalbard.fr\/actualites\/pourquoi-la-piece-de-2e-dediee-a-jacques-chirac-est-devenue-un-objet-culte-pour-les-collectionneurs\/"},"wordCount":741,"publisher":{"@id":"https:\/\/www.svalbard.fr\/actualites\/#organization"},"articleSection":["Tendances"],"inLanguage":"fr-FR"},{"@type":"WebPage","@id":"https:\/\/www.svalbard.fr\/actualites\/pourquoi-la-piece-de-2e-dediee-a-jacques-chirac-est-devenue-un-objet-culte-pour-les-collectionneurs\/","url":"https:\/\/www.svalbard.fr\/actualites\/pourquoi-la-piece-de-2e-dediee-a-jacques-chirac-est-devenue-un-objet-culte-pour-les-collectionneurs\/","name":"Pourquoi la pi\u00e8ce de 2\u20ac d\u00e9di\u00e9e \u00e0 Jacques Chirac est devenue un objet culte pour les collectionneurs","isPartOf":{"@id":"https:\/\/www.svalbard.fr\/actualites\/#website"},"datePublished":"2025-05-02T13:30:00+00:00","dateModified":"2025-04-29T09:30:26+00:00","breadcrumb":{"@id":"https:\/\/www.svalbard.fr\/actualites\/pourquoi-la-piece-de-2e-dediee-a-jacques-chirac-est-devenue-un-objet-culte-pour-les-collectionneurs\/#breadcrumb"},"inLanguage":"fr-FR","potentialAction":[{"@type":"ReadAction","target":["https:\/\/www.svalbard.fr\/actualites\/pourquoi-la-piece-de-2e-dediee-a-jacques-chirac-est-devenue-un-objet-culte-pour-les-collectionneurs\/"]}]},{"@type":"BreadcrumbList","@id":"https:\/\/www.svalbard.fr\/actualites\/pourquoi-la-piece-de-2e-dediee-a-jacques-chirac-est-devenue-un-objet-culte-pour-les-collectionneurs\/#breadcrumb","itemListElement":[{"@type":"ListItem","position":1,"name":"Accueil","item":"https:\/\/www.svalbard.fr\/actualites\/"},{"@type":"ListItem","position":2,"name":"Pourquoi la pi\u00e8ce de 2\u20ac d\u00e9di\u00e9e \u00e0 Jacques Chirac est devenue un objet culte pour les collectionneurs"}]},{"@type":"WebSite","@id":"https:\/\/www.svalbard.fr\/actualites\/#website","url":"https:\/\/www.svalbard.fr\/actualites\/","name":"www.Svalbard.fr","description":"","publisher":{"@id":"https:\/\/www.svalbard.fr\/actualites\/#organization"},"potentialAction":[{"@type":"SearchAction","target":{"@type":"EntryPoint","urlTemplate":"https:\/\/www.svalbard.fr\/actualites\/?s={search_term_string}"},"query-input":"required name=search_term_string"}],"inLanguage":"fr-FR"},{"@type":"Organization","@id":"https:\/\/www.svalbard.fr\/actualites\/#organization","name":"www.Svalbard.fr","url":"https:\/\/www.svalbard.fr\/actualites\/","logo":{"@type":"ImageObject","inLanguage":"fr-FR","@id":"https:\/\/www.svalbard.fr\/actualites\/#\/schema\/logo\/image\/","url":"https:\/\/www.svalbard.fr\/actualites\/wp-content\/uploads\/2023\/09\/head-nom.jpg","contentUrl":"https:\/\/www.svalbard.fr\/actualites\/wp-content\/uploads\/2023\/09\/head-nom.jpg","width":264,"height":35,"caption":"www.Svalbard.fr"},"image":{"@id":"https:\/\/www.svalbard.fr\/actualites\/#\/schema\/logo\/image\/"}},{"@type":"Person","@id":"https:\/\/www.svalbard.fr\/actualites\/#\/schema\/person\/b9d185560b94bff7322d37cb676ee545","name":"Guillaume Chen","image":{"@type":"ImageObject","inLanguage":"fr-FR","@id":"https:\/\/www.svalbard.fr\/actualites\/#\/schema\/person\/image\/","url":"https:\/\/secure.gravatar.com\/avatar\/0c3f9c94586035b795ad4049a06fb048?s=96&d=mm&r=g","contentUrl":"https:\/\/secure.gravatar.com\/avatar\/0c3f9c94586035b795ad4049a06fb048?s=96&d=mm&r=g","caption":"Guillaume Chen"},"sameAs":["https:\/\/www.svalbard.fr\/"]}]}},"_links":{"self":[{"href":"https:\/\/www.svalbard.fr\/actualites\/wp-json\/wp\/v2\/posts\/3499"}],"collection":[{"href":"https:\/\/www.svalbard.fr\/actualites\/wp-json\/wp\/v2\/posts"}],"about":[{"href":"https:\/\/www.svalbard.fr\/actualites\/wp-json\/wp\/v2\/types\/post"}],"author":[{"embeddable":true,"href":"https:\/\/www.svalbard.fr\/actualites\/wp-json\/wp\/v2\/users\/3"}],"replies":[{"embeddable":true,"href":"https:\/\/www.svalbard.fr\/actualites\/wp-json\/wp\/v2\/comments?post=3499"}],"version-history":[{"count":1,"href":"https:\/\/www.svalbard.fr\/actualites\/wp-json\/wp\/v2\/posts\/3499\/revisions"}],"predecessor-version":[{"id":3502,"href":"https:\/\/www.svalbard.fr\/actualites\/wp-json\/wp\/v2\/posts\/3499\/revisions\/3502"}],"wp:featuredmedia":[{"embeddable":true,"href":"https:\/\/www.svalbard.fr\/actualites\/wp-json\/wp\/v2\/media\/3501"}],"wp:attachment":[{"href":"https:\/\/www.svalbard.fr\/actualites\/wp-json\/wp\/v2\/media?parent=3499"}],"wp:term":[{"taxonomy":"category","embeddable":true,"href":"https:\/\/www.svalbard.fr\/actualites\/wp-json\/wp\/v2\/categories?post=3499"},{"taxonomy":"post_tag","embeddable":true,"href":"https:\/\/www.svalbard.fr\/actualites\/wp-json\/wp\/v2\/tags?post=3499"}],"curies":[{"name":"wp","href":"https:\/\/api.w.org\/{rel}","templated":true}]}}