{"id":3537,"date":"2025-05-04T07:50:00","date_gmt":"2025-05-04T05:50:00","guid":{"rendered":"https:\/\/www.svalbard.fr\/actualites\/?p=3537"},"modified":"2025-04-30T10:51:53","modified_gmt":"2025-04-30T08:51:53","slug":"fjern-disse-tingene-fra-soverommet-for-slutten-av-mars-for-bedre-helse","status":"publish","type":"post","link":"https:\/\/www.svalbard.fr\/actualites\/no\/fjern-disse-tingene-fra-soverommet-for-slutten-av-mars-for-bedre-helse\/","title":{"rendered":"Fjern disse tingene fra soverommet f\u00f8r slutten av mars for bedre helse"},"content":{"rendered":"\n<p><strong><em>Soverommet er stedet hvor vi tilbringer en tredjedel av livet v\u00e5rt, og selv om det meste av den tiden brukes til s\u00f8vn, b\u00f8r det v\u00e6re et helligdom for hvile \u2013 et rom som fremmer velv\u00e6re og god s\u00f8vnkvalitet. Hvis du har problemer med \u00e5 sove godt p\u00e5 kvelden, kan det v\u00e6re et tegn p\u00e5 at det er p\u00e5 tide \u00e5 rydde opp og skape et mer organisert og avslappende milj\u00f8.<\/em><\/strong><\/p>\n\n\n\n<!--more-->\n\n\n\n<h2 class=\"wp-block-heading\">Gj\u00f8r om soverommet til en \u00abv\u00e5r-tema\u00bb<\/h2>\n\n\n\n<p>Med v\u00e5ren rett rundt hj\u00f8rnet er dette en perfekt anledning til \u00e5 kvitte seg med un\u00f8dvendige eller til og med skadelige objekter som kan hindre s\u00f8vnen din. Et ryddig og godt organisert rom kan gj\u00f8re underverker for b\u00e5de <strong>s\u00f8vn<\/strong> og <strong>mental ro<\/strong>, samtidig som det reduserer den mentale spenningen som f\u00f8lger med uorden. For \u00e5 skape en avslappende atmosf\u00e6re, kan du begynne med \u00e5 velge en <strong>fargepalett<\/strong> som b\u00e5de tiltaler deg og har en beroligende effekt. Bruk naturlige materialer og praktiske oppbevaringsl\u00f8sninger for \u00e5 oppn\u00e5 en harmonisk stemning. For v\u00e5ren kan du tilf\u00f8ye noen <strong>pastellfarger<\/strong>, bytte ut tunge stoffer med lettere lin eller bomull, og plassere noen friske blomster i rommet.<\/p>\n\n\n\n<h2 class=\"wp-block-heading\">Feng Shui-prinsipper for et harmonisk soverom<\/h2>\n\n\n\n<p>\u00d8nsker du \u00e5 skape et virkelig beroligende rom, kan du hente inspirasjon fra <strong>Feng Shui<\/strong> \u2013 en kinesisk kunstform som fokuserer p\u00e5 \u00e5 balansere energien for \u00e5 fremme velv\u00e6re. Her er noen enkle prinsipper for \u00e5 skape et harmonisk soverom:<\/p>\n\n\n\n<ul>\n<li>Plasser sengen mot en vegg, unng\u00e5 \u00e5 ha den rett under et vindu, og ikke ha sengen i direkte linje med d\u00f8ren.<\/li>\n\n\n\n<li>Velg <strong>lette, n\u00f8ytrale farger<\/strong> for b\u00e5de vegger og m\u00f8bler.<\/li>\n\n\n\n<li>Fjern alle elektroniske apparater fra rommet for \u00e5 unng\u00e5 forstyrrelser.<\/li>\n\n\n\n<li>Unng\u00e5 skarpe kanter og skj\u00f8re materialer som speil og glass.<\/li>\n\n\n\n<li>Bruk <strong>myk og dempet belysning<\/strong> for \u00e5 skape en avslappende atmosf\u00e6re.<\/li>\n\n\n\n<li>Ikke overm\u00f8bler rommet med un\u00f8dvendige dekorasjoner eller m\u00f8bler.<\/li>\n\n\n\n<li>S\u00f8rg for \u00e5 lufte rommet regelmessig for \u00e5 slippe inn frisk luft og naturlig lys.<\/li>\n\n\n\n<li>Kvitt deg med alt som ikke har en funksjon i rommet \u2013 hvert objekt b\u00f8r ha en spesifikk rolle.<\/li>\n<\/ul>\n\n\n\n<h2 class=\"wp-block-heading\">Hvordan rydde p\u00e5 soverommet?<\/h2>\n\n\n\n<p>Soverommet kan lett bli et sted fylt med rot \u2013 fra skap og kommoder til nattbord og hyller. Men det er fullt mulig \u00e5 organisere rommet, og det kan til og med v\u00e6re en frigj\u00f8rende prosess. Begynn med de store m\u00f8blene, som sengen eller kommoden, og deretter kan du g\u00e5 videre til mindre skuffer og hyller. Det er viktig \u00e5 holde rommet <strong>rent<\/strong> og ta for vane \u00e5 rydde opp umiddelbart etter bruk. \u00c5 forlate et rom uten \u00e5 ta med deg noe kan f\u00f8re til at rotet bygger seg opp.<\/p>\n\n\n\n<p>En nyttig produktivitetsteknikk som <strong>Pomodoro-metoden<\/strong> eller <strong>20\/20-regelen<\/strong> kan gj\u00f8re ryddeprosessen mer strukturert og morsom. Og for \u00e5 gj\u00f8re det enda mer effektivt, involver familien i ryddeprosessen: sammen kan det bli en morsom aktivitet!<\/p>\n\n\n\n<h2 class=\"wp-block-heading\">Rydd opp for en bedre s\u00f8vn<\/h2>\n\n\n\n<p>Med v\u00e5ren p\u00e5 vei er det virkelig p\u00e5 tide \u00e5 bli kvitt de tingene som hindrer deg fra \u00e5 oppn\u00e5 den rolige s\u00f8vnen du trenger. Et ryddig og velorganisert soverom er n\u00f8kkelen til bedre s\u00f8vn og en mer klar mental tilstand. \u00c5 fjerne un\u00f8dvendige objekter fra soverommet kan bidra til \u00e5 forbedre b\u00e5de <strong>s\u00f8vnkvaliteten<\/strong> og <strong>mental helse<\/strong> \u2013 s\u00e5 hvorfor ikke starte denne v\u00e5ren med et friskere, mer avslappende soverom?<\/p>\n","protected":false},"excerpt":{"rendered":"<p>Soverommet er stedet hvor vi tilbringer en tredjedel av livet v\u00e5rt, og selv om det meste av den tiden brukes til s\u00f8vn, b\u00f8r det v\u00e6re<\/p>\n","protected":false},"author":3,"featured_media":3538,"comment_status":"closed","ping_status":"closed","sticky":false,"template":"","format":"standard","meta":{"footnotes":""},"categories":[4557],"tags":[],"yoast_head":"<!-- This site is optimized with the Yoast SEO plugin v21.0 - https:\/\/yoast.com\/wordpress\/plugins\/seo\/ -->\n<title>Fjern disse tingene fra soverommet f\u00f8r slutten av mars for bedre helse<\/title>\n<meta name=\"robots\" content=\"index, follow, max-snippet:-1, max-image-preview:large, max-video-preview:-1\" \/>\n<link rel=\"canonical\" href=\"https:\/\/www.svalbard.fr\/actualites\/no\/fjern-disse-tingene-fra-soverommet-for-slutten-av-mars-for-bedre-helse\/\" \/>\n<meta property=\"og:locale\" content=\"fr_FR\" \/>\n<meta property=\"og:type\" content=\"article\" \/>\n<meta property=\"og:title\" content=\"Fjern disse tingene fra soverommet f\u00f8r slutten av mars for bedre helse\" \/>\n<meta property=\"og:description\" content=\"Soverommet er stedet hvor vi tilbringer en tredjedel av livet v\u00e5rt, og selv om det meste av den tiden brukes til s\u00f8vn, b\u00f8r det v\u00e6re\" \/>\n<meta property=\"og:url\" content=\"https:\/\/www.svalbard.fr\/actualites\/no\/fjern-disse-tingene-fra-soverommet-for-slutten-av-mars-for-bedre-helse\/\" \/>\n<meta property=\"og:site_name\" content=\"www.Svalbard.fr\" \/>\n<meta property=\"article:published_time\" content=\"2025-05-04T05:50:00+00:00\" \/>\n<meta property=\"article:modified_time\" content=\"2025-04-30T08:51:53+00:00\" \/>\n<meta property=\"og:image\" content=\"https:\/\/www.svalbard.fr\/actualites\/wp-content\/uploads\/2025\/04\/Fjern-disse-tingene.jpg\" \/>\n\t<meta property=\"og:image:width\" content=\"1200\" \/>\n\t<meta property=\"og:image:height\" content=\"801\" \/>\n\t<meta property=\"og:image:type\" content=\"image\/jpeg\" \/>\n<meta name=\"author\" content=\"Guillaume Chen\" \/>\n<meta name=\"twitter:card\" content=\"summary_large_image\" \/>\n<meta name=\"twitter:label1\" content=\"\u00c9crit par\" \/>\n\t<meta name=\"twitter:data1\" content=\"Guillaume Chen\" \/>\n<script type=\"application\/ld+json\" class=\"yoast-schema-graph\">{\"@context\":\"https:\/\/schema.org\",\"@graph\":[{\"@type\":\"Article\",\"@id\":\"https:\/\/www.svalbard.fr\/actualites\/no\/fjern-disse-tingene-fra-soverommet-for-slutten-av-mars-for-bedre-helse\/#article\",\"isPartOf\":{\"@id\":\"https:\/\/www.svalbard.fr\/actualites\/no\/fjern-disse-tingene-fra-soverommet-for-slutten-av-mars-for-bedre-helse\/\"},\"author\":{\"name\":\"Guillaume Chen\",\"@id\":\"https:\/\/www.svalbard.fr\/actualites\/#\/schema\/person\/b9d185560b94bff7322d37cb676ee545\"},\"headline\":\"Fjern disse tingene fra soverommet f\u00f8r slutten av mars for bedre helse\",\"datePublished\":\"2025-05-04T05:50:00+00:00\",\"dateModified\":\"2025-04-30T08:51:53+00:00\",\"mainEntityOfPage\":{\"@id\":\"https:\/\/www.svalbard.fr\/actualites\/no\/fjern-disse-tingene-fra-soverommet-for-slutten-av-mars-for-bedre-helse\/\"},\"wordCount\":573,\"publisher\":{\"@id\":\"https:\/\/www.svalbard.fr\/actualites\/#organization\"},\"articleSection\":[\"Trender\"],\"inLanguage\":\"fr-FR\"},{\"@type\":\"WebPage\",\"@id\":\"https:\/\/www.svalbard.fr\/actualites\/no\/fjern-disse-tingene-fra-soverommet-for-slutten-av-mars-for-bedre-helse\/\",\"url\":\"https:\/\/www.svalbard.fr\/actualites\/no\/fjern-disse-tingene-fra-soverommet-for-slutten-av-mars-for-bedre-helse\/\",\"name\":\"Fjern disse tingene fra soverommet f\u00f8r slutten av mars for bedre helse\",\"isPartOf\":{\"@id\":\"https:\/\/www.svalbard.fr\/actualites\/#website\"},\"datePublished\":\"2025-05-04T05:50:00+00:00\",\"dateModified\":\"2025-04-30T08:51:53+00:00\",\"breadcrumb\":{\"@id\":\"https:\/\/www.svalbard.fr\/actualites\/no\/fjern-disse-tingene-fra-soverommet-for-slutten-av-mars-for-bedre-helse\/#breadcrumb\"},\"inLanguage\":\"fr-FR\",\"potentialAction\":[{\"@type\":\"ReadAction\",\"target\":[\"https:\/\/www.svalbard.fr\/actualites\/no\/fjern-disse-tingene-fra-soverommet-for-slutten-av-mars-for-bedre-helse\/\"]}]},{\"@type\":\"BreadcrumbList\",\"@id\":\"https:\/\/www.svalbard.fr\/actualites\/no\/fjern-disse-tingene-fra-soverommet-for-slutten-av-mars-for-bedre-helse\/#breadcrumb\",\"itemListElement\":[{\"@type\":\"ListItem\",\"position\":1,\"name\":\"Accueil\",\"item\":\"https:\/\/www.svalbard.fr\/actualites\/\"},{\"@type\":\"ListItem\",\"position\":2,\"name\":\"Fjern disse tingene fra soverommet f\u00f8r slutten av mars for bedre helse\"}]},{\"@type\":\"WebSite\",\"@id\":\"https:\/\/www.svalbard.fr\/actualites\/#website\",\"url\":\"https:\/\/www.svalbard.fr\/actualites\/\",\"name\":\"www.Svalbard.fr\",\"description\":\"\",\"publisher\":{\"@id\":\"https:\/\/www.svalbard.fr\/actualites\/#organization\"},\"potentialAction\":[{\"@type\":\"SearchAction\",\"target\":{\"@type\":\"EntryPoint\",\"urlTemplate\":\"https:\/\/www.svalbard.fr\/actualites\/?s={search_term_string}\"},\"query-input\":\"required name=search_term_string\"}],\"inLanguage\":\"fr-FR\"},{\"@type\":\"Organization\",\"@id\":\"https:\/\/www.svalbard.fr\/actualites\/#organization\",\"name\":\"www.Svalbard.fr\",\"url\":\"https:\/\/www.svalbard.fr\/actualites\/\",\"logo\":{\"@type\":\"ImageObject\",\"inLanguage\":\"fr-FR\",\"@id\":\"https:\/\/www.svalbard.fr\/actualites\/#\/schema\/logo\/image\/\",\"url\":\"https:\/\/www.svalbard.fr\/actualites\/wp-content\/uploads\/2023\/09\/head-nom.jpg\",\"contentUrl\":\"https:\/\/www.svalbard.fr\/actualites\/wp-content\/uploads\/2023\/09\/head-nom.jpg\",\"width\":264,\"height\":35,\"caption\":\"www.Svalbard.fr\"},\"image\":{\"@id\":\"https:\/\/www.svalbard.fr\/actualites\/#\/schema\/logo\/image\/\"}},{\"@type\":\"Person\",\"@id\":\"https:\/\/www.svalbard.fr\/actualites\/#\/schema\/person\/b9d185560b94bff7322d37cb676ee545\",\"name\":\"Guillaume Chen\",\"image\":{\"@type\":\"ImageObject\",\"inLanguage\":\"fr-FR\",\"@id\":\"https:\/\/www.svalbard.fr\/actualites\/#\/schema\/person\/image\/\",\"url\":\"https:\/\/secure.gravatar.com\/avatar\/0c3f9c94586035b795ad4049a06fb048?s=96&d=mm&r=g\",\"contentUrl\":\"https:\/\/secure.gravatar.com\/avatar\/0c3f9c94586035b795ad4049a06fb048?s=96&d=mm&r=g\",\"caption\":\"Guillaume Chen\"},\"sameAs\":[\"https:\/\/www.svalbard.fr\/\"]}]}<\/script>\n<!-- \/ Yoast SEO plugin. -->","yoast_head_json":{"title":"Fjern disse tingene fra soverommet f\u00f8r slutten av mars for bedre helse","robots":{"index":"index","follow":"follow","max-snippet":"max-snippet:-1","max-image-preview":"max-image-preview:large","max-video-preview":"max-video-preview:-1"},"canonical":"https:\/\/www.svalbard.fr\/actualites\/no\/fjern-disse-tingene-fra-soverommet-for-slutten-av-mars-for-bedre-helse\/","og_locale":"fr_FR","og_type":"article","og_title":"Fjern disse tingene fra soverommet f\u00f8r slutten av mars for bedre helse","og_description":"Soverommet er stedet hvor vi tilbringer en tredjedel av livet v\u00e5rt, og selv om det meste av den tiden brukes til s\u00f8vn, b\u00f8r det v\u00e6re","og_url":"https:\/\/www.svalbard.fr\/actualites\/no\/fjern-disse-tingene-fra-soverommet-for-slutten-av-mars-for-bedre-helse\/","og_site_name":"www.Svalbard.fr","article_published_time":"2025-05-04T05:50:00+00:00","article_modified_time":"2025-04-30T08:51:53+00:00","og_image":[{"width":1200,"height":801,"url":"https:\/\/www.svalbard.fr\/actualites\/wp-content\/uploads\/2025\/04\/Fjern-disse-tingene.jpg","type":"image\/jpeg"}],"author":"Guillaume Chen","twitter_card":"summary_large_image","twitter_misc":{"\u00c9crit par":"Guillaume Chen"},"schema":{"@context":"https:\/\/schema.org","@graph":[{"@type":"Article","@id":"https:\/\/www.svalbard.fr\/actualites\/no\/fjern-disse-tingene-fra-soverommet-for-slutten-av-mars-for-bedre-helse\/#article","isPartOf":{"@id":"https:\/\/www.svalbard.fr\/actualites\/no\/fjern-disse-tingene-fra-soverommet-for-slutten-av-mars-for-bedre-helse\/"},"author":{"name":"Guillaume Chen","@id":"https:\/\/www.svalbard.fr\/actualites\/#\/schema\/person\/b9d185560b94bff7322d37cb676ee545"},"headline":"Fjern disse tingene fra soverommet f\u00f8r slutten av mars for bedre helse","datePublished":"2025-05-04T05:50:00+00:00","dateModified":"2025-04-30T08:51:53+00:00","mainEntityOfPage":{"@id":"https:\/\/www.svalbard.fr\/actualites\/no\/fjern-disse-tingene-fra-soverommet-for-slutten-av-mars-for-bedre-helse\/"},"wordCount":573,"publisher":{"@id":"https:\/\/www.svalbard.fr\/actualites\/#organization"},"articleSection":["Trender"],"inLanguage":"fr-FR"},{"@type":"WebPage","@id":"https:\/\/www.svalbard.fr\/actualites\/no\/fjern-disse-tingene-fra-soverommet-for-slutten-av-mars-for-bedre-helse\/","url":"https:\/\/www.svalbard.fr\/actualites\/no\/fjern-disse-tingene-fra-soverommet-for-slutten-av-mars-for-bedre-helse\/","name":"Fjern disse tingene fra soverommet f\u00f8r slutten av mars for bedre helse","isPartOf":{"@id":"https:\/\/www.svalbard.fr\/actualites\/#website"},"datePublished":"2025-05-04T05:50:00+00:00","dateModified":"2025-04-30T08:51:53+00:00","breadcrumb":{"@id":"https:\/\/www.svalbard.fr\/actualites\/no\/fjern-disse-tingene-fra-soverommet-for-slutten-av-mars-for-bedre-helse\/#breadcrumb"},"inLanguage":"fr-FR","potentialAction":[{"@type":"ReadAction","target":["https:\/\/www.svalbard.fr\/actualites\/no\/fjern-disse-tingene-fra-soverommet-for-slutten-av-mars-for-bedre-helse\/"]}]},{"@type":"BreadcrumbList","@id":"https:\/\/www.svalbard.fr\/actualites\/no\/fjern-disse-tingene-fra-soverommet-for-slutten-av-mars-for-bedre-helse\/#breadcrumb","itemListElement":[{"@type":"ListItem","position":1,"name":"Accueil","item":"https:\/\/www.svalbard.fr\/actualites\/"},{"@type":"ListItem","position":2,"name":"Fjern disse tingene fra soverommet f\u00f8r slutten av mars for bedre helse"}]},{"@type":"WebSite","@id":"https:\/\/www.svalbard.fr\/actualites\/#website","url":"https:\/\/www.svalbard.fr\/actualites\/","name":"www.Svalbard.fr","description":"","publisher":{"@id":"https:\/\/www.svalbard.fr\/actualites\/#organization"},"potentialAction":[{"@type":"SearchAction","target":{"@type":"EntryPoint","urlTemplate":"https:\/\/www.svalbard.fr\/actualites\/?s={search_term_string}"},"query-input":"required name=search_term_string"}],"inLanguage":"fr-FR"},{"@type":"Organization","@id":"https:\/\/www.svalbard.fr\/actualites\/#organization","name":"www.Svalbard.fr","url":"https:\/\/www.svalbard.fr\/actualites\/","logo":{"@type":"ImageObject","inLanguage":"fr-FR","@id":"https:\/\/www.svalbard.fr\/actualites\/#\/schema\/logo\/image\/","url":"https:\/\/www.svalbard.fr\/actualites\/wp-content\/uploads\/2023\/09\/head-nom.jpg","contentUrl":"https:\/\/www.svalbard.fr\/actualites\/wp-content\/uploads\/2023\/09\/head-nom.jpg","width":264,"height":35,"caption":"www.Svalbard.fr"},"image":{"@id":"https:\/\/www.svalbard.fr\/actualites\/#\/schema\/logo\/image\/"}},{"@type":"Person","@id":"https:\/\/www.svalbard.fr\/actualites\/#\/schema\/person\/b9d185560b94bff7322d37cb676ee545","name":"Guillaume Chen","image":{"@type":"ImageObject","inLanguage":"fr-FR","@id":"https:\/\/www.svalbard.fr\/actualites\/#\/schema\/person\/image\/","url":"https:\/\/secure.gravatar.com\/avatar\/0c3f9c94586035b795ad4049a06fb048?s=96&d=mm&r=g","contentUrl":"https:\/\/secure.gravatar.com\/avatar\/0c3f9c94586035b795ad4049a06fb048?s=96&d=mm&r=g","caption":"Guillaume Chen"},"sameAs":["https:\/\/www.svalbard.fr\/"]}]}},"_links":{"self":[{"href":"https:\/\/www.svalbard.fr\/actualites\/wp-json\/wp\/v2\/posts\/3537"}],"collection":[{"href":"https:\/\/www.svalbard.fr\/actualites\/wp-json\/wp\/v2\/posts"}],"about":[{"href":"https:\/\/www.svalbard.fr\/actualites\/wp-json\/wp\/v2\/types\/post"}],"author":[{"embeddable":true,"href":"https:\/\/www.svalbard.fr\/actualites\/wp-json\/wp\/v2\/users\/3"}],"replies":[{"embeddable":true,"href":"https:\/\/www.svalbard.fr\/actualites\/wp-json\/wp\/v2\/comments?post=3537"}],"version-history":[{"count":1,"href":"https:\/\/www.svalbard.fr\/actualites\/wp-json\/wp\/v2\/posts\/3537\/revisions"}],"predecessor-version":[{"id":3539,"href":"https:\/\/www.svalbard.fr\/actualites\/wp-json\/wp\/v2\/posts\/3537\/revisions\/3539"}],"wp:featuredmedia":[{"embeddable":true,"href":"https:\/\/www.svalbard.fr\/actualites\/wp-json\/wp\/v2\/media\/3538"}],"wp:attachment":[{"href":"https:\/\/www.svalbard.fr\/actualites\/wp-json\/wp\/v2\/media?parent=3537"}],"wp:term":[{"taxonomy":"category","embeddable":true,"href":"https:\/\/www.svalbard.fr\/actualites\/wp-json\/wp\/v2\/categories?post=3537"},{"taxonomy":"post_tag","embeddable":true,"href":"https:\/\/www.svalbard.fr\/actualites\/wp-json\/wp\/v2\/tags?post=3537"}],"curies":[{"name":"wp","href":"https:\/\/api.w.org\/{rel}","templated":true}]}}