{"id":3547,"date":"2025-05-02T09:51:26","date_gmt":"2025-05-02T07:51:26","guid":{"rendered":"https:\/\/www.svalbard.fr\/actualites\/pourquoi-tout-le-monde-delire-sur-le-numero-24-de-la-norvege-sur-netflix\/"},"modified":"2025-05-02T09:51:26","modified_gmt":"2025-05-02T07:51:26","slug":"pourquoi-tout-le-monde-delire-sur-le-numero-24-de-la-norvege-sur-netflix","status":"publish","type":"post","link":"https:\/\/www.svalbard.fr\/actualites\/pourquoi-tout-le-monde-delire-sur-le-numero-24-de-la-norvege-sur-netflix\/","title":{"rendered":"Pourquoi tout le monde d\u00e9lire sur le \u00ab\u00a0 num\u00e9ro 24 &#39;&#39; de la Norv\u00e8ge sur Netflix"},"content":{"rendered":"<div itemprop=\"text\">\n\t\t\t<span id=\"dpsp-post-content-markup\" data-image-pin-it=\"false\"><\/span><\/p>\n<p>Depuis sa sortie mondiale le 1er janvier 2025, \u00abNum\u00e9ro 24\u00bb a captiv\u00e9 le public sur les continents, devenant rapidement l&#39;un des films non anglais les plus regard\u00e9s de Netflix.<\/p>\n<p>Sa repr\u00e9sentation captivante du courage, du sacrifice et de la r\u00e9sistance a touch\u00e9 la corde sensible des t\u00e9l\u00e9spectateurs, catapultant ce drame de guerre en langue norv\u00e9gienne sous les projecteurs mondiaux.<\/p>\n<figure class=\"wp-block-image size-large\"><img data-lazyloaded=\"1\" data-placeholder-resp=\"768x432\" fetchpriority=\"high\" decoding=\"async\" width=\"768\" height=\"432\" src=\"https:\/\/www.svalbard.fr\/actualites\/wp-content\/uploads\/2025\/05\/Pourquoi-tout-le-monde-delire-sur-le-numero-24.jpg\" alt=\"Toujours \u00e0 partir de \u00abnum\u00e9ro 24\u00bb sur Netflix. Image: Netflix.\" class=\"wp-image-83661\"  data-><noscript><img fetchpriority=\"high\" decoding=\"async\" width=\"768\" height=\"432\" src=\"https:\/\/www.svalbard.fr\/actualites\/wp-content\/uploads\/2025\/05\/Pourquoi-tout-le-monde-delire-sur-le-numero-24.jpg\" alt=\"Toujours \u00e0 partir de \u00abnum\u00e9ro 24\u00bb sur Netflix. Image: Netflix.\" class=\"wp-image-83661\"  ><\/noscript><\/figure>\n<p>Le film raconte la v\u00e9ritable histoire de Gunnar S\u00f8nsteby, le h\u00e9ros de guerre le plus d\u00e9cor\u00e9 de Norv\u00e8ge, dont les efforts d&#39;infiltration contre l&#39;occupation nazie ont chang\u00e9 le cours du mouvement de r\u00e9sistance.<\/p>\n<p>Plus qu&#39;une simple le\u00e7on d&#39;histoire, \u00ab\u00a0 Num\u00e9ro 24 &#39;&#39; offre un r\u00e9cit charg\u00e9 \u00e9motionnellement qui r\u00e9sonne dans le monde d&#39;aujourd&#39;hui de changements g\u00e9opolitiques et de discussions renouvel\u00e9es sur la libert\u00e9 et la d\u00e9mocratie.<\/p>\n<h2 class=\"wp-block-heading\">Le h\u00e9ros r\u00e9el: Gunnar S\u00f8nsteby<\/h2>\n<p>Gunnar Fridtjof Thurmann S\u00f8nsteby, n\u00e9 \u00e0 Rjukan en 1918, est devenu une figure centrale de la r\u00e9sistance de la Norv\u00e8ge pendant la Seconde Guerre mondiale.<\/p>\n<p>Op\u00e9rant sous le nom de code \u00abnum\u00e9ro 24\u00bb, il a dirig\u00e9 le gang Oslo dans de nombreuses missions de sabotage ciblant les infrastructures nazies et les cha\u00eenes d&#39;approvisionnement. Son intelligence, son courage et sa capacit\u00e9 \u00e0 \u00e9chapper \u00e0 la capture ont fait de lui une l\u00e9gende.<\/p>\n<p>Sa bravoure exceptionnelle lui a valu la croix de guerre avec trois \u00e9p\u00e9es, faisant de lui le citoyen le plus d\u00e9cor\u00e9 de l&#39;histoire norv\u00e9gienne.<\/p>\n<p>L&#39;histoire de S\u00f8nsteby est bien connue en Norv\u00e8ge, mais <em>Num\u00e9ro 24<\/em> Pr\u00e9sente sa vie remarquable \u00e0 un public mondial, offrant un objectif frais et \u00e9motionnellement puissant sur les \u00e9v\u00e9nements de l&#39;occupation.<\/p>\n<p>Parlant personnellement, j&#39;ai beaucoup appris sur la Seconde Guerre mondiale depuis qu&#39;il a d\u00e9m\u00e9nag\u00e9 en Norv\u00e8ge, en particulier en entendant des histoires famili\u00e8res racont\u00e9es d&#39;un point de vue nouveau et personnel.<\/p>\n<figure class=\"wp-block-image size-large\"><img loading=\"lazy\" data-lazyloaded=\"1\" data-placeholder-resp=\"768x516\" decoding=\"async\" width=\"768\" height=\"516\" src=\"https:\/\/www.svalbard.fr\/actualites\/wp-content\/uploads\/2025\/05\/1746172286_277_Pourquoi-tout-le-monde-delire-sur-le-numero-24.jpg\" alt=\"Gunnar S\u00f8nsteby interview\u00e9 en 2008. Photo: Jeblad \/ Wikipedia (CC)\" class=\"wp-image-83662\"  data-><noscript><img loading=\"lazy\" decoding=\"async\" width=\"768\" height=\"516\" src=\"https:\/\/www.svalbard.fr\/actualites\/wp-content\/uploads\/2025\/05\/1746172286_277_Pourquoi-tout-le-monde-delire-sur-le-numero-24.jpg\" alt=\"Gunnar S\u00f8nsteby interview\u00e9 en 2008. Photo: Jeblad \/ Wikipedia (CC)\" class=\"wp-image-83662\"  ><\/noscript><\/figure>\n<p>Des films comme celui-ci jouent un r\u00f4le \u00e9norme en nous donnant une vision plus arrondie des \u00e9v\u00e9nements historiques, nous rappelant que l&#39;histoire n&#39;est pas monolithique. Il est compos\u00e9 d&#39;innombrables voix et exp\u00e9riences, dont beaucoup ne font que commencer \u00e0 \u00eatre entendue \u00e0 l&#39;international.<\/p>\n<h2 class=\"wp-block-heading\">Un double r\u00e9cit: pass\u00e9 et pr\u00e9sent<\/h2>\n<p>R\u00e9alis\u00e9 par John Andreas Andersen, \u00abNum\u00e9ro 24\u00bb utilise une double structure narrative.<\/p>\n<p>Le sc\u00e9nario principal suit le jeune S\u00f8nsteby au plus fort de la guerre, tandis qu&#39;une intrigue parall\u00e8le pr\u00e9sente un S\u00f8nsteby \u00e2g\u00e9 qui r\u00e9fl\u00e9chit \u00e0 son pass\u00e9 alors qu&#39;il parle \u00e0 un groupe d&#39;\u00e9coliers norv\u00e9giens.<\/p>\n<p>Cette technique intelligente de narration aide \u00e0 contextualiser les \u00e9v\u00e9nements historiques tout en invitant les t\u00e9l\u00e9spectateurs \u00e0 consid\u00e9rer comment le pass\u00e9 fa\u00e7onne l&#39;identit\u00e9 et la m\u00e9moire nationales.<\/p>\n<p>Le dispositif de cadrage de la salle de classe est particuli\u00e8rement \u00e9mouvant, renfor\u00e7ant l&#39;id\u00e9e dont l&#39;histoire doit \u00eatre rappel\u00e9e et transmise. Il permet \u00e9galement au film de s&#39;engager directement avec le public moderne, \u00e9tablissant des parall\u00e8les entre les luttes pass\u00e9es et les luttes pr\u00e9sentes pour la libert\u00e9 et la justice.<\/p>\n<h2 class=\"wp-block-heading\">Un casting qui vaut la peine d&#39;\u00eatre regard\u00e9<\/h2>\n<p>Le film pr\u00e9sente une distribution d&#39;ensemble talentueuse qui donne vie \u00e0 la vraie histoire avec une profondeur \u00e9motionnelle et une authenticit\u00e9:<\/p>\n<p><strong>Sjur Vatne Brean<\/strong> joue le jeune Gunnar S\u00f8nsteby. Connu pour son travail dans <em>R\u00e5debank<\/em>Brean capture l&#39;intelligence du personnage, le conflit moral et la force tranquille.<\/p>\n<p>Sa performance discr\u00e8te anime le film, donnant au public une fen\u00eatre \u00e9motionnellement accessible sur la transformation de S\u00f8nsteby de l&#39;\u00e9tudiant en saboteur.<\/p>\n<p><strong>Erik Hivju<\/strong>le fr\u00e8re a\u00een\u00e9 de Kristofer Hivju (<em>Game of Thrones<\/em>), joue l&#39;a\u00een\u00e9 S\u00f8nsteby. Avec une pr\u00e9sence silencieuse mais dominante, Hivju offre des monologues r\u00e9fl\u00e9chissants qui approfondissent la r\u00e9sonance du film, en particulier dans les sc\u00e8nes o\u00f9 le pass\u00e9 et le pr\u00e9sent entrent en collision.<\/p>\n<p><strong>Lisa Loven Kongsli<\/strong> Joue Gudrun Collett, un composite fictif de plusieurs femmes dans la r\u00e9sistance. Gr\u00e2ce \u00e0 sa repr\u00e9sentation, le film met en \u00e9vidence le r\u00f4le souvent n\u00e9glig\u00e9 mais critique des femmes dans la Norv\u00e8ge en temps de guerre &#8211; g\u00e9rer la logistique, recueillir l&#39;intelligence et risquer leur vie en silence.<\/p>\n<p>Kongsli, connu pour <em>Force majeure<\/em> et <em>Merveilleuse femme<\/em>apporte \u00e0 la fois la chaleur et le grain \u00e0 ce r\u00f4le.<\/p>\n<p><strong>Ao\u00fbt Wittgenstein<\/strong> repr\u00e9sente Siegfried Fehmer, l&#39;officier redout\u00e9 de la gestapo qui a poursuivi le gang Oslo. Wittgenstein joue l&#39;antagoniste avec une pr\u00e9cision effrayante, mais \u00e9vite la caricature, ajoutant des nuances \u00e0 l&#39;exploration du devoir, du pouvoir et de l&#39;id\u00e9ologie par le film.<\/p>\n<p>Parmi les acteurs de soutien, <strong>Ingrid Gi\u00e6ver<\/strong> M\u00e9rite une mention sp\u00e9ciale pour son r\u00f4le d&#39;Ingrid, un courrier de r\u00e9sistance dont les sc\u00e8nes br\u00e8ves mais percutantes offrent un aper\u00e7u des co\u00fbts personnels de la r\u00e9bellion. <strong>Jakob Oftebro<\/strong>apparaissant dans un cam\u00e9e en tant que combattant de r\u00e9sistance captur\u00e9, laisse \u00e9galement une marque avec une performance tranquillement d\u00e9vastatrice qui renforce les enjeux de la mission du gang Oslo.<\/p>\n<p>Ensemble, l&#39;ensemble am\u00e9liore l&#39;\u00e9tendue \u00e9motionnelle de l&#39;histoire, rappelant aux t\u00e9l\u00e9spectateurs que bien que l&#39;histoire de S\u00f8nsteby soit extraordinaire, il \u00e9tait loin d&#39;\u00eatre seul dans son courage.<\/p>\n<h2 class=\"wp-block-heading\">Un triomphe visuel et \u00e9motionnel<\/h2>\n<p>Tourn\u00e9 sur un film 35 mm, <em>Num\u00e9ro 24<\/em> Se d\u00e9marque son engagement envers l&#39;authenticit\u00e9 visuelle. Les tons en sourdine et la conception de production pr\u00e9cis de la p\u00e9riode tirent des t\u00e9l\u00e9spectateurs \u00e0 l&#39;\u00e9poque.<\/p>\n<p>Le travail de cam\u00e9ra du directeur de la photographie John Christian Rosenlund est frappant mais discret, permettant aux performances \u00e9motionnelles de prendre le devant de la sc\u00e8ne.<\/p>\n<p>Le score, compos\u00e9 de storaas Gaute, m\u00e9lange l&#39;orchestration traditionnelle avec des \u00e9l\u00e9ments \u00e9lectroniques subtils, refl\u00e9tant la tension et l&#39;incertitude de la vie en temps de guerre.<\/p>\n<h2 class=\"wp-block-heading\">Critique et acclamation du public<\/h2>\n<p>\u00ab\u00a0 Number 24 &#39;&#39; a obtenu une note \u00e0 100% sur Rotten Tomatoes peu de temps apr\u00e8s sa sortie, et a rapidement grimp\u00e9 au sommet des tableaux mondiaux non anglais de Netflix, d\u00e9passant 8,8 millions de vues au cours de sa premi\u00e8re semaine.<\/p>\n<p>Les critiques ont fait l&#39;\u00e9loge du pouvoir \u00e9motionnel du film, de l&#39;\u00e9criture nuanc\u00e9e et de la d\u00e9cision de mettre en avant une histoire de la Seconde Guerre mondiale moins connue mais importante.<\/p>\n<p>Le public a r\u00e9pondu positivement \u00e0 la nouvelle perspective du film sur le genre de guerre, notant que l&#39;accent mis sur l&#39;intelligence et la r\u00e9sistance &#8211; plut\u00f4t que les batailles \u00e0 grande \u00e9chelle &#8211; offers une exp\u00e9rience plus intime et stimulante.<\/p>\n<h2 class=\"wp-block-heading\">Pourquoi \u00e7a compte aujourd&#39;hui<\/h2>\n<p>L&#39;histoire du \u00abnum\u00e9ro 24\u00bb r\u00e9sonne bien au-del\u00e0 des fronti\u00e8res de la Norv\u00e8ge. \u00c0 une \u00e9poque o\u00f9 la d\u00e9mocratie et la v\u00e9rit\u00e9 sont menac\u00e9es dans de nombreuses r\u00e9gions du monde, le courage et le sens du devoir de S\u00f8nsteby offrent une inspiration en temps opportun.<\/p>\n<p>La productrice Espen Horn a not\u00e9 que les th\u00e8mes du film pour r\u00e9soudre l&#39;oppression et l&#39;ambigu\u00eft\u00e9 morale de la guerre ont touch\u00e9 un accord international. En mettant l&#39;accent sur le sacrifice personnel et le devoir civique, le film encourage les t\u00e9l\u00e9spectateurs \u00e0 r\u00e9fl\u00e9chir sur leurs propres valeurs et responsabilit\u00e9s.<\/p>\n<p>Pour toute personne int\u00e9ress\u00e9e par l&#39;histoire, les mouvements de r\u00e9sistance ou tout simplement un drame humain puissant, <em>Num\u00e9ro 24<\/em> est un film incontournable qui m\u00e9rite tout le renom qu&#39;il re\u00e7oit.<\/p>\n<\/p><\/div>\n","protected":false},"excerpt":{"rendered":"<p>Depuis sa sortie mondiale le 1er janvier 2025, \u00abNum\u00e9ro 24\u00bb a captiv\u00e9 le public sur les continents, devenant rapidement l&#39;un des films non anglais les<\/p>\n","protected":false},"author":1,"featured_media":3548,"comment_status":"","ping_status":"","sticky":false,"template":"","format":"standard","meta":{"footnotes":""},"categories":[2277],"tags":[4575,307,1882,6,4577,284,28,872],"yoast_head":"<!-- This site is optimized with the Yoast SEO plugin v21.0 - https:\/\/yoast.com\/wordpress\/plugins\/seo\/ -->\n<title>Pourquoi tout le monde d\u00e9lire sur le `` num\u00e9ro 24 &#039;&#039; de la Norv\u00e8ge sur Netflix<\/title>\n<meta name=\"robots\" content=\"index, follow, max-snippet:-1, max-image-preview:large, max-video-preview:-1\" \/>\n<link rel=\"canonical\" href=\"https:\/\/www.svalbard.fr\/actualites\/pourquoi-tout-le-monde-delire-sur-le-numero-24-de-la-norvege-sur-netflix\/\" \/>\n<meta property=\"og:locale\" content=\"fr_FR\" \/>\n<meta property=\"og:type\" content=\"article\" \/>\n<meta property=\"og:title\" content=\"Pourquoi tout le monde d\u00e9lire sur le `` num\u00e9ro 24 &#039;&#039; de la Norv\u00e8ge sur Netflix\" \/>\n<meta property=\"og:description\" content=\"Depuis sa sortie mondiale le 1er janvier 2025, \u00abNum\u00e9ro 24\u00bb a captiv\u00e9 le public sur les continents, devenant rapidement l&#039;un des films non anglais les\" \/>\n<meta property=\"og:url\" content=\"https:\/\/www.svalbard.fr\/actualites\/pourquoi-tout-le-monde-delire-sur-le-numero-24-de-la-norvege-sur-netflix\/\" \/>\n<meta property=\"og:site_name\" content=\"www.Svalbard.fr\" \/>\n<meta property=\"article:published_time\" content=\"2025-05-02T07:51:26+00:00\" \/>\n<meta property=\"og:image\" content=\"https:\/\/www.svalbard.fr\/actualites\/wp-content\/uploads\/2025\/05\/Pourquoi-tout-le-monde-delire-sur-le-numero-24.jpg\" \/>\n<meta name=\"author\" content=\"Hilmar\" \/>\n<meta name=\"twitter:card\" content=\"summary_large_image\" \/>\n<meta name=\"twitter:label1\" content=\"\u00c9crit par\" \/>\n\t<meta name=\"twitter:data1\" content=\"Hilmar\" \/>\n\t<meta name=\"twitter:label2\" content=\"Dur\u00e9e de lecture estim\u00e9e\" \/>\n\t<meta name=\"twitter:data2\" content=\"6 minutes\" \/>\n<script type=\"application\/ld+json\" class=\"yoast-schema-graph\">{\"@context\":\"https:\/\/schema.org\",\"@graph\":[{\"@type\":\"Article\",\"@id\":\"https:\/\/www.svalbard.fr\/actualites\/pourquoi-tout-le-monde-delire-sur-le-numero-24-de-la-norvege-sur-netflix\/#article\",\"isPartOf\":{\"@id\":\"https:\/\/www.svalbard.fr\/actualites\/pourquoi-tout-le-monde-delire-sur-le-numero-24-de-la-norvege-sur-netflix\/\"},\"author\":{\"name\":\"Hilmar\",\"@id\":\"https:\/\/www.svalbard.fr\/actualites\/#\/schema\/person\/a2f937d5712222366738fae98755c600\"},\"headline\":\"Pourquoi tout le monde d\u00e9lire sur le \u00ab\u00a0 num\u00e9ro 24 &#39;&#39; de la Norv\u00e8ge sur Netflix\",\"datePublished\":\"2025-05-02T07:51:26+00:00\",\"dateModified\":\"2025-05-02T07:51:26+00:00\",\"mainEntityOfPage\":{\"@id\":\"https:\/\/www.svalbard.fr\/actualites\/pourquoi-tout-le-monde-delire-sur-le-numero-24-de-la-norvege-sur-netflix\/\"},\"wordCount\":1313,\"publisher\":{\"@id\":\"https:\/\/www.svalbard.fr\/actualites\/#organization\"},\"keywords\":[\"d\u00e9lire\",\"monde\",\"Netflix\",\"Norv\u00e8ge\",\"num\u00e9ro\",\"pourquoi\",\"sur\",\"tout\"],\"inLanguage\":\"fr-FR\"},{\"@type\":\"WebPage\",\"@id\":\"https:\/\/www.svalbard.fr\/actualites\/pourquoi-tout-le-monde-delire-sur-le-numero-24-de-la-norvege-sur-netflix\/\",\"url\":\"https:\/\/www.svalbard.fr\/actualites\/pourquoi-tout-le-monde-delire-sur-le-numero-24-de-la-norvege-sur-netflix\/\",\"name\":\"Pourquoi tout le monde d\u00e9lire sur le `` num\u00e9ro 24 &#39;&#39; de la Norv\u00e8ge sur Netflix\",\"isPartOf\":{\"@id\":\"https:\/\/www.svalbard.fr\/actualites\/#website\"},\"datePublished\":\"2025-05-02T07:51:26+00:00\",\"dateModified\":\"2025-05-02T07:51:26+00:00\",\"breadcrumb\":{\"@id\":\"https:\/\/www.svalbard.fr\/actualites\/pourquoi-tout-le-monde-delire-sur-le-numero-24-de-la-norvege-sur-netflix\/#breadcrumb\"},\"inLanguage\":\"fr-FR\",\"potentialAction\":[{\"@type\":\"ReadAction\",\"target\":[\"https:\/\/www.svalbard.fr\/actualites\/pourquoi-tout-le-monde-delire-sur-le-numero-24-de-la-norvege-sur-netflix\/\"]}]},{\"@type\":\"BreadcrumbList\",\"@id\":\"https:\/\/www.svalbard.fr\/actualites\/pourquoi-tout-le-monde-delire-sur-le-numero-24-de-la-norvege-sur-netflix\/#breadcrumb\",\"itemListElement\":[{\"@type\":\"ListItem\",\"position\":1,\"name\":\"Accueil\",\"item\":\"https:\/\/www.svalbard.fr\/actualites\/\"},{\"@type\":\"ListItem\",\"position\":2,\"name\":\"Pourquoi tout le monde d\u00e9lire sur le \u00ab\u00a0 num\u00e9ro 24 &#39;&#39; de la Norv\u00e8ge sur Netflix\"}]},{\"@type\":\"WebSite\",\"@id\":\"https:\/\/www.svalbard.fr\/actualites\/#website\",\"url\":\"https:\/\/www.svalbard.fr\/actualites\/\",\"name\":\"www.Svalbard.fr\",\"description\":\"\",\"publisher\":{\"@id\":\"https:\/\/www.svalbard.fr\/actualites\/#organization\"},\"potentialAction\":[{\"@type\":\"SearchAction\",\"target\":{\"@type\":\"EntryPoint\",\"urlTemplate\":\"https:\/\/www.svalbard.fr\/actualites\/?s={search_term_string}\"},\"query-input\":\"required name=search_term_string\"}],\"inLanguage\":\"fr-FR\"},{\"@type\":\"Organization\",\"@id\":\"https:\/\/www.svalbard.fr\/actualites\/#organization\",\"name\":\"www.Svalbard.fr\",\"url\":\"https:\/\/www.svalbard.fr\/actualites\/\",\"logo\":{\"@type\":\"ImageObject\",\"inLanguage\":\"fr-FR\",\"@id\":\"https:\/\/www.svalbard.fr\/actualites\/#\/schema\/logo\/image\/\",\"url\":\"https:\/\/www.svalbard.fr\/actualites\/wp-content\/uploads\/2023\/09\/head-nom.jpg\",\"contentUrl\":\"https:\/\/www.svalbard.fr\/actualites\/wp-content\/uploads\/2023\/09\/head-nom.jpg\",\"width\":264,\"height\":35,\"caption\":\"www.Svalbard.fr\"},\"image\":{\"@id\":\"https:\/\/www.svalbard.fr\/actualites\/#\/schema\/logo\/image\/\"}},{\"@type\":\"Person\",\"@id\":\"https:\/\/www.svalbard.fr\/actualites\/#\/schema\/person\/a2f937d5712222366738fae98755c600\",\"name\":\"Hilmar\",\"image\":{\"@type\":\"ImageObject\",\"inLanguage\":\"fr-FR\",\"@id\":\"https:\/\/www.svalbard.fr\/actualites\/#\/schema\/person\/image\/\",\"url\":\"https:\/\/secure.gravatar.com\/avatar\/4daa437093476dbc32da415c112b6512?s=96&d=mm&r=g\",\"contentUrl\":\"https:\/\/secure.gravatar.com\/avatar\/4daa437093476dbc32da415c112b6512?s=96&d=mm&r=g\",\"caption\":\"Hilmar\"},\"description\":\"Hilmar est un passionn\u00e9 des r\u00e9gions polaires, sp\u00e9cialis\u00e9 dans la r\u00e9daction d'articles sur le Spitzberg et autres destinations arctiques. Il apporte son expertise et sa passion pour l'Arctique au sein de l'\u00e9quipe de r\u00e9daction de Svalbard depuis de nombreuses ann\u00e9es.\",\"sameAs\":[\"https:\/\/www.svalbard.fr\/\"]}]}<\/script>\n<!-- \/ Yoast SEO plugin. -->","yoast_head_json":{"title":"Pourquoi tout le monde d\u00e9lire sur le `` num\u00e9ro 24 &#39;&#39; de la Norv\u00e8ge sur Netflix","robots":{"index":"index","follow":"follow","max-snippet":"max-snippet:-1","max-image-preview":"max-image-preview:large","max-video-preview":"max-video-preview:-1"},"canonical":"https:\/\/www.svalbard.fr\/actualites\/pourquoi-tout-le-monde-delire-sur-le-numero-24-de-la-norvege-sur-netflix\/","og_locale":"fr_FR","og_type":"article","og_title":"Pourquoi tout le monde d\u00e9lire sur le `` num\u00e9ro 24 &#39;&#39; de la Norv\u00e8ge sur Netflix","og_description":"Depuis sa sortie mondiale le 1er janvier 2025, \u00abNum\u00e9ro 24\u00bb a captiv\u00e9 le public sur les continents, devenant rapidement l&#39;un des films non anglais les","og_url":"https:\/\/www.svalbard.fr\/actualites\/pourquoi-tout-le-monde-delire-sur-le-numero-24-de-la-norvege-sur-netflix\/","og_site_name":"www.Svalbard.fr","article_published_time":"2025-05-02T07:51:26+00:00","og_image":[{"url":"https:\/\/www.svalbard.fr\/actualites\/wp-content\/uploads\/2025\/05\/Pourquoi-tout-le-monde-delire-sur-le-numero-24.jpg"}],"author":"Hilmar","twitter_card":"summary_large_image","twitter_misc":{"\u00c9crit par":"Hilmar","Dur\u00e9e de lecture estim\u00e9e":"6 minutes"},"schema":{"@context":"https:\/\/schema.org","@graph":[{"@type":"Article","@id":"https:\/\/www.svalbard.fr\/actualites\/pourquoi-tout-le-monde-delire-sur-le-numero-24-de-la-norvege-sur-netflix\/#article","isPartOf":{"@id":"https:\/\/www.svalbard.fr\/actualites\/pourquoi-tout-le-monde-delire-sur-le-numero-24-de-la-norvege-sur-netflix\/"},"author":{"name":"Hilmar","@id":"https:\/\/www.svalbard.fr\/actualites\/#\/schema\/person\/a2f937d5712222366738fae98755c600"},"headline":"Pourquoi tout le monde d\u00e9lire sur le \u00ab\u00a0 num\u00e9ro 24 &#39;&#39; de la Norv\u00e8ge sur Netflix","datePublished":"2025-05-02T07:51:26+00:00","dateModified":"2025-05-02T07:51:26+00:00","mainEntityOfPage":{"@id":"https:\/\/www.svalbard.fr\/actualites\/pourquoi-tout-le-monde-delire-sur-le-numero-24-de-la-norvege-sur-netflix\/"},"wordCount":1313,"publisher":{"@id":"https:\/\/www.svalbard.fr\/actualites\/#organization"},"keywords":["d\u00e9lire","monde","Netflix","Norv\u00e8ge","num\u00e9ro","pourquoi","sur","tout"],"inLanguage":"fr-FR"},{"@type":"WebPage","@id":"https:\/\/www.svalbard.fr\/actualites\/pourquoi-tout-le-monde-delire-sur-le-numero-24-de-la-norvege-sur-netflix\/","url":"https:\/\/www.svalbard.fr\/actualites\/pourquoi-tout-le-monde-delire-sur-le-numero-24-de-la-norvege-sur-netflix\/","name":"Pourquoi tout le monde d\u00e9lire sur le `` num\u00e9ro 24 &#39;&#39; de la Norv\u00e8ge sur Netflix","isPartOf":{"@id":"https:\/\/www.svalbard.fr\/actualites\/#website"},"datePublished":"2025-05-02T07:51:26+00:00","dateModified":"2025-05-02T07:51:26+00:00","breadcrumb":{"@id":"https:\/\/www.svalbard.fr\/actualites\/pourquoi-tout-le-monde-delire-sur-le-numero-24-de-la-norvege-sur-netflix\/#breadcrumb"},"inLanguage":"fr-FR","potentialAction":[{"@type":"ReadAction","target":["https:\/\/www.svalbard.fr\/actualites\/pourquoi-tout-le-monde-delire-sur-le-numero-24-de-la-norvege-sur-netflix\/"]}]},{"@type":"BreadcrumbList","@id":"https:\/\/www.svalbard.fr\/actualites\/pourquoi-tout-le-monde-delire-sur-le-numero-24-de-la-norvege-sur-netflix\/#breadcrumb","itemListElement":[{"@type":"ListItem","position":1,"name":"Accueil","item":"https:\/\/www.svalbard.fr\/actualites\/"},{"@type":"ListItem","position":2,"name":"Pourquoi tout le monde d\u00e9lire sur le \u00ab\u00a0 num\u00e9ro 24 &#39;&#39; de la Norv\u00e8ge sur Netflix"}]},{"@type":"WebSite","@id":"https:\/\/www.svalbard.fr\/actualites\/#website","url":"https:\/\/www.svalbard.fr\/actualites\/","name":"www.Svalbard.fr","description":"","publisher":{"@id":"https:\/\/www.svalbard.fr\/actualites\/#organization"},"potentialAction":[{"@type":"SearchAction","target":{"@type":"EntryPoint","urlTemplate":"https:\/\/www.svalbard.fr\/actualites\/?s={search_term_string}"},"query-input":"required name=search_term_string"}],"inLanguage":"fr-FR"},{"@type":"Organization","@id":"https:\/\/www.svalbard.fr\/actualites\/#organization","name":"www.Svalbard.fr","url":"https:\/\/www.svalbard.fr\/actualites\/","logo":{"@type":"ImageObject","inLanguage":"fr-FR","@id":"https:\/\/www.svalbard.fr\/actualites\/#\/schema\/logo\/image\/","url":"https:\/\/www.svalbard.fr\/actualites\/wp-content\/uploads\/2023\/09\/head-nom.jpg","contentUrl":"https:\/\/www.svalbard.fr\/actualites\/wp-content\/uploads\/2023\/09\/head-nom.jpg","width":264,"height":35,"caption":"www.Svalbard.fr"},"image":{"@id":"https:\/\/www.svalbard.fr\/actualites\/#\/schema\/logo\/image\/"}},{"@type":"Person","@id":"https:\/\/www.svalbard.fr\/actualites\/#\/schema\/person\/a2f937d5712222366738fae98755c600","name":"Hilmar","image":{"@type":"ImageObject","inLanguage":"fr-FR","@id":"https:\/\/www.svalbard.fr\/actualites\/#\/schema\/person\/image\/","url":"https:\/\/secure.gravatar.com\/avatar\/4daa437093476dbc32da415c112b6512?s=96&d=mm&r=g","contentUrl":"https:\/\/secure.gravatar.com\/avatar\/4daa437093476dbc32da415c112b6512?s=96&d=mm&r=g","caption":"Hilmar"},"description":"Hilmar est un passionn\u00e9 des r\u00e9gions polaires, sp\u00e9cialis\u00e9 dans la r\u00e9daction d'articles sur le Spitzberg et autres destinations arctiques. Il apporte son expertise et sa passion pour l'Arctique au sein de l'\u00e9quipe de r\u00e9daction de Svalbard depuis de nombreuses ann\u00e9es.","sameAs":["https:\/\/www.svalbard.fr\/"]}]}},"_links":{"self":[{"href":"https:\/\/www.svalbard.fr\/actualites\/wp-json\/wp\/v2\/posts\/3547"}],"collection":[{"href":"https:\/\/www.svalbard.fr\/actualites\/wp-json\/wp\/v2\/posts"}],"about":[{"href":"https:\/\/www.svalbard.fr\/actualites\/wp-json\/wp\/v2\/types\/post"}],"author":[{"embeddable":true,"href":"https:\/\/www.svalbard.fr\/actualites\/wp-json\/wp\/v2\/users\/1"}],"replies":[{"embeddable":true,"href":"https:\/\/www.svalbard.fr\/actualites\/wp-json\/wp\/v2\/comments?post=3547"}],"version-history":[{"count":0,"href":"https:\/\/www.svalbard.fr\/actualites\/wp-json\/wp\/v2\/posts\/3547\/revisions"}],"wp:featuredmedia":[{"embeddable":true,"href":"https:\/\/www.svalbard.fr\/actualites\/wp-json\/wp\/v2\/media\/3548"}],"wp:attachment":[{"href":"https:\/\/www.svalbard.fr\/actualites\/wp-json\/wp\/v2\/media?parent=3547"}],"wp:term":[{"taxonomy":"category","embeddable":true,"href":"https:\/\/www.svalbard.fr\/actualites\/wp-json\/wp\/v2\/categories?post=3547"},{"taxonomy":"post_tag","embeddable":true,"href":"https:\/\/www.svalbard.fr\/actualites\/wp-json\/wp\/v2\/tags?post=3547"}],"curies":[{"name":"wp","href":"https:\/\/api.w.org\/{rel}","templated":true}]}}