{"id":3556,"date":"2025-05-05T15:30:00","date_gmt":"2025-05-05T13:30:00","guid":{"rendered":"https:\/\/www.svalbard.fr\/actualites\/?p=3556"},"modified":"2025-05-02T10:41:52","modified_gmt":"2025-05-02T08:41:52","slug":"lidl-devoile-une-tente-thermique-revolutionnaire-pour-mieux-isoler-votre-maison","status":"publish","type":"post","link":"https:\/\/www.svalbard.fr\/actualites\/lidl-devoile-une-tente-thermique-revolutionnaire-pour-mieux-isoler-votre-maison\/","title":{"rendered":"Lidl d\u00e9voile une tente thermique r\u00e9volutionnaire pour mieux isoler votre maison"},"content":{"rendered":"\n<p><strong><em>Vous en avez assez des factures de chauffage \u00e9lev\u00e9es en hiver et des temp\u00e9ratures \u00e9touffantes en \u00e9t\u00e9 ? Vous n\u2019\u00eates pas seul ! Nombreux sont ceux qui cherchent des solutions simples pour am\u00e9liorer l&rsquo;isolation de leur maison, et Lidl a une r\u00e9ponse \u00e0 ce d\u00e9fi avec sa toute nouvelle tente thermique. Avec un prix attractif et des avantages \u00e9vidents, ce produit pourrait bien r\u00e9volutionner votre confort domestique.<\/em><\/strong><\/p>\n\n\n\n<!--more-->\n\n\n\n<h2 class=\"wp-block-heading\">Les fen\u00eatres : un point faible pour l\u2019isolation thermique<\/h2>\n\n\n\n<p>L\u2019un des probl\u00e8mes les plus fr\u00e9quents dans les maisons est l&rsquo;inefficacit\u00e9 de l\u2019<a href=\"https:\/\/www.svalbard.fr\/actualites\/adoptez-cette-astuce-pour-realiser-des-economies-cet-hiver\/\"><strong>isolation<\/strong><\/a> des fen\u00eatres. En effet, comme l&rsquo;indiquent plusieurs \u00e9tudes sur l&rsquo;efficacit\u00e9 \u00e9nerg\u00e9tique des foyers, les fen\u00eatres repr\u00e9sentent une source majeure de <strong>d\u00e9perdition de chaleur<\/strong>. Par exemple, jusqu&rsquo;\u00e0 30% de la chaleur peut s&rsquo;\u00e9chapper \u00e0 travers des fen\u00eatres mal isol\u00e9es, ce qui entra\u00eene des co\u00fbts de chauffage \u00e9lev\u00e9s et un inconfort, surtout pendant l&rsquo;hiver. \u00c0 l\u2019inverse, en \u00e9t\u00e9, les fen\u00eatres peuvent aussi laisser entrer la chaleur, rendant votre int\u00e9rieur encore plus chaud et difficile \u00e0 rafra\u00eechir.<\/p>\n\n\n\n<h2 class=\"wp-block-heading\">La solution de Lidl : des rideaux thermiques \u00e0 petit prix<\/h2>\n\n\n\n<p><a href=\"https:\/\/www.svalbard.fr\/actualites\/il-depense-2000-e-chez-lidl-et-fait-une-decouverte-tres-desagreable\/\"><strong>Lidl<\/strong><\/a> a trouv\u00e9 une solution simple et \u00e9conomique \u00e0 ce probl\u00e8me : les <strong>rideaux thermiques<\/strong>. Ces rideaux innovants, au prix incroyable de 4,99 euros, sont con\u00e7us pour <strong>r\u00e9duire la perte de chaleur en hiver<\/strong> et emp\u00eacher l\u2019entr\u00e9e de chaleur en \u00e9t\u00e9. Avec des dimensions de 80 x 130 cm, ces rideaux sont faciles \u00e0 installer et offrent une isolation thermique consid\u00e9rable pour une somme modique. Gr\u00e2ce \u00e0 eux, vous pourrez r\u00e9duire vos co\u00fbts \u00e9nerg\u00e9tiques tout en profitant d\u2019un <strong>confort accru<\/strong> \u00e0 la maison.<\/p>\n\n\n\n<h3 class=\"wp-block-heading\">Une installation simple et rapide<\/h3>\n\n\n\n<p>L\u2019un des atouts de ces rideaux est leur <strong>facilit\u00e9 d&rsquo;installation<\/strong>. Que vous soyez un bricoleur d\u00e9butant ou exp\u00e9riment\u00e9, vous pourrez les installer sans tracas. En quelques \u00e9tapes simples, vous pourrez fixer ces <a href=\"https:\/\/www.svalbard.fr\/actualites\/un-plombier-revele-une-astuce-simple-et-economique-pour-se-chauffer-efficacement-cet-hiver\/\"><strong>rideaux thermiques<\/strong><\/a> sur vos fen\u00eatres. De plus, un tutoriel vid\u00e9o accompagne chaque achat pour vous guider tout au long du processus. Fini les heures pass\u00e9es \u00e0 essayer de comprendre des instructions compliqu\u00e9es ! Vous pouvez aussi les adapter \u00e0 toutes les tailles de fen\u00eatres, avec un syst\u00e8me de fixation flexible permettant de les installer sur des cadres allant de 4 \u00e0 24 mm d\u2019\u00e9paisseur. Pratiques et efficaces, ces rideaux se d\u00e9clinent en gris ou blanc, s\u2019int\u00e9grant parfaitement \u00e0 tous les types de d\u00e9corations int\u00e9rieures.<\/p>\n\n\n\n<h3 class=\"wp-block-heading\">L&rsquo;opportunit\u00e9 \u00e0 saisir pour un confort optimal<\/h3>\n\n\n\n<p>Le <strong>prix abordable<\/strong> de ces rideaux thermiques et leur <strong>efficacit\u00e9 prouv\u00e9e<\/strong> en font une solution id\u00e9ale pour ceux qui veulent am\u00e9liorer leur isolation sans d\u00e9penser une fortune. En plus de faire des \u00e9conomies sur vos factures d&rsquo;\u00e9nergie, vous cr\u00e9erez un environnement plus agr\u00e9able \u00e0 vivre, quel que soit le climat ext\u00e9rieur. Si vous cherchez \u00e0 r\u00e9duire vos co\u00fbts de chauffage tout en apportant une touche pratique et esth\u00e9tique \u00e0 votre int\u00e9rieur, ces rideaux sont faits pour vous !<\/p>\n\n\n\n<h2 class=\"wp-block-heading\">Un produit qui r\u00e9pond \u00e0 un besoin r\u00e9el<\/h2>\n\n\n\n<p>Les <strong>rideaux thermiques de Lidl<\/strong> ne se contentent pas de rendre votre maison plus agr\u00e9able \u00e0 vivre, ils offrent une r\u00e9elle am\u00e9lioration de votre <strong><a href=\"https:\/\/www.svalbard.fr\/actualites\/le-royaume-uni-devance-la-france-dans-le-secteur-energetique-avec-un-record-mondial-pour-la-plus-grande-turbine-maremotrice\/\">efficacit\u00e9 \u00e9nerg\u00e9tique<\/a><\/strong>. \u00c0 un prix aussi comp\u00e9titif, il est probable que ces rideaux soient tr\u00e8s recherch\u00e9s, alors n\u2019attendez pas pour en profiter. Vous n\u2019avez rien \u00e0 perdre, mais beaucoup \u00e0 gagner, notamment un meilleur confort thermique et une r\u00e9duction de vos d\u00e9penses \u00e9nerg\u00e9tiques.<\/p>\n\n\n\n<p>Les rideaux thermiques de Lidl sont donc une excellente option pour am\u00e9liorer l\u2019isolation de votre maison sans vous ruiner. Leur conception soign\u00e9e, leur facilit\u00e9 d\u2019installation et leur prix attractif en font une solution pratique et efficace pour r\u00e9pondre \u00e0 un probl\u00e8me qui touche de nombreux foyers. Alors, pourquoi ne pas tenter l\u2019exp\u00e9rience et transformer votre int\u00e9rieur en un lieu plus confortable et \u00e9conomique ?<\/p>\n","protected":false},"excerpt":{"rendered":"<p>Vous en avez assez des factures de chauffage \u00e9lev\u00e9es en hiver et des temp\u00e9ratures \u00e9touffantes en \u00e9t\u00e9 ? Vous n\u2019\u00eates pas seul ! Nombreux sont<\/p>\n","protected":false},"author":3,"featured_media":3557,"comment_status":"closed","ping_status":"closed","sticky":false,"template":"","format":"standard","meta":{"footnotes":""},"categories":[1725],"tags":[],"yoast_head":"<!-- This site is optimized with the Yoast SEO plugin v21.0 - https:\/\/yoast.com\/wordpress\/plugins\/seo\/ -->\n<title>Lidl d\u00e9voile une tente thermique r\u00e9volutionnaire pour mieux isoler votre maison<\/title>\n<meta name=\"robots\" content=\"index, follow, max-snippet:-1, max-image-preview:large, max-video-preview:-1\" \/>\n<link rel=\"canonical\" href=\"https:\/\/www.svalbard.fr\/actualites\/lidl-devoile-une-tente-thermique-revolutionnaire-pour-mieux-isoler-votre-maison\/\" \/>\n<meta property=\"og:locale\" content=\"fr_FR\" \/>\n<meta property=\"og:type\" content=\"article\" \/>\n<meta property=\"og:title\" content=\"Lidl d\u00e9voile une tente thermique r\u00e9volutionnaire pour mieux isoler votre maison\" \/>\n<meta property=\"og:description\" content=\"Vous en avez assez des factures de chauffage \u00e9lev\u00e9es en hiver et des temp\u00e9ratures \u00e9touffantes en \u00e9t\u00e9 ? Vous n\u2019\u00eates pas seul ! Nombreux sont\" \/>\n<meta property=\"og:url\" content=\"https:\/\/www.svalbard.fr\/actualites\/lidl-devoile-une-tente-thermique-revolutionnaire-pour-mieux-isoler-votre-maison\/\" \/>\n<meta property=\"og:site_name\" content=\"www.Svalbard.fr\" \/>\n<meta property=\"article:published_time\" content=\"2025-05-05T13:30:00+00:00\" \/>\n<meta property=\"article:modified_time\" content=\"2025-05-02T08:41:52+00:00\" \/>\n<meta property=\"og:image\" content=\"https:\/\/www.svalbard.fr\/actualites\/wp-content\/uploads\/2025\/05\/tente-thermique-revolutionnaire.jpg\" \/>\n\t<meta property=\"og:image:width\" content=\"1200\" \/>\n\t<meta property=\"og:image:height\" content=\"675\" \/>\n\t<meta property=\"og:image:type\" content=\"image\/jpeg\" \/>\n<meta name=\"author\" content=\"Guillaume Chen\" \/>\n<meta name=\"twitter:card\" content=\"summary_large_image\" \/>\n<meta name=\"twitter:label1\" content=\"\u00c9crit par\" \/>\n\t<meta name=\"twitter:data1\" content=\"Guillaume Chen\" \/>\n\t<meta name=\"twitter:label2\" content=\"Dur\u00e9e de lecture estim\u00e9e\" \/>\n\t<meta name=\"twitter:data2\" content=\"4 minutes\" \/>\n<script type=\"application\/ld+json\" class=\"yoast-schema-graph\">{\"@context\":\"https:\/\/schema.org\",\"@graph\":[{\"@type\":\"Article\",\"@id\":\"https:\/\/www.svalbard.fr\/actualites\/lidl-devoile-une-tente-thermique-revolutionnaire-pour-mieux-isoler-votre-maison\/#article\",\"isPartOf\":{\"@id\":\"https:\/\/www.svalbard.fr\/actualites\/lidl-devoile-une-tente-thermique-revolutionnaire-pour-mieux-isoler-votre-maison\/\"},\"author\":{\"name\":\"Guillaume Chen\",\"@id\":\"https:\/\/www.svalbard.fr\/actualites\/#\/schema\/person\/b9d185560b94bff7322d37cb676ee545\"},\"headline\":\"Lidl d\u00e9voile une tente thermique r\u00e9volutionnaire pour mieux isoler votre maison\",\"datePublished\":\"2025-05-05T13:30:00+00:00\",\"dateModified\":\"2025-05-02T08:41:52+00:00\",\"mainEntityOfPage\":{\"@id\":\"https:\/\/www.svalbard.fr\/actualites\/lidl-devoile-une-tente-thermique-revolutionnaire-pour-mieux-isoler-votre-maison\/\"},\"wordCount\":668,\"publisher\":{\"@id\":\"https:\/\/www.svalbard.fr\/actualites\/#organization\"},\"articleSection\":[\"Tendances\"],\"inLanguage\":\"fr-FR\"},{\"@type\":\"WebPage\",\"@id\":\"https:\/\/www.svalbard.fr\/actualites\/lidl-devoile-une-tente-thermique-revolutionnaire-pour-mieux-isoler-votre-maison\/\",\"url\":\"https:\/\/www.svalbard.fr\/actualites\/lidl-devoile-une-tente-thermique-revolutionnaire-pour-mieux-isoler-votre-maison\/\",\"name\":\"Lidl d\u00e9voile une tente thermique r\u00e9volutionnaire pour mieux isoler votre maison\",\"isPartOf\":{\"@id\":\"https:\/\/www.svalbard.fr\/actualites\/#website\"},\"datePublished\":\"2025-05-05T13:30:00+00:00\",\"dateModified\":\"2025-05-02T08:41:52+00:00\",\"breadcrumb\":{\"@id\":\"https:\/\/www.svalbard.fr\/actualites\/lidl-devoile-une-tente-thermique-revolutionnaire-pour-mieux-isoler-votre-maison\/#breadcrumb\"},\"inLanguage\":\"fr-FR\",\"potentialAction\":[{\"@type\":\"ReadAction\",\"target\":[\"https:\/\/www.svalbard.fr\/actualites\/lidl-devoile-une-tente-thermique-revolutionnaire-pour-mieux-isoler-votre-maison\/\"]}]},{\"@type\":\"BreadcrumbList\",\"@id\":\"https:\/\/www.svalbard.fr\/actualites\/lidl-devoile-une-tente-thermique-revolutionnaire-pour-mieux-isoler-votre-maison\/#breadcrumb\",\"itemListElement\":[{\"@type\":\"ListItem\",\"position\":1,\"name\":\"Accueil\",\"item\":\"https:\/\/www.svalbard.fr\/actualites\/\"},{\"@type\":\"ListItem\",\"position\":2,\"name\":\"Lidl d\u00e9voile une tente thermique r\u00e9volutionnaire pour mieux isoler votre maison\"}]},{\"@type\":\"WebSite\",\"@id\":\"https:\/\/www.svalbard.fr\/actualites\/#website\",\"url\":\"https:\/\/www.svalbard.fr\/actualites\/\",\"name\":\"www.Svalbard.fr\",\"description\":\"\",\"publisher\":{\"@id\":\"https:\/\/www.svalbard.fr\/actualites\/#organization\"},\"potentialAction\":[{\"@type\":\"SearchAction\",\"target\":{\"@type\":\"EntryPoint\",\"urlTemplate\":\"https:\/\/www.svalbard.fr\/actualites\/?s={search_term_string}\"},\"query-input\":\"required name=search_term_string\"}],\"inLanguage\":\"fr-FR\"},{\"@type\":\"Organization\",\"@id\":\"https:\/\/www.svalbard.fr\/actualites\/#organization\",\"name\":\"www.Svalbard.fr\",\"url\":\"https:\/\/www.svalbard.fr\/actualites\/\",\"logo\":{\"@type\":\"ImageObject\",\"inLanguage\":\"fr-FR\",\"@id\":\"https:\/\/www.svalbard.fr\/actualites\/#\/schema\/logo\/image\/\",\"url\":\"https:\/\/www.svalbard.fr\/actualites\/wp-content\/uploads\/2023\/09\/head-nom.jpg\",\"contentUrl\":\"https:\/\/www.svalbard.fr\/actualites\/wp-content\/uploads\/2023\/09\/head-nom.jpg\",\"width\":264,\"height\":35,\"caption\":\"www.Svalbard.fr\"},\"image\":{\"@id\":\"https:\/\/www.svalbard.fr\/actualites\/#\/schema\/logo\/image\/\"}},{\"@type\":\"Person\",\"@id\":\"https:\/\/www.svalbard.fr\/actualites\/#\/schema\/person\/b9d185560b94bff7322d37cb676ee545\",\"name\":\"Guillaume Chen\",\"image\":{\"@type\":\"ImageObject\",\"inLanguage\":\"fr-FR\",\"@id\":\"https:\/\/www.svalbard.fr\/actualites\/#\/schema\/person\/image\/\",\"url\":\"https:\/\/secure.gravatar.com\/avatar\/0c3f9c94586035b795ad4049a06fb048?s=96&d=mm&r=g\",\"contentUrl\":\"https:\/\/secure.gravatar.com\/avatar\/0c3f9c94586035b795ad4049a06fb048?s=96&d=mm&r=g\",\"caption\":\"Guillaume Chen\"},\"sameAs\":[\"https:\/\/www.svalbard.fr\/\"]}]}<\/script>\n<!-- \/ Yoast SEO plugin. -->","yoast_head_json":{"title":"Lidl d\u00e9voile une tente thermique r\u00e9volutionnaire pour mieux isoler votre maison","robots":{"index":"index","follow":"follow","max-snippet":"max-snippet:-1","max-image-preview":"max-image-preview:large","max-video-preview":"max-video-preview:-1"},"canonical":"https:\/\/www.svalbard.fr\/actualites\/lidl-devoile-une-tente-thermique-revolutionnaire-pour-mieux-isoler-votre-maison\/","og_locale":"fr_FR","og_type":"article","og_title":"Lidl d\u00e9voile une tente thermique r\u00e9volutionnaire pour mieux isoler votre maison","og_description":"Vous en avez assez des factures de chauffage \u00e9lev\u00e9es en hiver et des temp\u00e9ratures \u00e9touffantes en \u00e9t\u00e9 ? Vous n\u2019\u00eates pas seul ! Nombreux sont","og_url":"https:\/\/www.svalbard.fr\/actualites\/lidl-devoile-une-tente-thermique-revolutionnaire-pour-mieux-isoler-votre-maison\/","og_site_name":"www.Svalbard.fr","article_published_time":"2025-05-05T13:30:00+00:00","article_modified_time":"2025-05-02T08:41:52+00:00","og_image":[{"width":1200,"height":675,"url":"https:\/\/www.svalbard.fr\/actualites\/wp-content\/uploads\/2025\/05\/tente-thermique-revolutionnaire.jpg","type":"image\/jpeg"}],"author":"Guillaume Chen","twitter_card":"summary_large_image","twitter_misc":{"\u00c9crit par":"Guillaume Chen","Dur\u00e9e de lecture estim\u00e9e":"4 minutes"},"schema":{"@context":"https:\/\/schema.org","@graph":[{"@type":"Article","@id":"https:\/\/www.svalbard.fr\/actualites\/lidl-devoile-une-tente-thermique-revolutionnaire-pour-mieux-isoler-votre-maison\/#article","isPartOf":{"@id":"https:\/\/www.svalbard.fr\/actualites\/lidl-devoile-une-tente-thermique-revolutionnaire-pour-mieux-isoler-votre-maison\/"},"author":{"name":"Guillaume Chen","@id":"https:\/\/www.svalbard.fr\/actualites\/#\/schema\/person\/b9d185560b94bff7322d37cb676ee545"},"headline":"Lidl d\u00e9voile une tente thermique r\u00e9volutionnaire pour mieux isoler votre maison","datePublished":"2025-05-05T13:30:00+00:00","dateModified":"2025-05-02T08:41:52+00:00","mainEntityOfPage":{"@id":"https:\/\/www.svalbard.fr\/actualites\/lidl-devoile-une-tente-thermique-revolutionnaire-pour-mieux-isoler-votre-maison\/"},"wordCount":668,"publisher":{"@id":"https:\/\/www.svalbard.fr\/actualites\/#organization"},"articleSection":["Tendances"],"inLanguage":"fr-FR"},{"@type":"WebPage","@id":"https:\/\/www.svalbard.fr\/actualites\/lidl-devoile-une-tente-thermique-revolutionnaire-pour-mieux-isoler-votre-maison\/","url":"https:\/\/www.svalbard.fr\/actualites\/lidl-devoile-une-tente-thermique-revolutionnaire-pour-mieux-isoler-votre-maison\/","name":"Lidl d\u00e9voile une tente thermique r\u00e9volutionnaire pour mieux isoler votre maison","isPartOf":{"@id":"https:\/\/www.svalbard.fr\/actualites\/#website"},"datePublished":"2025-05-05T13:30:00+00:00","dateModified":"2025-05-02T08:41:52+00:00","breadcrumb":{"@id":"https:\/\/www.svalbard.fr\/actualites\/lidl-devoile-une-tente-thermique-revolutionnaire-pour-mieux-isoler-votre-maison\/#breadcrumb"},"inLanguage":"fr-FR","potentialAction":[{"@type":"ReadAction","target":["https:\/\/www.svalbard.fr\/actualites\/lidl-devoile-une-tente-thermique-revolutionnaire-pour-mieux-isoler-votre-maison\/"]}]},{"@type":"BreadcrumbList","@id":"https:\/\/www.svalbard.fr\/actualites\/lidl-devoile-une-tente-thermique-revolutionnaire-pour-mieux-isoler-votre-maison\/#breadcrumb","itemListElement":[{"@type":"ListItem","position":1,"name":"Accueil","item":"https:\/\/www.svalbard.fr\/actualites\/"},{"@type":"ListItem","position":2,"name":"Lidl d\u00e9voile une tente thermique r\u00e9volutionnaire pour mieux isoler votre maison"}]},{"@type":"WebSite","@id":"https:\/\/www.svalbard.fr\/actualites\/#website","url":"https:\/\/www.svalbard.fr\/actualites\/","name":"www.Svalbard.fr","description":"","publisher":{"@id":"https:\/\/www.svalbard.fr\/actualites\/#organization"},"potentialAction":[{"@type":"SearchAction","target":{"@type":"EntryPoint","urlTemplate":"https:\/\/www.svalbard.fr\/actualites\/?s={search_term_string}"},"query-input":"required name=search_term_string"}],"inLanguage":"fr-FR"},{"@type":"Organization","@id":"https:\/\/www.svalbard.fr\/actualites\/#organization","name":"www.Svalbard.fr","url":"https:\/\/www.svalbard.fr\/actualites\/","logo":{"@type":"ImageObject","inLanguage":"fr-FR","@id":"https:\/\/www.svalbard.fr\/actualites\/#\/schema\/logo\/image\/","url":"https:\/\/www.svalbard.fr\/actualites\/wp-content\/uploads\/2023\/09\/head-nom.jpg","contentUrl":"https:\/\/www.svalbard.fr\/actualites\/wp-content\/uploads\/2023\/09\/head-nom.jpg","width":264,"height":35,"caption":"www.Svalbard.fr"},"image":{"@id":"https:\/\/www.svalbard.fr\/actualites\/#\/schema\/logo\/image\/"}},{"@type":"Person","@id":"https:\/\/www.svalbard.fr\/actualites\/#\/schema\/person\/b9d185560b94bff7322d37cb676ee545","name":"Guillaume Chen","image":{"@type":"ImageObject","inLanguage":"fr-FR","@id":"https:\/\/www.svalbard.fr\/actualites\/#\/schema\/person\/image\/","url":"https:\/\/secure.gravatar.com\/avatar\/0c3f9c94586035b795ad4049a06fb048?s=96&d=mm&r=g","contentUrl":"https:\/\/secure.gravatar.com\/avatar\/0c3f9c94586035b795ad4049a06fb048?s=96&d=mm&r=g","caption":"Guillaume Chen"},"sameAs":["https:\/\/www.svalbard.fr\/"]}]}},"_links":{"self":[{"href":"https:\/\/www.svalbard.fr\/actualites\/wp-json\/wp\/v2\/posts\/3556"}],"collection":[{"href":"https:\/\/www.svalbard.fr\/actualites\/wp-json\/wp\/v2\/posts"}],"about":[{"href":"https:\/\/www.svalbard.fr\/actualites\/wp-json\/wp\/v2\/types\/post"}],"author":[{"embeddable":true,"href":"https:\/\/www.svalbard.fr\/actualites\/wp-json\/wp\/v2\/users\/3"}],"replies":[{"embeddable":true,"href":"https:\/\/www.svalbard.fr\/actualites\/wp-json\/wp\/v2\/comments?post=3556"}],"version-history":[{"count":1,"href":"https:\/\/www.svalbard.fr\/actualites\/wp-json\/wp\/v2\/posts\/3556\/revisions"}],"predecessor-version":[{"id":3558,"href":"https:\/\/www.svalbard.fr\/actualites\/wp-json\/wp\/v2\/posts\/3556\/revisions\/3558"}],"wp:featuredmedia":[{"embeddable":true,"href":"https:\/\/www.svalbard.fr\/actualites\/wp-json\/wp\/v2\/media\/3557"}],"wp:attachment":[{"href":"https:\/\/www.svalbard.fr\/actualites\/wp-json\/wp\/v2\/media?parent=3556"}],"wp:term":[{"taxonomy":"category","embeddable":true,"href":"https:\/\/www.svalbard.fr\/actualites\/wp-json\/wp\/v2\/categories?post=3556"},{"taxonomy":"post_tag","embeddable":true,"href":"https:\/\/www.svalbard.fr\/actualites\/wp-json\/wp\/v2\/tags?post=3556"}],"curies":[{"name":"wp","href":"https:\/\/api.w.org\/{rel}","templated":true}]}}