{"id":357,"date":"2023-12-05T20:32:37","date_gmt":"2023-12-05T19:32:37","guid":{"rendered":"https:\/\/www.svalbard.fr\/actualites\/les-legislateurs-norvegiens-concluent-un-accord-ouvrant-lexploitation-miniere-en-haute-mer-dans-larctique\/"},"modified":"2023-12-05T20:32:37","modified_gmt":"2023-12-05T19:32:37","slug":"les-legislateurs-norvegiens-concluent-un-accord-ouvrant-lexploitation-miniere-en-haute-mer-dans-larctique","status":"publish","type":"post","link":"https:\/\/www.svalbard.fr\/actualites\/les-legislateurs-norvegiens-concluent-un-accord-ouvrant-lexploitation-miniere-en-haute-mer-dans-larctique\/","title":{"rendered":"Les l\u00e9gislateurs norv\u00e9giens concluent un accord ouvrant l\u2019exploitation mini\u00e8re en haute mer dans l\u2019Arctique"},"content":{"rendered":"<p>Le gouvernement norv\u00e9gien et deux grands partis d&rsquo;opposition ont convenu d&rsquo;autoriser l&rsquo;exploration mini\u00e8re des fonds marins de l&rsquo;Arctique.<br \/>\n<\/p>\n<p>  Le gouvernement norv\u00e9gien minoritaire de centre-gauche et deux grands partis d&rsquo;opposition ont conclu un accord mardi pour ouvrir l&rsquo;oc\u00e9an Arctique \u00e0 l&rsquo;exploration mini\u00e8re des fonds marins, malgr\u00e9 les avertissements des groupes environnementaux selon lesquels cela menacerait la biodiversit\u00e9 des \u00e9cosyst\u00e8mes vuln\u00e9rables de la r\u00e9gion.<\/p>\n<p>La Norv\u00e8ge a d\u00e9clar\u00e9 en juin qu&rsquo;elle souhaitait ouvrir certaines parties de son plateau continental \u00e0 l&rsquo;exploitation mini\u00e8re commerciale en haute mer, conform\u00e9ment \u00e0 la strat\u00e9gie du pays visant \u00e0 rechercher de nouvelles opportunit\u00e9s \u00e9conomiques et \u00e0 r\u00e9duire sa d\u00e9pendance au p\u00e9trole et au gaz.<\/p>\n<div data-mpu1=\"true\" class=\"sc-1048kfq-0 coebUk\"><\/div>\n<p>\u00ab\u00a0C&rsquo;est un d\u00e9sastre pour la mer\u00a0\u00bb, a d\u00e9clar\u00e9 Frode Pleym, chef de la section locale de Greenpeace.  \u00ab La Norv\u00e8ge autorise d\u00e9sormais des interventions irr\u00e9versibles dans des zones o\u00f9 la nature est totalement inconnue. \u00bb<\/p>\n<p>Martin Sveinss\u00f8nn Melv\u00e6r, du groupe environnemental norv\u00e9gien Bellona, \u200b\u200ba d\u00e9clar\u00e9 que c&rsquo;\u00e9tait \u00ab compl\u00e8tement contraire aux recommandations scientifiques \u00bb et estime que \u00ab l&rsquo;exploitation des min\u00e9raux des fonds marins constitue un dangereux d\u00e9raillement dans la lutte contre le changement climatique \u00bb.<\/p>\n<p>Le gouvernement \u2013 \u200b\u200bcompos\u00e9 du Parti travailliste et du Parti du centre \u2013 a conclu un accord avec les conservateurs de Hoeyre et le Parti du progr\u00e8s, a rapport\u00e9 l&rsquo;agence de presse norv\u00e9gienne NTB.<\/p>\n<div id=\"taboola-mid-article-thumbnails-ii\" class=\"sc-1n1mfdd-4 dQlTbm\"><\/div>\n<p>Ils ont d\u00e9clar\u00e9 qu&rsquo;ils s&rsquo;\u00e9taient mis d&rsquo;accord sur un processus d&rsquo;ouverture \u00e9tape par \u00e9tape dans le cadre duquel le parlement norv\u00e9gien, ou Stortinget, approuverait les premiers projets de d\u00e9veloppement, de la m\u00eame mani\u00e8re qu&rsquo;il l&rsquo;a fait pour certains projets d&rsquo;extraction dans le secteur p\u00e9trolier. <\/p>\n<p>Le pays scandinave, qui est l&rsquo;un des pays les plus riches du monde en raison de ses vastes r\u00e9serves de p\u00e9trole et de gaz, affirme qu&rsquo;il existe d&rsquo;importantes ressources min\u00e9rales sur les fonds marins du plateau continental norv\u00e9gien.<\/p>\n<p>Selon la Direction norv\u00e9gienne du p\u00e9trole, il existe des sulfures et des cro\u00fbtes de mangan\u00e8se contenant des m\u00e9taux et des min\u00e9raux essentiels \u00e0 la fabrication de batteries, d&rsquo;\u00e9oliennes, d&rsquo;ordinateurs et de t\u00e9l\u00e9phones portables. <\/p>\n<div class=\"sc-1pfx6hk-0 bIsyYl sc-w27hnf-0 bsMbzP\">\n<div data-mpu=\"true\" data-is-video=\"false\" data-tile-name=\"content\" data-ad-unit-path=\"\/71347885\/_main_independent\/in_news\/in_main\/image\/content\" data-size-key=\"SINGLE_MPU\" data-refresh-check=\"false\" data-refresh-ms=\"13000\"><\/div>\n<\/div>\n<p>Si elles s&rsquo;av\u00e8rent rentables et si l&rsquo;extraction peut \u00eatre r\u00e9alis\u00e9e de mani\u00e8re durable, les activit\u00e9s mini\u00e8res des fonds marins peuvent renforcer l&rsquo;\u00e9conomie, y compris l&#8217;emploi en Norv\u00e8ge, tout en garantissant l&rsquo;approvisionnement en m\u00e9taux essentiels \u00e0 la transition mondiale vers une \u00e9nergie durable, a d\u00e9clar\u00e9 le minist\u00e8re du P\u00e9trole et de l&rsquo;\u00c9nergie. Juin. <\/p>\n<p>La zone pr\u00e9vue est situ\u00e9e au sud-ouest de l\u2019\u00eele arctique de Svalbard. <\/p>\n","protected":false},"excerpt":{"rendered":"<p>Le gouvernement norv\u00e9gien et deux grands partis d&rsquo;opposition ont convenu d&rsquo;autoriser l&rsquo;exploration mini\u00e8re des fonds marins de l&rsquo;Arctique. Le gouvernement norv\u00e9gien minoritaire de centre-gauche et<\/p>\n","protected":false},"author":1,"featured_media":358,"comment_status":"","ping_status":"","sticky":false,"template":"","format":"standard","meta":{"footnotes":""},"categories":[1],"tags":[525,524,54,528,70,523,3,527,407,221,226,526],"yoast_head":"<!-- This site is optimized with the Yoast SEO plugin v21.0 - https:\/\/yoast.com\/wordpress\/plugins\/seo\/ -->\n<title>Les l\u00e9gislateurs norv\u00e9giens concluent un accord ouvrant l\u2019exploitation mini\u00e8re en haute mer dans l\u2019Arctique<\/title>\n<meta name=\"robots\" content=\"index, follow, max-snippet:-1, max-image-preview:large, max-video-preview:-1\" \/>\n<link rel=\"canonical\" href=\"https:\/\/www.svalbard.fr\/actualites\/les-legislateurs-norvegiens-concluent-un-accord-ouvrant-lexploitation-miniere-en-haute-mer-dans-larctique\/\" \/>\n<meta property=\"og:locale\" content=\"fr_FR\" \/>\n<meta property=\"og:type\" content=\"article\" \/>\n<meta property=\"og:title\" content=\"Les l\u00e9gislateurs norv\u00e9giens concluent un accord ouvrant l\u2019exploitation mini\u00e8re en haute mer dans l\u2019Arctique\" \/>\n<meta property=\"og:description\" content=\"Le gouvernement norv\u00e9gien et deux grands partis d&rsquo;opposition ont convenu d&rsquo;autoriser l&rsquo;exploration mini\u00e8re des fonds marins de l&rsquo;Arctique. Le gouvernement norv\u00e9gien minoritaire de centre-gauche et\" \/>\n<meta property=\"og:url\" content=\"https:\/\/www.svalbard.fr\/actualites\/les-legislateurs-norvegiens-concluent-un-accord-ouvrant-lexploitation-miniere-en-haute-mer-dans-larctique\/\" \/>\n<meta property=\"og:site_name\" content=\"www.Svalbard.fr\" \/>\n<meta property=\"article:published_time\" content=\"2023-12-05T19:32:37+00:00\" \/>\n<meta property=\"og:image\" content=\"https:\/\/www.svalbard.fr\/actualites\/wp-content\/uploads\/2023\/09\/head-nom.jpg\" \/>\n\t<meta property=\"og:image:width\" content=\"264\" \/>\n\t<meta property=\"og:image:height\" content=\"35\" \/>\n\t<meta property=\"og:image:type\" content=\"image\/jpeg\" \/>\n<meta name=\"author\" content=\"Hilmar\" \/>\n<meta name=\"twitter:card\" content=\"summary_large_image\" \/>\n<meta name=\"twitter:label1\" content=\"\u00c9crit par\" \/>\n\t<meta name=\"twitter:data1\" content=\"Hilmar\" \/>\n\t<meta name=\"twitter:label2\" content=\"Dur\u00e9e de lecture estim\u00e9e\" \/>\n\t<meta name=\"twitter:data2\" content=\"2 minutes\" \/>\n<script type=\"application\/ld+json\" class=\"yoast-schema-graph\">{\"@context\":\"https:\/\/schema.org\",\"@graph\":[{\"@type\":\"Article\",\"@id\":\"https:\/\/www.svalbard.fr\/actualites\/les-legislateurs-norvegiens-concluent-un-accord-ouvrant-lexploitation-miniere-en-haute-mer-dans-larctique\/#article\",\"isPartOf\":{\"@id\":\"https:\/\/www.svalbard.fr\/actualites\/les-legislateurs-norvegiens-concluent-un-accord-ouvrant-lexploitation-miniere-en-haute-mer-dans-larctique\/\"},\"author\":{\"name\":\"Hilmar\",\"@id\":\"https:\/\/www.svalbard.fr\/actualites\/#\/schema\/person\/a2f937d5712222366738fae98755c600\"},\"headline\":\"Les l\u00e9gislateurs norv\u00e9giens concluent un accord ouvrant l\u2019exploitation mini\u00e8re en haute mer dans l\u2019Arctique\",\"datePublished\":\"2023-12-05T19:32:37+00:00\",\"dateModified\":\"2023-12-05T19:32:37+00:00\",\"mainEntityOfPage\":{\"@id\":\"https:\/\/www.svalbard.fr\/actualites\/les-legislateurs-norvegiens-concluent-un-accord-ouvrant-lexploitation-miniere-en-haute-mer-dans-larctique\/\"},\"wordCount\":468,\"publisher\":{\"@id\":\"https:\/\/www.svalbard.fr\/actualites\/#organization\"},\"keywords\":[\"accord\",\"concluent\",\"dans\",\"haute\",\"lArctique\",\"l\u00e9gislateurs\",\"Les\",\"lexploitation\",\"mer\",\"mini\u00e8re\",\"norv\u00e9giens\",\"ouvrant\"],\"articleSection\":[\"Svalbard\"],\"inLanguage\":\"fr-FR\"},{\"@type\":\"WebPage\",\"@id\":\"https:\/\/www.svalbard.fr\/actualites\/les-legislateurs-norvegiens-concluent-un-accord-ouvrant-lexploitation-miniere-en-haute-mer-dans-larctique\/\",\"url\":\"https:\/\/www.svalbard.fr\/actualites\/les-legislateurs-norvegiens-concluent-un-accord-ouvrant-lexploitation-miniere-en-haute-mer-dans-larctique\/\",\"name\":\"Les l\u00e9gislateurs norv\u00e9giens concluent un accord ouvrant l\u2019exploitation mini\u00e8re en haute mer dans l\u2019Arctique\",\"isPartOf\":{\"@id\":\"https:\/\/www.svalbard.fr\/actualites\/#website\"},\"datePublished\":\"2023-12-05T19:32:37+00:00\",\"dateModified\":\"2023-12-05T19:32:37+00:00\",\"breadcrumb\":{\"@id\":\"https:\/\/www.svalbard.fr\/actualites\/les-legislateurs-norvegiens-concluent-un-accord-ouvrant-lexploitation-miniere-en-haute-mer-dans-larctique\/#breadcrumb\"},\"inLanguage\":\"fr-FR\",\"potentialAction\":[{\"@type\":\"ReadAction\",\"target\":[\"https:\/\/www.svalbard.fr\/actualites\/les-legislateurs-norvegiens-concluent-un-accord-ouvrant-lexploitation-miniere-en-haute-mer-dans-larctique\/\"]}]},{\"@type\":\"BreadcrumbList\",\"@id\":\"https:\/\/www.svalbard.fr\/actualites\/les-legislateurs-norvegiens-concluent-un-accord-ouvrant-lexploitation-miniere-en-haute-mer-dans-larctique\/#breadcrumb\",\"itemListElement\":[{\"@type\":\"ListItem\",\"position\":1,\"name\":\"Accueil\",\"item\":\"https:\/\/www.svalbard.fr\/actualites\/\"},{\"@type\":\"ListItem\",\"position\":2,\"name\":\"Les l\u00e9gislateurs norv\u00e9giens concluent un accord ouvrant l\u2019exploitation mini\u00e8re en haute mer dans l\u2019Arctique\"}]},{\"@type\":\"WebSite\",\"@id\":\"https:\/\/www.svalbard.fr\/actualites\/#website\",\"url\":\"https:\/\/www.svalbard.fr\/actualites\/\",\"name\":\"www.Svalbard.fr\",\"description\":\"\",\"publisher\":{\"@id\":\"https:\/\/www.svalbard.fr\/actualites\/#organization\"},\"potentialAction\":[{\"@type\":\"SearchAction\",\"target\":{\"@type\":\"EntryPoint\",\"urlTemplate\":\"https:\/\/www.svalbard.fr\/actualites\/?s={search_term_string}\"},\"query-input\":\"required name=search_term_string\"}],\"inLanguage\":\"fr-FR\"},{\"@type\":\"Organization\",\"@id\":\"https:\/\/www.svalbard.fr\/actualites\/#organization\",\"name\":\"www.Svalbard.fr\",\"url\":\"https:\/\/www.svalbard.fr\/actualites\/\",\"logo\":{\"@type\":\"ImageObject\",\"inLanguage\":\"fr-FR\",\"@id\":\"https:\/\/www.svalbard.fr\/actualites\/#\/schema\/logo\/image\/\",\"url\":\"https:\/\/www.svalbard.fr\/actualites\/wp-content\/uploads\/2023\/09\/head-nom.jpg\",\"contentUrl\":\"https:\/\/www.svalbard.fr\/actualites\/wp-content\/uploads\/2023\/09\/head-nom.jpg\",\"width\":264,\"height\":35,\"caption\":\"www.Svalbard.fr\"},\"image\":{\"@id\":\"https:\/\/www.svalbard.fr\/actualites\/#\/schema\/logo\/image\/\"}},{\"@type\":\"Person\",\"@id\":\"https:\/\/www.svalbard.fr\/actualites\/#\/schema\/person\/a2f937d5712222366738fae98755c600\",\"name\":\"Hilmar\",\"image\":{\"@type\":\"ImageObject\",\"inLanguage\":\"fr-FR\",\"@id\":\"https:\/\/www.svalbard.fr\/actualites\/#\/schema\/person\/image\/\",\"url\":\"https:\/\/secure.gravatar.com\/avatar\/4daa437093476dbc32da415c112b6512?s=96&d=mm&r=g\",\"contentUrl\":\"https:\/\/secure.gravatar.com\/avatar\/4daa437093476dbc32da415c112b6512?s=96&d=mm&r=g\",\"caption\":\"Hilmar\"},\"description\":\"Hilmar est un passionn\u00e9 des r\u00e9gions polaires, sp\u00e9cialis\u00e9 dans la r\u00e9daction d'articles sur le Spitzberg et autres destinations arctiques. Il apporte son expertise et sa passion pour l'Arctique au sein de l'\u00e9quipe de r\u00e9daction de Svalbard depuis de nombreuses ann\u00e9es.\",\"sameAs\":[\"https:\/\/www.svalbard.fr\/\"]}]}<\/script>\n<!-- \/ Yoast SEO plugin. -->","yoast_head_json":{"title":"Les l\u00e9gislateurs norv\u00e9giens concluent un accord ouvrant l\u2019exploitation mini\u00e8re en haute mer dans l\u2019Arctique","robots":{"index":"index","follow":"follow","max-snippet":"max-snippet:-1","max-image-preview":"max-image-preview:large","max-video-preview":"max-video-preview:-1"},"canonical":"https:\/\/www.svalbard.fr\/actualites\/les-legislateurs-norvegiens-concluent-un-accord-ouvrant-lexploitation-miniere-en-haute-mer-dans-larctique\/","og_locale":"fr_FR","og_type":"article","og_title":"Les l\u00e9gislateurs norv\u00e9giens concluent un accord ouvrant l\u2019exploitation mini\u00e8re en haute mer dans l\u2019Arctique","og_description":"Le gouvernement norv\u00e9gien et deux grands partis d&rsquo;opposition ont convenu d&rsquo;autoriser l&rsquo;exploration mini\u00e8re des fonds marins de l&rsquo;Arctique. Le gouvernement norv\u00e9gien minoritaire de centre-gauche et","og_url":"https:\/\/www.svalbard.fr\/actualites\/les-legislateurs-norvegiens-concluent-un-accord-ouvrant-lexploitation-miniere-en-haute-mer-dans-larctique\/","og_site_name":"www.Svalbard.fr","article_published_time":"2023-12-05T19:32:37+00:00","og_image":[{"width":264,"height":35,"url":"https:\/\/www.svalbard.fr\/actualites\/wp-content\/uploads\/2023\/09\/head-nom.jpg","type":"image\/jpeg"}],"author":"Hilmar","twitter_card":"summary_large_image","twitter_misc":{"\u00c9crit par":"Hilmar","Dur\u00e9e de lecture estim\u00e9e":"2 minutes"},"schema":{"@context":"https:\/\/schema.org","@graph":[{"@type":"Article","@id":"https:\/\/www.svalbard.fr\/actualites\/les-legislateurs-norvegiens-concluent-un-accord-ouvrant-lexploitation-miniere-en-haute-mer-dans-larctique\/#article","isPartOf":{"@id":"https:\/\/www.svalbard.fr\/actualites\/les-legislateurs-norvegiens-concluent-un-accord-ouvrant-lexploitation-miniere-en-haute-mer-dans-larctique\/"},"author":{"name":"Hilmar","@id":"https:\/\/www.svalbard.fr\/actualites\/#\/schema\/person\/a2f937d5712222366738fae98755c600"},"headline":"Les l\u00e9gislateurs norv\u00e9giens concluent un accord ouvrant l\u2019exploitation mini\u00e8re en haute mer dans l\u2019Arctique","datePublished":"2023-12-05T19:32:37+00:00","dateModified":"2023-12-05T19:32:37+00:00","mainEntityOfPage":{"@id":"https:\/\/www.svalbard.fr\/actualites\/les-legislateurs-norvegiens-concluent-un-accord-ouvrant-lexploitation-miniere-en-haute-mer-dans-larctique\/"},"wordCount":468,"publisher":{"@id":"https:\/\/www.svalbard.fr\/actualites\/#organization"},"keywords":["accord","concluent","dans","haute","lArctique","l\u00e9gislateurs","Les","lexploitation","mer","mini\u00e8re","norv\u00e9giens","ouvrant"],"articleSection":["Svalbard"],"inLanguage":"fr-FR"},{"@type":"WebPage","@id":"https:\/\/www.svalbard.fr\/actualites\/les-legislateurs-norvegiens-concluent-un-accord-ouvrant-lexploitation-miniere-en-haute-mer-dans-larctique\/","url":"https:\/\/www.svalbard.fr\/actualites\/les-legislateurs-norvegiens-concluent-un-accord-ouvrant-lexploitation-miniere-en-haute-mer-dans-larctique\/","name":"Les l\u00e9gislateurs norv\u00e9giens concluent un accord ouvrant l\u2019exploitation mini\u00e8re en haute mer dans l\u2019Arctique","isPartOf":{"@id":"https:\/\/www.svalbard.fr\/actualites\/#website"},"datePublished":"2023-12-05T19:32:37+00:00","dateModified":"2023-12-05T19:32:37+00:00","breadcrumb":{"@id":"https:\/\/www.svalbard.fr\/actualites\/les-legislateurs-norvegiens-concluent-un-accord-ouvrant-lexploitation-miniere-en-haute-mer-dans-larctique\/#breadcrumb"},"inLanguage":"fr-FR","potentialAction":[{"@type":"ReadAction","target":["https:\/\/www.svalbard.fr\/actualites\/les-legislateurs-norvegiens-concluent-un-accord-ouvrant-lexploitation-miniere-en-haute-mer-dans-larctique\/"]}]},{"@type":"BreadcrumbList","@id":"https:\/\/www.svalbard.fr\/actualites\/les-legislateurs-norvegiens-concluent-un-accord-ouvrant-lexploitation-miniere-en-haute-mer-dans-larctique\/#breadcrumb","itemListElement":[{"@type":"ListItem","position":1,"name":"Accueil","item":"https:\/\/www.svalbard.fr\/actualites\/"},{"@type":"ListItem","position":2,"name":"Les l\u00e9gislateurs norv\u00e9giens concluent un accord ouvrant l\u2019exploitation mini\u00e8re en haute mer dans l\u2019Arctique"}]},{"@type":"WebSite","@id":"https:\/\/www.svalbard.fr\/actualites\/#website","url":"https:\/\/www.svalbard.fr\/actualites\/","name":"www.Svalbard.fr","description":"","publisher":{"@id":"https:\/\/www.svalbard.fr\/actualites\/#organization"},"potentialAction":[{"@type":"SearchAction","target":{"@type":"EntryPoint","urlTemplate":"https:\/\/www.svalbard.fr\/actualites\/?s={search_term_string}"},"query-input":"required name=search_term_string"}],"inLanguage":"fr-FR"},{"@type":"Organization","@id":"https:\/\/www.svalbard.fr\/actualites\/#organization","name":"www.Svalbard.fr","url":"https:\/\/www.svalbard.fr\/actualites\/","logo":{"@type":"ImageObject","inLanguage":"fr-FR","@id":"https:\/\/www.svalbard.fr\/actualites\/#\/schema\/logo\/image\/","url":"https:\/\/www.svalbard.fr\/actualites\/wp-content\/uploads\/2023\/09\/head-nom.jpg","contentUrl":"https:\/\/www.svalbard.fr\/actualites\/wp-content\/uploads\/2023\/09\/head-nom.jpg","width":264,"height":35,"caption":"www.Svalbard.fr"},"image":{"@id":"https:\/\/www.svalbard.fr\/actualites\/#\/schema\/logo\/image\/"}},{"@type":"Person","@id":"https:\/\/www.svalbard.fr\/actualites\/#\/schema\/person\/a2f937d5712222366738fae98755c600","name":"Hilmar","image":{"@type":"ImageObject","inLanguage":"fr-FR","@id":"https:\/\/www.svalbard.fr\/actualites\/#\/schema\/person\/image\/","url":"https:\/\/secure.gravatar.com\/avatar\/4daa437093476dbc32da415c112b6512?s=96&d=mm&r=g","contentUrl":"https:\/\/secure.gravatar.com\/avatar\/4daa437093476dbc32da415c112b6512?s=96&d=mm&r=g","caption":"Hilmar"},"description":"Hilmar est un passionn\u00e9 des r\u00e9gions polaires, sp\u00e9cialis\u00e9 dans la r\u00e9daction d'articles sur le Spitzberg et autres destinations arctiques. Il apporte son expertise et sa passion pour l'Arctique au sein de l'\u00e9quipe de r\u00e9daction de Svalbard depuis de nombreuses ann\u00e9es.","sameAs":["https:\/\/www.svalbard.fr\/"]}]}},"_links":{"self":[{"href":"https:\/\/www.svalbard.fr\/actualites\/wp-json\/wp\/v2\/posts\/357"}],"collection":[{"href":"https:\/\/www.svalbard.fr\/actualites\/wp-json\/wp\/v2\/posts"}],"about":[{"href":"https:\/\/www.svalbard.fr\/actualites\/wp-json\/wp\/v2\/types\/post"}],"author":[{"embeddable":true,"href":"https:\/\/www.svalbard.fr\/actualites\/wp-json\/wp\/v2\/users\/1"}],"replies":[{"embeddable":true,"href":"https:\/\/www.svalbard.fr\/actualites\/wp-json\/wp\/v2\/comments?post=357"}],"version-history":[{"count":0,"href":"https:\/\/www.svalbard.fr\/actualites\/wp-json\/wp\/v2\/posts\/357\/revisions"}],"wp:featuredmedia":[{"embeddable":true,"href":"https:\/\/www.svalbard.fr\/actualites\/wp-json\/wp\/v2\/media\/358"}],"wp:attachment":[{"href":"https:\/\/www.svalbard.fr\/actualites\/wp-json\/wp\/v2\/media?parent=357"}],"wp:term":[{"taxonomy":"category","embeddable":true,"href":"https:\/\/www.svalbard.fr\/actualites\/wp-json\/wp\/v2\/categories?post=357"},{"taxonomy":"post_tag","embeddable":true,"href":"https:\/\/www.svalbard.fr\/actualites\/wp-json\/wp\/v2\/tags?post=357"}],"curies":[{"name":"wp","href":"https:\/\/api.w.org\/{rel}","templated":true}]}}