{"id":3631,"date":"2025-05-10T07:50:00","date_gmt":"2025-05-10T05:50:00","guid":{"rendered":"https:\/\/www.svalbard.fr\/actualites\/?p=3631"},"modified":"2025-05-07T11:14:35","modified_gmt":"2025-05-07T09:14:35","slug":"norge-naermer-seg-eu-er-det-pa-tide-med-et-historisk-veivalg","status":"publish","type":"post","link":"https:\/\/www.svalbard.fr\/actualites\/no\/norge-naermer-seg-eu-er-det-pa-tide-med-et-historisk-veivalg\/","title":{"rendered":"Norge n\u00e6rmer seg EU: Er det p\u00e5 tide med et historisk veivalg?"},"content":{"rendered":"\n<p><strong><em>Norge st\u00e5r overfor et veivalg som kan forme landets fremtid: b\u00f8r vi slutte oss til EU? Dette sp\u00f8rsm\u00e5let er mer aktuelt enn p\u00e5 lenge, og den politiske situasjonen rundt oss har forandret landskapet betydelig. Det er et sp\u00f8rsm\u00e5l som minner om de valgene som ble tatt av Finland og Sverige for noen \u00e5r siden, da de m\u00e5tte revurdere sine posisjoner ang\u00e5ende NATO-medlemskap etter Russlands invasjon av Ukraina.<\/em><\/strong><\/p>\n\n\n\n<!--more-->\n\n\n\n<p>I l\u00f8pet av de siste \u00e5rene har <strong><a href=\"https:\/\/www.svalbard.fr\/actualites\/no\/norge-lokker-toppforskere-fra-usa-med-nytt-storsatsingsprogram\/\">Norge<\/a><\/strong> fortsatt \u00e5 utvikle et tett samarbeid med EU, men uten fullt medlemskap. Til tross for dette har den p\u00e5g\u00e5ende geopolitiske usikkerheten \u2013 s\u00e6rlig knyttet til <strong>Russlands<\/strong> handlinger og endringer i det internasjonale maktbalansen \u2013 gjort sp\u00f8rsm\u00e5let om medlemskap mer presserende. Norge, som en stor akt\u00f8r innen <strong>energi<\/strong>, har sett hvordan EU har blitt en viktig partner for \u00e5 sikre \u00f8konomisk stabilitet og fremtidig vekst, men er fortsatt uten en formell plass ved bordet der de viktigste beslutningene tas.<\/p>\n\n\n\n<h2 class=\"wp-block-heading\">Norge og EU: Et partnerskap med manglende sitteplasser ved bordet<\/h2>\n\n\n\n<p>Siden slutten av <strong>andre verdenskrig<\/strong> har Norges utenrikspolitiske strategi v\u00e6rt bygget p\u00e5 sterke relasjoner til USA og medlemskap i NATO, som skal sikre nasjonens sikkerhet. Likevel viser eksempelet fra <strong>Danmark<\/strong>, et annet nordisk land som er b\u00e5de medlem av NATO og EU, at de historiske b\u00e5ndene til USA ikke n\u00f8dvendigvis garanterer et stabilt samarbeid i fremtiden. For Norge har det v\u00e6rt utfordrende \u00e5 man\u00f8vrere i et landskap der medlemskap i EU fortsatt er en problematisk, men potensielt n\u00f8dvendig, vei.<\/p>\n\n\n\n<p>Norge har i mange \u00e5r valgt det n\u00e6rmeste <strong>EU<\/strong>-partnerskapet gjennom <strong>E\u00d8S-avtalen<\/strong>, som gir tilgang til det indre markedet og muligheten til \u00e5 delta i flere EU-programmer. Likevel er det et problem som mange f\u00f8ler p\u00e5: til tross for det n\u00e6re samarbeidet, har Norge aldri hatt en stemme p\u00e5 de viktige beslutningene som tas p\u00e5 europeisk niv\u00e5. Dette ble spesielt tydelig i januar 2025, da den norske regjeringen ble utfordret av EU-krav om implementering av nye energiregler, et omr\u00e5de som ikke bare p\u00e5virker <strong>Norge<\/strong>, men hele kontinentet.<\/p>\n\n\n\n<h2 class=\"wp-block-heading\">\u00d8kt st\u00f8tte for medlemskap<\/h2>\n\n\n\n<p>Nye meningsm\u00e5linger i Norge viser at st\u00f8tten for EU-medlemskap er i vekst. I 2023 st\u00f8ttet kun 27 % medlemskap, mens denne andelen har \u00f8kt til 41 % i 2025. Dette reflekterer en st\u00f8rre bevissthet blant befolkningen om de politiske og \u00f8konomiske utfordringene som kommer med \u00e5 v\u00e6re en <strong>utenforst\u00e5ende<\/strong> i et stadig mer integrert Europa.<\/p>\n\n\n\n<p>Som et resultat av <strong>Russlands invasjon<\/strong> av Ukraina har Norge blitt en betydelig akt\u00f8r i energimarkedet og har \u00f8kt sin status som den st\u00f8rste <strong>gassleverand\u00f8ren<\/strong> til Europa. Dette har styrket landets \u00f8konomi og gitt <strong>sugeffekten<\/strong> av \u00e5 st\u00e5 utenfor EU en mer ambivalent vurdering. P\u00e5 den ene siden har Norge blitt en n\u00f8kkelleverand\u00f8r av energi, men p\u00e5 den andre siden er det \u00e5penbart at EU har blitt et essensielt sikkerhets- og \u00f8konomisk fellesskap som Norge kanskje ikke kan unng\u00e5 \u00e5 v\u00e6re en del av lenger.<\/p>\n\n\n\n<h2 class=\"wp-block-heading\">Hva skjer hvis Norge blir med i EU?<\/h2>\n\n\n\n<p>Med mer enn 20 \u00e5rs erfaring som medlem i <strong>E\u00d8S<\/strong>, er Norges forhold til EU allerede tett. Hvis Norge skulle velge \u00e5 s\u00f8ke om fullt medlemskap, ville det gi landet en stemme i beslutningene som former unionens fremtid. Dette kan ogs\u00e5 v\u00e6re en vei til \u00e5 styrke Norges innflytelse i viktige saker som energipolitikk, klimaforvaltning og sikkerhetssp\u00f8rsm\u00e5l.<\/p>\n\n\n\n<p>Sverige og Finland har allerede g\u00e5tt i denne retningen, og dette gir et tydelig signal om at de geopolitiske forholdene i Europa er i endring. For Norge kan et medlemskap i EU bidra til en styrket posisjon, b\u00e5de \u00f8konomisk og politisk, men ogs\u00e5 skape nye utfordringer i form av \u00f8kte reguleringer og forpliktelser.<\/p>\n\n\n\n<h2 class=\"wp-block-heading\">Hva betyr dette for den nordiske regionen?<\/h2>\n\n\n\n<p>En av de st\u00f8rste utfordringene med et medlemskap i EU er hvordan dette vil p\u00e5virke Norges forhold til sine naboer. <strong><a href=\"https:\/\/www.svalbard.fr\/actualites\/no\/et-mystisk-funn-i-norge-vekker-oppsikt-hva-skjuler-denne-enorme-bygningen\/\">Danmark<\/a><\/strong>, som er et EU-medlem, har ofte v\u00e6rt en viktig alliert for Norge, men den politiske dynamikken kan endre seg dersom Norge velger \u00e5 bli med i EU. Samtidig vil et EU-medlemskap ogs\u00e5 kunne styrke Norges rolle i den nordiske <strong>balansen<\/strong> og gi muligheter for et mer integrert samarbeid med Sverige, Finland og de baltiske statene.<\/p>\n\n\n\n<p>Norge st\u00e5r dermed overfor et betydelig valg om fremtiden. Med <strong>\u00f8konomiske gevinster<\/strong> p\u00e5 den ene siden og politiske konsekvenser p\u00e5 den andre, er sp\u00f8rsm\u00e5let om medlemskap i EU et sp\u00f8rsm\u00e5l som ikke kan ignoreres lenger. Landet vil kanskje m\u00e5tte ta en beslutning som ikke bare p\u00e5virker dets \u00f8konomi, men ogs\u00e5 hvordan Norge posisjonerer seg i et Europa som stadig er mer preget av <strong>globalisering<\/strong> og <strong>\u00f8konomisk samarbeid<\/strong>.<\/p>\n","protected":false},"excerpt":{"rendered":"<p>Norge st\u00e5r overfor et veivalg som kan forme landets fremtid: b\u00f8r vi slutte oss til EU? Dette sp\u00f8rsm\u00e5let er mer aktuelt enn p\u00e5 lenge, og<\/p>\n","protected":false},"author":3,"featured_media":3632,"comment_status":"closed","ping_status":"closed","sticky":false,"template":"","format":"standard","meta":{"footnotes":""},"categories":[4557],"tags":[],"yoast_head":"<!-- This site is optimized with the Yoast SEO plugin v21.0 - https:\/\/yoast.com\/wordpress\/plugins\/seo\/ -->\n<title>Norge n\u00e6rmer seg EU: Er det p\u00e5 tide med et historisk veivalg?<\/title>\n<meta name=\"robots\" content=\"index, follow, max-snippet:-1, max-image-preview:large, max-video-preview:-1\" \/>\n<link rel=\"canonical\" href=\"https:\/\/www.svalbard.fr\/actualites\/no\/norge-naermer-seg-eu-er-det-pa-tide-med-et-historisk-veivalg\/\" \/>\n<meta property=\"og:locale\" content=\"fr_FR\" \/>\n<meta property=\"og:type\" content=\"article\" \/>\n<meta property=\"og:title\" content=\"Norge n\u00e6rmer seg EU: Er det p\u00e5 tide med et historisk veivalg?\" \/>\n<meta property=\"og:description\" content=\"Norge st\u00e5r overfor et veivalg som kan forme landets fremtid: b\u00f8r vi slutte oss til EU? Dette sp\u00f8rsm\u00e5let er mer aktuelt enn p\u00e5 lenge, og\" \/>\n<meta property=\"og:url\" content=\"https:\/\/www.svalbard.fr\/actualites\/no\/norge-naermer-seg-eu-er-det-pa-tide-med-et-historisk-veivalg\/\" \/>\n<meta property=\"og:site_name\" content=\"www.Svalbard.fr\" \/>\n<meta property=\"article:published_time\" content=\"2025-05-10T05:50:00+00:00\" \/>\n<meta property=\"article:modified_time\" content=\"2025-05-07T09:14:35+00:00\" \/>\n<meta property=\"og:image\" content=\"https:\/\/www.svalbard.fr\/actualites\/wp-content\/uploads\/2025\/05\/Norge-naermer-seg-EU.jpg\" \/>\n\t<meta property=\"og:image:width\" content=\"1200\" \/>\n\t<meta property=\"og:image:height\" content=\"460\" \/>\n\t<meta property=\"og:image:type\" content=\"image\/jpeg\" \/>\n<meta name=\"author\" content=\"Guillaume Chen\" \/>\n<meta name=\"twitter:card\" content=\"summary_large_image\" \/>\n<meta name=\"twitter:label1\" content=\"\u00c9crit par\" \/>\n\t<meta name=\"twitter:data1\" content=\"Guillaume Chen\" \/>\n\t<meta name=\"twitter:label2\" content=\"Dur\u00e9e de lecture estim\u00e9e\" \/>\n\t<meta name=\"twitter:data2\" content=\"4 minutes\" \/>\n<script type=\"application\/ld+json\" class=\"yoast-schema-graph\">{\"@context\":\"https:\/\/schema.org\",\"@graph\":[{\"@type\":\"Article\",\"@id\":\"https:\/\/www.svalbard.fr\/actualites\/no\/norge-naermer-seg-eu-er-det-pa-tide-med-et-historisk-veivalg\/#article\",\"isPartOf\":{\"@id\":\"https:\/\/www.svalbard.fr\/actualites\/no\/norge-naermer-seg-eu-er-det-pa-tide-med-et-historisk-veivalg\/\"},\"author\":{\"name\":\"Guillaume Chen\",\"@id\":\"https:\/\/www.svalbard.fr\/actualites\/#\/schema\/person\/b9d185560b94bff7322d37cb676ee545\"},\"headline\":\"Norge n\u00e6rmer seg EU: Er det p\u00e5 tide med et historisk veivalg?\",\"datePublished\":\"2025-05-10T05:50:00+00:00\",\"dateModified\":\"2025-05-07T09:14:35+00:00\",\"mainEntityOfPage\":{\"@id\":\"https:\/\/www.svalbard.fr\/actualites\/no\/norge-naermer-seg-eu-er-det-pa-tide-med-et-historisk-veivalg\/\"},\"wordCount\":791,\"publisher\":{\"@id\":\"https:\/\/www.svalbard.fr\/actualites\/#organization\"},\"articleSection\":[\"Trender\"],\"inLanguage\":\"fr-FR\"},{\"@type\":\"WebPage\",\"@id\":\"https:\/\/www.svalbard.fr\/actualites\/no\/norge-naermer-seg-eu-er-det-pa-tide-med-et-historisk-veivalg\/\",\"url\":\"https:\/\/www.svalbard.fr\/actualites\/no\/norge-naermer-seg-eu-er-det-pa-tide-med-et-historisk-veivalg\/\",\"name\":\"Norge n\u00e6rmer seg EU: Er det p\u00e5 tide med et historisk veivalg?\",\"isPartOf\":{\"@id\":\"https:\/\/www.svalbard.fr\/actualites\/#website\"},\"datePublished\":\"2025-05-10T05:50:00+00:00\",\"dateModified\":\"2025-05-07T09:14:35+00:00\",\"breadcrumb\":{\"@id\":\"https:\/\/www.svalbard.fr\/actualites\/no\/norge-naermer-seg-eu-er-det-pa-tide-med-et-historisk-veivalg\/#breadcrumb\"},\"inLanguage\":\"fr-FR\",\"potentialAction\":[{\"@type\":\"ReadAction\",\"target\":[\"https:\/\/www.svalbard.fr\/actualites\/no\/norge-naermer-seg-eu-er-det-pa-tide-med-et-historisk-veivalg\/\"]}]},{\"@type\":\"BreadcrumbList\",\"@id\":\"https:\/\/www.svalbard.fr\/actualites\/no\/norge-naermer-seg-eu-er-det-pa-tide-med-et-historisk-veivalg\/#breadcrumb\",\"itemListElement\":[{\"@type\":\"ListItem\",\"position\":1,\"name\":\"Accueil\",\"item\":\"https:\/\/www.svalbard.fr\/actualites\/\"},{\"@type\":\"ListItem\",\"position\":2,\"name\":\"Norge n\u00e6rmer seg EU: Er det p\u00e5 tide med et historisk veivalg?\"}]},{\"@type\":\"WebSite\",\"@id\":\"https:\/\/www.svalbard.fr\/actualites\/#website\",\"url\":\"https:\/\/www.svalbard.fr\/actualites\/\",\"name\":\"www.Svalbard.fr\",\"description\":\"\",\"publisher\":{\"@id\":\"https:\/\/www.svalbard.fr\/actualites\/#organization\"},\"potentialAction\":[{\"@type\":\"SearchAction\",\"target\":{\"@type\":\"EntryPoint\",\"urlTemplate\":\"https:\/\/www.svalbard.fr\/actualites\/?s={search_term_string}\"},\"query-input\":\"required name=search_term_string\"}],\"inLanguage\":\"fr-FR\"},{\"@type\":\"Organization\",\"@id\":\"https:\/\/www.svalbard.fr\/actualites\/#organization\",\"name\":\"www.Svalbard.fr\",\"url\":\"https:\/\/www.svalbard.fr\/actualites\/\",\"logo\":{\"@type\":\"ImageObject\",\"inLanguage\":\"fr-FR\",\"@id\":\"https:\/\/www.svalbard.fr\/actualites\/#\/schema\/logo\/image\/\",\"url\":\"https:\/\/www.svalbard.fr\/actualites\/wp-content\/uploads\/2023\/09\/head-nom.jpg\",\"contentUrl\":\"https:\/\/www.svalbard.fr\/actualites\/wp-content\/uploads\/2023\/09\/head-nom.jpg\",\"width\":264,\"height\":35,\"caption\":\"www.Svalbard.fr\"},\"image\":{\"@id\":\"https:\/\/www.svalbard.fr\/actualites\/#\/schema\/logo\/image\/\"}},{\"@type\":\"Person\",\"@id\":\"https:\/\/www.svalbard.fr\/actualites\/#\/schema\/person\/b9d185560b94bff7322d37cb676ee545\",\"name\":\"Guillaume Chen\",\"image\":{\"@type\":\"ImageObject\",\"inLanguage\":\"fr-FR\",\"@id\":\"https:\/\/www.svalbard.fr\/actualites\/#\/schema\/person\/image\/\",\"url\":\"https:\/\/secure.gravatar.com\/avatar\/0c3f9c94586035b795ad4049a06fb048?s=96&d=mm&r=g\",\"contentUrl\":\"https:\/\/secure.gravatar.com\/avatar\/0c3f9c94586035b795ad4049a06fb048?s=96&d=mm&r=g\",\"caption\":\"Guillaume Chen\"},\"sameAs\":[\"https:\/\/www.svalbard.fr\/\"]}]}<\/script>\n<!-- \/ Yoast SEO plugin. -->","yoast_head_json":{"title":"Norge n\u00e6rmer seg EU: Er det p\u00e5 tide med et historisk veivalg?","robots":{"index":"index","follow":"follow","max-snippet":"max-snippet:-1","max-image-preview":"max-image-preview:large","max-video-preview":"max-video-preview:-1"},"canonical":"https:\/\/www.svalbard.fr\/actualites\/no\/norge-naermer-seg-eu-er-det-pa-tide-med-et-historisk-veivalg\/","og_locale":"fr_FR","og_type":"article","og_title":"Norge n\u00e6rmer seg EU: Er det p\u00e5 tide med et historisk veivalg?","og_description":"Norge st\u00e5r overfor et veivalg som kan forme landets fremtid: b\u00f8r vi slutte oss til EU? Dette sp\u00f8rsm\u00e5let er mer aktuelt enn p\u00e5 lenge, og","og_url":"https:\/\/www.svalbard.fr\/actualites\/no\/norge-naermer-seg-eu-er-det-pa-tide-med-et-historisk-veivalg\/","og_site_name":"www.Svalbard.fr","article_published_time":"2025-05-10T05:50:00+00:00","article_modified_time":"2025-05-07T09:14:35+00:00","og_image":[{"width":1200,"height":460,"url":"https:\/\/www.svalbard.fr\/actualites\/wp-content\/uploads\/2025\/05\/Norge-naermer-seg-EU.jpg","type":"image\/jpeg"}],"author":"Guillaume Chen","twitter_card":"summary_large_image","twitter_misc":{"\u00c9crit par":"Guillaume Chen","Dur\u00e9e de lecture estim\u00e9e":"4 minutes"},"schema":{"@context":"https:\/\/schema.org","@graph":[{"@type":"Article","@id":"https:\/\/www.svalbard.fr\/actualites\/no\/norge-naermer-seg-eu-er-det-pa-tide-med-et-historisk-veivalg\/#article","isPartOf":{"@id":"https:\/\/www.svalbard.fr\/actualites\/no\/norge-naermer-seg-eu-er-det-pa-tide-med-et-historisk-veivalg\/"},"author":{"name":"Guillaume Chen","@id":"https:\/\/www.svalbard.fr\/actualites\/#\/schema\/person\/b9d185560b94bff7322d37cb676ee545"},"headline":"Norge n\u00e6rmer seg EU: Er det p\u00e5 tide med et historisk veivalg?","datePublished":"2025-05-10T05:50:00+00:00","dateModified":"2025-05-07T09:14:35+00:00","mainEntityOfPage":{"@id":"https:\/\/www.svalbard.fr\/actualites\/no\/norge-naermer-seg-eu-er-det-pa-tide-med-et-historisk-veivalg\/"},"wordCount":791,"publisher":{"@id":"https:\/\/www.svalbard.fr\/actualites\/#organization"},"articleSection":["Trender"],"inLanguage":"fr-FR"},{"@type":"WebPage","@id":"https:\/\/www.svalbard.fr\/actualites\/no\/norge-naermer-seg-eu-er-det-pa-tide-med-et-historisk-veivalg\/","url":"https:\/\/www.svalbard.fr\/actualites\/no\/norge-naermer-seg-eu-er-det-pa-tide-med-et-historisk-veivalg\/","name":"Norge n\u00e6rmer seg EU: Er det p\u00e5 tide med et historisk veivalg?","isPartOf":{"@id":"https:\/\/www.svalbard.fr\/actualites\/#website"},"datePublished":"2025-05-10T05:50:00+00:00","dateModified":"2025-05-07T09:14:35+00:00","breadcrumb":{"@id":"https:\/\/www.svalbard.fr\/actualites\/no\/norge-naermer-seg-eu-er-det-pa-tide-med-et-historisk-veivalg\/#breadcrumb"},"inLanguage":"fr-FR","potentialAction":[{"@type":"ReadAction","target":["https:\/\/www.svalbard.fr\/actualites\/no\/norge-naermer-seg-eu-er-det-pa-tide-med-et-historisk-veivalg\/"]}]},{"@type":"BreadcrumbList","@id":"https:\/\/www.svalbard.fr\/actualites\/no\/norge-naermer-seg-eu-er-det-pa-tide-med-et-historisk-veivalg\/#breadcrumb","itemListElement":[{"@type":"ListItem","position":1,"name":"Accueil","item":"https:\/\/www.svalbard.fr\/actualites\/"},{"@type":"ListItem","position":2,"name":"Norge n\u00e6rmer seg EU: Er det p\u00e5 tide med et historisk veivalg?"}]},{"@type":"WebSite","@id":"https:\/\/www.svalbard.fr\/actualites\/#website","url":"https:\/\/www.svalbard.fr\/actualites\/","name":"www.Svalbard.fr","description":"","publisher":{"@id":"https:\/\/www.svalbard.fr\/actualites\/#organization"},"potentialAction":[{"@type":"SearchAction","target":{"@type":"EntryPoint","urlTemplate":"https:\/\/www.svalbard.fr\/actualites\/?s={search_term_string}"},"query-input":"required name=search_term_string"}],"inLanguage":"fr-FR"},{"@type":"Organization","@id":"https:\/\/www.svalbard.fr\/actualites\/#organization","name":"www.Svalbard.fr","url":"https:\/\/www.svalbard.fr\/actualites\/","logo":{"@type":"ImageObject","inLanguage":"fr-FR","@id":"https:\/\/www.svalbard.fr\/actualites\/#\/schema\/logo\/image\/","url":"https:\/\/www.svalbard.fr\/actualites\/wp-content\/uploads\/2023\/09\/head-nom.jpg","contentUrl":"https:\/\/www.svalbard.fr\/actualites\/wp-content\/uploads\/2023\/09\/head-nom.jpg","width":264,"height":35,"caption":"www.Svalbard.fr"},"image":{"@id":"https:\/\/www.svalbard.fr\/actualites\/#\/schema\/logo\/image\/"}},{"@type":"Person","@id":"https:\/\/www.svalbard.fr\/actualites\/#\/schema\/person\/b9d185560b94bff7322d37cb676ee545","name":"Guillaume Chen","image":{"@type":"ImageObject","inLanguage":"fr-FR","@id":"https:\/\/www.svalbard.fr\/actualites\/#\/schema\/person\/image\/","url":"https:\/\/secure.gravatar.com\/avatar\/0c3f9c94586035b795ad4049a06fb048?s=96&d=mm&r=g","contentUrl":"https:\/\/secure.gravatar.com\/avatar\/0c3f9c94586035b795ad4049a06fb048?s=96&d=mm&r=g","caption":"Guillaume Chen"},"sameAs":["https:\/\/www.svalbard.fr\/"]}]}},"_links":{"self":[{"href":"https:\/\/www.svalbard.fr\/actualites\/wp-json\/wp\/v2\/posts\/3631"}],"collection":[{"href":"https:\/\/www.svalbard.fr\/actualites\/wp-json\/wp\/v2\/posts"}],"about":[{"href":"https:\/\/www.svalbard.fr\/actualites\/wp-json\/wp\/v2\/types\/post"}],"author":[{"embeddable":true,"href":"https:\/\/www.svalbard.fr\/actualites\/wp-json\/wp\/v2\/users\/3"}],"replies":[{"embeddable":true,"href":"https:\/\/www.svalbard.fr\/actualites\/wp-json\/wp\/v2\/comments?post=3631"}],"version-history":[{"count":1,"href":"https:\/\/www.svalbard.fr\/actualites\/wp-json\/wp\/v2\/posts\/3631\/revisions"}],"predecessor-version":[{"id":3633,"href":"https:\/\/www.svalbard.fr\/actualites\/wp-json\/wp\/v2\/posts\/3631\/revisions\/3633"}],"wp:featuredmedia":[{"embeddable":true,"href":"https:\/\/www.svalbard.fr\/actualites\/wp-json\/wp\/v2\/media\/3632"}],"wp:attachment":[{"href":"https:\/\/www.svalbard.fr\/actualites\/wp-json\/wp\/v2\/media?parent=3631"}],"wp:term":[{"taxonomy":"category","embeddable":true,"href":"https:\/\/www.svalbard.fr\/actualites\/wp-json\/wp\/v2\/categories?post=3631"},{"taxonomy":"post_tag","embeddable":true,"href":"https:\/\/www.svalbard.fr\/actualites\/wp-json\/wp\/v2\/tags?post=3631"}],"curies":[{"name":"wp","href":"https:\/\/api.w.org\/{rel}","templated":true}]}}