{"id":365,"date":"2023-12-09T15:13:27","date_gmt":"2023-12-09T14:13:27","guid":{"rendered":"https:\/\/www.svalbard.fr\/actualites\/la-route-la-plus-raide-deurope-si-dangereuse-a-emprunter-est-fermee-huit-mois-par-an\/"},"modified":"2023-12-09T15:13:29","modified_gmt":"2023-12-09T14:13:29","slug":"la-route-la-plus-raide-deurope-si-dangereuse-a-emprunter-est-fermee-huit-mois-par-an","status":"publish","type":"post","link":"https:\/\/www.svalbard.fr\/actualites\/la-route-la-plus-raide-deurope-si-dangereuse-a-emprunter-est-fermee-huit-mois-par-an\/","title":{"rendered":"La route la plus raide d&rsquo;Europe, si dangereuse \u00e0 emprunter, est ferm\u00e9e huit mois par an"},"content":{"rendered":"<div>\n<p>Au c\u0153ur des magnifiques fjords norv\u00e9giens, Stalheimskleiva a gagn\u00e9 sa r\u00e9putation de route la plus raide d&rsquo;Europe, offrant aux accros d&rsquo;adr\u00e9naline et aux amateurs d&rsquo;aventure une exp\u00e9rience inoubliable.<\/p>\n<p>S&rsquo;\u00e9tendant sur moins de trois kilom\u00e8tres, ce tron\u00e7on de route dangereux compte 13 virages en \u00e9pingle \u00e0 cheveux qui d\u00e9fient m\u00eame les conducteurs les plus exp\u00e9riment\u00e9s.<\/p>\n<p>Stalheimskleiva, connue sous le nom de \u00ab Stalheimskleiva Switchbacks \u00bb, est une prouesse d&rsquo;ing\u00e9nierie \u00e0 couper le souffle qui serpente \u00e0 travers la vall\u00e9e de N\u00e6rpydalen, pr\u00e8s du village de Stalheim.<\/p>\n<p>Il est si raide et comporte tellement de virages que le tron\u00e7on de tarmac est ferm\u00e9 aux conducteurs de fin octobre \u00e0 fin juin, souvent \u00e0 cause de la neige et du verglas.<\/p>\n<\/div>\n<div>\n<p>La route, achev\u00e9e \u00e0 la fin du XIXe si\u00e8cle, a \u00e9t\u00e9 construite \u00e0 l&rsquo;origine pour faciliter l&rsquo;acc\u00e8s \u00e0 l&rsquo;h\u00f4tel Stalheim, perch\u00e9 sur un plateau dominant la vall\u00e9e.  Au fil des ann\u00e9es, elle est devenue un haut lieu des amateurs de sensations fortes et des amoureux de la nature.<\/p>\n<p>Les conducteurs qui osent emprunter la Stalheimskleiva ont droit \u00e0 une vue panoramique sur le N\u00e6royfjord, un site class\u00e9 au patrimoine mondial de l&rsquo;UNESCO, alors qu&rsquo;ils empruntent le sentier \u00e9troit et sinueux creus\u00e9 \u00e0 flanc de montagne.<\/p>\n<p>Les r\u00e9sidents locaux et les touristes sont captiv\u00e9s par la beaut\u00e9 et l&rsquo;audace de Stalheimskleiva.  De nombreux aventuriers sont \u00e9quip\u00e9s d&rsquo;appareils photo et de smartphones pour capturer le paysage spectaculaire et la conduite \u00e9poustouflante, partageant leurs exp\u00e9riences sur les plateformes de r\u00e9seaux sociaux.<\/p>\n<\/div>\n<div>\n<p>Malgr\u00e9 sa r\u00e9putation de formidable d\u00e9fi, Stalheimskleiva est devenue une destination incontournable pour ceux qui recherchent un road trip unique et passionnant.  Les autorit\u00e9s locales ont pris des mesures pour assurer la s\u00e9curit\u00e9 des voyageurs, en mettant en place des limitations de vitesse et un entretien r\u00e9gulier pour maintenir la route dans un \u00e9tat optimal.<\/p>\n<p>Les responsables du tourisme de la r\u00e9gion soulignent l&rsquo;importance d&rsquo;une conduite responsable sur Stalheimskleiva, rappelant aux visiteurs de faire preuve de prudence et de respecter les limites de vitesse affich\u00e9es.<\/p>\n<p>De plus, ils recommandent de v\u00e9rifier les conditions m\u00e9t\u00e9orologiques avant de commencer le voyage, car la route peut \u00eatre particuli\u00e8rement dangereuse par mauvais temps.<\/p>\n<\/div>\n","protected":false},"excerpt":{"rendered":"<p>Au c\u0153ur des magnifiques fjords norv\u00e9giens, Stalheimskleiva a gagn\u00e9 sa r\u00e9putation de route la plus raide d&rsquo;Europe, offrant aux accros d&rsquo;adr\u00e9naline et aux amateurs d&rsquo;aventure<\/p>\n","protected":false},"author":1,"featured_media":366,"comment_status":"closed","ping_status":"","sticky":false,"template":"","format":"standard","meta":{"footnotes":""},"categories":[1],"tags":[536,62,542,154,543,420,432,167,541,380],"yoast_head":"<!-- This site is optimized with the Yoast SEO plugin v21.0 - https:\/\/yoast.com\/wordpress\/plugins\/seo\/ -->\n<title>La route la plus raide d&#039;Europe, si dangereuse \u00e0 emprunter, est ferm\u00e9e huit mois par an<\/title>\n<meta name=\"robots\" content=\"index, follow, max-snippet:-1, max-image-preview:large, max-video-preview:-1\" \/>\n<link rel=\"canonical\" href=\"https:\/\/www.svalbard.fr\/actualites\/la-route-la-plus-raide-deurope-si-dangereuse-a-emprunter-est-fermee-huit-mois-par-an\/\" \/>\n<meta property=\"og:locale\" content=\"fr_FR\" \/>\n<meta property=\"og:type\" content=\"article\" \/>\n<meta property=\"og:title\" content=\"La route la plus raide d&#039;Europe, si dangereuse \u00e0 emprunter, est ferm\u00e9e huit mois par an\" \/>\n<meta property=\"og:description\" content=\"Au c\u0153ur des magnifiques fjords norv\u00e9giens, Stalheimskleiva a gagn\u00e9 sa r\u00e9putation de route la plus raide d&rsquo;Europe, offrant aux accros d&rsquo;adr\u00e9naline et aux amateurs d&rsquo;aventure\" \/>\n<meta property=\"og:url\" content=\"https:\/\/www.svalbard.fr\/actualites\/la-route-la-plus-raide-deurope-si-dangereuse-a-emprunter-est-fermee-huit-mois-par-an\/\" \/>\n<meta property=\"og:site_name\" content=\"www.Svalbard.fr\" \/>\n<meta property=\"article:published_time\" content=\"2023-12-09T14:13:27+00:00\" \/>\n<meta property=\"article:modified_time\" content=\"2023-12-09T14:13:29+00:00\" \/>\n<meta property=\"og:image\" content=\"https:\/\/www.svalbard.fr\/actualites\/wp-content\/uploads\/2023\/12\/La-route-la-plus-raide-dEurope-si-dangereuse-a-emprunter.jpg\" \/>\n\t<meta property=\"og:image:width\" content=\"1200\" \/>\n\t<meta property=\"og:image:height\" content=\"712\" \/>\n\t<meta property=\"og:image:type\" content=\"image\/jpeg\" \/>\n<meta name=\"author\" content=\"Hilmar\" \/>\n<meta name=\"twitter:card\" content=\"summary_large_image\" \/>\n<meta name=\"twitter:label1\" content=\"\u00c9crit par\" \/>\n\t<meta name=\"twitter:data1\" content=\"Hilmar\" \/>\n\t<meta name=\"twitter:label2\" content=\"Dur\u00e9e de lecture estim\u00e9e\" \/>\n\t<meta name=\"twitter:data2\" content=\"2 minutes\" \/>\n<script type=\"application\/ld+json\" class=\"yoast-schema-graph\">{\"@context\":\"https:\/\/schema.org\",\"@graph\":[{\"@type\":\"Article\",\"@id\":\"https:\/\/www.svalbard.fr\/actualites\/la-route-la-plus-raide-deurope-si-dangereuse-a-emprunter-est-fermee-huit-mois-par-an\/#article\",\"isPartOf\":{\"@id\":\"https:\/\/www.svalbard.fr\/actualites\/la-route-la-plus-raide-deurope-si-dangereuse-a-emprunter-est-fermee-huit-mois-par-an\/\"},\"author\":{\"name\":\"Hilmar\",\"@id\":\"https:\/\/www.svalbard.fr\/actualites\/#\/schema\/person\/a2f937d5712222366738fae98755c600\"},\"headline\":\"La route la plus raide d&rsquo;Europe, si dangereuse \u00e0 emprunter, est ferm\u00e9e huit mois par an\",\"datePublished\":\"2023-12-09T14:13:27+00:00\",\"dateModified\":\"2023-12-09T14:13:29+00:00\",\"mainEntityOfPage\":{\"@id\":\"https:\/\/www.svalbard.fr\/actualites\/la-route-la-plus-raide-deurope-si-dangereuse-a-emprunter-est-fermee-huit-mois-par-an\/\"},\"wordCount\":398,\"publisher\":{\"@id\":\"https:\/\/www.svalbard.fr\/actualites\/#organization\"},\"keywords\":[\"dangereuse\",\"dEurope\",\"emprunter\",\"est\",\"ferm\u00e9e\",\"huit\",\"mois\",\"par\",\"raide\",\"route\"],\"articleSection\":[\"Svalbard\"],\"inLanguage\":\"fr-FR\"},{\"@type\":\"WebPage\",\"@id\":\"https:\/\/www.svalbard.fr\/actualites\/la-route-la-plus-raide-deurope-si-dangereuse-a-emprunter-est-fermee-huit-mois-par-an\/\",\"url\":\"https:\/\/www.svalbard.fr\/actualites\/la-route-la-plus-raide-deurope-si-dangereuse-a-emprunter-est-fermee-huit-mois-par-an\/\",\"name\":\"La route la plus raide d'Europe, si dangereuse \u00e0 emprunter, est ferm\u00e9e huit mois par an\",\"isPartOf\":{\"@id\":\"https:\/\/www.svalbard.fr\/actualites\/#website\"},\"datePublished\":\"2023-12-09T14:13:27+00:00\",\"dateModified\":\"2023-12-09T14:13:29+00:00\",\"breadcrumb\":{\"@id\":\"https:\/\/www.svalbard.fr\/actualites\/la-route-la-plus-raide-deurope-si-dangereuse-a-emprunter-est-fermee-huit-mois-par-an\/#breadcrumb\"},\"inLanguage\":\"fr-FR\",\"potentialAction\":[{\"@type\":\"ReadAction\",\"target\":[\"https:\/\/www.svalbard.fr\/actualites\/la-route-la-plus-raide-deurope-si-dangereuse-a-emprunter-est-fermee-huit-mois-par-an\/\"]}]},{\"@type\":\"BreadcrumbList\",\"@id\":\"https:\/\/www.svalbard.fr\/actualites\/la-route-la-plus-raide-deurope-si-dangereuse-a-emprunter-est-fermee-huit-mois-par-an\/#breadcrumb\",\"itemListElement\":[{\"@type\":\"ListItem\",\"position\":1,\"name\":\"Accueil\",\"item\":\"https:\/\/www.svalbard.fr\/actualites\/\"},{\"@type\":\"ListItem\",\"position\":2,\"name\":\"La route la plus raide d&rsquo;Europe, si dangereuse \u00e0 emprunter, est ferm\u00e9e huit mois par an\"}]},{\"@type\":\"WebSite\",\"@id\":\"https:\/\/www.svalbard.fr\/actualites\/#website\",\"url\":\"https:\/\/www.svalbard.fr\/actualites\/\",\"name\":\"www.Svalbard.fr\",\"description\":\"\",\"publisher\":{\"@id\":\"https:\/\/www.svalbard.fr\/actualites\/#organization\"},\"potentialAction\":[{\"@type\":\"SearchAction\",\"target\":{\"@type\":\"EntryPoint\",\"urlTemplate\":\"https:\/\/www.svalbard.fr\/actualites\/?s={search_term_string}\"},\"query-input\":\"required name=search_term_string\"}],\"inLanguage\":\"fr-FR\"},{\"@type\":\"Organization\",\"@id\":\"https:\/\/www.svalbard.fr\/actualites\/#organization\",\"name\":\"www.Svalbard.fr\",\"url\":\"https:\/\/www.svalbard.fr\/actualites\/\",\"logo\":{\"@type\":\"ImageObject\",\"inLanguage\":\"fr-FR\",\"@id\":\"https:\/\/www.svalbard.fr\/actualites\/#\/schema\/logo\/image\/\",\"url\":\"https:\/\/www.svalbard.fr\/actualites\/wp-content\/uploads\/2023\/09\/head-nom.jpg\",\"contentUrl\":\"https:\/\/www.svalbard.fr\/actualites\/wp-content\/uploads\/2023\/09\/head-nom.jpg\",\"width\":264,\"height\":35,\"caption\":\"www.Svalbard.fr\"},\"image\":{\"@id\":\"https:\/\/www.svalbard.fr\/actualites\/#\/schema\/logo\/image\/\"}},{\"@type\":\"Person\",\"@id\":\"https:\/\/www.svalbard.fr\/actualites\/#\/schema\/person\/a2f937d5712222366738fae98755c600\",\"name\":\"Hilmar\",\"image\":{\"@type\":\"ImageObject\",\"inLanguage\":\"fr-FR\",\"@id\":\"https:\/\/www.svalbard.fr\/actualites\/#\/schema\/person\/image\/\",\"url\":\"https:\/\/secure.gravatar.com\/avatar\/4daa437093476dbc32da415c112b6512?s=96&d=mm&r=g\",\"contentUrl\":\"https:\/\/secure.gravatar.com\/avatar\/4daa437093476dbc32da415c112b6512?s=96&d=mm&r=g\",\"caption\":\"Hilmar\"},\"description\":\"Hilmar est un passionn\u00e9 des r\u00e9gions polaires, sp\u00e9cialis\u00e9 dans la r\u00e9daction d'articles sur le Spitzberg et autres destinations arctiques. Il apporte son expertise et sa passion pour l'Arctique au sein de l'\u00e9quipe de r\u00e9daction de Svalbard depuis de nombreuses ann\u00e9es.\",\"sameAs\":[\"https:\/\/www.svalbard.fr\/\"]}]}<\/script>\n<!-- \/ Yoast SEO plugin. -->","yoast_head_json":{"title":"La route la plus raide d'Europe, si dangereuse \u00e0 emprunter, est ferm\u00e9e huit mois par an","robots":{"index":"index","follow":"follow","max-snippet":"max-snippet:-1","max-image-preview":"max-image-preview:large","max-video-preview":"max-video-preview:-1"},"canonical":"https:\/\/www.svalbard.fr\/actualites\/la-route-la-plus-raide-deurope-si-dangereuse-a-emprunter-est-fermee-huit-mois-par-an\/","og_locale":"fr_FR","og_type":"article","og_title":"La route la plus raide d'Europe, si dangereuse \u00e0 emprunter, est ferm\u00e9e huit mois par an","og_description":"Au c\u0153ur des magnifiques fjords norv\u00e9giens, Stalheimskleiva a gagn\u00e9 sa r\u00e9putation de route la plus raide d&rsquo;Europe, offrant aux accros d&rsquo;adr\u00e9naline et aux amateurs d&rsquo;aventure","og_url":"https:\/\/www.svalbard.fr\/actualites\/la-route-la-plus-raide-deurope-si-dangereuse-a-emprunter-est-fermee-huit-mois-par-an\/","og_site_name":"www.Svalbard.fr","article_published_time":"2023-12-09T14:13:27+00:00","article_modified_time":"2023-12-09T14:13:29+00:00","og_image":[{"width":1200,"height":712,"url":"https:\/\/www.svalbard.fr\/actualites\/wp-content\/uploads\/2023\/12\/La-route-la-plus-raide-dEurope-si-dangereuse-a-emprunter.jpg","type":"image\/jpeg"}],"author":"Hilmar","twitter_card":"summary_large_image","twitter_misc":{"\u00c9crit par":"Hilmar","Dur\u00e9e de lecture estim\u00e9e":"2 minutes"},"schema":{"@context":"https:\/\/schema.org","@graph":[{"@type":"Article","@id":"https:\/\/www.svalbard.fr\/actualites\/la-route-la-plus-raide-deurope-si-dangereuse-a-emprunter-est-fermee-huit-mois-par-an\/#article","isPartOf":{"@id":"https:\/\/www.svalbard.fr\/actualites\/la-route-la-plus-raide-deurope-si-dangereuse-a-emprunter-est-fermee-huit-mois-par-an\/"},"author":{"name":"Hilmar","@id":"https:\/\/www.svalbard.fr\/actualites\/#\/schema\/person\/a2f937d5712222366738fae98755c600"},"headline":"La route la plus raide d&rsquo;Europe, si dangereuse \u00e0 emprunter, est ferm\u00e9e huit mois par an","datePublished":"2023-12-09T14:13:27+00:00","dateModified":"2023-12-09T14:13:29+00:00","mainEntityOfPage":{"@id":"https:\/\/www.svalbard.fr\/actualites\/la-route-la-plus-raide-deurope-si-dangereuse-a-emprunter-est-fermee-huit-mois-par-an\/"},"wordCount":398,"publisher":{"@id":"https:\/\/www.svalbard.fr\/actualites\/#organization"},"keywords":["dangereuse","dEurope","emprunter","est","ferm\u00e9e","huit","mois","par","raide","route"],"articleSection":["Svalbard"],"inLanguage":"fr-FR"},{"@type":"WebPage","@id":"https:\/\/www.svalbard.fr\/actualites\/la-route-la-plus-raide-deurope-si-dangereuse-a-emprunter-est-fermee-huit-mois-par-an\/","url":"https:\/\/www.svalbard.fr\/actualites\/la-route-la-plus-raide-deurope-si-dangereuse-a-emprunter-est-fermee-huit-mois-par-an\/","name":"La route la plus raide d'Europe, si dangereuse \u00e0 emprunter, est ferm\u00e9e huit mois par an","isPartOf":{"@id":"https:\/\/www.svalbard.fr\/actualites\/#website"},"datePublished":"2023-12-09T14:13:27+00:00","dateModified":"2023-12-09T14:13:29+00:00","breadcrumb":{"@id":"https:\/\/www.svalbard.fr\/actualites\/la-route-la-plus-raide-deurope-si-dangereuse-a-emprunter-est-fermee-huit-mois-par-an\/#breadcrumb"},"inLanguage":"fr-FR","potentialAction":[{"@type":"ReadAction","target":["https:\/\/www.svalbard.fr\/actualites\/la-route-la-plus-raide-deurope-si-dangereuse-a-emprunter-est-fermee-huit-mois-par-an\/"]}]},{"@type":"BreadcrumbList","@id":"https:\/\/www.svalbard.fr\/actualites\/la-route-la-plus-raide-deurope-si-dangereuse-a-emprunter-est-fermee-huit-mois-par-an\/#breadcrumb","itemListElement":[{"@type":"ListItem","position":1,"name":"Accueil","item":"https:\/\/www.svalbard.fr\/actualites\/"},{"@type":"ListItem","position":2,"name":"La route la plus raide d&rsquo;Europe, si dangereuse \u00e0 emprunter, est ferm\u00e9e huit mois par an"}]},{"@type":"WebSite","@id":"https:\/\/www.svalbard.fr\/actualites\/#website","url":"https:\/\/www.svalbard.fr\/actualites\/","name":"www.Svalbard.fr","description":"","publisher":{"@id":"https:\/\/www.svalbard.fr\/actualites\/#organization"},"potentialAction":[{"@type":"SearchAction","target":{"@type":"EntryPoint","urlTemplate":"https:\/\/www.svalbard.fr\/actualites\/?s={search_term_string}"},"query-input":"required name=search_term_string"}],"inLanguage":"fr-FR"},{"@type":"Organization","@id":"https:\/\/www.svalbard.fr\/actualites\/#organization","name":"www.Svalbard.fr","url":"https:\/\/www.svalbard.fr\/actualites\/","logo":{"@type":"ImageObject","inLanguage":"fr-FR","@id":"https:\/\/www.svalbard.fr\/actualites\/#\/schema\/logo\/image\/","url":"https:\/\/www.svalbard.fr\/actualites\/wp-content\/uploads\/2023\/09\/head-nom.jpg","contentUrl":"https:\/\/www.svalbard.fr\/actualites\/wp-content\/uploads\/2023\/09\/head-nom.jpg","width":264,"height":35,"caption":"www.Svalbard.fr"},"image":{"@id":"https:\/\/www.svalbard.fr\/actualites\/#\/schema\/logo\/image\/"}},{"@type":"Person","@id":"https:\/\/www.svalbard.fr\/actualites\/#\/schema\/person\/a2f937d5712222366738fae98755c600","name":"Hilmar","image":{"@type":"ImageObject","inLanguage":"fr-FR","@id":"https:\/\/www.svalbard.fr\/actualites\/#\/schema\/person\/image\/","url":"https:\/\/secure.gravatar.com\/avatar\/4daa437093476dbc32da415c112b6512?s=96&d=mm&r=g","contentUrl":"https:\/\/secure.gravatar.com\/avatar\/4daa437093476dbc32da415c112b6512?s=96&d=mm&r=g","caption":"Hilmar"},"description":"Hilmar est un passionn\u00e9 des r\u00e9gions polaires, sp\u00e9cialis\u00e9 dans la r\u00e9daction d'articles sur le Spitzberg et autres destinations arctiques. Il apporte son expertise et sa passion pour l'Arctique au sein de l'\u00e9quipe de r\u00e9daction de Svalbard depuis de nombreuses ann\u00e9es.","sameAs":["https:\/\/www.svalbard.fr\/"]}]}},"_links":{"self":[{"href":"https:\/\/www.svalbard.fr\/actualites\/wp-json\/wp\/v2\/posts\/365"}],"collection":[{"href":"https:\/\/www.svalbard.fr\/actualites\/wp-json\/wp\/v2\/posts"}],"about":[{"href":"https:\/\/www.svalbard.fr\/actualites\/wp-json\/wp\/v2\/types\/post"}],"author":[{"embeddable":true,"href":"https:\/\/www.svalbard.fr\/actualites\/wp-json\/wp\/v2\/users\/1"}],"replies":[{"embeddable":true,"href":"https:\/\/www.svalbard.fr\/actualites\/wp-json\/wp\/v2\/comments?post=365"}],"version-history":[{"count":1,"href":"https:\/\/www.svalbard.fr\/actualites\/wp-json\/wp\/v2\/posts\/365\/revisions"}],"predecessor-version":[{"id":367,"href":"https:\/\/www.svalbard.fr\/actualites\/wp-json\/wp\/v2\/posts\/365\/revisions\/367"}],"wp:featuredmedia":[{"embeddable":true,"href":"https:\/\/www.svalbard.fr\/actualites\/wp-json\/wp\/v2\/media\/366"}],"wp:attachment":[{"href":"https:\/\/www.svalbard.fr\/actualites\/wp-json\/wp\/v2\/media?parent=365"}],"wp:term":[{"taxonomy":"category","embeddable":true,"href":"https:\/\/www.svalbard.fr\/actualites\/wp-json\/wp\/v2\/categories?post=365"},{"taxonomy":"post_tag","embeddable":true,"href":"https:\/\/www.svalbard.fr\/actualites\/wp-json\/wp\/v2\/tags?post=365"}],"curies":[{"name":"wp","href":"https:\/\/api.w.org\/{rel}","templated":true}]}}