{"id":3666,"date":"2025-05-12T15:30:00","date_gmt":"2025-05-12T13:30:00","guid":{"rendered":"https:\/\/www.svalbard.fr\/actualites\/?p=3666"},"modified":"2025-05-08T14:19:32","modified_gmt":"2025-05-08T12:19:32","slug":"voici-le-futur-geant-des-mers-francais-le-plus-grand-porte-avions-jamais-construit-en-europe","status":"publish","type":"post","link":"https:\/\/www.svalbard.fr\/actualites\/voici-le-futur-geant-des-mers-francais-le-plus-grand-porte-avions-jamais-construit-en-europe\/","title":{"rendered":"Voici le futur g\u00e9ant des mers fran\u00e7ais : le plus grand porte-avions jamais construit en Europe"},"content":{"rendered":"\n<p><strong><em>Un projet d\u2019envergure, \u00e0 la hauteur des ambitions de la France : le futur porte-avions de la Marine nationale. Destin\u00e9 \u00e0 remplacer le Charles-de-Gaulle d\u2019ici 2038, ce futur g\u00e9ant des mers s\u2019annonce comme un mod\u00e8le de modernit\u00e9 et de puissance. D\u00e9tails sur ce projet colossal, qui marque une nouvelle \u00e8re pour la d\u00e9fense nationale.<\/em><\/strong><\/p>\n\n\n\n<!--more-->\n\n\n\n<h2 class=\"wp-block-heading\">Caract\u00e9ristiques techniques du futur porte-avions<\/h2>\n\n\n\n<p>Le nouveau porte-avions, dont la construction est d\u00e9j\u00e0 en cours, sera une v\u00e9ritable <strong>r\u00e9volution dans le domaine militaire<\/strong>. Il surpassera de loin son pr\u00e9d\u00e9cesseur, le Charles-de-Gaulle, en termes de taille, de puissance et de capacit\u00e9s op\u00e9rationnelles. Avec une masse de <strong>75 000 tonnes<\/strong> et une longueur de <strong>300 m\u00e8tres<\/strong>, il sera non seulement plus grand mais aussi plus puissant. Pour comparaison, le Charles-de-Gaulle p\u00e8se <strong>42 000 tonnes<\/strong> et mesure <strong>261 m\u00e8tres<\/strong>.<\/p>\n\n\n\n<p>Ce futur porte-avions sera propuls\u00e9 par deux r\u00e9acteurs nucl\u00e9aires <strong>K22<\/strong>, capables de fournir <strong>110 000 chevaux<\/strong> pour la propulsion et de d\u00e9livrer <strong>30 MW<\/strong> pour les syst\u00e8mes embarqu\u00e9s, une augmentation consid\u00e9rable par rapport aux <strong>19 MW<\/strong> du Charles-de-Gaulle. Une v\u00e9ritable avanc\u00e9e technologique qui va offrir \u00e0 la Marine fran\u00e7aise des capacit\u00e9s de projection de <a href=\"https:\/\/www.svalbard.fr\/actualites\/lincroyable-tunnel-de-260-millions-de-livres-sterling-en-construction-a-travers-un-pays-europeen-uniquement-pour-les-enormes-navires\/\"><strong>puissance maritime<\/strong><\/a> sans pr\u00e9c\u00e9dent.<\/p>\n\n\n\n<h2 class=\"wp-block-heading\">Collaboration entre g\u00e9ants de l&rsquo;industrie<\/h2>\n\n\n\n<p>Le projet b\u00e9n\u00e9ficie de la <strong>synergie<\/strong> entre plusieurs leaders industriels, tels que <strong>Naval Group<\/strong>, <strong>Chantiers de l&rsquo;Atlantique<\/strong> et <strong>TechnicAtome<\/strong>. Ensemble, ces acteurs industriels travaillent sous la supervision de la <strong>Direction g\u00e9n\u00e9rale de l&rsquo;armement (DGA)<\/strong>, pour garantir la qualit\u00e9 et la s\u00e9curit\u00e9 de la construction. Cette collaboration entre g\u00e9ants de l\u2019industrie permet de d\u00e9velopper des technologies de <strong>pointes<\/strong> tout en respectant des normes de s\u00e9curit\u00e9 et de performance parmi les plus strictes au monde.<\/p>\n\n\n\n<h2 class=\"wp-block-heading\">Innovations technologiques et avantages strat\u00e9giques<\/h2>\n\n\n\n<p>Parmi les <strong><a href=\"https:\/\/www.svalbard.fr\/actualites\/cette-decouverte-en-islande-pourrait-changer-lacces-a-lenergie-dans-le-monde\/\">innovations majeures<\/a><\/strong>, ce futur porte-avions sera \u00e9quip\u00e9 de <strong>catapultes \u00e9lectromagn\u00e9tiques<\/strong>, permettant de lancer des avions de combat plus lourds, comme ceux du programme <strong>Scaf<\/strong>, au-del\u00e0 des capacit\u00e9s actuelles des Rafale. Gr\u00e2ce \u00e0 sa <strong>propulsion nucl\u00e9aire<\/strong>, ce navire b\u00e9n\u00e9ficiera \u00e9galement d\u2019une <strong>autonomie<\/strong> exceptionnelle, ce qui est crucial pour les missions de longue dur\u00e9e en mer.<\/p>\n\n\n\n<p>Les avantages de la propulsion nucl\u00e9aire incluent une <strong>r\u00e9duction des besoins en ravitaillement<\/strong>, une <strong>optimisation de l&rsquo;espace pour les machines<\/strong>, et une <strong>plus grande capacit\u00e9 de projection de puissance maritime<\/strong>, ce qui permettra \u00e0 la France de maintenir sa supr\u00e9matie technologique sur les mers du monde.<\/p>\n\n\n\n<h2 class=\"wp-block-heading\">Un nom symbolique pour une nouvelle \u00e8re<\/h2>\n\n\n\n<p>Le futur <a href=\"https:\/\/www.svalbard.fr\/actualites\/lotan-annonce-la-plus-grande-mobilisation-depuis-des-decennies-avec-90-000-soldats-pour-commencer-les-exercices-de-la-troisieme-guerre-mondiale\/\"><strong>porte-avions<\/strong><\/a>, construit aux <strong>Chantiers de l&rsquo;Atlantique \u00e0 Saint-Nazaire<\/strong>, incarnera non seulement la puissance de la France sur les mers, mais aussi un symbole d\u2019innovation et de <strong>tradition<\/strong>. Parmi les noms propos\u00e9s, ceux de <strong>Simone Veil<\/strong> et <strong>Fran\u00e7ois Mitterrand<\/strong> se distinguent, rendant hommage \u00e0 des figures embl\u00e9matiques de l\u2019histoire fran\u00e7aise.<\/p>\n\n\n\n<h2 class=\"wp-block-heading\">Un co\u00fbt \u00e9norme pour un objectif ambitieux<\/h2>\n\n\n\n<p>Le <strong>co\u00fbt global<\/strong> de la construction de ce porte-avions est estim\u00e9 \u00e0 plus de <strong>5 milliards d&rsquo;euros<\/strong>, un investissement qui refl\u00e8te l\u2019importance strat\u00e9gique de ce projet. Il ne s&rsquo;agit pas seulement d&rsquo;une <strong>d\u00e9pense pour l&rsquo;avenir de la d\u00e9fense nationale<\/strong>, mais aussi d\u2019une affirmation de la volont\u00e9 de la France de rester un acteur majeur sur la sc\u00e8ne militaire mondiale.<\/p>\n\n\n\n<p>En somme, ce futur porte-avions repr\u00e9sente bien plus qu\u2019un simple navire : il incarne la modernisation de la <strong><a href=\"https:\/\/www.svalbard.fr\/actualites\/visiter-oslo-fjord-musees-et-harmonie-scandinave\/\">Marine nationale<\/a><\/strong> et la volont\u00e9 de la France de maintenir sa <strong>supr\u00e9matie militaire<\/strong>. Ce projet colossal, qui se concr\u00e9tisera d\u2019ici 2026, marquera une \u00e9tape importante dans l\u2019histoire de la d\u00e9fense nationale.<\/p>\n","protected":false},"excerpt":{"rendered":"<p>Un projet d\u2019envergure, \u00e0 la hauteur des ambitions de la France : le futur porte-avions de la Marine nationale. Destin\u00e9 \u00e0 remplacer le Charles-de-Gaulle d\u2019ici<\/p>\n","protected":false},"author":3,"featured_media":3667,"comment_status":"closed","ping_status":"closed","sticky":false,"template":"","format":"standard","meta":{"footnotes":""},"categories":[1725],"tags":[],"yoast_head":"<!-- This site is optimized with the Yoast SEO plugin v21.0 - https:\/\/yoast.com\/wordpress\/plugins\/seo\/ -->\n<title>Voici le futur g\u00e9ant des mers fran\u00e7ais : le plus grand porte-avions jamais construit en Europe<\/title>\n<meta name=\"robots\" content=\"index, follow, max-snippet:-1, max-image-preview:large, max-video-preview:-1\" \/>\n<link rel=\"canonical\" href=\"https:\/\/www.svalbard.fr\/actualites\/voici-le-futur-geant-des-mers-francais-le-plus-grand-porte-avions-jamais-construit-en-europe\/\" \/>\n<meta property=\"og:locale\" content=\"fr_FR\" \/>\n<meta property=\"og:type\" content=\"article\" \/>\n<meta property=\"og:title\" content=\"Voici le futur g\u00e9ant des mers fran\u00e7ais : le plus grand porte-avions jamais construit en Europe\" \/>\n<meta property=\"og:description\" content=\"Un projet d\u2019envergure, \u00e0 la hauteur des ambitions de la France : le futur porte-avions de la Marine nationale. Destin\u00e9 \u00e0 remplacer le Charles-de-Gaulle d\u2019ici\" \/>\n<meta property=\"og:url\" content=\"https:\/\/www.svalbard.fr\/actualites\/voici-le-futur-geant-des-mers-francais-le-plus-grand-porte-avions-jamais-construit-en-europe\/\" \/>\n<meta property=\"og:site_name\" content=\"www.Svalbard.fr\" \/>\n<meta property=\"article:published_time\" content=\"2025-05-12T13:30:00+00:00\" \/>\n<meta property=\"article:modified_time\" content=\"2025-05-08T12:19:32+00:00\" \/>\n<meta property=\"og:image\" content=\"https:\/\/www.svalbard.fr\/actualites\/wp-content\/uploads\/2025\/05\/le-futur-geant-des-mers-francais.jpg\" \/>\n\t<meta property=\"og:image:width\" content=\"1200\" \/>\n\t<meta property=\"og:image:height\" content=\"800\" \/>\n\t<meta property=\"og:image:type\" content=\"image\/jpeg\" \/>\n<meta name=\"author\" content=\"Guillaume Chen\" \/>\n<meta name=\"twitter:card\" content=\"summary_large_image\" \/>\n<meta name=\"twitter:label1\" content=\"\u00c9crit par\" \/>\n\t<meta name=\"twitter:data1\" content=\"Guillaume Chen\" \/>\n\t<meta name=\"twitter:label2\" content=\"Dur\u00e9e de lecture estim\u00e9e\" \/>\n\t<meta name=\"twitter:data2\" content=\"3 minutes\" \/>\n<script type=\"application\/ld+json\" class=\"yoast-schema-graph\">{\"@context\":\"https:\/\/schema.org\",\"@graph\":[{\"@type\":\"Article\",\"@id\":\"https:\/\/www.svalbard.fr\/actualites\/voici-le-futur-geant-des-mers-francais-le-plus-grand-porte-avions-jamais-construit-en-europe\/#article\",\"isPartOf\":{\"@id\":\"https:\/\/www.svalbard.fr\/actualites\/voici-le-futur-geant-des-mers-francais-le-plus-grand-porte-avions-jamais-construit-en-europe\/\"},\"author\":{\"name\":\"Guillaume Chen\",\"@id\":\"https:\/\/www.svalbard.fr\/actualites\/#\/schema\/person\/b9d185560b94bff7322d37cb676ee545\"},\"headline\":\"Voici le futur g\u00e9ant des mers fran\u00e7ais : le plus grand porte-avions jamais construit en Europe\",\"datePublished\":\"2025-05-12T13:30:00+00:00\",\"dateModified\":\"2025-05-08T12:19:32+00:00\",\"mainEntityOfPage\":{\"@id\":\"https:\/\/www.svalbard.fr\/actualites\/voici-le-futur-geant-des-mers-francais-le-plus-grand-porte-avions-jamais-construit-en-europe\/\"},\"wordCount\":614,\"publisher\":{\"@id\":\"https:\/\/www.svalbard.fr\/actualites\/#organization\"},\"articleSection\":[\"Tendances\"],\"inLanguage\":\"fr-FR\"},{\"@type\":\"WebPage\",\"@id\":\"https:\/\/www.svalbard.fr\/actualites\/voici-le-futur-geant-des-mers-francais-le-plus-grand-porte-avions-jamais-construit-en-europe\/\",\"url\":\"https:\/\/www.svalbard.fr\/actualites\/voici-le-futur-geant-des-mers-francais-le-plus-grand-porte-avions-jamais-construit-en-europe\/\",\"name\":\"Voici le futur g\u00e9ant des mers fran\u00e7ais : le plus grand porte-avions jamais construit en Europe\",\"isPartOf\":{\"@id\":\"https:\/\/www.svalbard.fr\/actualites\/#website\"},\"datePublished\":\"2025-05-12T13:30:00+00:00\",\"dateModified\":\"2025-05-08T12:19:32+00:00\",\"breadcrumb\":{\"@id\":\"https:\/\/www.svalbard.fr\/actualites\/voici-le-futur-geant-des-mers-francais-le-plus-grand-porte-avions-jamais-construit-en-europe\/#breadcrumb\"},\"inLanguage\":\"fr-FR\",\"potentialAction\":[{\"@type\":\"ReadAction\",\"target\":[\"https:\/\/www.svalbard.fr\/actualites\/voici-le-futur-geant-des-mers-francais-le-plus-grand-porte-avions-jamais-construit-en-europe\/\"]}]},{\"@type\":\"BreadcrumbList\",\"@id\":\"https:\/\/www.svalbard.fr\/actualites\/voici-le-futur-geant-des-mers-francais-le-plus-grand-porte-avions-jamais-construit-en-europe\/#breadcrumb\",\"itemListElement\":[{\"@type\":\"ListItem\",\"position\":1,\"name\":\"Accueil\",\"item\":\"https:\/\/www.svalbard.fr\/actualites\/\"},{\"@type\":\"ListItem\",\"position\":2,\"name\":\"Voici le futur g\u00e9ant des mers fran\u00e7ais : le plus grand porte-avions jamais construit en Europe\"}]},{\"@type\":\"WebSite\",\"@id\":\"https:\/\/www.svalbard.fr\/actualites\/#website\",\"url\":\"https:\/\/www.svalbard.fr\/actualites\/\",\"name\":\"www.Svalbard.fr\",\"description\":\"\",\"publisher\":{\"@id\":\"https:\/\/www.svalbard.fr\/actualites\/#organization\"},\"potentialAction\":[{\"@type\":\"SearchAction\",\"target\":{\"@type\":\"EntryPoint\",\"urlTemplate\":\"https:\/\/www.svalbard.fr\/actualites\/?s={search_term_string}\"},\"query-input\":\"required name=search_term_string\"}],\"inLanguage\":\"fr-FR\"},{\"@type\":\"Organization\",\"@id\":\"https:\/\/www.svalbard.fr\/actualites\/#organization\",\"name\":\"www.Svalbard.fr\",\"url\":\"https:\/\/www.svalbard.fr\/actualites\/\",\"logo\":{\"@type\":\"ImageObject\",\"inLanguage\":\"fr-FR\",\"@id\":\"https:\/\/www.svalbard.fr\/actualites\/#\/schema\/logo\/image\/\",\"url\":\"https:\/\/www.svalbard.fr\/actualites\/wp-content\/uploads\/2023\/09\/head-nom.jpg\",\"contentUrl\":\"https:\/\/www.svalbard.fr\/actualites\/wp-content\/uploads\/2023\/09\/head-nom.jpg\",\"width\":264,\"height\":35,\"caption\":\"www.Svalbard.fr\"},\"image\":{\"@id\":\"https:\/\/www.svalbard.fr\/actualites\/#\/schema\/logo\/image\/\"}},{\"@type\":\"Person\",\"@id\":\"https:\/\/www.svalbard.fr\/actualites\/#\/schema\/person\/b9d185560b94bff7322d37cb676ee545\",\"name\":\"Guillaume Chen\",\"image\":{\"@type\":\"ImageObject\",\"inLanguage\":\"fr-FR\",\"@id\":\"https:\/\/www.svalbard.fr\/actualites\/#\/schema\/person\/image\/\",\"url\":\"https:\/\/secure.gravatar.com\/avatar\/0c3f9c94586035b795ad4049a06fb048?s=96&d=mm&r=g\",\"contentUrl\":\"https:\/\/secure.gravatar.com\/avatar\/0c3f9c94586035b795ad4049a06fb048?s=96&d=mm&r=g\",\"caption\":\"Guillaume Chen\"},\"sameAs\":[\"https:\/\/www.svalbard.fr\/\"]}]}<\/script>\n<!-- \/ Yoast SEO plugin. -->","yoast_head_json":{"title":"Voici le futur g\u00e9ant des mers fran\u00e7ais : le plus grand porte-avions jamais construit en Europe","robots":{"index":"index","follow":"follow","max-snippet":"max-snippet:-1","max-image-preview":"max-image-preview:large","max-video-preview":"max-video-preview:-1"},"canonical":"https:\/\/www.svalbard.fr\/actualites\/voici-le-futur-geant-des-mers-francais-le-plus-grand-porte-avions-jamais-construit-en-europe\/","og_locale":"fr_FR","og_type":"article","og_title":"Voici le futur g\u00e9ant des mers fran\u00e7ais : le plus grand porte-avions jamais construit en Europe","og_description":"Un projet d\u2019envergure, \u00e0 la hauteur des ambitions de la France : le futur porte-avions de la Marine nationale. Destin\u00e9 \u00e0 remplacer le Charles-de-Gaulle d\u2019ici","og_url":"https:\/\/www.svalbard.fr\/actualites\/voici-le-futur-geant-des-mers-francais-le-plus-grand-porte-avions-jamais-construit-en-europe\/","og_site_name":"www.Svalbard.fr","article_published_time":"2025-05-12T13:30:00+00:00","article_modified_time":"2025-05-08T12:19:32+00:00","og_image":[{"width":1200,"height":800,"url":"https:\/\/www.svalbard.fr\/actualites\/wp-content\/uploads\/2025\/05\/le-futur-geant-des-mers-francais.jpg","type":"image\/jpeg"}],"author":"Guillaume Chen","twitter_card":"summary_large_image","twitter_misc":{"\u00c9crit par":"Guillaume Chen","Dur\u00e9e de lecture estim\u00e9e":"3 minutes"},"schema":{"@context":"https:\/\/schema.org","@graph":[{"@type":"Article","@id":"https:\/\/www.svalbard.fr\/actualites\/voici-le-futur-geant-des-mers-francais-le-plus-grand-porte-avions-jamais-construit-en-europe\/#article","isPartOf":{"@id":"https:\/\/www.svalbard.fr\/actualites\/voici-le-futur-geant-des-mers-francais-le-plus-grand-porte-avions-jamais-construit-en-europe\/"},"author":{"name":"Guillaume Chen","@id":"https:\/\/www.svalbard.fr\/actualites\/#\/schema\/person\/b9d185560b94bff7322d37cb676ee545"},"headline":"Voici le futur g\u00e9ant des mers fran\u00e7ais : le plus grand porte-avions jamais construit en Europe","datePublished":"2025-05-12T13:30:00+00:00","dateModified":"2025-05-08T12:19:32+00:00","mainEntityOfPage":{"@id":"https:\/\/www.svalbard.fr\/actualites\/voici-le-futur-geant-des-mers-francais-le-plus-grand-porte-avions-jamais-construit-en-europe\/"},"wordCount":614,"publisher":{"@id":"https:\/\/www.svalbard.fr\/actualites\/#organization"},"articleSection":["Tendances"],"inLanguage":"fr-FR"},{"@type":"WebPage","@id":"https:\/\/www.svalbard.fr\/actualites\/voici-le-futur-geant-des-mers-francais-le-plus-grand-porte-avions-jamais-construit-en-europe\/","url":"https:\/\/www.svalbard.fr\/actualites\/voici-le-futur-geant-des-mers-francais-le-plus-grand-porte-avions-jamais-construit-en-europe\/","name":"Voici le futur g\u00e9ant des mers fran\u00e7ais : le plus grand porte-avions jamais construit en Europe","isPartOf":{"@id":"https:\/\/www.svalbard.fr\/actualites\/#website"},"datePublished":"2025-05-12T13:30:00+00:00","dateModified":"2025-05-08T12:19:32+00:00","breadcrumb":{"@id":"https:\/\/www.svalbard.fr\/actualites\/voici-le-futur-geant-des-mers-francais-le-plus-grand-porte-avions-jamais-construit-en-europe\/#breadcrumb"},"inLanguage":"fr-FR","potentialAction":[{"@type":"ReadAction","target":["https:\/\/www.svalbard.fr\/actualites\/voici-le-futur-geant-des-mers-francais-le-plus-grand-porte-avions-jamais-construit-en-europe\/"]}]},{"@type":"BreadcrumbList","@id":"https:\/\/www.svalbard.fr\/actualites\/voici-le-futur-geant-des-mers-francais-le-plus-grand-porte-avions-jamais-construit-en-europe\/#breadcrumb","itemListElement":[{"@type":"ListItem","position":1,"name":"Accueil","item":"https:\/\/www.svalbard.fr\/actualites\/"},{"@type":"ListItem","position":2,"name":"Voici le futur g\u00e9ant des mers fran\u00e7ais : le plus grand porte-avions jamais construit en Europe"}]},{"@type":"WebSite","@id":"https:\/\/www.svalbard.fr\/actualites\/#website","url":"https:\/\/www.svalbard.fr\/actualites\/","name":"www.Svalbard.fr","description":"","publisher":{"@id":"https:\/\/www.svalbard.fr\/actualites\/#organization"},"potentialAction":[{"@type":"SearchAction","target":{"@type":"EntryPoint","urlTemplate":"https:\/\/www.svalbard.fr\/actualites\/?s={search_term_string}"},"query-input":"required name=search_term_string"}],"inLanguage":"fr-FR"},{"@type":"Organization","@id":"https:\/\/www.svalbard.fr\/actualites\/#organization","name":"www.Svalbard.fr","url":"https:\/\/www.svalbard.fr\/actualites\/","logo":{"@type":"ImageObject","inLanguage":"fr-FR","@id":"https:\/\/www.svalbard.fr\/actualites\/#\/schema\/logo\/image\/","url":"https:\/\/www.svalbard.fr\/actualites\/wp-content\/uploads\/2023\/09\/head-nom.jpg","contentUrl":"https:\/\/www.svalbard.fr\/actualites\/wp-content\/uploads\/2023\/09\/head-nom.jpg","width":264,"height":35,"caption":"www.Svalbard.fr"},"image":{"@id":"https:\/\/www.svalbard.fr\/actualites\/#\/schema\/logo\/image\/"}},{"@type":"Person","@id":"https:\/\/www.svalbard.fr\/actualites\/#\/schema\/person\/b9d185560b94bff7322d37cb676ee545","name":"Guillaume Chen","image":{"@type":"ImageObject","inLanguage":"fr-FR","@id":"https:\/\/www.svalbard.fr\/actualites\/#\/schema\/person\/image\/","url":"https:\/\/secure.gravatar.com\/avatar\/0c3f9c94586035b795ad4049a06fb048?s=96&d=mm&r=g","contentUrl":"https:\/\/secure.gravatar.com\/avatar\/0c3f9c94586035b795ad4049a06fb048?s=96&d=mm&r=g","caption":"Guillaume Chen"},"sameAs":["https:\/\/www.svalbard.fr\/"]}]}},"_links":{"self":[{"href":"https:\/\/www.svalbard.fr\/actualites\/wp-json\/wp\/v2\/posts\/3666"}],"collection":[{"href":"https:\/\/www.svalbard.fr\/actualites\/wp-json\/wp\/v2\/posts"}],"about":[{"href":"https:\/\/www.svalbard.fr\/actualites\/wp-json\/wp\/v2\/types\/post"}],"author":[{"embeddable":true,"href":"https:\/\/www.svalbard.fr\/actualites\/wp-json\/wp\/v2\/users\/3"}],"replies":[{"embeddable":true,"href":"https:\/\/www.svalbard.fr\/actualites\/wp-json\/wp\/v2\/comments?post=3666"}],"version-history":[{"count":1,"href":"https:\/\/www.svalbard.fr\/actualites\/wp-json\/wp\/v2\/posts\/3666\/revisions"}],"predecessor-version":[{"id":3668,"href":"https:\/\/www.svalbard.fr\/actualites\/wp-json\/wp\/v2\/posts\/3666\/revisions\/3668"}],"wp:featuredmedia":[{"embeddable":true,"href":"https:\/\/www.svalbard.fr\/actualites\/wp-json\/wp\/v2\/media\/3667"}],"wp:attachment":[{"href":"https:\/\/www.svalbard.fr\/actualites\/wp-json\/wp\/v2\/media?parent=3666"}],"wp:term":[{"taxonomy":"category","embeddable":true,"href":"https:\/\/www.svalbard.fr\/actualites\/wp-json\/wp\/v2\/categories?post=3666"},{"taxonomy":"post_tag","embeddable":true,"href":"https:\/\/www.svalbard.fr\/actualites\/wp-json\/wp\/v2\/tags?post=3666"}],"curies":[{"name":"wp","href":"https:\/\/api.w.org\/{rel}","templated":true}]}}