{"id":3710,"date":"2025-05-16T08:30:00","date_gmt":"2025-05-16T06:30:00","guid":{"rendered":"https:\/\/www.svalbard.fr\/actualites\/?p=3710"},"modified":"2025-05-14T08:28:09","modified_gmt":"2025-05-14T06:28:09","slug":"un-proprietaire-prend-une-decision-radicale-pour-punir-un-locataire-indelicat","status":"publish","type":"post","link":"https:\/\/www.svalbard.fr\/actualites\/un-proprietaire-prend-une-decision-radicale-pour-punir-un-locataire-indelicat\/","title":{"rendered":"Un propri\u00e9taire prend une d\u00e9cision radicale pour punir un locataire ind\u00e9licat"},"content":{"rendered":"\n<p><strong><em>Quand un conflit entre propri\u00e9taire et locataire s\u2019enlise, certains choisissent des chemins\u2026 inattendus. \u00c0 Forbach, en Moselle, un propri\u00e9taire a surpris tout le monde en retirant les fen\u00eatres de sa maison lou\u00e9e pour protester contre des loyers impay\u00e9s persistants. Un geste aussi spectaculaire que controvers\u00e9, r\u00e9v\u00e9lateur des tensions qui peuvent exister autour de la gestion immobili\u00e8re.<\/em><\/strong><\/p>\n\n\n\n<!--more-->\n\n\n\n<h2 class=\"wp-block-heading\"><strong>Un diff\u00e9rend qui dure et une d\u00e9cision \u00e9tonnante<\/strong><\/h2>\n\n\n\n<p>Le diff\u00e9rend ne date pas d\u2019hier. Le <a href=\"https:\/\/www.svalbard.fr\/actualites\/lastuce-de-lusucapion-comment-devenir-proprietaire-dun-terrain-gratuitement\/\"><strong>propri\u00e9taire<\/strong><\/a> d\u00e9clare avoir accumul\u00e9 des <strong>impay\u00e9s de longue dur\u00e9e<\/strong>, sans solution \u00e0 l\u2019horizon. Apr\u00e8s plusieurs tentatives de r\u00e9solution, il d\u00e9cide en juillet dernier de retirer toutes les fen\u00eatres du logement\u2026 sauf une, celle de la chambre d\u2019un r\u00e9sident encore pr\u00e9sent dans la maison.<\/p>\n\n\n\n<p>Ce choix radical a \u00e9t\u00e9 interpr\u00e9t\u00e9 comme une mani\u00e8re de <strong>mettre la pression<\/strong>, sans pour autant proc\u00e9der \u00e0 une expulsion formelle. Une forme de protestation qui ne manque pas de susciter le d\u00e9bat, tant sur le plan humain que juridique.<\/p>\n\n\n\n<h2 class=\"wp-block-heading\"><strong>Le locataire invoque le non-respect des engagements<\/strong><\/h2>\n\n\n\n<p>De son c\u00f4t\u00e9, le locataire concern\u00e9 n\u2019est pas un particulier mais une <strong>association d\u2019aide au logement<\/strong> pour les personnes en difficult\u00e9. Son vice-pr\u00e9sident se d\u00e9fend : selon lui, les loyers ont \u00e9t\u00e9 suspendus \u00e0 cause de <strong>travaux promis mais jamais r\u00e9alis\u00e9s<\/strong>. \u00ab Il \u00e9tait question de r\u00e9nover la toiture, le chauffage\u2026 rien n\u2019a \u00e9t\u00e9 fait. Nous avons donc saisi la justice \u00bb, pr\u00e9cise-t-il.<\/p>\n\n\n\n<p>Ce bras de fer met en lumi\u00e8re un aspect bien connu des litiges locatifs : <strong>l\u2019engagement mutuel<\/strong> est au c\u0153ur du contrat, et l\u2019absence de travaux peut \u00eatre aussi dommageable qu\u2019un non-paiement.<\/p>\n\n\n\n<h2 class=\"wp-block-heading\"><strong>Une r\u00e9ponse extr\u00eame, mais \u00e0 quel prix ?<\/strong><\/h2>\n\n\n\n<p>Dans un contexte o\u00f9 les recours judiciaires sont souvent longs et co\u00fbteux, certains propri\u00e9taires se tournent vers des <strong>solutions alternatives<\/strong>, parfois \u00e0 la limite de la l\u00e9galit\u00e9. Retirer des fen\u00eatres pour forcer la main au locataire peut sembler habile\u2026 mais cette action est loin d\u2019\u00eatre sans cons\u00e9quence.<\/p>\n\n\n\n<p>La juriste Maria Rossi, sp\u00e9cialiste en droit immobilier, avertit : \u00ab Enlever des \u00e9l\u00e9ments essentiels d\u2019un logement, m\u00eame sans expulser, peut \u00eatre consid\u00e9r\u00e9 comme une <strong>violation du bail<\/strong>. Le propri\u00e9taire s\u2019expose \u00e0 des sanctions civiles, voire p\u00e9nales. \u00bb<\/p>\n\n\n\n<h2 class=\"wp-block-heading\"><strong>Un impact financier lourd pour les deux parties<\/strong><\/h2>\n\n\n\n<p>Ce conflit, au-del\u00e0 de l\u2019anecdote, rappelle que les <strong>retards de loyers<\/strong> fragilisent aussi les bailleurs. Sans revenus r\u00e9guliers, difficile d\u2019assurer l\u2019entretien du bien, de rembourser un \u00e9ventuel cr\u00e9dit ou m\u00eame de financer les travaux attendus.<\/p>\n\n\n\n<p>Mais en adoptant une posture extr\u00eame, le propri\u00e9taire court le risque d\u2019envenimer la situation, de se retrouver face \u00e0 des <strong><a href=\"https:\/\/www.svalbard.fr\/actualites\/recuperation-de-37-pieces-dor-provenant-des-epaves-de-la-flotte-espagnole-de-1715-evaluees-a-plus-dun-million-de-dollars\/\">poursuites judiciaires<\/a><\/strong>, et d\u2019augmenter les pertes financi\u00e8res plut\u00f4t que de les contenir.<\/p>\n\n\n\n<h2 class=\"wp-block-heading\"><strong>Vers une m\u00e9diation plut\u00f4t qu\u2019un affrontement<\/strong><\/h2>\n\n\n\n<p>Au lieu de c\u00e9der \u00e0 la col\u00e8re ou \u00e0 l\u2019impatience, <strong>le dialogue reste souvent la meilleure option<\/strong>. Le consultant immobilier Giuseppe Verdi le rappelle : \u00ab Une m\u00e9diation, m\u00eame tardive, peut permettre de trouver un compromis acceptable. Retirer les fen\u00eatres, c\u2019est peut-\u00eatre spectaculaire, mais ce n\u2019est pas une solution durable. \u00bb<\/p>\n\n\n\n<p>Cette affaire souligne l\u2019importance, pour les propri\u00e9taires, de s\u2019entourer de <strong>conseils juridiques fiables<\/strong>, et pour les locataires, de ne pas laisser tra\u00eener un conflit jusqu\u2019au point de rupture. Une bonne communication, des engagements tenus de part et d\u2019autre, et le recours \u00e0 des solutions l\u00e9gales \u00e9vitent bien des d\u00e9rives.<\/p>\n\n\n\n<h2 class=\"wp-block-heading\"><strong>Conclusion : entre fermet\u00e9 et responsabilit\u00e9<\/strong><\/h2>\n\n\n\n<p>La gestion d\u2019un <a href=\"https:\/\/www.svalbard.fr\/actualites\/voici-combien-dargent-liquide-vous-pouvez-legalement-garder-chez-vous\/\"><strong>bien immobilier<\/strong><\/a> ne se limite pas \u00e0 la perception des loyers. C\u2019est aussi une <strong>relation humaine<\/strong>, encadr\u00e9e par des r\u00e8gles strictes, mais sujette \u00e0 des tensions. Cette affaire de Forbach, aussi singuli\u00e8re soit-elle, rappelle que chaque geste a ses cons\u00e9quences, et que les conflits locatifs m\u00e9ritent toujours une approche r\u00e9fl\u00e9chie.<\/p>\n\n\n\n<p>Si vous \u00eates propri\u00e9taire, retenez que la loi reste votre meilleure alli\u00e9e, m\u00eame si elle semble lente. Et si vous \u00eates locataire en difficult\u00e9, <strong>demandez de l\u2019aide<\/strong>, communiquez, et \u00e9vitez que la situation ne devienne irr\u00e9versible. Parce qu\u2019en mati\u00e8re de logement, mieux vaut pr\u00e9venir\u2026 que d\u00e9poser les fen\u00eatres.<\/p>\n","protected":false},"excerpt":{"rendered":"<p>Quand un conflit entre propri\u00e9taire et locataire s\u2019enlise, certains choisissent des chemins\u2026 inattendus. \u00c0 Forbach, en Moselle, un propri\u00e9taire a surpris tout le monde en<\/p>\n","protected":false},"author":3,"featured_media":3711,"comment_status":"closed","ping_status":"closed","sticky":false,"template":"","format":"standard","meta":{"footnotes":""},"categories":[1725],"tags":[],"yoast_head":"<!-- This site is optimized with the Yoast SEO plugin v21.0 - https:\/\/yoast.com\/wordpress\/plugins\/seo\/ -->\n<title>Un propri\u00e9taire prend une d\u00e9cision radicale pour punir un locataire ind\u00e9licat<\/title>\n<meta name=\"robots\" content=\"index, follow, max-snippet:-1, max-image-preview:large, max-video-preview:-1\" \/>\n<link rel=\"canonical\" href=\"https:\/\/www.svalbard.fr\/actualites\/un-proprietaire-prend-une-decision-radicale-pour-punir-un-locataire-indelicat\/\" \/>\n<meta property=\"og:locale\" content=\"fr_FR\" \/>\n<meta property=\"og:type\" content=\"article\" \/>\n<meta property=\"og:title\" content=\"Un propri\u00e9taire prend une d\u00e9cision radicale pour punir un locataire ind\u00e9licat\" \/>\n<meta property=\"og:description\" content=\"Quand un conflit entre propri\u00e9taire et locataire s\u2019enlise, certains choisissent des chemins\u2026 inattendus. \u00c0 Forbach, en Moselle, un propri\u00e9taire a surpris tout le monde en\" \/>\n<meta property=\"og:url\" content=\"https:\/\/www.svalbard.fr\/actualites\/un-proprietaire-prend-une-decision-radicale-pour-punir-un-locataire-indelicat\/\" \/>\n<meta property=\"og:site_name\" content=\"www.Svalbard.fr\" \/>\n<meta property=\"article:published_time\" content=\"2025-05-16T06:30:00+00:00\" \/>\n<meta property=\"article:modified_time\" content=\"2025-05-14T06:28:09+00:00\" \/>\n<meta property=\"og:image\" content=\"https:\/\/www.svalbard.fr\/actualites\/wp-content\/uploads\/2025\/05\/punir-un-locataire-indelicat.jpeg\" \/>\n\t<meta property=\"og:image:width\" content=\"1200\" \/>\n\t<meta property=\"og:image:height\" content=\"629\" \/>\n\t<meta property=\"og:image:type\" content=\"image\/jpeg\" \/>\n<meta name=\"author\" content=\"Guillaume Chen\" \/>\n<meta name=\"twitter:card\" content=\"summary_large_image\" \/>\n<meta name=\"twitter:label1\" content=\"\u00c9crit par\" \/>\n\t<meta name=\"twitter:data1\" content=\"Guillaume Chen\" \/>\n\t<meta name=\"twitter:label2\" content=\"Dur\u00e9e de lecture estim\u00e9e\" \/>\n\t<meta name=\"twitter:data2\" content=\"4 minutes\" \/>\n<script type=\"application\/ld+json\" class=\"yoast-schema-graph\">{\"@context\":\"https:\/\/schema.org\",\"@graph\":[{\"@type\":\"Article\",\"@id\":\"https:\/\/www.svalbard.fr\/actualites\/un-proprietaire-prend-une-decision-radicale-pour-punir-un-locataire-indelicat\/#article\",\"isPartOf\":{\"@id\":\"https:\/\/www.svalbard.fr\/actualites\/un-proprietaire-prend-une-decision-radicale-pour-punir-un-locataire-indelicat\/\"},\"author\":{\"name\":\"Guillaume Chen\",\"@id\":\"https:\/\/www.svalbard.fr\/actualites\/#\/schema\/person\/b9d185560b94bff7322d37cb676ee545\"},\"headline\":\"Un propri\u00e9taire prend une d\u00e9cision radicale pour punir un locataire ind\u00e9licat\",\"datePublished\":\"2025-05-16T06:30:00+00:00\",\"dateModified\":\"2025-05-14T06:28:09+00:00\",\"mainEntityOfPage\":{\"@id\":\"https:\/\/www.svalbard.fr\/actualites\/un-proprietaire-prend-une-decision-radicale-pour-punir-un-locataire-indelicat\/\"},\"wordCount\":737,\"publisher\":{\"@id\":\"https:\/\/www.svalbard.fr\/actualites\/#organization\"},\"articleSection\":[\"Tendances\"],\"inLanguage\":\"fr-FR\"},{\"@type\":\"WebPage\",\"@id\":\"https:\/\/www.svalbard.fr\/actualites\/un-proprietaire-prend-une-decision-radicale-pour-punir-un-locataire-indelicat\/\",\"url\":\"https:\/\/www.svalbard.fr\/actualites\/un-proprietaire-prend-une-decision-radicale-pour-punir-un-locataire-indelicat\/\",\"name\":\"Un propri\u00e9taire prend une d\u00e9cision radicale pour punir un locataire ind\u00e9licat\",\"isPartOf\":{\"@id\":\"https:\/\/www.svalbard.fr\/actualites\/#website\"},\"datePublished\":\"2025-05-16T06:30:00+00:00\",\"dateModified\":\"2025-05-14T06:28:09+00:00\",\"breadcrumb\":{\"@id\":\"https:\/\/www.svalbard.fr\/actualites\/un-proprietaire-prend-une-decision-radicale-pour-punir-un-locataire-indelicat\/#breadcrumb\"},\"inLanguage\":\"fr-FR\",\"potentialAction\":[{\"@type\":\"ReadAction\",\"target\":[\"https:\/\/www.svalbard.fr\/actualites\/un-proprietaire-prend-une-decision-radicale-pour-punir-un-locataire-indelicat\/\"]}]},{\"@type\":\"BreadcrumbList\",\"@id\":\"https:\/\/www.svalbard.fr\/actualites\/un-proprietaire-prend-une-decision-radicale-pour-punir-un-locataire-indelicat\/#breadcrumb\",\"itemListElement\":[{\"@type\":\"ListItem\",\"position\":1,\"name\":\"Accueil\",\"item\":\"https:\/\/www.svalbard.fr\/actualites\/\"},{\"@type\":\"ListItem\",\"position\":2,\"name\":\"Un propri\u00e9taire prend une d\u00e9cision radicale pour punir un locataire ind\u00e9licat\"}]},{\"@type\":\"WebSite\",\"@id\":\"https:\/\/www.svalbard.fr\/actualites\/#website\",\"url\":\"https:\/\/www.svalbard.fr\/actualites\/\",\"name\":\"www.Svalbard.fr\",\"description\":\"\",\"publisher\":{\"@id\":\"https:\/\/www.svalbard.fr\/actualites\/#organization\"},\"potentialAction\":[{\"@type\":\"SearchAction\",\"target\":{\"@type\":\"EntryPoint\",\"urlTemplate\":\"https:\/\/www.svalbard.fr\/actualites\/?s={search_term_string}\"},\"query-input\":\"required name=search_term_string\"}],\"inLanguage\":\"fr-FR\"},{\"@type\":\"Organization\",\"@id\":\"https:\/\/www.svalbard.fr\/actualites\/#organization\",\"name\":\"www.Svalbard.fr\",\"url\":\"https:\/\/www.svalbard.fr\/actualites\/\",\"logo\":{\"@type\":\"ImageObject\",\"inLanguage\":\"fr-FR\",\"@id\":\"https:\/\/www.svalbard.fr\/actualites\/#\/schema\/logo\/image\/\",\"url\":\"https:\/\/www.svalbard.fr\/actualites\/wp-content\/uploads\/2023\/09\/head-nom.jpg\",\"contentUrl\":\"https:\/\/www.svalbard.fr\/actualites\/wp-content\/uploads\/2023\/09\/head-nom.jpg\",\"width\":264,\"height\":35,\"caption\":\"www.Svalbard.fr\"},\"image\":{\"@id\":\"https:\/\/www.svalbard.fr\/actualites\/#\/schema\/logo\/image\/\"}},{\"@type\":\"Person\",\"@id\":\"https:\/\/www.svalbard.fr\/actualites\/#\/schema\/person\/b9d185560b94bff7322d37cb676ee545\",\"name\":\"Guillaume Chen\",\"image\":{\"@type\":\"ImageObject\",\"inLanguage\":\"fr-FR\",\"@id\":\"https:\/\/www.svalbard.fr\/actualites\/#\/schema\/person\/image\/\",\"url\":\"https:\/\/secure.gravatar.com\/avatar\/0c3f9c94586035b795ad4049a06fb048?s=96&d=mm&r=g\",\"contentUrl\":\"https:\/\/secure.gravatar.com\/avatar\/0c3f9c94586035b795ad4049a06fb048?s=96&d=mm&r=g\",\"caption\":\"Guillaume Chen\"},\"sameAs\":[\"https:\/\/www.svalbard.fr\/\"]}]}<\/script>\n<!-- \/ Yoast SEO plugin. -->","yoast_head_json":{"title":"Un propri\u00e9taire prend une d\u00e9cision radicale pour punir un locataire ind\u00e9licat","robots":{"index":"index","follow":"follow","max-snippet":"max-snippet:-1","max-image-preview":"max-image-preview:large","max-video-preview":"max-video-preview:-1"},"canonical":"https:\/\/www.svalbard.fr\/actualites\/un-proprietaire-prend-une-decision-radicale-pour-punir-un-locataire-indelicat\/","og_locale":"fr_FR","og_type":"article","og_title":"Un propri\u00e9taire prend une d\u00e9cision radicale pour punir un locataire ind\u00e9licat","og_description":"Quand un conflit entre propri\u00e9taire et locataire s\u2019enlise, certains choisissent des chemins\u2026 inattendus. \u00c0 Forbach, en Moselle, un propri\u00e9taire a surpris tout le monde en","og_url":"https:\/\/www.svalbard.fr\/actualites\/un-proprietaire-prend-une-decision-radicale-pour-punir-un-locataire-indelicat\/","og_site_name":"www.Svalbard.fr","article_published_time":"2025-05-16T06:30:00+00:00","article_modified_time":"2025-05-14T06:28:09+00:00","og_image":[{"width":1200,"height":629,"url":"https:\/\/www.svalbard.fr\/actualites\/wp-content\/uploads\/2025\/05\/punir-un-locataire-indelicat.jpeg","type":"image\/jpeg"}],"author":"Guillaume Chen","twitter_card":"summary_large_image","twitter_misc":{"\u00c9crit par":"Guillaume Chen","Dur\u00e9e de lecture estim\u00e9e":"4 minutes"},"schema":{"@context":"https:\/\/schema.org","@graph":[{"@type":"Article","@id":"https:\/\/www.svalbard.fr\/actualites\/un-proprietaire-prend-une-decision-radicale-pour-punir-un-locataire-indelicat\/#article","isPartOf":{"@id":"https:\/\/www.svalbard.fr\/actualites\/un-proprietaire-prend-une-decision-radicale-pour-punir-un-locataire-indelicat\/"},"author":{"name":"Guillaume Chen","@id":"https:\/\/www.svalbard.fr\/actualites\/#\/schema\/person\/b9d185560b94bff7322d37cb676ee545"},"headline":"Un propri\u00e9taire prend une d\u00e9cision radicale pour punir un locataire ind\u00e9licat","datePublished":"2025-05-16T06:30:00+00:00","dateModified":"2025-05-14T06:28:09+00:00","mainEntityOfPage":{"@id":"https:\/\/www.svalbard.fr\/actualites\/un-proprietaire-prend-une-decision-radicale-pour-punir-un-locataire-indelicat\/"},"wordCount":737,"publisher":{"@id":"https:\/\/www.svalbard.fr\/actualites\/#organization"},"articleSection":["Tendances"],"inLanguage":"fr-FR"},{"@type":"WebPage","@id":"https:\/\/www.svalbard.fr\/actualites\/un-proprietaire-prend-une-decision-radicale-pour-punir-un-locataire-indelicat\/","url":"https:\/\/www.svalbard.fr\/actualites\/un-proprietaire-prend-une-decision-radicale-pour-punir-un-locataire-indelicat\/","name":"Un propri\u00e9taire prend une d\u00e9cision radicale pour punir un locataire ind\u00e9licat","isPartOf":{"@id":"https:\/\/www.svalbard.fr\/actualites\/#website"},"datePublished":"2025-05-16T06:30:00+00:00","dateModified":"2025-05-14T06:28:09+00:00","breadcrumb":{"@id":"https:\/\/www.svalbard.fr\/actualites\/un-proprietaire-prend-une-decision-radicale-pour-punir-un-locataire-indelicat\/#breadcrumb"},"inLanguage":"fr-FR","potentialAction":[{"@type":"ReadAction","target":["https:\/\/www.svalbard.fr\/actualites\/un-proprietaire-prend-une-decision-radicale-pour-punir-un-locataire-indelicat\/"]}]},{"@type":"BreadcrumbList","@id":"https:\/\/www.svalbard.fr\/actualites\/un-proprietaire-prend-une-decision-radicale-pour-punir-un-locataire-indelicat\/#breadcrumb","itemListElement":[{"@type":"ListItem","position":1,"name":"Accueil","item":"https:\/\/www.svalbard.fr\/actualites\/"},{"@type":"ListItem","position":2,"name":"Un propri\u00e9taire prend une d\u00e9cision radicale pour punir un locataire ind\u00e9licat"}]},{"@type":"WebSite","@id":"https:\/\/www.svalbard.fr\/actualites\/#website","url":"https:\/\/www.svalbard.fr\/actualites\/","name":"www.Svalbard.fr","description":"","publisher":{"@id":"https:\/\/www.svalbard.fr\/actualites\/#organization"},"potentialAction":[{"@type":"SearchAction","target":{"@type":"EntryPoint","urlTemplate":"https:\/\/www.svalbard.fr\/actualites\/?s={search_term_string}"},"query-input":"required name=search_term_string"}],"inLanguage":"fr-FR"},{"@type":"Organization","@id":"https:\/\/www.svalbard.fr\/actualites\/#organization","name":"www.Svalbard.fr","url":"https:\/\/www.svalbard.fr\/actualites\/","logo":{"@type":"ImageObject","inLanguage":"fr-FR","@id":"https:\/\/www.svalbard.fr\/actualites\/#\/schema\/logo\/image\/","url":"https:\/\/www.svalbard.fr\/actualites\/wp-content\/uploads\/2023\/09\/head-nom.jpg","contentUrl":"https:\/\/www.svalbard.fr\/actualites\/wp-content\/uploads\/2023\/09\/head-nom.jpg","width":264,"height":35,"caption":"www.Svalbard.fr"},"image":{"@id":"https:\/\/www.svalbard.fr\/actualites\/#\/schema\/logo\/image\/"}},{"@type":"Person","@id":"https:\/\/www.svalbard.fr\/actualites\/#\/schema\/person\/b9d185560b94bff7322d37cb676ee545","name":"Guillaume Chen","image":{"@type":"ImageObject","inLanguage":"fr-FR","@id":"https:\/\/www.svalbard.fr\/actualites\/#\/schema\/person\/image\/","url":"https:\/\/secure.gravatar.com\/avatar\/0c3f9c94586035b795ad4049a06fb048?s=96&d=mm&r=g","contentUrl":"https:\/\/secure.gravatar.com\/avatar\/0c3f9c94586035b795ad4049a06fb048?s=96&d=mm&r=g","caption":"Guillaume Chen"},"sameAs":["https:\/\/www.svalbard.fr\/"]}]}},"_links":{"self":[{"href":"https:\/\/www.svalbard.fr\/actualites\/wp-json\/wp\/v2\/posts\/3710"}],"collection":[{"href":"https:\/\/www.svalbard.fr\/actualites\/wp-json\/wp\/v2\/posts"}],"about":[{"href":"https:\/\/www.svalbard.fr\/actualites\/wp-json\/wp\/v2\/types\/post"}],"author":[{"embeddable":true,"href":"https:\/\/www.svalbard.fr\/actualites\/wp-json\/wp\/v2\/users\/3"}],"replies":[{"embeddable":true,"href":"https:\/\/www.svalbard.fr\/actualites\/wp-json\/wp\/v2\/comments?post=3710"}],"version-history":[{"count":1,"href":"https:\/\/www.svalbard.fr\/actualites\/wp-json\/wp\/v2\/posts\/3710\/revisions"}],"predecessor-version":[{"id":3712,"href":"https:\/\/www.svalbard.fr\/actualites\/wp-json\/wp\/v2\/posts\/3710\/revisions\/3712"}],"wp:featuredmedia":[{"embeddable":true,"href":"https:\/\/www.svalbard.fr\/actualites\/wp-json\/wp\/v2\/media\/3711"}],"wp:attachment":[{"href":"https:\/\/www.svalbard.fr\/actualites\/wp-json\/wp\/v2\/media?parent=3710"}],"wp:term":[{"taxonomy":"category","embeddable":true,"href":"https:\/\/www.svalbard.fr\/actualites\/wp-json\/wp\/v2\/categories?post=3710"},{"taxonomy":"post_tag","embeddable":true,"href":"https:\/\/www.svalbard.fr\/actualites\/wp-json\/wp\/v2\/tags?post=3710"}],"curies":[{"name":"wp","href":"https:\/\/api.w.org\/{rel}","templated":true}]}}