{"id":3827,"date":"2025-05-22T15:30:00","date_gmt":"2025-05-22T13:30:00","guid":{"rendered":"https:\/\/www.svalbard.fr\/actualites\/?p=3827"},"modified":"2025-05-22T08:09:18","modified_gmt":"2025-05-22T06:09:18","slug":"isoles-pendant-40-ans-le-quotidien-bouleversant-de-cette-famille-hors-du-monde","status":"publish","type":"post","link":"https:\/\/www.svalbard.fr\/actualites\/isoles-pendant-40-ans-le-quotidien-bouleversant-de-cette-famille-hors-du-monde\/","title":{"rendered":"Isol\u00e9s pendant 40 ans : le quotidien bouleversant de cette famille hors du monde"},"content":{"rendered":"\n<p><strong><em>En 1936, fuyant les pers\u00e9cutions religieuses en Union sovi\u00e9tique, Karp Lykov d\u00e9cide de s\u2019aventurer avec sa femme Akulina et leurs deux enfants, Savin et Natalia, dans l\u2019immense ta\u00efga sib\u00e9rienne. L\u00e0, nul village, nul chemin : uniquement des for\u00eats \u00e0 perte de vue. Pendant plus de quarante ans, ils ont men\u00e9 une existence <\/em><\/strong><strong><em>autonome<\/em><\/strong><strong><em>, coup\u00e9s de tout, construisant leur abri, chassant, cultivant des pommes de terre et r\u00e9coltant des baies, sans jamais savoir ce qui se passait dans le monde ext\u00e9rieur.<\/em><\/strong><\/p>\n\n\n\n<!--more-->\n\n\n\n<h2 class=\"wp-block-heading\">Survie et r\u00e9silience extr\u00eame<\/h2>\n\n\n<div class=\"wp-block-image\">\n<figure class=\"aligncenter size-large\"><img decoding=\"async\" loading=\"lazy\" width=\"1024\" height=\"852\" src=\"https:\/\/www.svalbard.fr\/actualites\/wp-content\/uploads\/2025\/05\/2-Isoles-pendant-40-ans-1024x852.jpg\" alt=\"\" class=\"wp-image-3829\" srcset=\"https:\/\/www.svalbard.fr\/actualites\/wp-content\/uploads\/2025\/05\/2-Isoles-pendant-40-ans-1024x852.jpg 1024w, https:\/\/www.svalbard.fr\/actualites\/wp-content\/uploads\/2025\/05\/2-Isoles-pendant-40-ans-300x250.jpg 300w, https:\/\/www.svalbard.fr\/actualites\/wp-content\/uploads\/2025\/05\/2-Isoles-pendant-40-ans-768x639.jpg 768w, https:\/\/www.svalbard.fr\/actualites\/wp-content\/uploads\/2025\/05\/2-Isoles-pendant-40-ans.jpg 1200w\" sizes=\"(max-width: 1024px) 100vw, 1024px\" \/><\/figure><\/div>\n\n\n<p>Leur quotidien \u00e9tait un v\u00e9ritable d\u00e9fi : outils rudimentaires, v\u00eatements taill\u00e9s dans l\u2019\u00e9corce et la <strong>canapa<\/strong>, r\u00e9gime parfois carenc\u00e9. Pourtant, leur formidable <strong>r\u00e9silience<\/strong> leur a permis de r\u00e9sister aux hivers terribles et de voir na\u00eetre deux autres enfants, Dmitry et Agafia, qui grandirent sans jamais apercevoir une voiture, un journal ou un <a href=\"https:\/\/www.svalbard.fr\/actualites\/attention-si-cette-application-est-sur-votre-telephone-cest-une-arnaque-massive\/\"><strong>t\u00e9l\u00e9phone<\/strong><\/a>. Seule une vieille Bible guidait leur morale, v\u00e9ritable lien avec une culture dont ils ignoraient tout.<\/p>\n\n\n\n<h2 class=\"wp-block-heading\">Le contact avec la civilisation et ses cons\u00e9quences tragiques<\/h2>\n\n\n\n<p>En 1978, un groupe de g\u00e9ologues sovi\u00e9tiques les d\u00e9couvre par hasard. Confront\u00e9s \u00e0 un monde nouveau \u2013 habitations, engins motoris\u00e9s, <a href=\"https:\/\/www.svalbard.fr\/actualites\/les-etats-unis-adoptent-une-technologie-chinoise-jugee-bien-plus-avancee\/\"><strong>technologie<\/strong> <\/a>omnipr\u00e9sente \u2013 les Lykov refusent l\u2019exil et choisissent de rester dans leur solitude. H\u00e9las, cette r\u00e9introduction brutale \u00e0 des germes inconnus a un prix : quatre membres de la famille succombent rapidement \u00e0 des maladies pour lesquelles leur syst\u00e8me immunitaire n\u2019\u00e9tait plus pr\u00e9par\u00e9. Karp dispara\u00eet en 1988, laissant Agafia seule gardienne de cette \u00e9pop\u00e9e.<\/p>\n\n\n\n<h2 class=\"wp-block-heading\">Agafia Lykov : l\u2019ultime t\u00e9moin d\u2019une \u00e8re r\u00e9volue<\/h2>\n\n\n<div class=\"wp-block-image\">\n<figure class=\"aligncenter size-large\"><img decoding=\"async\" loading=\"lazy\" width=\"1024\" height=\"800\" src=\"https:\/\/www.svalbard.fr\/actualites\/wp-content\/uploads\/2025\/05\/3-Isoles-pendant-40-ans-1024x800.jpg\" alt=\"\" class=\"wp-image-3830\" srcset=\"https:\/\/www.svalbard.fr\/actualites\/wp-content\/uploads\/2025\/05\/3-Isoles-pendant-40-ans-1024x800.jpg 1024w, https:\/\/www.svalbard.fr\/actualites\/wp-content\/uploads\/2025\/05\/3-Isoles-pendant-40-ans-300x235.jpg 300w, https:\/\/www.svalbard.fr\/actualites\/wp-content\/uploads\/2025\/05\/3-Isoles-pendant-40-ans-768x600.jpg 768w, https:\/\/www.svalbard.fr\/actualites\/wp-content\/uploads\/2025\/05\/3-Isoles-pendant-40-ans.jpg 1200w\" sizes=\"(max-width: 1024px) 100vw, 1024px\" \/><\/figure><\/div>\n\n\n<p>Aujourd\u2019hui, Agafia poursuit sa vie dans la ta\u00efga, acceptant parfois une aide ext\u00e9rieure mais demeurant fid\u00e8le aux traditions transmises par ses parents. Chaque printemps, elle replante ses pommes de terre, traque le gibier et tresse des paniers, d\u00e9fiant les modes de vie contemporains. Son existence silencieuse nous questionne : de quoi avons-nous r\u00e9ellement besoin pour vivre <strong>dignement<\/strong> ? \u00c0 l\u2019heure o\u00f9 l\u2019ultra-connexion r\u00e8gne, l\u2019histoire des Lykov nous rappelle la fragilit\u00e9 de notre <strong>immunit\u00e9<\/strong> face \u00e0 l\u2019inconnu et l\u2019essentiel de nos liens avec la nature.<\/p>\n","protected":false},"excerpt":{"rendered":"<p>En 1936, fuyant les pers\u00e9cutions religieuses en Union sovi\u00e9tique, Karp Lykov d\u00e9cide de s\u2019aventurer avec sa femme Akulina et leurs deux enfants, Savin et Natalia,<\/p>\n","protected":false},"author":3,"featured_media":3828,"comment_status":"closed","ping_status":"closed","sticky":false,"template":"","format":"standard","meta":{"footnotes":""},"categories":[1725],"tags":[],"yoast_head":"<!-- This site is optimized with the Yoast SEO plugin v21.0 - https:\/\/yoast.com\/wordpress\/plugins\/seo\/ -->\n<title>Isol\u00e9s pendant 40 ans : le quotidien bouleversant de cette famille hors du monde<\/title>\n<meta name=\"robots\" content=\"index, follow, max-snippet:-1, max-image-preview:large, max-video-preview:-1\" \/>\n<link rel=\"canonical\" href=\"https:\/\/www.svalbard.fr\/actualites\/isoles-pendant-40-ans-le-quotidien-bouleversant-de-cette-famille-hors-du-monde\/\" \/>\n<meta property=\"og:locale\" content=\"fr_FR\" \/>\n<meta property=\"og:type\" content=\"article\" \/>\n<meta property=\"og:title\" content=\"Isol\u00e9s pendant 40 ans : le quotidien bouleversant de cette famille hors du monde\" \/>\n<meta property=\"og:description\" content=\"En 1936, fuyant les pers\u00e9cutions religieuses en Union sovi\u00e9tique, Karp Lykov d\u00e9cide de s\u2019aventurer avec sa femme Akulina et leurs deux enfants, Savin et Natalia,\" \/>\n<meta property=\"og:url\" content=\"https:\/\/www.svalbard.fr\/actualites\/isoles-pendant-40-ans-le-quotidien-bouleversant-de-cette-famille-hors-du-monde\/\" \/>\n<meta property=\"og:site_name\" content=\"www.Svalbard.fr\" \/>\n<meta property=\"article:published_time\" content=\"2025-05-22T13:30:00+00:00\" \/>\n<meta property=\"article:modified_time\" content=\"2025-05-22T06:09:18+00:00\" \/>\n<meta property=\"og:image\" content=\"https:\/\/www.svalbard.fr\/actualites\/wp-content\/uploads\/2025\/05\/Isoles-pendant-40-ans.jpg\" \/>\n\t<meta property=\"og:image:width\" content=\"1200\" \/>\n\t<meta property=\"og:image:height\" content=\"675\" \/>\n\t<meta property=\"og:image:type\" content=\"image\/jpeg\" \/>\n<meta name=\"author\" content=\"Guillaume Chen\" \/>\n<meta name=\"twitter:card\" content=\"summary_large_image\" \/>\n<meta name=\"twitter:label1\" content=\"\u00c9crit par\" \/>\n\t<meta name=\"twitter:data1\" content=\"Guillaume Chen\" \/>\n\t<meta name=\"twitter:label2\" content=\"Dur\u00e9e de lecture estim\u00e9e\" \/>\n\t<meta name=\"twitter:data2\" content=\"3 minutes\" \/>\n<script type=\"application\/ld+json\" class=\"yoast-schema-graph\">{\"@context\":\"https:\/\/schema.org\",\"@graph\":[{\"@type\":\"Article\",\"@id\":\"https:\/\/www.svalbard.fr\/actualites\/isoles-pendant-40-ans-le-quotidien-bouleversant-de-cette-famille-hors-du-monde\/#article\",\"isPartOf\":{\"@id\":\"https:\/\/www.svalbard.fr\/actualites\/isoles-pendant-40-ans-le-quotidien-bouleversant-de-cette-famille-hors-du-monde\/\"},\"author\":{\"name\":\"Guillaume Chen\",\"@id\":\"https:\/\/www.svalbard.fr\/actualites\/#\/schema\/person\/b9d185560b94bff7322d37cb676ee545\"},\"headline\":\"Isol\u00e9s pendant 40 ans : le quotidien bouleversant de cette famille hors du monde\",\"datePublished\":\"2025-05-22T13:30:00+00:00\",\"dateModified\":\"2025-05-22T06:09:18+00:00\",\"mainEntityOfPage\":{\"@id\":\"https:\/\/www.svalbard.fr\/actualites\/isoles-pendant-40-ans-le-quotidien-bouleversant-de-cette-famille-hors-du-monde\/\"},\"wordCount\":381,\"publisher\":{\"@id\":\"https:\/\/www.svalbard.fr\/actualites\/#organization\"},\"articleSection\":[\"Tendances\"],\"inLanguage\":\"fr-FR\"},{\"@type\":\"WebPage\",\"@id\":\"https:\/\/www.svalbard.fr\/actualites\/isoles-pendant-40-ans-le-quotidien-bouleversant-de-cette-famille-hors-du-monde\/\",\"url\":\"https:\/\/www.svalbard.fr\/actualites\/isoles-pendant-40-ans-le-quotidien-bouleversant-de-cette-famille-hors-du-monde\/\",\"name\":\"Isol\u00e9s pendant 40 ans : le quotidien bouleversant de cette famille hors du monde\",\"isPartOf\":{\"@id\":\"https:\/\/www.svalbard.fr\/actualites\/#website\"},\"datePublished\":\"2025-05-22T13:30:00+00:00\",\"dateModified\":\"2025-05-22T06:09:18+00:00\",\"breadcrumb\":{\"@id\":\"https:\/\/www.svalbard.fr\/actualites\/isoles-pendant-40-ans-le-quotidien-bouleversant-de-cette-famille-hors-du-monde\/#breadcrumb\"},\"inLanguage\":\"fr-FR\",\"potentialAction\":[{\"@type\":\"ReadAction\",\"target\":[\"https:\/\/www.svalbard.fr\/actualites\/isoles-pendant-40-ans-le-quotidien-bouleversant-de-cette-famille-hors-du-monde\/\"]}]},{\"@type\":\"BreadcrumbList\",\"@id\":\"https:\/\/www.svalbard.fr\/actualites\/isoles-pendant-40-ans-le-quotidien-bouleversant-de-cette-famille-hors-du-monde\/#breadcrumb\",\"itemListElement\":[{\"@type\":\"ListItem\",\"position\":1,\"name\":\"Accueil\",\"item\":\"https:\/\/www.svalbard.fr\/actualites\/\"},{\"@type\":\"ListItem\",\"position\":2,\"name\":\"Isol\u00e9s pendant 40 ans : le quotidien bouleversant de cette famille hors du monde\"}]},{\"@type\":\"WebSite\",\"@id\":\"https:\/\/www.svalbard.fr\/actualites\/#website\",\"url\":\"https:\/\/www.svalbard.fr\/actualites\/\",\"name\":\"www.Svalbard.fr\",\"description\":\"\",\"publisher\":{\"@id\":\"https:\/\/www.svalbard.fr\/actualites\/#organization\"},\"potentialAction\":[{\"@type\":\"SearchAction\",\"target\":{\"@type\":\"EntryPoint\",\"urlTemplate\":\"https:\/\/www.svalbard.fr\/actualites\/?s={search_term_string}\"},\"query-input\":\"required name=search_term_string\"}],\"inLanguage\":\"fr-FR\"},{\"@type\":\"Organization\",\"@id\":\"https:\/\/www.svalbard.fr\/actualites\/#organization\",\"name\":\"www.Svalbard.fr\",\"url\":\"https:\/\/www.svalbard.fr\/actualites\/\",\"logo\":{\"@type\":\"ImageObject\",\"inLanguage\":\"fr-FR\",\"@id\":\"https:\/\/www.svalbard.fr\/actualites\/#\/schema\/logo\/image\/\",\"url\":\"https:\/\/www.svalbard.fr\/actualites\/wp-content\/uploads\/2023\/09\/head-nom.jpg\",\"contentUrl\":\"https:\/\/www.svalbard.fr\/actualites\/wp-content\/uploads\/2023\/09\/head-nom.jpg\",\"width\":264,\"height\":35,\"caption\":\"www.Svalbard.fr\"},\"image\":{\"@id\":\"https:\/\/www.svalbard.fr\/actualites\/#\/schema\/logo\/image\/\"}},{\"@type\":\"Person\",\"@id\":\"https:\/\/www.svalbard.fr\/actualites\/#\/schema\/person\/b9d185560b94bff7322d37cb676ee545\",\"name\":\"Guillaume Chen\",\"image\":{\"@type\":\"ImageObject\",\"inLanguage\":\"fr-FR\",\"@id\":\"https:\/\/www.svalbard.fr\/actualites\/#\/schema\/person\/image\/\",\"url\":\"https:\/\/secure.gravatar.com\/avatar\/0c3f9c94586035b795ad4049a06fb048?s=96&d=mm&r=g\",\"contentUrl\":\"https:\/\/secure.gravatar.com\/avatar\/0c3f9c94586035b795ad4049a06fb048?s=96&d=mm&r=g\",\"caption\":\"Guillaume Chen\"},\"sameAs\":[\"https:\/\/www.svalbard.fr\/\"]}]}<\/script>\n<!-- \/ Yoast SEO plugin. -->","yoast_head_json":{"title":"Isol\u00e9s pendant 40 ans : le quotidien bouleversant de cette famille hors du monde","robots":{"index":"index","follow":"follow","max-snippet":"max-snippet:-1","max-image-preview":"max-image-preview:large","max-video-preview":"max-video-preview:-1"},"canonical":"https:\/\/www.svalbard.fr\/actualites\/isoles-pendant-40-ans-le-quotidien-bouleversant-de-cette-famille-hors-du-monde\/","og_locale":"fr_FR","og_type":"article","og_title":"Isol\u00e9s pendant 40 ans : le quotidien bouleversant de cette famille hors du monde","og_description":"En 1936, fuyant les pers\u00e9cutions religieuses en Union sovi\u00e9tique, Karp Lykov d\u00e9cide de s\u2019aventurer avec sa femme Akulina et leurs deux enfants, Savin et Natalia,","og_url":"https:\/\/www.svalbard.fr\/actualites\/isoles-pendant-40-ans-le-quotidien-bouleversant-de-cette-famille-hors-du-monde\/","og_site_name":"www.Svalbard.fr","article_published_time":"2025-05-22T13:30:00+00:00","article_modified_time":"2025-05-22T06:09:18+00:00","og_image":[{"width":1200,"height":675,"url":"https:\/\/www.svalbard.fr\/actualites\/wp-content\/uploads\/2025\/05\/Isoles-pendant-40-ans.jpg","type":"image\/jpeg"}],"author":"Guillaume Chen","twitter_card":"summary_large_image","twitter_misc":{"\u00c9crit par":"Guillaume Chen","Dur\u00e9e de lecture estim\u00e9e":"3 minutes"},"schema":{"@context":"https:\/\/schema.org","@graph":[{"@type":"Article","@id":"https:\/\/www.svalbard.fr\/actualites\/isoles-pendant-40-ans-le-quotidien-bouleversant-de-cette-famille-hors-du-monde\/#article","isPartOf":{"@id":"https:\/\/www.svalbard.fr\/actualites\/isoles-pendant-40-ans-le-quotidien-bouleversant-de-cette-famille-hors-du-monde\/"},"author":{"name":"Guillaume Chen","@id":"https:\/\/www.svalbard.fr\/actualites\/#\/schema\/person\/b9d185560b94bff7322d37cb676ee545"},"headline":"Isol\u00e9s pendant 40 ans : le quotidien bouleversant de cette famille hors du monde","datePublished":"2025-05-22T13:30:00+00:00","dateModified":"2025-05-22T06:09:18+00:00","mainEntityOfPage":{"@id":"https:\/\/www.svalbard.fr\/actualites\/isoles-pendant-40-ans-le-quotidien-bouleversant-de-cette-famille-hors-du-monde\/"},"wordCount":381,"publisher":{"@id":"https:\/\/www.svalbard.fr\/actualites\/#organization"},"articleSection":["Tendances"],"inLanguage":"fr-FR"},{"@type":"WebPage","@id":"https:\/\/www.svalbard.fr\/actualites\/isoles-pendant-40-ans-le-quotidien-bouleversant-de-cette-famille-hors-du-monde\/","url":"https:\/\/www.svalbard.fr\/actualites\/isoles-pendant-40-ans-le-quotidien-bouleversant-de-cette-famille-hors-du-monde\/","name":"Isol\u00e9s pendant 40 ans : le quotidien bouleversant de cette famille hors du monde","isPartOf":{"@id":"https:\/\/www.svalbard.fr\/actualites\/#website"},"datePublished":"2025-05-22T13:30:00+00:00","dateModified":"2025-05-22T06:09:18+00:00","breadcrumb":{"@id":"https:\/\/www.svalbard.fr\/actualites\/isoles-pendant-40-ans-le-quotidien-bouleversant-de-cette-famille-hors-du-monde\/#breadcrumb"},"inLanguage":"fr-FR","potentialAction":[{"@type":"ReadAction","target":["https:\/\/www.svalbard.fr\/actualites\/isoles-pendant-40-ans-le-quotidien-bouleversant-de-cette-famille-hors-du-monde\/"]}]},{"@type":"BreadcrumbList","@id":"https:\/\/www.svalbard.fr\/actualites\/isoles-pendant-40-ans-le-quotidien-bouleversant-de-cette-famille-hors-du-monde\/#breadcrumb","itemListElement":[{"@type":"ListItem","position":1,"name":"Accueil","item":"https:\/\/www.svalbard.fr\/actualites\/"},{"@type":"ListItem","position":2,"name":"Isol\u00e9s pendant 40 ans : le quotidien bouleversant de cette famille hors du monde"}]},{"@type":"WebSite","@id":"https:\/\/www.svalbard.fr\/actualites\/#website","url":"https:\/\/www.svalbard.fr\/actualites\/","name":"www.Svalbard.fr","description":"","publisher":{"@id":"https:\/\/www.svalbard.fr\/actualites\/#organization"},"potentialAction":[{"@type":"SearchAction","target":{"@type":"EntryPoint","urlTemplate":"https:\/\/www.svalbard.fr\/actualites\/?s={search_term_string}"},"query-input":"required name=search_term_string"}],"inLanguage":"fr-FR"},{"@type":"Organization","@id":"https:\/\/www.svalbard.fr\/actualites\/#organization","name":"www.Svalbard.fr","url":"https:\/\/www.svalbard.fr\/actualites\/","logo":{"@type":"ImageObject","inLanguage":"fr-FR","@id":"https:\/\/www.svalbard.fr\/actualites\/#\/schema\/logo\/image\/","url":"https:\/\/www.svalbard.fr\/actualites\/wp-content\/uploads\/2023\/09\/head-nom.jpg","contentUrl":"https:\/\/www.svalbard.fr\/actualites\/wp-content\/uploads\/2023\/09\/head-nom.jpg","width":264,"height":35,"caption":"www.Svalbard.fr"},"image":{"@id":"https:\/\/www.svalbard.fr\/actualites\/#\/schema\/logo\/image\/"}},{"@type":"Person","@id":"https:\/\/www.svalbard.fr\/actualites\/#\/schema\/person\/b9d185560b94bff7322d37cb676ee545","name":"Guillaume Chen","image":{"@type":"ImageObject","inLanguage":"fr-FR","@id":"https:\/\/www.svalbard.fr\/actualites\/#\/schema\/person\/image\/","url":"https:\/\/secure.gravatar.com\/avatar\/0c3f9c94586035b795ad4049a06fb048?s=96&d=mm&r=g","contentUrl":"https:\/\/secure.gravatar.com\/avatar\/0c3f9c94586035b795ad4049a06fb048?s=96&d=mm&r=g","caption":"Guillaume Chen"},"sameAs":["https:\/\/www.svalbard.fr\/"]}]}},"_links":{"self":[{"href":"https:\/\/www.svalbard.fr\/actualites\/wp-json\/wp\/v2\/posts\/3827"}],"collection":[{"href":"https:\/\/www.svalbard.fr\/actualites\/wp-json\/wp\/v2\/posts"}],"about":[{"href":"https:\/\/www.svalbard.fr\/actualites\/wp-json\/wp\/v2\/types\/post"}],"author":[{"embeddable":true,"href":"https:\/\/www.svalbard.fr\/actualites\/wp-json\/wp\/v2\/users\/3"}],"replies":[{"embeddable":true,"href":"https:\/\/www.svalbard.fr\/actualites\/wp-json\/wp\/v2\/comments?post=3827"}],"version-history":[{"count":1,"href":"https:\/\/www.svalbard.fr\/actualites\/wp-json\/wp\/v2\/posts\/3827\/revisions"}],"predecessor-version":[{"id":3831,"href":"https:\/\/www.svalbard.fr\/actualites\/wp-json\/wp\/v2\/posts\/3827\/revisions\/3831"}],"wp:featuredmedia":[{"embeddable":true,"href":"https:\/\/www.svalbard.fr\/actualites\/wp-json\/wp\/v2\/media\/3828"}],"wp:attachment":[{"href":"https:\/\/www.svalbard.fr\/actualites\/wp-json\/wp\/v2\/media?parent=3827"}],"wp:term":[{"taxonomy":"category","embeddable":true,"href":"https:\/\/www.svalbard.fr\/actualites\/wp-json\/wp\/v2\/categories?post=3827"},{"taxonomy":"post_tag","embeddable":true,"href":"https:\/\/www.svalbard.fr\/actualites\/wp-json\/wp\/v2\/tags?post=3827"}],"curies":[{"name":"wp","href":"https:\/\/api.w.org\/{rel}","templated":true}]}}