{"id":3901,"date":"2025-05-25T05:07:30","date_gmt":"2025-05-25T03:07:30","guid":{"rendered":"https:\/\/www.svalbard.fr\/actualites\/le-voyage-en-train-epique-de-6-jours-qui-relie-deux-belles-villes-europeennes\/"},"modified":"2025-05-25T05:07:32","modified_gmt":"2025-05-25T03:07:32","slug":"le-voyage-en-train-epique-de-6-jours-qui-relie-deux-belles-villes-europeennes","status":"publish","type":"post","link":"https:\/\/www.svalbard.fr\/actualites\/le-voyage-en-train-epique-de-6-jours-qui-relie-deux-belles-villes-europeennes\/","title":{"rendered":"Le voyage en train \u00e9pique de 6 jours qui relie deux belles villes europ\u00e9ennes"},"content":{"rendered":"<div>\n<p>Une nouvelle ligne de luxe \u00e9poustouflante vous permettra bient\u00f4t de vivre l&#39;un des plus beaux pays d&#39;Europe d&#39;une mani\u00e8re compl\u00e8tement nouvelle. En raison de l&#39;ouverture \u00e0 l&#39;automne, le Norient Express offre aux voyageurs une m\u00e9thode luxueuse pour explorer la Norv\u00e8ge, en admirant les grandes villes et en fournissant un moyen unique d&#39;explorer les fjords norv\u00e9giens.<\/p>\n<p>La Norv\u00e8ge est bien connue pour son impressionnant r\u00e9seau ferroviaire, mais jamais auparavant, il ne s&#39;adresse \u00e0 un march\u00e9 d\u00e9sireux de voyager sur un service de luxe. Le train diurne de luxe verra les clients d\u00e9couvrir le meilleur des paysages \u00e9tonnants du pays sur six jours, s&#39;arr\u00eatant chaque nuit pour rester dans les h\u00f4tels le long du parcours. \u00c0 partir de Bergen, la ville c\u00f4ti\u00e8re norv\u00e9gienne reconnue par l&#39;UNESCO sur la c\u00f4te ouest du pays, le train se dirigera vers et \u00e0 travers Oslo avant de serpenter vers le nord en direction de Trondheim.<\/p>\n<\/div>\n<div>\n<p>En cours de route, le train passera par le plateau de la montagne de Hardangevidda ainsi que la vall\u00e9e bois\u00e9e de Hallingdal avant d&#39;atteindre la ville cosmopolite de Trondheim.<\/p>\n<p>Alors que le train traverse la nation nordique, les invit\u00e9s pourront d\u00e9couvrir les superbes montagnes, les fjords, les lacs et potentiellement m\u00eame les aurores bor\u00e9ales.<\/p>\n<p>Les concepteurs ont r\u00e9ussi \u00e0 \u00e9teindre le train d&#39;une mani\u00e8re qui d\u00e9montre le meilleur de ce que le pays a \u00e0 offrir, avec des mat\u00e9riaux norv\u00e9giens produits localement au c\u0153ur de son maquillage.<\/p>\n<p>L&#39;offre exquise s&#39;adresse \u00e0 une gamme de clients, avec des barres bien remplies et de moustilles, des gymnases \u00e9quip\u00e9s d&#39;observatoires et de si\u00e8ges \u00e9l\u00e9gants partout.<\/p>\n<\/div>\n<div>\n<p>Les deux trains qui seront op\u00e9rationnels sur le Norient Express sont construits en pensant \u00e0 la durabilit\u00e9, permettant aux trains de fonctionner sans s&#39;av\u00e9rer pr\u00e9judiciable aux kilom\u00e8tres de paysage non perturb\u00e9 qu&#39;ils sont pr\u00eats \u00e0 traverser.<\/p>\n<p>Chaque train est \u00e9lectriquement aliment\u00e9, ce qui signifie qu&#39;il \u00e9met peu d&#39;\u00e9missions contrairement \u00e0 d&#39;autres trains.<\/p>\n<p>Son approvisionnement de produits locaux pour fournir l&#39;int\u00e9rieur signifie garantit que son impact sur l&#39;environnement environnant est pris en compte tout au long de la phase de conception.<\/p>\n<p>Visite Norv\u00e8ge a taquin\u00e9 les premi\u00e8res images du train alors qu&#39;elle tente de inciter les touristes \u00e0 consid\u00e9rer ce type de vacances unique pour leur escapade en 2025.<\/p>\n<p>Les prix n&#39;ont pas encore \u00e9t\u00e9 r\u00e9v\u00e9l\u00e9s, mais il est largement pr\u00e9vu que la demande sera \u00e9lev\u00e9e une fois que l&#39;exp\u00e9rience peut \u00eatre r\u00e9serv\u00e9e.<\/p>\n<\/div>\n","protected":false},"excerpt":{"rendered":"<p>Une nouvelle ligne de luxe \u00e9poustouflante vous permettra bient\u00f4t de vivre l&#39;un des plus beaux pays d&#39;Europe d&#39;une mani\u00e8re compl\u00e8tement nouvelle. En raison de l&#39;ouverture<\/p>\n","protected":false},"author":1,"featured_media":3902,"comment_status":"closed","ping_status":"","sticky":false,"template":"","format":"standard","meta":{"footnotes":""},"categories":[2277],"tags":[430,431,2246,943,42,104,4541,144,942,294],"yoast_head":"<!-- This site is optimized with the Yoast SEO plugin v21.0 - https:\/\/yoast.com\/wordpress\/plugins\/seo\/ -->\n<title>Le voyage en train \u00e9pique de 6 jours qui relie deux belles villes europ\u00e9ennes<\/title>\n<meta name=\"robots\" content=\"index, follow, max-snippet:-1, max-image-preview:large, max-video-preview:-1\" \/>\n<link rel=\"canonical\" href=\"https:\/\/www.svalbard.fr\/actualites\/le-voyage-en-train-epique-de-6-jours-qui-relie-deux-belles-villes-europeennes\/\" \/>\n<meta property=\"og:locale\" content=\"fr_FR\" \/>\n<meta property=\"og:type\" content=\"article\" \/>\n<meta property=\"og:title\" content=\"Le voyage en train \u00e9pique de 6 jours qui relie deux belles villes europ\u00e9ennes\" \/>\n<meta property=\"og:description\" content=\"Une nouvelle ligne de luxe \u00e9poustouflante vous permettra bient\u00f4t de vivre l&#039;un des plus beaux pays d&#039;Europe d&#039;une mani\u00e8re compl\u00e8tement nouvelle. En raison de l&#039;ouverture\" \/>\n<meta property=\"og:url\" content=\"https:\/\/www.svalbard.fr\/actualites\/le-voyage-en-train-epique-de-6-jours-qui-relie-deux-belles-villes-europeennes\/\" \/>\n<meta property=\"og:site_name\" content=\"www.Svalbard.fr\" \/>\n<meta property=\"article:published_time\" content=\"2025-05-25T03:07:30+00:00\" \/>\n<meta property=\"article:modified_time\" content=\"2025-05-25T03:07:32+00:00\" \/>\n<meta property=\"og:image\" content=\"https:\/\/www.svalbard.fr\/actualites\/wp-content\/uploads\/2025\/05\/Le-voyage-en-train-epique-de-6-jours-qui-relie.jpg\" \/>\n\t<meta property=\"og:image:width\" content=\"1200\" \/>\n\t<meta property=\"og:image:height\" content=\"630\" \/>\n\t<meta property=\"og:image:type\" content=\"image\/jpeg\" \/>\n<meta name=\"author\" content=\"Hilmar\" \/>\n<meta name=\"twitter:card\" content=\"summary_large_image\" \/>\n<meta name=\"twitter:label1\" content=\"\u00c9crit par\" \/>\n\t<meta name=\"twitter:data1\" content=\"Hilmar\" \/>\n\t<meta name=\"twitter:label2\" content=\"Dur\u00e9e de lecture estim\u00e9e\" \/>\n\t<meta name=\"twitter:data2\" content=\"2 minutes\" \/>\n<script type=\"application\/ld+json\" class=\"yoast-schema-graph\">{\"@context\":\"https:\/\/schema.org\",\"@graph\":[{\"@type\":\"Article\",\"@id\":\"https:\/\/www.svalbard.fr\/actualites\/le-voyage-en-train-epique-de-6-jours-qui-relie-deux-belles-villes-europeennes\/#article\",\"isPartOf\":{\"@id\":\"https:\/\/www.svalbard.fr\/actualites\/le-voyage-en-train-epique-de-6-jours-qui-relie-deux-belles-villes-europeennes\/\"},\"author\":{\"name\":\"Hilmar\",\"@id\":\"https:\/\/www.svalbard.fr\/actualites\/#\/schema\/person\/a2f937d5712222366738fae98755c600\"},\"headline\":\"Le voyage en train \u00e9pique de 6 jours qui relie deux belles villes europ\u00e9ennes\",\"datePublished\":\"2025-05-25T03:07:30+00:00\",\"dateModified\":\"2025-05-25T03:07:32+00:00\",\"mainEntityOfPage\":{\"@id\":\"https:\/\/www.svalbard.fr\/actualites\/le-voyage-en-train-epique-de-6-jours-qui-relie-deux-belles-villes-europeennes\/\"},\"wordCount\":467,\"publisher\":{\"@id\":\"https:\/\/www.svalbard.fr\/actualites\/#organization\"},\"keywords\":[\"belles\",\"deux\",\"\u00e9pique\",\"europ\u00e9ennes\",\"jours\",\"qui\",\"relie\",\"train\",\"villes\",\"voyage\"],\"inLanguage\":\"fr-FR\"},{\"@type\":\"WebPage\",\"@id\":\"https:\/\/www.svalbard.fr\/actualites\/le-voyage-en-train-epique-de-6-jours-qui-relie-deux-belles-villes-europeennes\/\",\"url\":\"https:\/\/www.svalbard.fr\/actualites\/le-voyage-en-train-epique-de-6-jours-qui-relie-deux-belles-villes-europeennes\/\",\"name\":\"Le voyage en train \u00e9pique de 6 jours qui relie deux belles villes europ\u00e9ennes\",\"isPartOf\":{\"@id\":\"https:\/\/www.svalbard.fr\/actualites\/#website\"},\"datePublished\":\"2025-05-25T03:07:30+00:00\",\"dateModified\":\"2025-05-25T03:07:32+00:00\",\"breadcrumb\":{\"@id\":\"https:\/\/www.svalbard.fr\/actualites\/le-voyage-en-train-epique-de-6-jours-qui-relie-deux-belles-villes-europeennes\/#breadcrumb\"},\"inLanguage\":\"fr-FR\",\"potentialAction\":[{\"@type\":\"ReadAction\",\"target\":[\"https:\/\/www.svalbard.fr\/actualites\/le-voyage-en-train-epique-de-6-jours-qui-relie-deux-belles-villes-europeennes\/\"]}]},{\"@type\":\"BreadcrumbList\",\"@id\":\"https:\/\/www.svalbard.fr\/actualites\/le-voyage-en-train-epique-de-6-jours-qui-relie-deux-belles-villes-europeennes\/#breadcrumb\",\"itemListElement\":[{\"@type\":\"ListItem\",\"position\":1,\"name\":\"Accueil\",\"item\":\"https:\/\/www.svalbard.fr\/actualites\/\"},{\"@type\":\"ListItem\",\"position\":2,\"name\":\"Le voyage en train \u00e9pique de 6 jours qui relie deux belles villes europ\u00e9ennes\"}]},{\"@type\":\"WebSite\",\"@id\":\"https:\/\/www.svalbard.fr\/actualites\/#website\",\"url\":\"https:\/\/www.svalbard.fr\/actualites\/\",\"name\":\"www.Svalbard.fr\",\"description\":\"\",\"publisher\":{\"@id\":\"https:\/\/www.svalbard.fr\/actualites\/#organization\"},\"potentialAction\":[{\"@type\":\"SearchAction\",\"target\":{\"@type\":\"EntryPoint\",\"urlTemplate\":\"https:\/\/www.svalbard.fr\/actualites\/?s={search_term_string}\"},\"query-input\":\"required name=search_term_string\"}],\"inLanguage\":\"fr-FR\"},{\"@type\":\"Organization\",\"@id\":\"https:\/\/www.svalbard.fr\/actualites\/#organization\",\"name\":\"www.Svalbard.fr\",\"url\":\"https:\/\/www.svalbard.fr\/actualites\/\",\"logo\":{\"@type\":\"ImageObject\",\"inLanguage\":\"fr-FR\",\"@id\":\"https:\/\/www.svalbard.fr\/actualites\/#\/schema\/logo\/image\/\",\"url\":\"https:\/\/www.svalbard.fr\/actualites\/wp-content\/uploads\/2023\/09\/head-nom.jpg\",\"contentUrl\":\"https:\/\/www.svalbard.fr\/actualites\/wp-content\/uploads\/2023\/09\/head-nom.jpg\",\"width\":264,\"height\":35,\"caption\":\"www.Svalbard.fr\"},\"image\":{\"@id\":\"https:\/\/www.svalbard.fr\/actualites\/#\/schema\/logo\/image\/\"}},{\"@type\":\"Person\",\"@id\":\"https:\/\/www.svalbard.fr\/actualites\/#\/schema\/person\/a2f937d5712222366738fae98755c600\",\"name\":\"Hilmar\",\"image\":{\"@type\":\"ImageObject\",\"inLanguage\":\"fr-FR\",\"@id\":\"https:\/\/www.svalbard.fr\/actualites\/#\/schema\/person\/image\/\",\"url\":\"https:\/\/secure.gravatar.com\/avatar\/4daa437093476dbc32da415c112b6512?s=96&d=mm&r=g\",\"contentUrl\":\"https:\/\/secure.gravatar.com\/avatar\/4daa437093476dbc32da415c112b6512?s=96&d=mm&r=g\",\"caption\":\"Hilmar\"},\"description\":\"Hilmar est un passionn\u00e9 des r\u00e9gions polaires, sp\u00e9cialis\u00e9 dans la r\u00e9daction d'articles sur le Spitzberg et autres destinations arctiques. Il apporte son expertise et sa passion pour l'Arctique au sein de l'\u00e9quipe de r\u00e9daction de Svalbard depuis de nombreuses ann\u00e9es.\",\"sameAs\":[\"https:\/\/www.svalbard.fr\/\"]}]}<\/script>\n<!-- \/ Yoast SEO plugin. -->","yoast_head_json":{"title":"Le voyage en train \u00e9pique de 6 jours qui relie deux belles villes europ\u00e9ennes","robots":{"index":"index","follow":"follow","max-snippet":"max-snippet:-1","max-image-preview":"max-image-preview:large","max-video-preview":"max-video-preview:-1"},"canonical":"https:\/\/www.svalbard.fr\/actualites\/le-voyage-en-train-epique-de-6-jours-qui-relie-deux-belles-villes-europeennes\/","og_locale":"fr_FR","og_type":"article","og_title":"Le voyage en train \u00e9pique de 6 jours qui relie deux belles villes europ\u00e9ennes","og_description":"Une nouvelle ligne de luxe \u00e9poustouflante vous permettra bient\u00f4t de vivre l&#39;un des plus beaux pays d&#39;Europe d&#39;une mani\u00e8re compl\u00e8tement nouvelle. En raison de l&#39;ouverture","og_url":"https:\/\/www.svalbard.fr\/actualites\/le-voyage-en-train-epique-de-6-jours-qui-relie-deux-belles-villes-europeennes\/","og_site_name":"www.Svalbard.fr","article_published_time":"2025-05-25T03:07:30+00:00","article_modified_time":"2025-05-25T03:07:32+00:00","og_image":[{"width":1200,"height":630,"url":"https:\/\/www.svalbard.fr\/actualites\/wp-content\/uploads\/2025\/05\/Le-voyage-en-train-epique-de-6-jours-qui-relie.jpg","type":"image\/jpeg"}],"author":"Hilmar","twitter_card":"summary_large_image","twitter_misc":{"\u00c9crit par":"Hilmar","Dur\u00e9e de lecture estim\u00e9e":"2 minutes"},"schema":{"@context":"https:\/\/schema.org","@graph":[{"@type":"Article","@id":"https:\/\/www.svalbard.fr\/actualites\/le-voyage-en-train-epique-de-6-jours-qui-relie-deux-belles-villes-europeennes\/#article","isPartOf":{"@id":"https:\/\/www.svalbard.fr\/actualites\/le-voyage-en-train-epique-de-6-jours-qui-relie-deux-belles-villes-europeennes\/"},"author":{"name":"Hilmar","@id":"https:\/\/www.svalbard.fr\/actualites\/#\/schema\/person\/a2f937d5712222366738fae98755c600"},"headline":"Le voyage en train \u00e9pique de 6 jours qui relie deux belles villes europ\u00e9ennes","datePublished":"2025-05-25T03:07:30+00:00","dateModified":"2025-05-25T03:07:32+00:00","mainEntityOfPage":{"@id":"https:\/\/www.svalbard.fr\/actualites\/le-voyage-en-train-epique-de-6-jours-qui-relie-deux-belles-villes-europeennes\/"},"wordCount":467,"publisher":{"@id":"https:\/\/www.svalbard.fr\/actualites\/#organization"},"keywords":["belles","deux","\u00e9pique","europ\u00e9ennes","jours","qui","relie","train","villes","voyage"],"inLanguage":"fr-FR"},{"@type":"WebPage","@id":"https:\/\/www.svalbard.fr\/actualites\/le-voyage-en-train-epique-de-6-jours-qui-relie-deux-belles-villes-europeennes\/","url":"https:\/\/www.svalbard.fr\/actualites\/le-voyage-en-train-epique-de-6-jours-qui-relie-deux-belles-villes-europeennes\/","name":"Le voyage en train \u00e9pique de 6 jours qui relie deux belles villes europ\u00e9ennes","isPartOf":{"@id":"https:\/\/www.svalbard.fr\/actualites\/#website"},"datePublished":"2025-05-25T03:07:30+00:00","dateModified":"2025-05-25T03:07:32+00:00","breadcrumb":{"@id":"https:\/\/www.svalbard.fr\/actualites\/le-voyage-en-train-epique-de-6-jours-qui-relie-deux-belles-villes-europeennes\/#breadcrumb"},"inLanguage":"fr-FR","potentialAction":[{"@type":"ReadAction","target":["https:\/\/www.svalbard.fr\/actualites\/le-voyage-en-train-epique-de-6-jours-qui-relie-deux-belles-villes-europeennes\/"]}]},{"@type":"BreadcrumbList","@id":"https:\/\/www.svalbard.fr\/actualites\/le-voyage-en-train-epique-de-6-jours-qui-relie-deux-belles-villes-europeennes\/#breadcrumb","itemListElement":[{"@type":"ListItem","position":1,"name":"Accueil","item":"https:\/\/www.svalbard.fr\/actualites\/"},{"@type":"ListItem","position":2,"name":"Le voyage en train \u00e9pique de 6 jours qui relie deux belles villes europ\u00e9ennes"}]},{"@type":"WebSite","@id":"https:\/\/www.svalbard.fr\/actualites\/#website","url":"https:\/\/www.svalbard.fr\/actualites\/","name":"www.Svalbard.fr","description":"","publisher":{"@id":"https:\/\/www.svalbard.fr\/actualites\/#organization"},"potentialAction":[{"@type":"SearchAction","target":{"@type":"EntryPoint","urlTemplate":"https:\/\/www.svalbard.fr\/actualites\/?s={search_term_string}"},"query-input":"required name=search_term_string"}],"inLanguage":"fr-FR"},{"@type":"Organization","@id":"https:\/\/www.svalbard.fr\/actualites\/#organization","name":"www.Svalbard.fr","url":"https:\/\/www.svalbard.fr\/actualites\/","logo":{"@type":"ImageObject","inLanguage":"fr-FR","@id":"https:\/\/www.svalbard.fr\/actualites\/#\/schema\/logo\/image\/","url":"https:\/\/www.svalbard.fr\/actualites\/wp-content\/uploads\/2023\/09\/head-nom.jpg","contentUrl":"https:\/\/www.svalbard.fr\/actualites\/wp-content\/uploads\/2023\/09\/head-nom.jpg","width":264,"height":35,"caption":"www.Svalbard.fr"},"image":{"@id":"https:\/\/www.svalbard.fr\/actualites\/#\/schema\/logo\/image\/"}},{"@type":"Person","@id":"https:\/\/www.svalbard.fr\/actualites\/#\/schema\/person\/a2f937d5712222366738fae98755c600","name":"Hilmar","image":{"@type":"ImageObject","inLanguage":"fr-FR","@id":"https:\/\/www.svalbard.fr\/actualites\/#\/schema\/person\/image\/","url":"https:\/\/secure.gravatar.com\/avatar\/4daa437093476dbc32da415c112b6512?s=96&d=mm&r=g","contentUrl":"https:\/\/secure.gravatar.com\/avatar\/4daa437093476dbc32da415c112b6512?s=96&d=mm&r=g","caption":"Hilmar"},"description":"Hilmar est un passionn\u00e9 des r\u00e9gions polaires, sp\u00e9cialis\u00e9 dans la r\u00e9daction d'articles sur le Spitzberg et autres destinations arctiques. Il apporte son expertise et sa passion pour l'Arctique au sein de l'\u00e9quipe de r\u00e9daction de Svalbard depuis de nombreuses ann\u00e9es.","sameAs":["https:\/\/www.svalbard.fr\/"]}]}},"_links":{"self":[{"href":"https:\/\/www.svalbard.fr\/actualites\/wp-json\/wp\/v2\/posts\/3901"}],"collection":[{"href":"https:\/\/www.svalbard.fr\/actualites\/wp-json\/wp\/v2\/posts"}],"about":[{"href":"https:\/\/www.svalbard.fr\/actualites\/wp-json\/wp\/v2\/types\/post"}],"author":[{"embeddable":true,"href":"https:\/\/www.svalbard.fr\/actualites\/wp-json\/wp\/v2\/users\/1"}],"replies":[{"embeddable":true,"href":"https:\/\/www.svalbard.fr\/actualites\/wp-json\/wp\/v2\/comments?post=3901"}],"version-history":[{"count":1,"href":"https:\/\/www.svalbard.fr\/actualites\/wp-json\/wp\/v2\/posts\/3901\/revisions"}],"predecessor-version":[{"id":3903,"href":"https:\/\/www.svalbard.fr\/actualites\/wp-json\/wp\/v2\/posts\/3901\/revisions\/3903"}],"wp:featuredmedia":[{"embeddable":true,"href":"https:\/\/www.svalbard.fr\/actualites\/wp-json\/wp\/v2\/media\/3902"}],"wp:attachment":[{"href":"https:\/\/www.svalbard.fr\/actualites\/wp-json\/wp\/v2\/media?parent=3901"}],"wp:term":[{"taxonomy":"category","embeddable":true,"href":"https:\/\/www.svalbard.fr\/actualites\/wp-json\/wp\/v2\/categories?post=3901"},{"taxonomy":"post_tag","embeddable":true,"href":"https:\/\/www.svalbard.fr\/actualites\/wp-json\/wp\/v2\/tags?post=3901"}],"curies":[{"name":"wp","href":"https:\/\/api.w.org\/{rel}","templated":true}]}}