{"id":3906,"date":"2025-05-26T09:45:37","date_gmt":"2025-05-26T07:45:37","guid":{"rendered":"https:\/\/www.svalbard.fr\/actualites\/jai-visite-la-capitale-la-plus-chere-deurope-ou-la-biere-coute-9\/"},"modified":"2025-05-26T09:45:40","modified_gmt":"2025-05-26T07:45:40","slug":"jai-visite-la-capitale-la-plus-chere-deurope-ou-la-biere-coute-9","status":"publish","type":"post","link":"https:\/\/www.svalbard.fr\/actualites\/jai-visite-la-capitale-la-plus-chere-deurope-ou-la-biere-coute-9\/","title":{"rendered":"\u00ab\u00a0 J&#39;ai visit\u00e9 la capitale la plus ch\u00e8re d&#39;Europe o\u00f9 la bi\u00e8re co\u00fbte 9 \u00a3 &#39;"},"content":{"rendered":"<div> <!--googleoff: all--><\/p>\n<div class=\"affiliate-links\">  Cet article contient des liens d&#39;affiliation, nous recevrons une commission sur les ventes que nous en g\u00e9n\u00e9rons. Apprendre encore plus<\/div>\n<p> <!--googleon: all--><\/p>\n<div class=\"photo changeSpace\">\n<p class=\"withoutCaption\"><picture><source type=\"image\/avif\" srcset=\"https:\/\/cdn.images.express.co.uk\/img\/dynamic\/200\/1200x712\/secondary\/View-of-Oslo-6184117.avif?r=1748026862204\" media=\"screen and (min-width:10000px)\"><source type=\"image\/webp\" srcset=\"https:\/\/cdn.images.express.co.uk\/img\/dynamic\/200\/1200x712\/secondary\/View-of-Oslo-6184117.webp?r=1748026862204\" media=\"screen and (min-width:10000px)\"><source type=\"image\/jpeg\" srcset=\"https:\/\/www.svalbard.fr\/actualites\/wp-content\/uploads\/2025\/05\/J39ai-visite-la-capitale-la-plus-chere-d39Europe-ou.jpg\" media=\"screen and (min-width:10000px)\"><source type=\"image\/avif\" srcset=\"https:\/\/cdn.images.express.co.uk\/img\/dynamic\/200\/674x400\/secondary\/View-of-Oslo-6184117.avif?r=1748026862204\" media=\"screen and (min-width:100000px)\"><source type=\"image\/webp\" srcset=\"https:\/\/cdn.images.express.co.uk\/img\/dynamic\/200\/674x400\/secondary\/View-of-Oslo-6184117.webp?r=1748026862204\" media=\"screen and (min-width:100000px)\"><source type=\"image\/jpeg\" srcset=\"https:\/\/cdn.images.express.co.uk\/img\/dynamic\/200\/674x400\/secondary\/View-of-Oslo-6184117.jpg?r=1748026862204\" media=\"screen and (min-width:100000px)\"><source type=\"image\/avif\" srcset=\"https:\/\/cdn.images.express.co.uk\/img\/dynamic\/200\/940x\/secondary\/View-of-Oslo-6184117.avif?r=1748026862204\" media=\"screen and (min-width:1200px)\"><source type=\"image\/webp\" srcset=\"https:\/\/cdn.images.express.co.uk\/img\/dynamic\/200\/940x\/secondary\/View-of-Oslo-6184117.webp?r=1748026862204\" media=\"screen and (min-width:1200px)\"><source type=\"image\/jpeg\" srcset=\"https:\/\/cdn.images.express.co.uk\/img\/dynamic\/200\/940x\/secondary\/View-of-Oslo-6184117.jpg?r=1748026862204\" media=\"screen and (min-width:1200px)\"><source type=\"image\/avif\" srcset=\"https:\/\/cdn.images.express.co.uk\/img\/dynamic\/200\/590x\/secondary\/View-of-Oslo-6184117.avif?r=1748026862204\" media=\"screen\"><source type=\"image\/webp\" srcset=\"https:\/\/cdn.images.express.co.uk\/img\/dynamic\/200\/590x\/secondary\/View-of-Oslo-6184117.webp?r=1748026862204\" media=\"screen\"><\/source><\/source><\/source><\/source><\/source><\/source><\/source><\/source><\/source><\/source><\/source><\/picture><\/p>\n<p><span class=\"newsCaption\">La ville est ma pr\u00e9f\u00e9r\u00e9e dans le monde entier. <span class=\"caption\">(Image: Kris Boratyn \/ Getty)<\/span><span class=\"magnifier\" data-img=\"https:\/\/www.svalbard.fr\/actualites\/wp-content\/uploads\/2025\/05\/J39ai-visite-la-capitale-la-plus-chere-d39Europe-ou.jpg\"\/><\/span><\/div>\n<div class=\"text-description\">\n<p>Quand quelqu&#39;un pense aux capitales les plus ch\u00e8res de l&#39;Europe, des endroits comme Londres ou Paris viennent souvent \u00e0 l&#39;esprit. Et c&#39;est vrai, tout dans ces villes semble co\u00fbter plus cher qu&#39;il ne devrait. Mais tr\u00e8s peu s&#39;attendraient \u00e0 ce que les dommages choquants \u00e0 leur portefeuille proviennent de la capitale norv\u00e9gienne, o\u00f9 m\u00eame une simple pinte de bi\u00e8re peut vous recueillir plus de 9 \u00a3.<\/p>\n<p>Je le sais trop bien parce qu&#39;Oslo se trouve \u00e9galement \u00eatre le lieu de naissance de ma femme. Nous retournons r\u00e9guli\u00e8rement pour visiter la famille, et je viens de rentrer d&#39;un autre voyage en argent. Donc, pour moi, il n&#39;est pas surprenant qu&#39;un r\u00e9cent rapport sur le voyage de voyage de poste ait r\u00e9v\u00e9l\u00e9 qu&#39;Oslo est officiellement la destination la plus ch\u00e8re pour une pause en 2025. Mais malgr\u00e9 cela, Oslo est mon endroit pr\u00e9f\u00e9r\u00e9 absolu au monde. Il a tout: les lacs, les for\u00eats, la mer, la foule et la nature paisible, le tout envelopp\u00e9 dans une ville avec des transports publics fantastiques. Que vous visitiez en \u00e9t\u00e9 ou en hiver, c&#39;est une destination fantastique. L&#39;\u00e9t\u00e9 est id\u00e9al pour la baignade et l&#39;\u00eele, tandis que l&#39;hiver transforme Oslo en r\u00eave de ski et de promenades enneig\u00e9es.<\/p>\n<\/div>\n<div class=\"text-description dont-miss\">\n<p> <strong>  EN SAVOIR PLUS: <\/strong> <strong>    Belle ville britannique \u00ab\u00a0 plus ch\u00e8re que Londres &#39;&#39; pour les touristes sous forme d&#39;alerte de 600 \u00a3 \u00e9mise  <\/strong><\/p>\n<\/div>\n<div class=\"photo changeSpace\">\n<p class=\"withoutCaption\"><picture><source type=\"image\/avif\" srcset=\"https:\/\/cdn.images.express.co.uk\/img\/dynamic\/200\/1200x712\/secondary\/Aerial-shot-of-Oslo-at-sunset-6184128.avif?r=1748026862218\" media=\"screen and (min-width:10000px)\"><source type=\"image\/webp\" srcset=\"https:\/\/cdn.images.express.co.uk\/img\/dynamic\/200\/1200x712\/secondary\/Aerial-shot-of-Oslo-at-sunset-6184128.webp?r=1748026862218\" media=\"screen and (min-width:10000px)\"><source type=\"image\/jpeg\" srcset=\"https:\/\/www.svalbard.fr\/actualites\/wp-content\/uploads\/2025\/05\/1748245534_886_J39ai-visite-la-capitale-la-plus-chere-d39Europe-ou.jpg\" media=\"screen and (min-width:10000px)\"><source type=\"image\/avif\" srcset=\"https:\/\/cdn.images.express.co.uk\/img\/dynamic\/200\/674x400\/secondary\/Aerial-shot-of-Oslo-at-sunset-6184128.avif?r=1748026862218\" media=\"screen and (min-width:100000px)\"><source type=\"image\/webp\" srcset=\"https:\/\/cdn.images.express.co.uk\/img\/dynamic\/200\/674x400\/secondary\/Aerial-shot-of-Oslo-at-sunset-6184128.webp?r=1748026862218\" media=\"screen and (min-width:100000px)\"><source type=\"image\/jpeg\" srcset=\"https:\/\/cdn.images.express.co.uk\/img\/dynamic\/200\/674x400\/secondary\/Aerial-shot-of-Oslo-at-sunset-6184128.jpg?r=1748026862218\" media=\"screen and (min-width:100000px)\"><source type=\"image\/avif\" srcset=\"https:\/\/cdn.images.express.co.uk\/img\/dynamic\/200\/940x\/secondary\/Aerial-shot-of-Oslo-at-sunset-6184128.avif?r=1748026862218\" media=\"screen and (min-width:1200px)\"><source type=\"image\/webp\" srcset=\"https:\/\/cdn.images.express.co.uk\/img\/dynamic\/200\/940x\/secondary\/Aerial-shot-of-Oslo-at-sunset-6184128.webp?r=1748026862218\" media=\"screen and (min-width:1200px)\"><source type=\"image\/jpeg\" srcset=\"https:\/\/cdn.images.express.co.uk\/img\/dynamic\/200\/940x\/secondary\/Aerial-shot-of-Oslo-at-sunset-6184128.jpg?r=1748026862218\" media=\"screen and (min-width:1200px)\"><source type=\"image\/avif\" srcset=\"https:\/\/cdn.images.express.co.uk\/img\/dynamic\/200\/590x\/secondary\/Aerial-shot-of-Oslo-at-sunset-6184128.avif?r=1748026862218\" media=\"screen\"><source type=\"image\/webp\" srcset=\"https:\/\/cdn.images.express.co.uk\/img\/dynamic\/200\/590x\/secondary\/Aerial-shot-of-Oslo-at-sunset-6184128.webp?r=1748026862218\" media=\"screen\"><img decoding=\"async\" class=\"zoomEnabled\" src=\"https:\/\/www.svalbard.fr\/actualites\/wp-content\/uploads\/2025\/05\/1748245534_886_J39ai-visite-la-capitale-la-plus-chere-d39Europe-ou.jpg\" alt=\"Tiche a\u00e9rienne d&#39;Oslo au coucher du soleil, avec beaucoup de b\u00e2timents et de lumi\u00e8res, entour\u00e9 de mer, de Norv\u00e8ge\" title=\"Tiche a\u00e9rienne d&#39;Oslo au coucher du soleil, avec beaucoup de b\u00e2timents et de lumi\u00e8res, entour\u00e9 de mer, de Norv\u00e8ge\" width=\"590\" height=\"342\" loading=\"lazy\"\/><\/source><\/source><\/source><\/source><\/source><\/source><\/source><\/source><\/source><\/source><\/source><\/picture><\/p>\n<p><span class=\"newsCaption\">Oslo a tout: lacs, for\u00eats, mer, foule et nature paisible. <span class=\"caption\">(Image: Getty)<\/span><span class=\"magnifier\" data-img=\"https:\/\/www.svalbard.fr\/actualites\/wp-content\/uploads\/2025\/05\/1748245534_886_J39ai-visite-la-capitale-la-plus-chere-d39Europe-ou.jpg\"\/><\/span><\/div>\n<div class=\"photo changeSpace\">\n<p class=\"withoutCaption\"><picture><source type=\"image\/avif\" srcset=\"https:\/\/cdn.images.express.co.uk\/img\/dynamic\/200\/1200x712\/secondary\/House-on-the-water-and-Oslo-6184130.avif?r=1748026862224\" media=\"screen and (min-width:10000px)\"><source type=\"image\/webp\" srcset=\"https:\/\/cdn.images.express.co.uk\/img\/dynamic\/200\/1200x712\/secondary\/House-on-the-water-and-Oslo-6184130.webp?r=1748026862224\" media=\"screen and (min-width:10000px)\"><source type=\"image\/jpeg\" srcset=\"https:\/\/www.svalbard.fr\/actualites\/wp-content\/uploads\/2025\/05\/1748245535_805_J39ai-visite-la-capitale-la-plus-chere-d39Europe-ou.jpg\" media=\"screen and (min-width:10000px)\"><source type=\"image\/avif\" srcset=\"https:\/\/cdn.images.express.co.uk\/img\/dynamic\/200\/674x400\/secondary\/House-on-the-water-and-Oslo-6184130.avif?r=1748026862224\" media=\"screen and (min-width:100000px)\"><source type=\"image\/webp\" srcset=\"https:\/\/cdn.images.express.co.uk\/img\/dynamic\/200\/674x400\/secondary\/House-on-the-water-and-Oslo-6184130.webp?r=1748026862224\" media=\"screen and (min-width:100000px)\"><source type=\"image\/jpeg\" srcset=\"https:\/\/cdn.images.express.co.uk\/img\/dynamic\/200\/674x400\/secondary\/House-on-the-water-and-Oslo-6184130.jpg?r=1748026862224\" media=\"screen and (min-width:100000px)\"><source type=\"image\/avif\" srcset=\"https:\/\/cdn.images.express.co.uk\/img\/dynamic\/200\/940x\/secondary\/House-on-the-water-and-Oslo-6184130.avif?r=1748026862224\" media=\"screen and (min-width:1200px)\"><source type=\"image\/webp\" srcset=\"https:\/\/cdn.images.express.co.uk\/img\/dynamic\/200\/940x\/secondary\/House-on-the-water-and-Oslo-6184130.webp?r=1748026862224\" media=\"screen and (min-width:1200px)\"><source type=\"image\/jpeg\" srcset=\"https:\/\/cdn.images.express.co.uk\/img\/dynamic\/200\/940x\/secondary\/House-on-the-water-and-Oslo-6184130.jpg?r=1748026862224\" media=\"screen and (min-width:1200px)\"><source type=\"image\/avif\" srcset=\"https:\/\/cdn.images.express.co.uk\/img\/dynamic\/200\/590x\/secondary\/House-on-the-water-and-Oslo-6184130.avif?r=1748026862224\" media=\"screen\"><source type=\"image\/webp\" srcset=\"https:\/\/cdn.images.express.co.uk\/img\/dynamic\/200\/590x\/secondary\/House-on-the-water-and-Oslo-6184130.webp?r=1748026862224\" media=\"screen\"><img decoding=\"async\" class=\"zoomEnabled\" src=\"https:\/\/www.svalbard.fr\/actualites\/wp-content\/uploads\/2025\/05\/1748245535_805_J39ai-visite-la-capitale-la-plus-chere-d39Europe-ou.jpg\" alt=\"Maison sur l&#39;eau et Oslo, capitale de la Norv\u00e8ge\" title=\"Maison sur l&#39;eau et Oslo, capitale de la Norv\u00e8ge\" width=\"590\" height=\"393\" loading=\"lazy\"\/><\/source><\/source><\/source><\/source><\/source><\/source><\/source><\/source><\/source><\/source><\/source><\/picture><\/p>\n<p><span class=\"newsCaption\">L&#39;\u00e9t\u00e9 est id\u00e9al pour la natation et le saut d&#39;\u00eeles. <span class=\"caption\">(Image: Getty)<\/span><span class=\"magnifier\" data-img=\"https:\/\/www.svalbard.fr\/actualites\/wp-content\/uploads\/2025\/05\/1748245535_805_J39ai-visite-la-capitale-la-plus-chere-d39Europe-ou.jpg\"\/><\/span><\/div>\n<div class=\"text-description\">\n<p>Pour moi, l&#39;une des meilleures choses \u00e0 faire est de sauter sur un ferry et d&#39;explorer le jord Oslof. Vous pouvez visiter plusieurs \u00eeles, dont Hoved\u00f8ya, en utilisant le billet de transport public de la ville.<\/p>\n<p>Hoved\u00f8ya est \u00e0 seulement 10 minutes du centre, avec de belles plages et un caf\u00e9 brillant. C&#39;est un endroit id\u00e9al pour une baignade et une \u00e9vasion populaire pendant les mois les plus chauds.<\/p>\n<p>Si vous voulez une vue imprenable, rendez-vous \u00e0 Ekebergparken. C&#39;est un parc de sculptures aux vues panoramiques au-dessus de la ville. Prenez le tramway num\u00e9ro 13 vers Ljabru et descendez \u00e0 l&#39;arr\u00eat d&#39;Ekebergparken.<\/p>\n<p>La promenade de l\u00e0 est paisible, mais raide en parties, surtout si elle est glac\u00e9e. C&#39;est l&#39;un de mes endroits pr\u00e9f\u00e9r\u00e9s \u00e0 Oslo.<\/p>\n<p>Ensuite, il y a Sognsvann &#8211; un grand lac au nord de la ville. Il est parfait pour courir, nager ou simplement se d\u00e9tendre avec un pique-nique. Vous pouvez y arriver facilement sur la ligne 5 du m\u00e9tro.<\/p>\n<\/div>\n<div class=\"photo changeSpace\">\n<p class=\"withoutCaption\"><picture><source type=\"image\/avif\" srcset=\"https:\/\/cdn.images.express.co.uk\/img\/dynamic\/200\/1200x712\/secondary\/Hovedoya-Harbour-6184133.avif?r=1748026862233\" media=\"screen and (min-width:10000px)\"><source type=\"image\/webp\" srcset=\"https:\/\/cdn.images.express.co.uk\/img\/dynamic\/200\/1200x712\/secondary\/Hovedoya-Harbour-6184133.webp?r=1748026862233\" media=\"screen and (min-width:10000px)\"><source type=\"image\/jpeg\" srcset=\"https:\/\/www.svalbard.fr\/actualites\/wp-content\/uploads\/2025\/05\/1748245535_550_J39ai-visite-la-capitale-la-plus-chere-d39Europe-ou.jpg\" media=\"screen and (min-width:10000px)\"><source type=\"image\/avif\" srcset=\"https:\/\/cdn.images.express.co.uk\/img\/dynamic\/200\/674x400\/secondary\/Hovedoya-Harbour-6184133.avif?r=1748026862233\" media=\"screen and (min-width:100000px)\"><source type=\"image\/webp\" srcset=\"https:\/\/cdn.images.express.co.uk\/img\/dynamic\/200\/674x400\/secondary\/Hovedoya-Harbour-6184133.webp?r=1748026862233\" media=\"screen and (min-width:100000px)\"><source type=\"image\/jpeg\" srcset=\"https:\/\/cdn.images.express.co.uk\/img\/dynamic\/200\/674x400\/secondary\/Hovedoya-Harbour-6184133.jpg?r=1748026862233\" media=\"screen and (min-width:100000px)\"><source type=\"image\/avif\" srcset=\"https:\/\/cdn.images.express.co.uk\/img\/dynamic\/200\/940x\/secondary\/Hovedoya-Harbour-6184133.avif?r=1748026862233\" media=\"screen and (min-width:1200px)\"><source type=\"image\/webp\" srcset=\"https:\/\/cdn.images.express.co.uk\/img\/dynamic\/200\/940x\/secondary\/Hovedoya-Harbour-6184133.webp?r=1748026862233\" media=\"screen and (min-width:1200px)\"><source type=\"image\/jpeg\" srcset=\"https:\/\/cdn.images.express.co.uk\/img\/dynamic\/200\/940x\/secondary\/Hovedoya-Harbour-6184133.jpg?r=1748026862233\" media=\"screen and (min-width:1200px)\"><source type=\"image\/avif\" srcset=\"https:\/\/cdn.images.express.co.uk\/img\/dynamic\/200\/590x\/secondary\/Hovedoya-Harbour-6184133.avif?r=1748026862233\" media=\"screen\"><source type=\"image\/webp\" srcset=\"https:\/\/cdn.images.express.co.uk\/img\/dynamic\/200\/590x\/secondary\/Hovedoya-Harbour-6184133.webp?r=1748026862233\" media=\"screen\"><img decoding=\"async\" class=\"zoomEnabled\" src=\"https:\/\/www.svalbard.fr\/actualites\/wp-content\/uploads\/2025\/05\/1748245535_550_J39ai-visite-la-capitale-la-plus-chere-d39Europe-ou.jpg\" alt=\"Vue a\u00e9rienne du port de Hovedoya \u00e0 Oslo Fjord, Norv\u00e8ge\" title=\"Vue a\u00e9rienne du port de Hovedoya \u00e0 Oslo Fjord, Norv\u00e8ge\" width=\"590\" height=\"443\" loading=\"lazy\"\/><\/source><\/source><\/source><\/source><\/source><\/source><\/source><\/source><\/source><\/source><\/source><\/picture><\/p>\n<p><span class=\"newsCaption\">Hoved\u00f8ya est \u00e0 seulement 10 minutes du centre et a de belles plages. <span class=\"caption\">(Image: Getty)<\/span><span class=\"magnifier\" data-img=\"https:\/\/www.svalbard.fr\/actualites\/wp-content\/uploads\/2025\/05\/1748245535_550_J39ai-visite-la-capitale-la-plus-chere-d39Europe-ou.jpg\"\/><\/span><\/div>\n<div class=\"photo changeSpace\">\n<p class=\"withoutCaption\"><picture><source type=\"image\/avif\" srcset=\"https:\/\/cdn.images.express.co.uk\/img\/dynamic\/200\/1200x712\/secondary\/The-view-of-Oslo-from-Ekebergparken-6184134.avif?r=1748026862239\" media=\"screen and (min-width:10000px)\"><source type=\"image\/webp\" srcset=\"https:\/\/cdn.images.express.co.uk\/img\/dynamic\/200\/1200x712\/secondary\/The-view-of-Oslo-from-Ekebergparken-6184134.webp?r=1748026862239\" media=\"screen and (min-width:10000px)\"><source type=\"image\/jpeg\" srcset=\"https:\/\/www.svalbard.fr\/actualites\/wp-content\/uploads\/2025\/05\/1748245535_846_J39ai-visite-la-capitale-la-plus-chere-d39Europe-ou.jpg\" media=\"screen and (min-width:10000px)\"><source type=\"image\/avif\" srcset=\"https:\/\/cdn.images.express.co.uk\/img\/dynamic\/200\/674x400\/secondary\/The-view-of-Oslo-from-Ekebergparken-6184134.avif?r=1748026862239\" media=\"screen and (min-width:100000px)\"><source type=\"image\/webp\" srcset=\"https:\/\/cdn.images.express.co.uk\/img\/dynamic\/200\/674x400\/secondary\/The-view-of-Oslo-from-Ekebergparken-6184134.webp?r=1748026862239\" media=\"screen and (min-width:100000px)\"><source type=\"image\/jpeg\" srcset=\"https:\/\/cdn.images.express.co.uk\/img\/dynamic\/200\/674x400\/secondary\/The-view-of-Oslo-from-Ekebergparken-6184134.jpg?r=1748026862239\" media=\"screen and (min-width:100000px)\"><source type=\"image\/avif\" srcset=\"https:\/\/cdn.images.express.co.uk\/img\/dynamic\/200\/940x\/secondary\/The-view-of-Oslo-from-Ekebergparken-6184134.avif?r=1748026862239\" media=\"screen and (min-width:1200px)\"><source type=\"image\/webp\" srcset=\"https:\/\/cdn.images.express.co.uk\/img\/dynamic\/200\/940x\/secondary\/The-view-of-Oslo-from-Ekebergparken-6184134.webp?r=1748026862239\" media=\"screen and (min-width:1200px)\"><source type=\"image\/jpeg\" srcset=\"https:\/\/cdn.images.express.co.uk\/img\/dynamic\/200\/940x\/secondary\/The-view-of-Oslo-from-Ekebergparken-6184134.jpg?r=1748026862239\" media=\"screen and (min-width:1200px)\"><source type=\"image\/avif\" srcset=\"https:\/\/cdn.images.express.co.uk\/img\/dynamic\/200\/590x\/secondary\/The-view-of-Oslo-from-Ekebergparken-6184134.avif?r=1748026862239\" media=\"screen\"><source type=\"image\/webp\" srcset=\"https:\/\/cdn.images.express.co.uk\/img\/dynamic\/200\/590x\/secondary\/The-view-of-Oslo-from-Ekebergparken-6184134.webp?r=1748026862239\" media=\"screen\"><img decoding=\"async\" class=\"zoomEnabled\" src=\"https:\/\/www.svalbard.fr\/actualites\/wp-content\/uploads\/2025\/05\/1748245535_846_J39ai-visite-la-capitale-la-plus-chere-d39Europe-ou.jpg\" alt=\"La vue d&#39;Oslo d&#39;Ekebergparken.\" title=\"La vue d&#39;Oslo d&#39;Ekebergparken.\" width=\"590\" height=\"359\" loading=\"lazy\"\/><\/source><\/source><\/source><\/source><\/source><\/source><\/source><\/source><\/source><\/source><\/source><\/picture><\/p>\n<p><span class=\"newsCaption\">La vue d&#39;Oslo d&#39;Ekebergparken. <span class=\"caption\">(Image: Getty)<\/span><span class=\"magnifier\" data-img=\"https:\/\/www.svalbard.fr\/actualites\/wp-content\/uploads\/2025\/05\/1748245535_846_J39ai-visite-la-capitale-la-plus-chere-d39Europe-ou.jpg\"\/><\/span><\/div>\n<div class=\"photo changeSpace\">\n<p class=\"withoutCaption\"><picture><source type=\"image\/avif\" srcset=\"https:\/\/cdn.images.express.co.uk\/img\/dynamic\/200\/1200x712\/secondary\/Sognsvann-lake-north-of-Oslo-6184136.avif?r=1748026862246\" media=\"screen and (min-width:10000px)\"><source type=\"image\/webp\" srcset=\"https:\/\/cdn.images.express.co.uk\/img\/dynamic\/200\/1200x712\/secondary\/Sognsvann-lake-north-of-Oslo-6184136.webp?r=1748026862246\" media=\"screen and (min-width:10000px)\"><source type=\"image\/jpeg\" srcset=\"https:\/\/www.svalbard.fr\/actualites\/wp-content\/uploads\/2025\/05\/1748245536_975_J39ai-visite-la-capitale-la-plus-chere-d39Europe-ou.jpg\" media=\"screen and (min-width:10000px)\"><source type=\"image\/avif\" srcset=\"https:\/\/cdn.images.express.co.uk\/img\/dynamic\/200\/674x400\/secondary\/Sognsvann-lake-north-of-Oslo-6184136.avif?r=1748026862246\" media=\"screen and (min-width:100000px)\"><source type=\"image\/webp\" srcset=\"https:\/\/cdn.images.express.co.uk\/img\/dynamic\/200\/674x400\/secondary\/Sognsvann-lake-north-of-Oslo-6184136.webp?r=1748026862246\" media=\"screen and (min-width:100000px)\"><source type=\"image\/jpeg\" srcset=\"https:\/\/cdn.images.express.co.uk\/img\/dynamic\/200\/674x400\/secondary\/Sognsvann-lake-north-of-Oslo-6184136.jpg?r=1748026862246\" media=\"screen and (min-width:100000px)\"><source type=\"image\/avif\" srcset=\"https:\/\/cdn.images.express.co.uk\/img\/dynamic\/200\/940x\/secondary\/Sognsvann-lake-north-of-Oslo-6184136.avif?r=1748026862246\" media=\"screen and (min-width:1200px)\"><source type=\"image\/webp\" srcset=\"https:\/\/cdn.images.express.co.uk\/img\/dynamic\/200\/940x\/secondary\/Sognsvann-lake-north-of-Oslo-6184136.webp?r=1748026862246\" media=\"screen and (min-width:1200px)\"><source type=\"image\/jpeg\" srcset=\"https:\/\/cdn.images.express.co.uk\/img\/dynamic\/200\/940x\/secondary\/Sognsvann-lake-north-of-Oslo-6184136.jpg?r=1748026862246\" media=\"screen and (min-width:1200px)\"><source type=\"image\/avif\" srcset=\"https:\/\/cdn.images.express.co.uk\/img\/dynamic\/200\/590x\/secondary\/Sognsvann-lake-north-of-Oslo-6184136.avif?r=1748026862246\" media=\"screen\"><source type=\"image\/webp\" srcset=\"https:\/\/cdn.images.express.co.uk\/img\/dynamic\/200\/590x\/secondary\/Sognsvann-lake-north-of-Oslo-6184136.webp?r=1748026862246\" media=\"screen\"><img decoding=\"async\" class=\"zoomEnabled\" src=\"https:\/\/www.svalbard.fr\/actualites\/wp-content\/uploads\/2025\/05\/1748245536_975_J39ai-visite-la-capitale-la-plus-chere-d39Europe-ou.jpg\" alt=\"Lac Sognsvann au nord d&#39;Oslo\" title=\"Lac Sognsvann au nord d&#39;Oslo\" width=\"590\" height=\"356\" loading=\"lazy\"\/><\/source><\/source><\/source><\/source><\/source><\/source><\/source><\/source><\/source><\/source><\/source><\/picture><\/p>\n<p><span class=\"newsCaption\">Sognsvann est un grand lac au nord de la ville. <span class=\"caption\">(Image: Getty)<\/span><span class=\"magnifier\" data-img=\"https:\/\/www.svalbard.fr\/actualites\/wp-content\/uploads\/2025\/05\/1748245536_975_J39ai-visite-la-capitale-la-plus-chere-d39Europe-ou.jpg\"\/><\/span><\/div>\n<div class=\"text-description\">\n<p>La route de 2,1 milles autour du lac est plate et pittoresque, et vous verrez les habitants profiter du plein air, quelle que soit la saison.<\/p>\n<p>Les amateurs de culture peuvent \u00e9galement vouloir visiter le mus\u00e9e Munch, d\u00e9di\u00e9 au peintre le plus c\u00e9l\u00e8bre de Norv\u00e8ge. Il affiche le travail embl\u00e9matique d&#39;Edvard Munch et raconte l&#39;histoire de sa vie.<\/p>\n<p>Le b\u00e2timent est quelque chose, bien que de nombreux habitants &#8211; y compris ma femme &#8211; pensent que c&#39;est une horreur qui a ruin\u00e9 l&#39;horizon. Je suis enclin \u00e0 \u00eatre d&#39;accord.<\/p>\n<p>Aucun voyage \u00e0 Oslo n&#39;est complet sans voir le saut de ski Holmenkollen. Le point de rep\u00e8re, reconstruit en 2010, a une vue imprenable depuis le haut et un mus\u00e9e rempli d&#39;histoire de ski. C&#39;est mon endroit pr\u00e9f\u00e9r\u00e9 de la ville, et l&#39;un des plus beaux points de vue que vous trouverez n&#39;importe o\u00f9.<\/p>\n<\/div>\n<div class=\"photo changeSpace\">\n<p class=\"withoutCaption\"><picture><source type=\"image\/avif\" srcset=\"https:\/\/cdn.images.express.co.uk\/img\/dynamic\/200\/1200x712\/secondary\/The-Munch-Museum-building-6184137.avif?r=1748026862254\" media=\"screen and (min-width:10000px)\"><source type=\"image\/webp\" srcset=\"https:\/\/cdn.images.express.co.uk\/img\/dynamic\/200\/1200x712\/secondary\/The-Munch-Museum-building-6184137.webp?r=1748026862254\" media=\"screen and (min-width:10000px)\"><source type=\"image\/jpeg\" srcset=\"https:\/\/www.svalbard.fr\/actualites\/wp-content\/uploads\/2025\/05\/1748245536_86_J39ai-visite-la-capitale-la-plus-chere-d39Europe-ou.jpg\" media=\"screen and (min-width:10000px)\"><source type=\"image\/avif\" srcset=\"https:\/\/cdn.images.express.co.uk\/img\/dynamic\/200\/674x400\/secondary\/The-Munch-Museum-building-6184137.avif?r=1748026862254\" media=\"screen and (min-width:100000px)\"><source type=\"image\/webp\" srcset=\"https:\/\/cdn.images.express.co.uk\/img\/dynamic\/200\/674x400\/secondary\/The-Munch-Museum-building-6184137.webp?r=1748026862254\" media=\"screen and (min-width:100000px)\"><source type=\"image\/jpeg\" srcset=\"https:\/\/cdn.images.express.co.uk\/img\/dynamic\/200\/674x400\/secondary\/The-Munch-Museum-building-6184137.jpg?r=1748026862254\" media=\"screen and (min-width:100000px)\"><source type=\"image\/avif\" srcset=\"https:\/\/cdn.images.express.co.uk\/img\/dynamic\/200\/940x\/secondary\/The-Munch-Museum-building-6184137.avif?r=1748026862254\" media=\"screen and (min-width:1200px)\"><source type=\"image\/webp\" srcset=\"https:\/\/cdn.images.express.co.uk\/img\/dynamic\/200\/940x\/secondary\/The-Munch-Museum-building-6184137.webp?r=1748026862254\" media=\"screen and (min-width:1200px)\"><source type=\"image\/jpeg\" srcset=\"https:\/\/cdn.images.express.co.uk\/img\/dynamic\/200\/940x\/secondary\/The-Munch-Museum-building-6184137.jpg?r=1748026862254\" media=\"screen and (min-width:1200px)\"><source type=\"image\/avif\" srcset=\"https:\/\/cdn.images.express.co.uk\/img\/dynamic\/200\/590x\/secondary\/The-Munch-Museum-building-6184137.avif?r=1748026862254\" media=\"screen\"><source type=\"image\/webp\" srcset=\"https:\/\/cdn.images.express.co.uk\/img\/dynamic\/200\/590x\/secondary\/The-Munch-Museum-building-6184137.webp?r=1748026862254\" media=\"screen\"><img decoding=\"async\" class=\"zoomEnabled\" src=\"https:\/\/www.svalbard.fr\/actualites\/wp-content\/uploads\/2025\/05\/1748245536_86_J39ai-visite-la-capitale-la-plus-chere-d39Europe-ou.jpg\" alt=\"Le b\u00e2timent du mus\u00e9e Munch\" title=\"Le b\u00e2timent du mus\u00e9e Munch\" width=\"590\" height=\"394\" loading=\"lazy\"\/><\/source><\/source><\/source><\/source><\/source><\/source><\/source><\/source><\/source><\/source><\/source><\/picture><\/p>\n<p><span class=\"newsCaption\">Le b\u00e2timent du mus\u00e9e Munch a re\u00e7u des opinions mitig\u00e9es des habitants. <span class=\"caption\">(Image: Getty)<\/span><span class=\"magnifier\" data-img=\"https:\/\/www.svalbard.fr\/actualites\/wp-content\/uploads\/2025\/05\/1748245536_86_J39ai-visite-la-capitale-la-plus-chere-d39Europe-ou.jpg\"\/><\/span><\/div>\n<div class=\"photo changeSpace\">\n<p class=\"withoutCaption\"><picture><source type=\"image\/avif\" srcset=\"https:\/\/cdn.images.express.co.uk\/img\/dynamic\/200\/1200x712\/secondary\/Holmenkollen-ski-jump-6184139.avif?r=1748026862261\" media=\"screen and (min-width:10000px)\"><source type=\"image\/webp\" srcset=\"https:\/\/cdn.images.express.co.uk\/img\/dynamic\/200\/1200x712\/secondary\/Holmenkollen-ski-jump-6184139.webp?r=1748026862261\" media=\"screen and (min-width:10000px)\"><source type=\"image\/jpeg\" srcset=\"https:\/\/www.svalbard.fr\/actualites\/wp-content\/uploads\/2025\/05\/1748245536_751_J39ai-visite-la-capitale-la-plus-chere-d39Europe-ou.jpg\" media=\"screen and (min-width:10000px)\"><source type=\"image\/avif\" srcset=\"https:\/\/cdn.images.express.co.uk\/img\/dynamic\/200\/674x400\/secondary\/Holmenkollen-ski-jump-6184139.avif?r=1748026862261\" media=\"screen and (min-width:100000px)\"><source type=\"image\/webp\" srcset=\"https:\/\/cdn.images.express.co.uk\/img\/dynamic\/200\/674x400\/secondary\/Holmenkollen-ski-jump-6184139.webp?r=1748026862261\" media=\"screen and (min-width:100000px)\"><source type=\"image\/jpeg\" srcset=\"https:\/\/cdn.images.express.co.uk\/img\/dynamic\/200\/674x400\/secondary\/Holmenkollen-ski-jump-6184139.jpg?r=1748026862261\" media=\"screen and (min-width:100000px)\"><source type=\"image\/avif\" srcset=\"https:\/\/cdn.images.express.co.uk\/img\/dynamic\/200\/940x\/secondary\/Holmenkollen-ski-jump-6184139.avif?r=1748026862261\" media=\"screen and (min-width:1200px)\"><source type=\"image\/webp\" srcset=\"https:\/\/cdn.images.express.co.uk\/img\/dynamic\/200\/940x\/secondary\/Holmenkollen-ski-jump-6184139.webp?r=1748026862261\" media=\"screen and (min-width:1200px)\"><source type=\"image\/jpeg\" srcset=\"https:\/\/cdn.images.express.co.uk\/img\/dynamic\/200\/940x\/secondary\/Holmenkollen-ski-jump-6184139.jpg?r=1748026862261\" media=\"screen and (min-width:1200px)\"><source type=\"image\/avif\" srcset=\"https:\/\/cdn.images.express.co.uk\/img\/dynamic\/200\/590x\/secondary\/Holmenkollen-ski-jump-6184139.avif?r=1748026862261\" media=\"screen\"><source type=\"image\/webp\" srcset=\"https:\/\/cdn.images.express.co.uk\/img\/dynamic\/200\/590x\/secondary\/Holmenkollen-ski-jump-6184139.webp?r=1748026862261\" media=\"screen\"><img decoding=\"async\" class=\"zoomEnabled\" src=\"https:\/\/www.svalbard.fr\/actualites\/wp-content\/uploads\/2025\/05\/1748245536_751_J39ai-visite-la-capitale-la-plus-chere-d39Europe-ou.jpg\" alt=\"Saut de ski de Holmenkollen\" title=\"Saut de ski de Holmenkollen\" width=\"590\" height=\"442\" loading=\"lazy\"\/><\/source><\/source><\/source><\/source><\/source><\/source><\/source><\/source><\/source><\/source><\/source><\/picture><\/p>\n<p><span class=\"newsCaption\">Le Holmenkollen Ski Jump offre une vue imprenable. <span class=\"caption\">(Image: Getty)<\/span><span class=\"magnifier\" data-img=\"https:\/\/www.svalbard.fr\/actualites\/wp-content\/uploads\/2025\/05\/1748245536_751_J39ai-visite-la-capitale-la-plus-chere-d39Europe-ou.jpg\"\/><\/span><\/div>\n<div class=\"photo changeSpace\">\n<p class=\"withoutCaption\"><picture><source type=\"image\/avif\" srcset=\"https:\/\/cdn.images.express.co.uk\/img\/dynamic\/200\/1200x712\/secondary\/Peninsula-Bygdoy-6184147.avif?r=1748026862268\" media=\"screen and (min-width:10000px)\"><source type=\"image\/webp\" srcset=\"https:\/\/cdn.images.express.co.uk\/img\/dynamic\/200\/1200x712\/secondary\/Peninsula-Bygdoy-6184147.webp?r=1748026862268\" media=\"screen and (min-width:10000px)\"><source type=\"image\/jpeg\" srcset=\"https:\/\/www.svalbard.fr\/actualites\/wp-content\/uploads\/2025\/05\/1748245536_237_J39ai-visite-la-capitale-la-plus-chere-d39Europe-ou.jpg\" media=\"screen and (min-width:10000px)\"><source type=\"image\/avif\" srcset=\"https:\/\/cdn.images.express.co.uk\/img\/dynamic\/200\/674x400\/secondary\/Peninsula-Bygdoy-6184147.avif?r=1748026862268\" media=\"screen and (min-width:100000px)\"><source type=\"image\/webp\" srcset=\"https:\/\/cdn.images.express.co.uk\/img\/dynamic\/200\/674x400\/secondary\/Peninsula-Bygdoy-6184147.webp?r=1748026862268\" media=\"screen and (min-width:100000px)\"><source type=\"image\/jpeg\" srcset=\"https:\/\/cdn.images.express.co.uk\/img\/dynamic\/200\/674x400\/secondary\/Peninsula-Bygdoy-6184147.jpg?r=1748026862268\" media=\"screen and (min-width:100000px)\"><source type=\"image\/avif\" srcset=\"https:\/\/cdn.images.express.co.uk\/img\/dynamic\/200\/940x\/secondary\/Peninsula-Bygdoy-6184147.avif?r=1748026862268\" media=\"screen and (min-width:1200px)\"><source type=\"image\/webp\" srcset=\"https:\/\/cdn.images.express.co.uk\/img\/dynamic\/200\/940x\/secondary\/Peninsula-Bygdoy-6184147.webp?r=1748026862268\" media=\"screen and (min-width:1200px)\"><source type=\"image\/jpeg\" srcset=\"https:\/\/cdn.images.express.co.uk\/img\/dynamic\/200\/940x\/secondary\/Peninsula-Bygdoy-6184147.jpg?r=1748026862268\" media=\"screen and (min-width:1200px)\"><source type=\"image\/avif\" srcset=\"https:\/\/cdn.images.express.co.uk\/img\/dynamic\/200\/590x\/secondary\/Peninsula-Bygdoy-6184147.avif?r=1748026862268\" media=\"screen\"><source type=\"image\/webp\" srcset=\"https:\/\/cdn.images.express.co.uk\/img\/dynamic\/200\/590x\/secondary\/Peninsula-Bygdoy-6184147.webp?r=1748026862268\" media=\"screen\"><img decoding=\"async\" class=\"zoomEnabled\" src=\"https:\/\/www.svalbard.fr\/actualites\/wp-content\/uploads\/2025\/05\/1748245536_237_J39ai-visite-la-capitale-la-plus-chere-d39Europe-ou.jpg\" alt=\"Oslo.Norway. P\u00e9ninsule bygdoy\" title=\"Oslo.Norway. P\u00e9ninsule bygdoy\" width=\"590\" height=\"328\" loading=\"lazy\"\/><\/source><\/source><\/source><\/source><\/source><\/source><\/source><\/source><\/source><\/source><\/source><\/picture><\/p>\n<p><span class=\"newsCaption\">Bygd\u00f8y est un autre joyau pittoresque avec des mus\u00e9es et des plages tranquilles. <span class=\"caption\">(Image: Getty)<\/span><span class=\"magnifier\" data-img=\"https:\/\/www.svalbard.fr\/actualites\/wp-content\/uploads\/2025\/05\/1748245536_237_J39ai-visite-la-capitale-la-plus-chere-d39Europe-ou.jpg\"\/><\/span><\/div>\n<div class=\"text-description\">\n<p>Un autre incontournable est VigelandSparken (Frogner Park), rempli de statues \u00e9tranges qui semblent particuli\u00e8rement frappantes en hiver. Vous trouverez des sculptures montrant toutes les \u00e9motions imaginables, toutes cr\u00e9\u00e9es par Gustav Vigeland. C&#39;est un \u00e9norme parc et un endroit id\u00e9al pour se d\u00e9tendre.<\/p>\n<p>Pour les vues au bord de l&#39;eau et la bonne nourriture, Aker Brygge est l&#39;endroit id\u00e9al. Il est bord\u00e9 de restaurants et de bars modernes, bien que rien ici ne soit bon march\u00e9.<\/p>\n<p>Les passionn\u00e9s d&#39;histoire devraient \u00e9galement consulter la forteresse Akershus voisine. Construit au 13\u00e8me si\u00e8cle, il a une vue incroyable sur la ville et le port. Vous pouvez vous promener gratuitement sur le terrain, et c&#39;est particuli\u00e8rement beau au coucher du soleil.<\/p>\n<p>Bygd\u00f8y est un autre joyau pittoresque avec des mus\u00e9es et des plages tranquilles. La p\u00e9ninsule est paisible et parfaite pour une baignade d&#39;\u00e9t\u00e9.<\/p>\n<\/div>\n<div class=\"photo changeSpace\">\n<p class=\"withoutCaption\"><picture><source type=\"image\/avif\" srcset=\"https:\/\/cdn.images.express.co.uk\/img\/dynamic\/200\/1200x712\/secondary\/Gustav-Vigeland-in-Vigelands-Park-6184143.avif?r=1748026862276\" media=\"screen and (min-width:10000px)\"><source type=\"image\/webp\" srcset=\"https:\/\/cdn.images.express.co.uk\/img\/dynamic\/200\/1200x712\/secondary\/Gustav-Vigeland-in-Vigelands-Park-6184143.webp?r=1748026862276\" media=\"screen and (min-width:10000px)\"><source type=\"image\/jpeg\" srcset=\"https:\/\/www.svalbard.fr\/actualites\/wp-content\/uploads\/2025\/05\/1748245536_469_J39ai-visite-la-capitale-la-plus-chere-d39Europe-ou.jpg\" media=\"screen and (min-width:10000px)\"><source type=\"image\/avif\" srcset=\"https:\/\/cdn.images.express.co.uk\/img\/dynamic\/200\/674x400\/secondary\/Gustav-Vigeland-in-Vigelands-Park-6184143.avif?r=1748026862276\" media=\"screen and (min-width:100000px)\"><source type=\"image\/webp\" srcset=\"https:\/\/cdn.images.express.co.uk\/img\/dynamic\/200\/674x400\/secondary\/Gustav-Vigeland-in-Vigelands-Park-6184143.webp?r=1748026862276\" media=\"screen and (min-width:100000px)\"><source type=\"image\/jpeg\" srcset=\"https:\/\/cdn.images.express.co.uk\/img\/dynamic\/200\/674x400\/secondary\/Gustav-Vigeland-in-Vigelands-Park-6184143.jpg?r=1748026862276\" media=\"screen and (min-width:100000px)\"><source type=\"image\/avif\" srcset=\"https:\/\/cdn.images.express.co.uk\/img\/dynamic\/200\/940x\/secondary\/Gustav-Vigeland-in-Vigelands-Park-6184143.avif?r=1748026862276\" media=\"screen and (min-width:1200px)\"><source type=\"image\/webp\" srcset=\"https:\/\/cdn.images.express.co.uk\/img\/dynamic\/200\/940x\/secondary\/Gustav-Vigeland-in-Vigelands-Park-6184143.webp?r=1748026862276\" media=\"screen and (min-width:1200px)\"><source type=\"image\/jpeg\" srcset=\"https:\/\/cdn.images.express.co.uk\/img\/dynamic\/200\/940x\/secondary\/Gustav-Vigeland-in-Vigelands-Park-6184143.jpg?r=1748026862276\" media=\"screen and (min-width:1200px)\"><source type=\"image\/avif\" srcset=\"https:\/\/cdn.images.express.co.uk\/img\/dynamic\/200\/590x\/secondary\/Gustav-Vigeland-in-Vigelands-Park-6184143.avif?r=1748026862276\" media=\"screen\"><source type=\"image\/webp\" srcset=\"https:\/\/cdn.images.express.co.uk\/img\/dynamic\/200\/590x\/secondary\/Gustav-Vigeland-in-Vigelands-Park-6184143.webp?r=1748026862276\" media=\"screen\"><img decoding=\"async\" class=\"zoomEnabled\" src=\"https:\/\/www.svalbard.fr\/actualites\/wp-content\/uploads\/2025\/05\/1748245536_469_J39ai-visite-la-capitale-la-plus-chere-d39Europe-ou.jpg\" alt=\"Gustav Vigeland \u00e0 Vigelands Park, Oslo, Norv\u00e8ge.\" title=\"Gustav Vigeland \u00e0 Vigelands Park, Oslo, Norv\u00e8ge.\" width=\"590\" height=\"393\" loading=\"lazy\"\/><\/source><\/source><\/source><\/source><\/source><\/source><\/source><\/source><\/source><\/source><\/source><\/picture><\/p>\n<p><span class=\"newsCaption\">VigelandSparken est rempli de statues \u00e9tranges. <span class=\"caption\">(Image: Getty)<\/span><span class=\"magnifier\" data-img=\"https:\/\/www.svalbard.fr\/actualites\/wp-content\/uploads\/2025\/05\/1748245536_469_J39ai-visite-la-capitale-la-plus-chere-d39Europe-ou.jpg\"\/><\/span><\/div>\n<div class=\"photo changeSpace\">\n<p class=\"withoutCaption\"><picture><source type=\"image\/avif\" srcset=\"https:\/\/cdn.images.express.co.uk\/img\/dynamic\/200\/1200x712\/secondary\/Aker-Brygge-aerial-view-Oslo-6184144.avif?r=1748026862282\" media=\"screen and (min-width:10000px)\"><source type=\"image\/webp\" srcset=\"https:\/\/cdn.images.express.co.uk\/img\/dynamic\/200\/1200x712\/secondary\/Aker-Brygge-aerial-view-Oslo-6184144.webp?r=1748026862282\" media=\"screen and (min-width:10000px)\"><source type=\"image\/jpeg\" srcset=\"https:\/\/www.svalbard.fr\/actualites\/wp-content\/uploads\/2025\/05\/1748245536_760_J39ai-visite-la-capitale-la-plus-chere-d39Europe-ou.jpg\" media=\"screen and (min-width:10000px)\"><source type=\"image\/avif\" srcset=\"https:\/\/cdn.images.express.co.uk\/img\/dynamic\/200\/674x400\/secondary\/Aker-Brygge-aerial-view-Oslo-6184144.avif?r=1748026862282\" media=\"screen and (min-width:100000px)\"><source type=\"image\/webp\" srcset=\"https:\/\/cdn.images.express.co.uk\/img\/dynamic\/200\/674x400\/secondary\/Aker-Brygge-aerial-view-Oslo-6184144.webp?r=1748026862282\" media=\"screen and (min-width:100000px)\"><source type=\"image\/jpeg\" srcset=\"https:\/\/cdn.images.express.co.uk\/img\/dynamic\/200\/674x400\/secondary\/Aker-Brygge-aerial-view-Oslo-6184144.jpg?r=1748026862282\" media=\"screen and (min-width:100000px)\"><source type=\"image\/avif\" srcset=\"https:\/\/cdn.images.express.co.uk\/img\/dynamic\/200\/940x\/secondary\/Aker-Brygge-aerial-view-Oslo-6184144.avif?r=1748026862282\" media=\"screen and (min-width:1200px)\"><source type=\"image\/webp\" srcset=\"https:\/\/cdn.images.express.co.uk\/img\/dynamic\/200\/940x\/secondary\/Aker-Brygge-aerial-view-Oslo-6184144.webp?r=1748026862282\" media=\"screen and (min-width:1200px)\"><source type=\"image\/jpeg\" srcset=\"https:\/\/cdn.images.express.co.uk\/img\/dynamic\/200\/940x\/secondary\/Aker-Brygge-aerial-view-Oslo-6184144.jpg?r=1748026862282\" media=\"screen and (min-width:1200px)\"><source type=\"image\/avif\" srcset=\"https:\/\/cdn.images.express.co.uk\/img\/dynamic\/200\/590x\/secondary\/Aker-Brygge-aerial-view-Oslo-6184144.avif?r=1748026862282\" media=\"screen\"><source type=\"image\/webp\" srcset=\"https:\/\/cdn.images.express.co.uk\/img\/dynamic\/200\/590x\/secondary\/Aker-Brygge-aerial-view-Oslo-6184144.webp?r=1748026862282\" media=\"screen\"><img decoding=\"async\" class=\"zoomEnabled\" src=\"https:\/\/www.svalbard.fr\/actualites\/wp-content\/uploads\/2025\/05\/1748245536_760_J39ai-visite-la-capitale-la-plus-chere-d39Europe-ou.jpg\" alt=\"Vue a\u00e9rienne Aker Brygge, Oslo\" title=\"Vue a\u00e9rienne Aker Brygge, Oslo\" width=\"590\" height=\"442\" loading=\"lazy\"\/><\/source><\/source><\/source><\/source><\/source><\/source><\/source><\/source><\/source><\/source><\/source><\/picture><\/p>\n<p><span class=\"newsCaption\">Pour les vues au bord de l&#39;eau et la bonne nourriture, Aker Brygge est l&#39;endroit id\u00e9al. <span class=\"caption\">(Image: Getty)<\/span><span class=\"magnifier\" data-img=\"https:\/\/www.svalbard.fr\/actualites\/wp-content\/uploads\/2025\/05\/1748245536_760_J39ai-visite-la-capitale-la-plus-chere-d39Europe-ou.jpg\"\/><\/span><\/div>\n<div class=\"photo changeSpace\">\n<p class=\"withoutCaption\"><picture><source type=\"image\/avif\" srcset=\"https:\/\/cdn.images.express.co.uk\/img\/dynamic\/200\/1200x712\/secondary\/Akershus-Fortress-at-night-Oslo-Norway-6184145.avif?r=1748026862289\" media=\"screen and (min-width:10000px)\"><source type=\"image\/webp\" srcset=\"https:\/\/cdn.images.express.co.uk\/img\/dynamic\/200\/1200x712\/secondary\/Akershus-Fortress-at-night-Oslo-Norway-6184145.webp?r=1748026862289\" media=\"screen and (min-width:10000px)\"><source type=\"image\/jpeg\" srcset=\"https:\/\/www.svalbard.fr\/actualites\/wp-content\/uploads\/2025\/05\/1748245537_488_J39ai-visite-la-capitale-la-plus-chere-d39Europe-ou.jpg\" media=\"screen and (min-width:10000px)\"><source type=\"image\/avif\" srcset=\"https:\/\/cdn.images.express.co.uk\/img\/dynamic\/200\/674x400\/secondary\/Akershus-Fortress-at-night-Oslo-Norway-6184145.avif?r=1748026862289\" media=\"screen and (min-width:100000px)\"><source type=\"image\/webp\" srcset=\"https:\/\/cdn.images.express.co.uk\/img\/dynamic\/200\/674x400\/secondary\/Akershus-Fortress-at-night-Oslo-Norway-6184145.webp?r=1748026862289\" media=\"screen and (min-width:100000px)\"><source type=\"image\/jpeg\" srcset=\"https:\/\/cdn.images.express.co.uk\/img\/dynamic\/200\/674x400\/secondary\/Akershus-Fortress-at-night-Oslo-Norway-6184145.jpg?r=1748026862289\" media=\"screen and (min-width:100000px)\"><source type=\"image\/avif\" srcset=\"https:\/\/cdn.images.express.co.uk\/img\/dynamic\/200\/940x\/secondary\/Akershus-Fortress-at-night-Oslo-Norway-6184145.avif?r=1748026862289\" media=\"screen and (min-width:1200px)\"><source type=\"image\/webp\" srcset=\"https:\/\/cdn.images.express.co.uk\/img\/dynamic\/200\/940x\/secondary\/Akershus-Fortress-at-night-Oslo-Norway-6184145.webp?r=1748026862289\" media=\"screen and (min-width:1200px)\"><source type=\"image\/jpeg\" srcset=\"https:\/\/cdn.images.express.co.uk\/img\/dynamic\/200\/940x\/secondary\/Akershus-Fortress-at-night-Oslo-Norway-6184145.jpg?r=1748026862289\" media=\"screen and (min-width:1200px)\"><source type=\"image\/avif\" srcset=\"https:\/\/cdn.images.express.co.uk\/img\/dynamic\/200\/590x\/secondary\/Akershus-Fortress-at-night-Oslo-Norway-6184145.avif?r=1748026862289\" media=\"screen\"><source type=\"image\/webp\" srcset=\"https:\/\/cdn.images.express.co.uk\/img\/dynamic\/200\/590x\/secondary\/Akershus-Fortress-at-night-Oslo-Norway-6184145.webp?r=1748026862289\" media=\"screen\"><img decoding=\"async\" class=\"zoomEnabled\" src=\"https:\/\/www.svalbard.fr\/actualites\/wp-content\/uploads\/2025\/05\/1748245537_488_J39ai-visite-la-capitale-la-plus-chere-d39Europe-ou.jpg\" alt=\"Fortress Akershus la nuit, Oslo, Norv\u00e8ge\" title=\"Fortress Akershus la nuit, Oslo, Norv\u00e8ge\" width=\"590\" height=\"394\" loading=\"lazy\"\/><\/source><\/source><\/source><\/source><\/source><\/source><\/source><\/source><\/source><\/source><\/source><\/picture><\/p>\n<p><span class=\"newsCaption\">La forteresse Akershus a des vues incroyables sur la ville et le port. <span class=\"caption\">(Image: Getty)<\/span><span class=\"magnifier\" data-img=\"https:\/\/www.svalbard.fr\/actualites\/wp-content\/uploads\/2025\/05\/1748245537_488_J39ai-visite-la-capitale-la-plus-chere-d39Europe-ou.jpg\"\/><\/span><\/div>\n<div class=\"text-description\">\n<p>Et ne manquez pas les plats de la rue Oslo pr\u00e8s du centre &#8211; c&#39;est mon endroit incontournable pour les repas abordables. Pour moi, la sc\u00e8ne gastronomique d&#39;Oslo est l&#39;une des meilleures d&#39;Europe.<\/p>\n<p>Malgr\u00e9 toute sa beaut\u00e9, Oslo est brutalement cher. Le caf\u00e9 peut co\u00fbter jusqu&#39;\u00e0 7 \u00a3, et la bi\u00e8re est souvent de 9 \u00a3 ou plus. Dans certains pubs et restaurants, vous pourriez payer jusqu&#39;\u00e0 12 \u00a3. Donc, si vous visitez, pr\u00e9parez-vous &#8211; votre portefeuille prendra un coup.<\/p>\n<p>Mais cher ou non, Oslo est un endroit o\u00f9 je reviendrai toujours. Il est plein de caract\u00e8re, entour\u00e9 par la nature, et a quelque chose \u00e0 offrir \u00e0 chaque saison. Assurez-vous simplement d&#39;apporter votre carte bancaire et peut-\u00eatre une pi\u00e8ce de rechange.<\/p>\n<\/div>\n<\/div>\n","protected":false},"excerpt":{"rendered":"<p>Cet article contient des liens d&#39;affiliation, nous recevrons une commission sur les ventes que nous en g\u00e9n\u00e9rons. Apprendre encore plus La ville est ma pr\u00e9f\u00e9r\u00e9e<\/p>\n","protected":false},"author":1,"featured_media":3907,"comment_status":"closed","ping_status":"","sticky":false,"template":"","format":"standard","meta":{"footnotes":""},"categories":[2277],"tags":[2046,585,1291,665,1158,1149,129,666],"yoast_head":"<!-- This site is optimized with the Yoast SEO plugin v21.0 - https:\/\/yoast.com\/wordpress\/plugins\/seo\/ -->\n<title>`` J&#039;ai visit\u00e9 la capitale la plus ch\u00e8re d&#039;Europe o\u00f9 la bi\u00e8re co\u00fbte 9 \u00a3 &#039;<\/title>\n<meta name=\"robots\" content=\"index, follow, max-snippet:-1, max-image-preview:large, max-video-preview:-1\" \/>\n<link rel=\"canonical\" href=\"https:\/\/www.svalbard.fr\/actualites\/jai-visite-la-capitale-la-plus-chere-deurope-ou-la-biere-coute-9\/\" \/>\n<meta property=\"og:locale\" content=\"fr_FR\" \/>\n<meta property=\"og:type\" content=\"article\" \/>\n<meta property=\"og:title\" content=\"`` J&#039;ai visit\u00e9 la capitale la plus ch\u00e8re d&#039;Europe o\u00f9 la bi\u00e8re co\u00fbte 9 \u00a3 &#039;\" \/>\n<meta property=\"og:description\" content=\"Cet article contient des liens d&#039;affiliation, nous recevrons une commission sur les ventes que nous en g\u00e9n\u00e9rons. Apprendre encore plus La ville est ma pr\u00e9f\u00e9r\u00e9e\" \/>\n<meta property=\"og:url\" content=\"https:\/\/www.svalbard.fr\/actualites\/jai-visite-la-capitale-la-plus-chere-deurope-ou-la-biere-coute-9\/\" \/>\n<meta property=\"og:site_name\" content=\"www.Svalbard.fr\" \/>\n<meta property=\"article:published_time\" content=\"2025-05-26T07:45:37+00:00\" \/>\n<meta property=\"article:modified_time\" content=\"2025-05-26T07:45:40+00:00\" \/>\n<meta property=\"og:image\" content=\"https:\/\/www.svalbard.fr\/actualites\/wp-content\/uploads\/2025\/05\/1748245538_J39ai-visite-la-capitale-la-plus-chere-d39Europe-ou.jpg\" \/>\n\t<meta property=\"og:image:width\" content=\"1200\" \/>\n\t<meta property=\"og:image:height\" content=\"630\" \/>\n\t<meta property=\"og:image:type\" content=\"image\/jpeg\" \/>\n<meta name=\"author\" content=\"Hilmar\" \/>\n<meta name=\"twitter:card\" content=\"summary_large_image\" \/>\n<meta name=\"twitter:label1\" content=\"\u00c9crit par\" \/>\n\t<meta name=\"twitter:data1\" content=\"Hilmar\" \/>\n\t<meta name=\"twitter:label2\" content=\"Dur\u00e9e de lecture estim\u00e9e\" \/>\n\t<meta name=\"twitter:data2\" content=\"5 minutes\" \/>\n<script type=\"application\/ld+json\" class=\"yoast-schema-graph\">{\"@context\":\"https:\/\/schema.org\",\"@graph\":[{\"@type\":\"Article\",\"@id\":\"https:\/\/www.svalbard.fr\/actualites\/jai-visite-la-capitale-la-plus-chere-deurope-ou-la-biere-coute-9\/#article\",\"isPartOf\":{\"@id\":\"https:\/\/www.svalbard.fr\/actualites\/jai-visite-la-capitale-la-plus-chere-deurope-ou-la-biere-coute-9\/\"},\"author\":{\"name\":\"Hilmar\",\"@id\":\"https:\/\/www.svalbard.fr\/actualites\/#\/schema\/person\/a2f937d5712222366738fae98755c600\"},\"headline\":\"\u00ab\u00a0 J&#39;ai visit\u00e9 la capitale la plus ch\u00e8re d&#39;Europe o\u00f9 la bi\u00e8re co\u00fbte 9 \u00a3 &#39;\",\"datePublished\":\"2025-05-26T07:45:37+00:00\",\"dateModified\":\"2025-05-26T07:45:40+00:00\",\"mainEntityOfPage\":{\"@id\":\"https:\/\/www.svalbard.fr\/actualites\/jai-visite-la-capitale-la-plus-chere-deurope-ou-la-biere-coute-9\/\"},\"wordCount\":1074,\"publisher\":{\"@id\":\"https:\/\/www.svalbard.fr\/actualites\/#organization\"},\"keywords\":[\"bi\u00e8re\",\"capitale\",\"ch\u00e8re\",\"co\u00fbte\",\"d39Europe\",\"J39ai\",\"O\u00f9\",\"visite\"],\"inLanguage\":\"fr-FR\"},{\"@type\":\"WebPage\",\"@id\":\"https:\/\/www.svalbard.fr\/actualites\/jai-visite-la-capitale-la-plus-chere-deurope-ou-la-biere-coute-9\/\",\"url\":\"https:\/\/www.svalbard.fr\/actualites\/jai-visite-la-capitale-la-plus-chere-deurope-ou-la-biere-coute-9\/\",\"name\":\"`` J&#39;ai visit\u00e9 la capitale la plus ch\u00e8re d&#39;Europe o\u00f9 la bi\u00e8re co\u00fbte 9 \u00a3 &#39;\",\"isPartOf\":{\"@id\":\"https:\/\/www.svalbard.fr\/actualites\/#website\"},\"datePublished\":\"2025-05-26T07:45:37+00:00\",\"dateModified\":\"2025-05-26T07:45:40+00:00\",\"breadcrumb\":{\"@id\":\"https:\/\/www.svalbard.fr\/actualites\/jai-visite-la-capitale-la-plus-chere-deurope-ou-la-biere-coute-9\/#breadcrumb\"},\"inLanguage\":\"fr-FR\",\"potentialAction\":[{\"@type\":\"ReadAction\",\"target\":[\"https:\/\/www.svalbard.fr\/actualites\/jai-visite-la-capitale-la-plus-chere-deurope-ou-la-biere-coute-9\/\"]}]},{\"@type\":\"BreadcrumbList\",\"@id\":\"https:\/\/www.svalbard.fr\/actualites\/jai-visite-la-capitale-la-plus-chere-deurope-ou-la-biere-coute-9\/#breadcrumb\",\"itemListElement\":[{\"@type\":\"ListItem\",\"position\":1,\"name\":\"Accueil\",\"item\":\"https:\/\/www.svalbard.fr\/actualites\/\"},{\"@type\":\"ListItem\",\"position\":2,\"name\":\"\u00ab\u00a0 J&#39;ai visit\u00e9 la capitale la plus ch\u00e8re d&#39;Europe o\u00f9 la bi\u00e8re co\u00fbte 9 \u00a3 &#39;\"}]},{\"@type\":\"WebSite\",\"@id\":\"https:\/\/www.svalbard.fr\/actualites\/#website\",\"url\":\"https:\/\/www.svalbard.fr\/actualites\/\",\"name\":\"www.Svalbard.fr\",\"description\":\"\",\"publisher\":{\"@id\":\"https:\/\/www.svalbard.fr\/actualites\/#organization\"},\"potentialAction\":[{\"@type\":\"SearchAction\",\"target\":{\"@type\":\"EntryPoint\",\"urlTemplate\":\"https:\/\/www.svalbard.fr\/actualites\/?s={search_term_string}\"},\"query-input\":\"required name=search_term_string\"}],\"inLanguage\":\"fr-FR\"},{\"@type\":\"Organization\",\"@id\":\"https:\/\/www.svalbard.fr\/actualites\/#organization\",\"name\":\"www.Svalbard.fr\",\"url\":\"https:\/\/www.svalbard.fr\/actualites\/\",\"logo\":{\"@type\":\"ImageObject\",\"inLanguage\":\"fr-FR\",\"@id\":\"https:\/\/www.svalbard.fr\/actualites\/#\/schema\/logo\/image\/\",\"url\":\"https:\/\/www.svalbard.fr\/actualites\/wp-content\/uploads\/2023\/09\/head-nom.jpg\",\"contentUrl\":\"https:\/\/www.svalbard.fr\/actualites\/wp-content\/uploads\/2023\/09\/head-nom.jpg\",\"width\":264,\"height\":35,\"caption\":\"www.Svalbard.fr\"},\"image\":{\"@id\":\"https:\/\/www.svalbard.fr\/actualites\/#\/schema\/logo\/image\/\"}},{\"@type\":\"Person\",\"@id\":\"https:\/\/www.svalbard.fr\/actualites\/#\/schema\/person\/a2f937d5712222366738fae98755c600\",\"name\":\"Hilmar\",\"image\":{\"@type\":\"ImageObject\",\"inLanguage\":\"fr-FR\",\"@id\":\"https:\/\/www.svalbard.fr\/actualites\/#\/schema\/person\/image\/\",\"url\":\"https:\/\/secure.gravatar.com\/avatar\/4daa437093476dbc32da415c112b6512?s=96&d=mm&r=g\",\"contentUrl\":\"https:\/\/secure.gravatar.com\/avatar\/4daa437093476dbc32da415c112b6512?s=96&d=mm&r=g\",\"caption\":\"Hilmar\"},\"description\":\"Hilmar est un passionn\u00e9 des r\u00e9gions polaires, sp\u00e9cialis\u00e9 dans la r\u00e9daction d'articles sur le Spitzberg et autres destinations arctiques. Il apporte son expertise et sa passion pour l'Arctique au sein de l'\u00e9quipe de r\u00e9daction de Svalbard depuis de nombreuses ann\u00e9es.\",\"sameAs\":[\"https:\/\/www.svalbard.fr\/\"]}]}<\/script>\n<!-- \/ Yoast SEO plugin. -->","yoast_head_json":{"title":"`` J&#39;ai visit\u00e9 la capitale la plus ch\u00e8re d&#39;Europe o\u00f9 la bi\u00e8re co\u00fbte 9 \u00a3 &#39;","robots":{"index":"index","follow":"follow","max-snippet":"max-snippet:-1","max-image-preview":"max-image-preview:large","max-video-preview":"max-video-preview:-1"},"canonical":"https:\/\/www.svalbard.fr\/actualites\/jai-visite-la-capitale-la-plus-chere-deurope-ou-la-biere-coute-9\/","og_locale":"fr_FR","og_type":"article","og_title":"`` J&#39;ai visit\u00e9 la capitale la plus ch\u00e8re d&#39;Europe o\u00f9 la bi\u00e8re co\u00fbte 9 \u00a3 &#39;","og_description":"Cet article contient des liens d&#39;affiliation, nous recevrons une commission sur les ventes que nous en g\u00e9n\u00e9rons. Apprendre encore plus La ville est ma pr\u00e9f\u00e9r\u00e9e","og_url":"https:\/\/www.svalbard.fr\/actualites\/jai-visite-la-capitale-la-plus-chere-deurope-ou-la-biere-coute-9\/","og_site_name":"www.Svalbard.fr","article_published_time":"2025-05-26T07:45:37+00:00","article_modified_time":"2025-05-26T07:45:40+00:00","og_image":[{"width":1200,"height":630,"url":"https:\/\/www.svalbard.fr\/actualites\/wp-content\/uploads\/2025\/05\/1748245538_J39ai-visite-la-capitale-la-plus-chere-d39Europe-ou.jpg","type":"image\/jpeg"}],"author":"Hilmar","twitter_card":"summary_large_image","twitter_misc":{"\u00c9crit par":"Hilmar","Dur\u00e9e de lecture estim\u00e9e":"5 minutes"},"schema":{"@context":"https:\/\/schema.org","@graph":[{"@type":"Article","@id":"https:\/\/www.svalbard.fr\/actualites\/jai-visite-la-capitale-la-plus-chere-deurope-ou-la-biere-coute-9\/#article","isPartOf":{"@id":"https:\/\/www.svalbard.fr\/actualites\/jai-visite-la-capitale-la-plus-chere-deurope-ou-la-biere-coute-9\/"},"author":{"name":"Hilmar","@id":"https:\/\/www.svalbard.fr\/actualites\/#\/schema\/person\/a2f937d5712222366738fae98755c600"},"headline":"\u00ab\u00a0 J&#39;ai visit\u00e9 la capitale la plus ch\u00e8re d&#39;Europe o\u00f9 la bi\u00e8re co\u00fbte 9 \u00a3 &#39;","datePublished":"2025-05-26T07:45:37+00:00","dateModified":"2025-05-26T07:45:40+00:00","mainEntityOfPage":{"@id":"https:\/\/www.svalbard.fr\/actualites\/jai-visite-la-capitale-la-plus-chere-deurope-ou-la-biere-coute-9\/"},"wordCount":1074,"publisher":{"@id":"https:\/\/www.svalbard.fr\/actualites\/#organization"},"keywords":["bi\u00e8re","capitale","ch\u00e8re","co\u00fbte","d39Europe","J39ai","O\u00f9","visite"],"inLanguage":"fr-FR"},{"@type":"WebPage","@id":"https:\/\/www.svalbard.fr\/actualites\/jai-visite-la-capitale-la-plus-chere-deurope-ou-la-biere-coute-9\/","url":"https:\/\/www.svalbard.fr\/actualites\/jai-visite-la-capitale-la-plus-chere-deurope-ou-la-biere-coute-9\/","name":"`` J&#39;ai visit\u00e9 la capitale la plus ch\u00e8re d&#39;Europe o\u00f9 la bi\u00e8re co\u00fbte 9 \u00a3 &#39;","isPartOf":{"@id":"https:\/\/www.svalbard.fr\/actualites\/#website"},"datePublished":"2025-05-26T07:45:37+00:00","dateModified":"2025-05-26T07:45:40+00:00","breadcrumb":{"@id":"https:\/\/www.svalbard.fr\/actualites\/jai-visite-la-capitale-la-plus-chere-deurope-ou-la-biere-coute-9\/#breadcrumb"},"inLanguage":"fr-FR","potentialAction":[{"@type":"ReadAction","target":["https:\/\/www.svalbard.fr\/actualites\/jai-visite-la-capitale-la-plus-chere-deurope-ou-la-biere-coute-9\/"]}]},{"@type":"BreadcrumbList","@id":"https:\/\/www.svalbard.fr\/actualites\/jai-visite-la-capitale-la-plus-chere-deurope-ou-la-biere-coute-9\/#breadcrumb","itemListElement":[{"@type":"ListItem","position":1,"name":"Accueil","item":"https:\/\/www.svalbard.fr\/actualites\/"},{"@type":"ListItem","position":2,"name":"\u00ab\u00a0 J&#39;ai visit\u00e9 la capitale la plus ch\u00e8re d&#39;Europe o\u00f9 la bi\u00e8re co\u00fbte 9 \u00a3 &#39;"}]},{"@type":"WebSite","@id":"https:\/\/www.svalbard.fr\/actualites\/#website","url":"https:\/\/www.svalbard.fr\/actualites\/","name":"www.Svalbard.fr","description":"","publisher":{"@id":"https:\/\/www.svalbard.fr\/actualites\/#organization"},"potentialAction":[{"@type":"SearchAction","target":{"@type":"EntryPoint","urlTemplate":"https:\/\/www.svalbard.fr\/actualites\/?s={search_term_string}"},"query-input":"required name=search_term_string"}],"inLanguage":"fr-FR"},{"@type":"Organization","@id":"https:\/\/www.svalbard.fr\/actualites\/#organization","name":"www.Svalbard.fr","url":"https:\/\/www.svalbard.fr\/actualites\/","logo":{"@type":"ImageObject","inLanguage":"fr-FR","@id":"https:\/\/www.svalbard.fr\/actualites\/#\/schema\/logo\/image\/","url":"https:\/\/www.svalbard.fr\/actualites\/wp-content\/uploads\/2023\/09\/head-nom.jpg","contentUrl":"https:\/\/www.svalbard.fr\/actualites\/wp-content\/uploads\/2023\/09\/head-nom.jpg","width":264,"height":35,"caption":"www.Svalbard.fr"},"image":{"@id":"https:\/\/www.svalbard.fr\/actualites\/#\/schema\/logo\/image\/"}},{"@type":"Person","@id":"https:\/\/www.svalbard.fr\/actualites\/#\/schema\/person\/a2f937d5712222366738fae98755c600","name":"Hilmar","image":{"@type":"ImageObject","inLanguage":"fr-FR","@id":"https:\/\/www.svalbard.fr\/actualites\/#\/schema\/person\/image\/","url":"https:\/\/secure.gravatar.com\/avatar\/4daa437093476dbc32da415c112b6512?s=96&d=mm&r=g","contentUrl":"https:\/\/secure.gravatar.com\/avatar\/4daa437093476dbc32da415c112b6512?s=96&d=mm&r=g","caption":"Hilmar"},"description":"Hilmar est un passionn\u00e9 des r\u00e9gions polaires, sp\u00e9cialis\u00e9 dans la r\u00e9daction d'articles sur le Spitzberg et autres destinations arctiques. Il apporte son expertise et sa passion pour l'Arctique au sein de l'\u00e9quipe de r\u00e9daction de Svalbard depuis de nombreuses ann\u00e9es.","sameAs":["https:\/\/www.svalbard.fr\/"]}]}},"_links":{"self":[{"href":"https:\/\/www.svalbard.fr\/actualites\/wp-json\/wp\/v2\/posts\/3906"}],"collection":[{"href":"https:\/\/www.svalbard.fr\/actualites\/wp-json\/wp\/v2\/posts"}],"about":[{"href":"https:\/\/www.svalbard.fr\/actualites\/wp-json\/wp\/v2\/types\/post"}],"author":[{"embeddable":true,"href":"https:\/\/www.svalbard.fr\/actualites\/wp-json\/wp\/v2\/users\/1"}],"replies":[{"embeddable":true,"href":"https:\/\/www.svalbard.fr\/actualites\/wp-json\/wp\/v2\/comments?post=3906"}],"version-history":[{"count":1,"href":"https:\/\/www.svalbard.fr\/actualites\/wp-json\/wp\/v2\/posts\/3906\/revisions"}],"predecessor-version":[{"id":3908,"href":"https:\/\/www.svalbard.fr\/actualites\/wp-json\/wp\/v2\/posts\/3906\/revisions\/3908"}],"wp:featuredmedia":[{"embeddable":true,"href":"https:\/\/www.svalbard.fr\/actualites\/wp-json\/wp\/v2\/media\/3907"}],"wp:attachment":[{"href":"https:\/\/www.svalbard.fr\/actualites\/wp-json\/wp\/v2\/media?parent=3906"}],"wp:term":[{"taxonomy":"category","embeddable":true,"href":"https:\/\/www.svalbard.fr\/actualites\/wp-json\/wp\/v2\/categories?post=3906"},{"taxonomy":"post_tag","embeddable":true,"href":"https:\/\/www.svalbard.fr\/actualites\/wp-json\/wp\/v2\/tags?post=3906"}],"curies":[{"name":"wp","href":"https:\/\/api.w.org\/{rel}","templated":true}]}}