{"id":3924,"date":"2025-05-27T10:30:00","date_gmt":"2025-05-27T08:30:00","guid":{"rendered":"https:\/\/www.svalbard.fr\/actualites\/?p=3924"},"modified":"2025-05-27T12:17:08","modified_gmt":"2025-05-27T10:17:08","slug":"laustralie-cree-la-surprise-avec-le-plus-grand-parc-eolien-de-lhemisphere-sud","status":"publish","type":"post","link":"https:\/\/www.svalbard.fr\/actualites\/laustralie-cree-la-surprise-avec-le-plus-grand-parc-eolien-de-lhemisphere-sud\/","title":{"rendered":"L\u2019Australie cr\u00e9e la surprise avec le plus grand parc \u00e9olien de l\u2019h\u00e9misph\u00e8re sud"},"content":{"rendered":"\n<p><strong><em>L\u2019Australie franchit un cap majeur dans sa transition \u00e9nerg\u00e9tique avec la cr\u00e9ation du plus grand <\/em><\/strong><strong><em>parc \u00e9olien de l\u2019h\u00e9misph\u00e8re sud<\/em><\/strong><strong><em>. Ce projet ambitieux, qui ajoutera 1,3 gigawatt \u00e0 la capacit\u00e9 du r\u00e9seau \u00e9lectrique, marque un tournant dans la qu\u00eate du pays pour des sources d\u2019\u00e9nergie plus durables. Ce parc \u00e9olien, le <\/em><\/strong><strong><em>Golden Plains Wind Farm<\/em><\/strong><strong><em>, devrait couvrir environ 8 % de la demande \u00e9nerg\u00e9tique de l&rsquo;\u00c9tat de Victoria d&rsquo;ici 2027, un pas de g\u00e9ant vers un avenir plus vert.<\/em><\/strong><\/p>\n\n\n\n<!--more-->\n\n\n\n<h2 class=\"wp-block-heading\">La croissance du parc \u00e9olien de Golden Plains<\/h2>\n\n\n\n<p>Le projet, situ\u00e9 pr\u00e8s de la petite ville de <strong>Rokewood<\/strong>, \u00e0 seulement 60 km de Geelong, a d\u00e9but\u00e9 en 2023 et se d\u00e9roulera en deux phases. La premi\u00e8re phase a d\u00e9j\u00e0 vu l&rsquo;installation de <a href=\"https:\/\/www.svalbard.fr\/actualites\/la-chine-prepare-une-revolution-energetique-avec-la-turbine-eolienne-la-plus-puissante-du-monde\/\"><strong>turbines<\/strong><\/a> capables de produire 756 MW, rapprochant l\u2019Australie de son objectif de produire davantage d\u2019\u00e9nergie <strong>verte<\/strong>. Ce projet terrestre se distingue des parcs \u00e9oliens <strong>offshore<\/strong> plus courants en Europe et profite de la g\u00e9ographie vaste et id\u00e9ale de l&rsquo;Australie pour une exploitation efficace des ressources \u00e9oliennes.<\/p>\n\n\n\n<h2 class=\"wp-block-heading\">Technologie et innovation : le r\u00f4le de Vestas<\/h2>\n\n\n\n<p>L\u2019un des principaux acteurs de cette initiative est le fabricant danois <strong>Vestas<\/strong>, qui fournit les turbines utilis\u00e9es dans la deuxi\u00e8me phase du projet. Parmi les mod\u00e8les innovants, le <strong>V162-6.2 MW<\/strong>, con\u00e7u pour maximiser la production tout en minimisant l&rsquo;impact environnemental, sera install\u00e9 sur le site. L&rsquo;utilisation de cette technologie de pointe d\u00e9montre l\u2019engagement de l\u2019Australie \u00e0 optimiser la gestion de l\u2019\u00e9nergie <strong>\u00e9olienne<\/strong> tout en r\u00e9duisant son empreinte \u00e9cologique.<\/p>\n\n\n\n<h2 class=\"wp-block-heading\">Objectif z\u00e9ro \u00e9mission d&rsquo;ici 2050<\/h2>\n\n\n\n<p>Le projet de Golden Plains s&rsquo;inscrit dans un cadre plus large de <strong>strat\u00e9gies nationales<\/strong> visant \u00e0 atteindre des <strong>\u00e9missions nettes nulles de CO2<\/strong> d&rsquo;ici 2050. L&rsquo;Australie, avec ses vastes \u00e9tendues d\u00e9sertiques, se tourne vers les <strong><a href=\"https:\/\/www.svalbard.fr\/actualites\/un-enorme-coup-de-pouce-pour-la-grande-bretagne-en-tant-que-plus-grand-parc-eolien-du-monde-coutant-8-milliards-de-livres-sterling-avec-le-feu-vert\/\">parcs \u00e9oliens<\/a> terrestres<\/strong> pour produire une \u00e9nergie propre, une solution qui se distingue des installations maritimes populaires ailleurs dans le monde. L\u2019objectif est de r\u00e9duire la d\u00e9pendance du pays aux <strong>combustibles fossiles<\/strong> tout en am\u00e9liorant la qualit\u00e9 de l\u2019air et en contribuant \u00e0 une <strong>\u00e9conomie plus durable<\/strong>.<\/p>\n\n\n\n<h2 class=\"wp-block-heading\">Impact \u00e9conomique et environnemental<\/h2>\n\n\n\n<p>Le parc \u00e9olien de Golden Plains produira \u00e0 terme environ 4 500 gigawattheures d\u2019\u00e9lectricit\u00e9 par an, une capacit\u00e9 suffisante pour alimenter une large portion de l&rsquo;\u00c9tat de Victoria. Cela permettra de <strong>fermer<\/strong> la centrale \u00e0 charbon de Yallourn d&rsquo;ici 2028, un geste significatif vers un syst\u00e8me \u00e9nerg\u00e9tique plus propre. Ce projet, en plus de b\u00e9n\u00e9ficier \u00e0 l\u2019environnement, devrait avoir des <strong>retomb\u00e9es \u00e9conomiques positives<\/strong>, en g\u00e9n\u00e9rant de l\u2019emploi et en favorisant la transition vers un mod\u00e8le \u00e9nerg\u00e9tique plus vert.<\/p>\n\n\n\n<h2 class=\"wp-block-heading\">Partenariats et financement<\/h2>\n\n\n\n<p>Le succ\u00e8s de ce projet a \u00e9t\u00e9 rendu possible gr\u00e2ce \u00e0 un financement solide, soutenu par <strong>TagEnergy<\/strong> et la <strong>Clean Energy Finance Corporation<\/strong>, une initiative gouvernementale qui finance des projets d&rsquo;\u00e9nergie durable. Vestas, en plus de fournir les turbines, prendra en charge la <strong>maintenance<\/strong> du parc \u00e9olien pendant 30 ans, garantissant ainsi un rendement optimal sur le long terme. Cette collaboration entre acteurs publics et priv\u00e9s souligne l\u2019importance de l&rsquo;engagement collectif pour la transition \u00e9nerg\u00e9tique.<\/p>\n\n\n\n<p>En somme, ce projet est un symbole des ambitions de l&rsquo;Australie dans le secteur des <strong>\u00e9nergies renouvelables<\/strong>. Il montre que l\u2019investissement dans les <strong>infrastructures durables<\/strong> peut non seulement dynamiser l\u2019\u00e9conomie locale, mais aussi aider le pays \u00e0 se positionner comme un leader mondial dans la lutte contre le changement climatique.<\/p>\n","protected":false},"excerpt":{"rendered":"<p>L\u2019Australie franchit un cap majeur dans sa transition \u00e9nerg\u00e9tique avec la cr\u00e9ation du plus grand parc \u00e9olien de l\u2019h\u00e9misph\u00e8re sud. Ce projet ambitieux, qui ajoutera<\/p>\n","protected":false},"author":3,"featured_media":3925,"comment_status":"closed","ping_status":"closed","sticky":false,"template":"","format":"standard","meta":{"footnotes":""},"categories":[1725],"tags":[],"yoast_head":"<!-- This site is optimized with the Yoast SEO plugin v21.0 - https:\/\/yoast.com\/wordpress\/plugins\/seo\/ -->\n<title>L\u2019Australie cr\u00e9e la surprise avec le plus grand parc \u00e9olien de l\u2019h\u00e9misph\u00e8re sud<\/title>\n<meta name=\"robots\" content=\"index, follow, max-snippet:-1, max-image-preview:large, max-video-preview:-1\" \/>\n<link rel=\"canonical\" href=\"https:\/\/www.svalbard.fr\/actualites\/laustralie-cree-la-surprise-avec-le-plus-grand-parc-eolien-de-lhemisphere-sud\/\" \/>\n<meta property=\"og:locale\" content=\"fr_FR\" \/>\n<meta property=\"og:type\" content=\"article\" \/>\n<meta property=\"og:title\" content=\"L\u2019Australie cr\u00e9e la surprise avec le plus grand parc \u00e9olien de l\u2019h\u00e9misph\u00e8re sud\" \/>\n<meta property=\"og:description\" content=\"L\u2019Australie franchit un cap majeur dans sa transition \u00e9nerg\u00e9tique avec la cr\u00e9ation du plus grand parc \u00e9olien de l\u2019h\u00e9misph\u00e8re sud. Ce projet ambitieux, qui ajoutera\" \/>\n<meta property=\"og:url\" content=\"https:\/\/www.svalbard.fr\/actualites\/laustralie-cree-la-surprise-avec-le-plus-grand-parc-eolien-de-lhemisphere-sud\/\" \/>\n<meta property=\"og:site_name\" content=\"www.Svalbard.fr\" \/>\n<meta property=\"article:published_time\" content=\"2025-05-27T08:30:00+00:00\" \/>\n<meta property=\"article:modified_time\" content=\"2025-05-27T10:17:08+00:00\" \/>\n<meta property=\"og:image\" content=\"https:\/\/www.svalbard.fr\/actualites\/wp-content\/uploads\/2025\/05\/le-plus-grand-parc-eolien-de.jpg\" \/>\n\t<meta property=\"og:image:width\" content=\"1200\" \/>\n\t<meta property=\"og:image:height\" content=\"800\" \/>\n\t<meta property=\"og:image:type\" content=\"image\/jpeg\" \/>\n<meta name=\"author\" content=\"Guillaume Chen\" \/>\n<meta name=\"twitter:card\" content=\"summary_large_image\" \/>\n<meta name=\"twitter:label1\" content=\"\u00c9crit par\" \/>\n\t<meta name=\"twitter:data1\" content=\"Guillaume Chen\" \/>\n\t<meta name=\"twitter:label2\" content=\"Dur\u00e9e de lecture estim\u00e9e\" \/>\n\t<meta name=\"twitter:data2\" content=\"3 minutes\" \/>\n<script type=\"application\/ld+json\" class=\"yoast-schema-graph\">{\"@context\":\"https:\/\/schema.org\",\"@graph\":[{\"@type\":\"Article\",\"@id\":\"https:\/\/www.svalbard.fr\/actualites\/laustralie-cree-la-surprise-avec-le-plus-grand-parc-eolien-de-lhemisphere-sud\/#article\",\"isPartOf\":{\"@id\":\"https:\/\/www.svalbard.fr\/actualites\/laustralie-cree-la-surprise-avec-le-plus-grand-parc-eolien-de-lhemisphere-sud\/\"},\"author\":{\"name\":\"Guillaume Chen\",\"@id\":\"https:\/\/www.svalbard.fr\/actualites\/#\/schema\/person\/b9d185560b94bff7322d37cb676ee545\"},\"headline\":\"L\u2019Australie cr\u00e9e la surprise avec le plus grand parc \u00e9olien de l\u2019h\u00e9misph\u00e8re sud\",\"datePublished\":\"2025-05-27T08:30:00+00:00\",\"dateModified\":\"2025-05-27T10:17:08+00:00\",\"mainEntityOfPage\":{\"@id\":\"https:\/\/www.svalbard.fr\/actualites\/laustralie-cree-la-surprise-avec-le-plus-grand-parc-eolien-de-lhemisphere-sud\/\"},\"wordCount\":596,\"publisher\":{\"@id\":\"https:\/\/www.svalbard.fr\/actualites\/#organization\"},\"articleSection\":[\"Tendances\"],\"inLanguage\":\"fr-FR\"},{\"@type\":\"WebPage\",\"@id\":\"https:\/\/www.svalbard.fr\/actualites\/laustralie-cree-la-surprise-avec-le-plus-grand-parc-eolien-de-lhemisphere-sud\/\",\"url\":\"https:\/\/www.svalbard.fr\/actualites\/laustralie-cree-la-surprise-avec-le-plus-grand-parc-eolien-de-lhemisphere-sud\/\",\"name\":\"L\u2019Australie cr\u00e9e la surprise avec le plus grand parc \u00e9olien de l\u2019h\u00e9misph\u00e8re sud\",\"isPartOf\":{\"@id\":\"https:\/\/www.svalbard.fr\/actualites\/#website\"},\"datePublished\":\"2025-05-27T08:30:00+00:00\",\"dateModified\":\"2025-05-27T10:17:08+00:00\",\"breadcrumb\":{\"@id\":\"https:\/\/www.svalbard.fr\/actualites\/laustralie-cree-la-surprise-avec-le-plus-grand-parc-eolien-de-lhemisphere-sud\/#breadcrumb\"},\"inLanguage\":\"fr-FR\",\"potentialAction\":[{\"@type\":\"ReadAction\",\"target\":[\"https:\/\/www.svalbard.fr\/actualites\/laustralie-cree-la-surprise-avec-le-plus-grand-parc-eolien-de-lhemisphere-sud\/\"]}]},{\"@type\":\"BreadcrumbList\",\"@id\":\"https:\/\/www.svalbard.fr\/actualites\/laustralie-cree-la-surprise-avec-le-plus-grand-parc-eolien-de-lhemisphere-sud\/#breadcrumb\",\"itemListElement\":[{\"@type\":\"ListItem\",\"position\":1,\"name\":\"Accueil\",\"item\":\"https:\/\/www.svalbard.fr\/actualites\/\"},{\"@type\":\"ListItem\",\"position\":2,\"name\":\"L\u2019Australie cr\u00e9e la surprise avec le plus grand parc \u00e9olien de l\u2019h\u00e9misph\u00e8re sud\"}]},{\"@type\":\"WebSite\",\"@id\":\"https:\/\/www.svalbard.fr\/actualites\/#website\",\"url\":\"https:\/\/www.svalbard.fr\/actualites\/\",\"name\":\"www.Svalbard.fr\",\"description\":\"\",\"publisher\":{\"@id\":\"https:\/\/www.svalbard.fr\/actualites\/#organization\"},\"potentialAction\":[{\"@type\":\"SearchAction\",\"target\":{\"@type\":\"EntryPoint\",\"urlTemplate\":\"https:\/\/www.svalbard.fr\/actualites\/?s={search_term_string}\"},\"query-input\":\"required name=search_term_string\"}],\"inLanguage\":\"fr-FR\"},{\"@type\":\"Organization\",\"@id\":\"https:\/\/www.svalbard.fr\/actualites\/#organization\",\"name\":\"www.Svalbard.fr\",\"url\":\"https:\/\/www.svalbard.fr\/actualites\/\",\"logo\":{\"@type\":\"ImageObject\",\"inLanguage\":\"fr-FR\",\"@id\":\"https:\/\/www.svalbard.fr\/actualites\/#\/schema\/logo\/image\/\",\"url\":\"https:\/\/www.svalbard.fr\/actualites\/wp-content\/uploads\/2023\/09\/head-nom.jpg\",\"contentUrl\":\"https:\/\/www.svalbard.fr\/actualites\/wp-content\/uploads\/2023\/09\/head-nom.jpg\",\"width\":264,\"height\":35,\"caption\":\"www.Svalbard.fr\"},\"image\":{\"@id\":\"https:\/\/www.svalbard.fr\/actualites\/#\/schema\/logo\/image\/\"}},{\"@type\":\"Person\",\"@id\":\"https:\/\/www.svalbard.fr\/actualites\/#\/schema\/person\/b9d185560b94bff7322d37cb676ee545\",\"name\":\"Guillaume Chen\",\"image\":{\"@type\":\"ImageObject\",\"inLanguage\":\"fr-FR\",\"@id\":\"https:\/\/www.svalbard.fr\/actualites\/#\/schema\/person\/image\/\",\"url\":\"https:\/\/secure.gravatar.com\/avatar\/0c3f9c94586035b795ad4049a06fb048?s=96&d=mm&r=g\",\"contentUrl\":\"https:\/\/secure.gravatar.com\/avatar\/0c3f9c94586035b795ad4049a06fb048?s=96&d=mm&r=g\",\"caption\":\"Guillaume Chen\"},\"sameAs\":[\"https:\/\/www.svalbard.fr\/\"]}]}<\/script>\n<!-- \/ Yoast SEO plugin. -->","yoast_head_json":{"title":"L\u2019Australie cr\u00e9e la surprise avec le plus grand parc \u00e9olien de l\u2019h\u00e9misph\u00e8re sud","robots":{"index":"index","follow":"follow","max-snippet":"max-snippet:-1","max-image-preview":"max-image-preview:large","max-video-preview":"max-video-preview:-1"},"canonical":"https:\/\/www.svalbard.fr\/actualites\/laustralie-cree-la-surprise-avec-le-plus-grand-parc-eolien-de-lhemisphere-sud\/","og_locale":"fr_FR","og_type":"article","og_title":"L\u2019Australie cr\u00e9e la surprise avec le plus grand parc \u00e9olien de l\u2019h\u00e9misph\u00e8re sud","og_description":"L\u2019Australie franchit un cap majeur dans sa transition \u00e9nerg\u00e9tique avec la cr\u00e9ation du plus grand parc \u00e9olien de l\u2019h\u00e9misph\u00e8re sud. Ce projet ambitieux, qui ajoutera","og_url":"https:\/\/www.svalbard.fr\/actualites\/laustralie-cree-la-surprise-avec-le-plus-grand-parc-eolien-de-lhemisphere-sud\/","og_site_name":"www.Svalbard.fr","article_published_time":"2025-05-27T08:30:00+00:00","article_modified_time":"2025-05-27T10:17:08+00:00","og_image":[{"width":1200,"height":800,"url":"https:\/\/www.svalbard.fr\/actualites\/wp-content\/uploads\/2025\/05\/le-plus-grand-parc-eolien-de.jpg","type":"image\/jpeg"}],"author":"Guillaume Chen","twitter_card":"summary_large_image","twitter_misc":{"\u00c9crit par":"Guillaume Chen","Dur\u00e9e de lecture estim\u00e9e":"3 minutes"},"schema":{"@context":"https:\/\/schema.org","@graph":[{"@type":"Article","@id":"https:\/\/www.svalbard.fr\/actualites\/laustralie-cree-la-surprise-avec-le-plus-grand-parc-eolien-de-lhemisphere-sud\/#article","isPartOf":{"@id":"https:\/\/www.svalbard.fr\/actualites\/laustralie-cree-la-surprise-avec-le-plus-grand-parc-eolien-de-lhemisphere-sud\/"},"author":{"name":"Guillaume Chen","@id":"https:\/\/www.svalbard.fr\/actualites\/#\/schema\/person\/b9d185560b94bff7322d37cb676ee545"},"headline":"L\u2019Australie cr\u00e9e la surprise avec le plus grand parc \u00e9olien de l\u2019h\u00e9misph\u00e8re sud","datePublished":"2025-05-27T08:30:00+00:00","dateModified":"2025-05-27T10:17:08+00:00","mainEntityOfPage":{"@id":"https:\/\/www.svalbard.fr\/actualites\/laustralie-cree-la-surprise-avec-le-plus-grand-parc-eolien-de-lhemisphere-sud\/"},"wordCount":596,"publisher":{"@id":"https:\/\/www.svalbard.fr\/actualites\/#organization"},"articleSection":["Tendances"],"inLanguage":"fr-FR"},{"@type":"WebPage","@id":"https:\/\/www.svalbard.fr\/actualites\/laustralie-cree-la-surprise-avec-le-plus-grand-parc-eolien-de-lhemisphere-sud\/","url":"https:\/\/www.svalbard.fr\/actualites\/laustralie-cree-la-surprise-avec-le-plus-grand-parc-eolien-de-lhemisphere-sud\/","name":"L\u2019Australie cr\u00e9e la surprise avec le plus grand parc \u00e9olien de l\u2019h\u00e9misph\u00e8re sud","isPartOf":{"@id":"https:\/\/www.svalbard.fr\/actualites\/#website"},"datePublished":"2025-05-27T08:30:00+00:00","dateModified":"2025-05-27T10:17:08+00:00","breadcrumb":{"@id":"https:\/\/www.svalbard.fr\/actualites\/laustralie-cree-la-surprise-avec-le-plus-grand-parc-eolien-de-lhemisphere-sud\/#breadcrumb"},"inLanguage":"fr-FR","potentialAction":[{"@type":"ReadAction","target":["https:\/\/www.svalbard.fr\/actualites\/laustralie-cree-la-surprise-avec-le-plus-grand-parc-eolien-de-lhemisphere-sud\/"]}]},{"@type":"BreadcrumbList","@id":"https:\/\/www.svalbard.fr\/actualites\/laustralie-cree-la-surprise-avec-le-plus-grand-parc-eolien-de-lhemisphere-sud\/#breadcrumb","itemListElement":[{"@type":"ListItem","position":1,"name":"Accueil","item":"https:\/\/www.svalbard.fr\/actualites\/"},{"@type":"ListItem","position":2,"name":"L\u2019Australie cr\u00e9e la surprise avec le plus grand parc \u00e9olien de l\u2019h\u00e9misph\u00e8re sud"}]},{"@type":"WebSite","@id":"https:\/\/www.svalbard.fr\/actualites\/#website","url":"https:\/\/www.svalbard.fr\/actualites\/","name":"www.Svalbard.fr","description":"","publisher":{"@id":"https:\/\/www.svalbard.fr\/actualites\/#organization"},"potentialAction":[{"@type":"SearchAction","target":{"@type":"EntryPoint","urlTemplate":"https:\/\/www.svalbard.fr\/actualites\/?s={search_term_string}"},"query-input":"required name=search_term_string"}],"inLanguage":"fr-FR"},{"@type":"Organization","@id":"https:\/\/www.svalbard.fr\/actualites\/#organization","name":"www.Svalbard.fr","url":"https:\/\/www.svalbard.fr\/actualites\/","logo":{"@type":"ImageObject","inLanguage":"fr-FR","@id":"https:\/\/www.svalbard.fr\/actualites\/#\/schema\/logo\/image\/","url":"https:\/\/www.svalbard.fr\/actualites\/wp-content\/uploads\/2023\/09\/head-nom.jpg","contentUrl":"https:\/\/www.svalbard.fr\/actualites\/wp-content\/uploads\/2023\/09\/head-nom.jpg","width":264,"height":35,"caption":"www.Svalbard.fr"},"image":{"@id":"https:\/\/www.svalbard.fr\/actualites\/#\/schema\/logo\/image\/"}},{"@type":"Person","@id":"https:\/\/www.svalbard.fr\/actualites\/#\/schema\/person\/b9d185560b94bff7322d37cb676ee545","name":"Guillaume Chen","image":{"@type":"ImageObject","inLanguage":"fr-FR","@id":"https:\/\/www.svalbard.fr\/actualites\/#\/schema\/person\/image\/","url":"https:\/\/secure.gravatar.com\/avatar\/0c3f9c94586035b795ad4049a06fb048?s=96&d=mm&r=g","contentUrl":"https:\/\/secure.gravatar.com\/avatar\/0c3f9c94586035b795ad4049a06fb048?s=96&d=mm&r=g","caption":"Guillaume Chen"},"sameAs":["https:\/\/www.svalbard.fr\/"]}]}},"_links":{"self":[{"href":"https:\/\/www.svalbard.fr\/actualites\/wp-json\/wp\/v2\/posts\/3924"}],"collection":[{"href":"https:\/\/www.svalbard.fr\/actualites\/wp-json\/wp\/v2\/posts"}],"about":[{"href":"https:\/\/www.svalbard.fr\/actualites\/wp-json\/wp\/v2\/types\/post"}],"author":[{"embeddable":true,"href":"https:\/\/www.svalbard.fr\/actualites\/wp-json\/wp\/v2\/users\/3"}],"replies":[{"embeddable":true,"href":"https:\/\/www.svalbard.fr\/actualites\/wp-json\/wp\/v2\/comments?post=3924"}],"version-history":[{"count":1,"href":"https:\/\/www.svalbard.fr\/actualites\/wp-json\/wp\/v2\/posts\/3924\/revisions"}],"predecessor-version":[{"id":3926,"href":"https:\/\/www.svalbard.fr\/actualites\/wp-json\/wp\/v2\/posts\/3924\/revisions\/3926"}],"wp:featuredmedia":[{"embeddable":true,"href":"https:\/\/www.svalbard.fr\/actualites\/wp-json\/wp\/v2\/media\/3925"}],"wp:attachment":[{"href":"https:\/\/www.svalbard.fr\/actualites\/wp-json\/wp\/v2\/media?parent=3924"}],"wp:term":[{"taxonomy":"category","embeddable":true,"href":"https:\/\/www.svalbard.fr\/actualites\/wp-json\/wp\/v2\/categories?post=3924"},{"taxonomy":"post_tag","embeddable":true,"href":"https:\/\/www.svalbard.fr\/actualites\/wp-json\/wp\/v2\/tags?post=3924"}],"curies":[{"name":"wp","href":"https:\/\/api.w.org\/{rel}","templated":true}]}}