{"id":3931,"date":"2025-05-28T08:30:00","date_gmt":"2025-05-28T06:30:00","guid":{"rendered":"https:\/\/www.svalbard.fr\/actualites\/?p=3931"},"modified":"2025-05-27T12:24:08","modified_gmt":"2025-05-27T10:24:08","slug":"voici-les-secteurs-les-plus-touches-par-la-penurie-de-main-doeuvre-en-suisse","status":"publish","type":"post","link":"https:\/\/www.svalbard.fr\/actualites\/voici-les-secteurs-les-plus-touches-par-la-penurie-de-main-doeuvre-en-suisse\/","title":{"rendered":"Voici les secteurs les plus touch\u00e9s par la p\u00e9nurie de main-d&rsquo;\u0153uvre en Suisse"},"content":{"rendered":"\n<p><strong><em>Le march\u00e9 du travail en Suisse continue de montrer des signes de stabilisation, mais la <\/em><\/strong><strong><em>p\u00e9nurie de main-d&rsquo;\u0153uvre<\/em><\/strong><strong><em> demeure une probl\u00e9matique persistante, affectant particuli\u00e8rement certains secteurs cl\u00e9s. Malgr\u00e9 un l\u00e9ger recul de l\u2019indice de tension du march\u00e9 en 2024, des domaines strat\u00e9giques comme la <\/em><\/strong><strong><em>sant\u00e9<\/em><\/strong><strong><em> et la <\/em><\/strong><strong><em>construction<\/em><\/strong><strong><em> continuent de faire face \u00e0 une offre insuffisante de travailleurs qualifi\u00e9s. Alors, quels sont les secteurs les plus touch\u00e9s par cette p\u00e9nurie de personnel, et comment le pays tente-t-il de r\u00e9pondre \u00e0 cette situation ?<\/em><\/strong><\/p>\n\n\n\n<!--more-->\n\n\n\n<h2 class=\"wp-block-heading\">Un l\u00e9ger mieux, mais des tensions toujours pr\u00e9sentes<\/h2>\n\n\n\n<p>D\u2019apr\u00e8s les derni\u00e8res donn\u00e9es, l&rsquo;indice de p\u00e9nurie de main-d&rsquo;\u0153uvre en Suisse a diminu\u00e9 de 18 % par rapport \u00e0 2023. Cette baisse est li\u00e9e \u00e0 une r\u00e9duction du nombre de postes vacants (-7 %) et \u00e0 une l\u00e9g\u00e8re augmentation du taux de <strong>ch\u00f4mage<\/strong>, qui est pass\u00e9 de 2,0 % \u00e0 2,4 %. Toutefois, malgr\u00e9 ces signes d&rsquo;am\u00e9lioration, le niveau de tension sur le march\u00e9 du travail reste sup\u00e9rieur \u00e0 celui d&rsquo;avant la pand\u00e9mie. Cela montre que des difficult\u00e9s structurelles persistent, m\u00eame si certains secteurs connaissent une stabilisation.<\/p>\n\n\n\n<h2 class=\"wp-block-heading\">Les secteurs les plus impact\u00e9s<\/h2>\n\n\n\n<h3 class=\"wp-block-heading\">La sant\u00e9 : une demande toujours en hausse<\/h3>\n\n\n\n<p>Le secteur de la <a href=\"https:\/\/www.svalbard.fr\/actualites\/helsenorge-gerer-votre-sante-en-ligne-en-norvege\/\"><strong>sant\u00e9<\/strong><\/a> reste l&rsquo;un des plus affect\u00e9s par la <strong>p\u00e9nurie de personnel<\/strong>, notamment les professions comme infirmiers, m\u00e9decins et autres soignants. Bien que la situation se soit l\u00e9g\u00e8rement am\u00e9lior\u00e9e par rapport \u00e0 2023, la demande en personnel qualifi\u00e9 reste <strong>\u00e9lev\u00e9e<\/strong>. En raison de l\u2019augmentation des besoins li\u00e9s au vieillissement de la population et \u00e0 la <strong>croissance des services de sant\u00e9<\/strong>, cette tendance ne semble pas pr\u00eate de se stabiliser.<\/p>\n\n\n\n<h3 class=\"wp-block-heading\">La construction : une forte demande pour les m\u00e9tiers sp\u00e9cialis\u00e9s<\/h3>\n\n\n\n<p>L&rsquo;industrie de la <a href=\"https:\/\/www.svalbard.fr\/actualites\/bill-gates-lance-la-construction-dun-reacteur-nucleaire-revolutionnaire-aux-etats-unis\/\"><strong>construction<\/strong> <\/a>souffre \u00e9galement de la p\u00e9nurie de main-d&rsquo;\u0153uvre, notamment pour des postes tels que capicantier, \u00e9lectricien et ouvrier qualifi\u00e9. Avec une demande de plus en plus pressante dans le secteur immobilier, le manque de travailleurs qualifi\u00e9s est une r\u00e9elle entrave \u00e0 l&rsquo;ach\u00e8vement des projets, entra\u00eenant des retards et des co\u00fbts suppl\u00e9mentaires.<\/p>\n\n\n\n<h3 class=\"wp-block-heading\">Les services de s\u00e9curit\u00e9 : une p\u00e9nurie exacerb\u00e9e par un contexte international tendu<\/h3>\n\n\n\n<p>Les m\u00e9tiers de la s\u00e9curit\u00e9, tels que les <strong>vigilants<\/strong> de nuit, les policiers et les agents de s\u00e9curit\u00e9 priv\u00e9e, connaissent \u00e9galement de grandes difficult\u00e9s. Cette situation est exacerb\u00e9e par la demande croissante \u00e0 l&rsquo;\u00e9chelle internationale, en particulier en raison des tensions g\u00e9opolitiques actuelles. En cons\u00e9quence, ces postes restent difficiles \u00e0 pourvoir, avec un manque de main-d&rsquo;\u0153uvre qualifi\u00e9e dans un secteur en constante \u00e9volution.<\/p>\n\n\n\n<h2 class=\"wp-block-heading\">Disparit\u00e9s r\u00e9gionales en Suisse<\/h2>\n\n\n\n<h3 class=\"wp-block-heading\">Suisse al\u00e9manique : un march\u00e9 du travail plus dynamique<\/h3>\n\n\n\n<p>La Suisse al\u00e9manique semble profiter d&rsquo;un march\u00e9 du travail plus dynamique, avec une diminution de l&rsquo;indice de p\u00e9nurie de 19 %. Ce dynamisme est attribu\u00e9 \u00e0 une offre de travail plus abondante et \u00e0 des mesures locales visant \u00e0 encourager l&#8217;emploi. Cela contraste avec d&rsquo;autres r\u00e9gions, o\u00f9 la situation reste plus tendue.<\/p>\n\n\n\n<h3 class=\"wp-block-heading\">Suisse romande et Ticino : des r\u00e9gions plus fragilis\u00e9es<\/h3>\n\n\n\n<p>En Suisse romande et dans le canton du Ticino, la situation est plus pr\u00e9occupante. Bien que le nombre de postes vacants ait diminu\u00e9 de 8 %, le nombre de personnes \u00e0 la recherche d\u2019un emploi a augment\u00e9, respectivement de 14 % en Romandie et 11 % en Ticino. Ces r\u00e9gions continuent donc de faire face \u00e0 des d\u00e9fis sp\u00e9cifiques, li\u00e9s notamment \u00e0 des secteurs moins dynamiques et \u00e0 une <strong>concentration<\/strong> de certaines industries.<\/p>\n\n\n\n<h2 class=\"wp-block-heading\">Secteurs en \u00e9volution<\/h2>\n\n\n\n<h3 class=\"wp-block-heading\">L&rsquo;informatique et la technologie : une am\u00e9lioration gr\u00e2ce \u00e0 l\u2019IA<\/h3>\n\n\n\n<p>Le secteur de l&rsquo;<strong>informatique<\/strong>, historiquement affect\u00e9 par la p\u00e9nurie de main-d&rsquo;\u0153uvre, a montr\u00e9 de r\u00e9els signes d&rsquo;am\u00e9lioration en 2024. L&rsquo;adoption de technologies comme <strong>l\u2019intelligence artificielle<\/strong> a permis une meilleure gestion des ressources humaines, contribuant \u00e0 une augmentation de la productivit\u00e9 de 30 %. Cette \u00e9volution a ainsi r\u00e9duit la pression sur la recherche de talents dans le secteur.<\/p>\n\n\n\n<h3 class=\"wp-block-heading\">Artisanat et horlogerie : une pression persistante<\/h3>\n\n\n\n<p>En revanche, les <strong>m\u00e9tiers artisanaux<\/strong>, notamment dans l&rsquo;horlogerie, continuent de souffrir, surtout dans des r\u00e9gions comme <strong>Gen\u00e8ve<\/strong>, le canton de <strong>Vaud<\/strong> et le Ticino. Le ralentissement des exportations et la baisse de la demande mondiale menacent ce secteur cl\u00e9 de l&rsquo;\u00e9conomie suisse, longtemps synonyme d\u2019excellence.<\/p>\n\n\n\n<h2 class=\"wp-block-heading\">Perspectives d&rsquo;avenir et mesures \u00e0 adopter<\/h2>\n\n\n\n<p>La p\u00e9nurie de main-d&rsquo;\u0153uvre en Suisse, bien que partiellement att\u00e9nu\u00e9e, reste un d\u00e9fi majeur \u00e0 long terme. Les politiques de <strong>formation professionnelle<\/strong> et les <strong>incitations fiscales<\/strong> pour attirer des travailleurs \u00e9trangers sont des pistes potentielles pour r\u00e9duire cet \u00e9cart entre l\u2019offre et la demande. Le d\u00e9veloppement de la <strong>digitalisation<\/strong> dans certains secteurs, en particulier dans les domaines de la sant\u00e9 et de la construction, pourrait \u00e9galement permettre de combler une partie de ce d\u00e9ficit de main-d&rsquo;\u0153uvre.<\/p>\n\n\n\n<p>L\u2019avenir du march\u00e9 du travail suisse d\u00e9pendra de l\u2019<strong>adaptabilit\u00e9<\/strong> du pays \u00e0 cette nouvelle r\u00e9alit\u00e9. Si certains secteurs, comme l\u2019informatique, montrent des progr\u00e8s gr\u00e2ce \u00e0 l\u2019IA, d\u2019autres, comme la sant\u00e9 et la construction, n\u00e9cessiteront une attention continue pour garantir leur d\u00e9veloppement.<\/p>\n\n\n\n<p>En 2024, la Suisse se trouve \u00e0 un carrefour o\u00f9 la mise en place de strat\u00e9gies efficaces pour pallier la p\u00e9nurie de main-d&rsquo;\u0153uvre sera essentielle \u00e0 son \u00e9quilibre \u00e9conomique et social.<\/p>\n","protected":false},"excerpt":{"rendered":"<p>Le march\u00e9 du travail en Suisse continue de montrer des signes de stabilisation, mais la p\u00e9nurie de main-d&rsquo;\u0153uvre demeure une probl\u00e9matique persistante, affectant particuli\u00e8rement certains<\/p>\n","protected":false},"author":3,"featured_media":3932,"comment_status":"closed","ping_status":"closed","sticky":false,"template":"","format":"standard","meta":{"footnotes":""},"categories":[1725],"tags":[],"yoast_head":"<!-- This site is optimized with the Yoast SEO plugin v21.0 - https:\/\/yoast.com\/wordpress\/plugins\/seo\/ -->\n<title>Voici les secteurs les plus touch\u00e9s par la p\u00e9nurie de main-d&#039;\u0153uvre en Suisse<\/title>\n<meta name=\"robots\" content=\"index, follow, max-snippet:-1, max-image-preview:large, max-video-preview:-1\" \/>\n<link rel=\"canonical\" href=\"https:\/\/www.svalbard.fr\/actualites\/voici-les-secteurs-les-plus-touches-par-la-penurie-de-main-doeuvre-en-suisse\/\" \/>\n<meta property=\"og:locale\" content=\"fr_FR\" \/>\n<meta property=\"og:type\" content=\"article\" \/>\n<meta property=\"og:title\" content=\"Voici les secteurs les plus touch\u00e9s par la p\u00e9nurie de main-d&#039;\u0153uvre en Suisse\" \/>\n<meta property=\"og:description\" content=\"Le march\u00e9 du travail en Suisse continue de montrer des signes de stabilisation, mais la p\u00e9nurie de main-d&rsquo;\u0153uvre demeure une probl\u00e9matique persistante, affectant particuli\u00e8rement certains\" \/>\n<meta property=\"og:url\" content=\"https:\/\/www.svalbard.fr\/actualites\/voici-les-secteurs-les-plus-touches-par-la-penurie-de-main-doeuvre-en-suisse\/\" \/>\n<meta property=\"og:site_name\" content=\"www.Svalbard.fr\" \/>\n<meta property=\"article:published_time\" content=\"2025-05-28T06:30:00+00:00\" \/>\n<meta property=\"article:modified_time\" content=\"2025-05-27T10:24:08+00:00\" \/>\n<meta property=\"og:image\" content=\"https:\/\/www.svalbard.fr\/actualites\/wp-content\/uploads\/2025\/05\/main-doeuvre-en-Suisse.jpg\" \/>\n\t<meta property=\"og:image:width\" content=\"1200\" \/>\n\t<meta property=\"og:image:height\" content=\"727\" \/>\n\t<meta property=\"og:image:type\" content=\"image\/jpeg\" \/>\n<meta name=\"author\" content=\"Guillaume Chen\" \/>\n<meta name=\"twitter:card\" content=\"summary_large_image\" \/>\n<meta name=\"twitter:label1\" content=\"\u00c9crit par\" \/>\n\t<meta name=\"twitter:data1\" content=\"Guillaume Chen\" \/>\n\t<meta name=\"twitter:label2\" content=\"Dur\u00e9e de lecture estim\u00e9e\" \/>\n\t<meta name=\"twitter:data2\" content=\"5 minutes\" \/>\n<script type=\"application\/ld+json\" class=\"yoast-schema-graph\">{\"@context\":\"https:\/\/schema.org\",\"@graph\":[{\"@type\":\"Article\",\"@id\":\"https:\/\/www.svalbard.fr\/actualites\/voici-les-secteurs-les-plus-touches-par-la-penurie-de-main-doeuvre-en-suisse\/#article\",\"isPartOf\":{\"@id\":\"https:\/\/www.svalbard.fr\/actualites\/voici-les-secteurs-les-plus-touches-par-la-penurie-de-main-doeuvre-en-suisse\/\"},\"author\":{\"name\":\"Guillaume Chen\",\"@id\":\"https:\/\/www.svalbard.fr\/actualites\/#\/schema\/person\/b9d185560b94bff7322d37cb676ee545\"},\"headline\":\"Voici les secteurs les plus touch\u00e9s par la p\u00e9nurie de main-d&rsquo;\u0153uvre en Suisse\",\"datePublished\":\"2025-05-28T06:30:00+00:00\",\"dateModified\":\"2025-05-27T10:24:08+00:00\",\"mainEntityOfPage\":{\"@id\":\"https:\/\/www.svalbard.fr\/actualites\/voici-les-secteurs-les-plus-touches-par-la-penurie-de-main-doeuvre-en-suisse\/\"},\"wordCount\":905,\"publisher\":{\"@id\":\"https:\/\/www.svalbard.fr\/actualites\/#organization\"},\"articleSection\":[\"Tendances\"],\"inLanguage\":\"fr-FR\"},{\"@type\":\"WebPage\",\"@id\":\"https:\/\/www.svalbard.fr\/actualites\/voici-les-secteurs-les-plus-touches-par-la-penurie-de-main-doeuvre-en-suisse\/\",\"url\":\"https:\/\/www.svalbard.fr\/actualites\/voici-les-secteurs-les-plus-touches-par-la-penurie-de-main-doeuvre-en-suisse\/\",\"name\":\"Voici les secteurs les plus touch\u00e9s par la p\u00e9nurie de main-d'\u0153uvre en Suisse\",\"isPartOf\":{\"@id\":\"https:\/\/www.svalbard.fr\/actualites\/#website\"},\"datePublished\":\"2025-05-28T06:30:00+00:00\",\"dateModified\":\"2025-05-27T10:24:08+00:00\",\"breadcrumb\":{\"@id\":\"https:\/\/www.svalbard.fr\/actualites\/voici-les-secteurs-les-plus-touches-par-la-penurie-de-main-doeuvre-en-suisse\/#breadcrumb\"},\"inLanguage\":\"fr-FR\",\"potentialAction\":[{\"@type\":\"ReadAction\",\"target\":[\"https:\/\/www.svalbard.fr\/actualites\/voici-les-secteurs-les-plus-touches-par-la-penurie-de-main-doeuvre-en-suisse\/\"]}]},{\"@type\":\"BreadcrumbList\",\"@id\":\"https:\/\/www.svalbard.fr\/actualites\/voici-les-secteurs-les-plus-touches-par-la-penurie-de-main-doeuvre-en-suisse\/#breadcrumb\",\"itemListElement\":[{\"@type\":\"ListItem\",\"position\":1,\"name\":\"Accueil\",\"item\":\"https:\/\/www.svalbard.fr\/actualites\/\"},{\"@type\":\"ListItem\",\"position\":2,\"name\":\"Voici les secteurs les plus touch\u00e9s par la p\u00e9nurie de main-d&rsquo;\u0153uvre en Suisse\"}]},{\"@type\":\"WebSite\",\"@id\":\"https:\/\/www.svalbard.fr\/actualites\/#website\",\"url\":\"https:\/\/www.svalbard.fr\/actualites\/\",\"name\":\"www.Svalbard.fr\",\"description\":\"\",\"publisher\":{\"@id\":\"https:\/\/www.svalbard.fr\/actualites\/#organization\"},\"potentialAction\":[{\"@type\":\"SearchAction\",\"target\":{\"@type\":\"EntryPoint\",\"urlTemplate\":\"https:\/\/www.svalbard.fr\/actualites\/?s={search_term_string}\"},\"query-input\":\"required name=search_term_string\"}],\"inLanguage\":\"fr-FR\"},{\"@type\":\"Organization\",\"@id\":\"https:\/\/www.svalbard.fr\/actualites\/#organization\",\"name\":\"www.Svalbard.fr\",\"url\":\"https:\/\/www.svalbard.fr\/actualites\/\",\"logo\":{\"@type\":\"ImageObject\",\"inLanguage\":\"fr-FR\",\"@id\":\"https:\/\/www.svalbard.fr\/actualites\/#\/schema\/logo\/image\/\",\"url\":\"https:\/\/www.svalbard.fr\/actualites\/wp-content\/uploads\/2023\/09\/head-nom.jpg\",\"contentUrl\":\"https:\/\/www.svalbard.fr\/actualites\/wp-content\/uploads\/2023\/09\/head-nom.jpg\",\"width\":264,\"height\":35,\"caption\":\"www.Svalbard.fr\"},\"image\":{\"@id\":\"https:\/\/www.svalbard.fr\/actualites\/#\/schema\/logo\/image\/\"}},{\"@type\":\"Person\",\"@id\":\"https:\/\/www.svalbard.fr\/actualites\/#\/schema\/person\/b9d185560b94bff7322d37cb676ee545\",\"name\":\"Guillaume Chen\",\"image\":{\"@type\":\"ImageObject\",\"inLanguage\":\"fr-FR\",\"@id\":\"https:\/\/www.svalbard.fr\/actualites\/#\/schema\/person\/image\/\",\"url\":\"https:\/\/secure.gravatar.com\/avatar\/0c3f9c94586035b795ad4049a06fb048?s=96&d=mm&r=g\",\"contentUrl\":\"https:\/\/secure.gravatar.com\/avatar\/0c3f9c94586035b795ad4049a06fb048?s=96&d=mm&r=g\",\"caption\":\"Guillaume Chen\"},\"sameAs\":[\"https:\/\/www.svalbard.fr\/\"]}]}<\/script>\n<!-- \/ Yoast SEO plugin. -->","yoast_head_json":{"title":"Voici les secteurs les plus touch\u00e9s par la p\u00e9nurie de main-d'\u0153uvre en Suisse","robots":{"index":"index","follow":"follow","max-snippet":"max-snippet:-1","max-image-preview":"max-image-preview:large","max-video-preview":"max-video-preview:-1"},"canonical":"https:\/\/www.svalbard.fr\/actualites\/voici-les-secteurs-les-plus-touches-par-la-penurie-de-main-doeuvre-en-suisse\/","og_locale":"fr_FR","og_type":"article","og_title":"Voici les secteurs les plus touch\u00e9s par la p\u00e9nurie de main-d'\u0153uvre en Suisse","og_description":"Le march\u00e9 du travail en Suisse continue de montrer des signes de stabilisation, mais la p\u00e9nurie de main-d&rsquo;\u0153uvre demeure une probl\u00e9matique persistante, affectant particuli\u00e8rement certains","og_url":"https:\/\/www.svalbard.fr\/actualites\/voici-les-secteurs-les-plus-touches-par-la-penurie-de-main-doeuvre-en-suisse\/","og_site_name":"www.Svalbard.fr","article_published_time":"2025-05-28T06:30:00+00:00","article_modified_time":"2025-05-27T10:24:08+00:00","og_image":[{"width":1200,"height":727,"url":"https:\/\/www.svalbard.fr\/actualites\/wp-content\/uploads\/2025\/05\/main-doeuvre-en-Suisse.jpg","type":"image\/jpeg"}],"author":"Guillaume Chen","twitter_card":"summary_large_image","twitter_misc":{"\u00c9crit par":"Guillaume Chen","Dur\u00e9e de lecture estim\u00e9e":"5 minutes"},"schema":{"@context":"https:\/\/schema.org","@graph":[{"@type":"Article","@id":"https:\/\/www.svalbard.fr\/actualites\/voici-les-secteurs-les-plus-touches-par-la-penurie-de-main-doeuvre-en-suisse\/#article","isPartOf":{"@id":"https:\/\/www.svalbard.fr\/actualites\/voici-les-secteurs-les-plus-touches-par-la-penurie-de-main-doeuvre-en-suisse\/"},"author":{"name":"Guillaume Chen","@id":"https:\/\/www.svalbard.fr\/actualites\/#\/schema\/person\/b9d185560b94bff7322d37cb676ee545"},"headline":"Voici les secteurs les plus touch\u00e9s par la p\u00e9nurie de main-d&rsquo;\u0153uvre en Suisse","datePublished":"2025-05-28T06:30:00+00:00","dateModified":"2025-05-27T10:24:08+00:00","mainEntityOfPage":{"@id":"https:\/\/www.svalbard.fr\/actualites\/voici-les-secteurs-les-plus-touches-par-la-penurie-de-main-doeuvre-en-suisse\/"},"wordCount":905,"publisher":{"@id":"https:\/\/www.svalbard.fr\/actualites\/#organization"},"articleSection":["Tendances"],"inLanguage":"fr-FR"},{"@type":"WebPage","@id":"https:\/\/www.svalbard.fr\/actualites\/voici-les-secteurs-les-plus-touches-par-la-penurie-de-main-doeuvre-en-suisse\/","url":"https:\/\/www.svalbard.fr\/actualites\/voici-les-secteurs-les-plus-touches-par-la-penurie-de-main-doeuvre-en-suisse\/","name":"Voici les secteurs les plus touch\u00e9s par la p\u00e9nurie de main-d'\u0153uvre en Suisse","isPartOf":{"@id":"https:\/\/www.svalbard.fr\/actualites\/#website"},"datePublished":"2025-05-28T06:30:00+00:00","dateModified":"2025-05-27T10:24:08+00:00","breadcrumb":{"@id":"https:\/\/www.svalbard.fr\/actualites\/voici-les-secteurs-les-plus-touches-par-la-penurie-de-main-doeuvre-en-suisse\/#breadcrumb"},"inLanguage":"fr-FR","potentialAction":[{"@type":"ReadAction","target":["https:\/\/www.svalbard.fr\/actualites\/voici-les-secteurs-les-plus-touches-par-la-penurie-de-main-doeuvre-en-suisse\/"]}]},{"@type":"BreadcrumbList","@id":"https:\/\/www.svalbard.fr\/actualites\/voici-les-secteurs-les-plus-touches-par-la-penurie-de-main-doeuvre-en-suisse\/#breadcrumb","itemListElement":[{"@type":"ListItem","position":1,"name":"Accueil","item":"https:\/\/www.svalbard.fr\/actualites\/"},{"@type":"ListItem","position":2,"name":"Voici les secteurs les plus touch\u00e9s par la p\u00e9nurie de main-d&rsquo;\u0153uvre en Suisse"}]},{"@type":"WebSite","@id":"https:\/\/www.svalbard.fr\/actualites\/#website","url":"https:\/\/www.svalbard.fr\/actualites\/","name":"www.Svalbard.fr","description":"","publisher":{"@id":"https:\/\/www.svalbard.fr\/actualites\/#organization"},"potentialAction":[{"@type":"SearchAction","target":{"@type":"EntryPoint","urlTemplate":"https:\/\/www.svalbard.fr\/actualites\/?s={search_term_string}"},"query-input":"required name=search_term_string"}],"inLanguage":"fr-FR"},{"@type":"Organization","@id":"https:\/\/www.svalbard.fr\/actualites\/#organization","name":"www.Svalbard.fr","url":"https:\/\/www.svalbard.fr\/actualites\/","logo":{"@type":"ImageObject","inLanguage":"fr-FR","@id":"https:\/\/www.svalbard.fr\/actualites\/#\/schema\/logo\/image\/","url":"https:\/\/www.svalbard.fr\/actualites\/wp-content\/uploads\/2023\/09\/head-nom.jpg","contentUrl":"https:\/\/www.svalbard.fr\/actualites\/wp-content\/uploads\/2023\/09\/head-nom.jpg","width":264,"height":35,"caption":"www.Svalbard.fr"},"image":{"@id":"https:\/\/www.svalbard.fr\/actualites\/#\/schema\/logo\/image\/"}},{"@type":"Person","@id":"https:\/\/www.svalbard.fr\/actualites\/#\/schema\/person\/b9d185560b94bff7322d37cb676ee545","name":"Guillaume Chen","image":{"@type":"ImageObject","inLanguage":"fr-FR","@id":"https:\/\/www.svalbard.fr\/actualites\/#\/schema\/person\/image\/","url":"https:\/\/secure.gravatar.com\/avatar\/0c3f9c94586035b795ad4049a06fb048?s=96&d=mm&r=g","contentUrl":"https:\/\/secure.gravatar.com\/avatar\/0c3f9c94586035b795ad4049a06fb048?s=96&d=mm&r=g","caption":"Guillaume Chen"},"sameAs":["https:\/\/www.svalbard.fr\/"]}]}},"_links":{"self":[{"href":"https:\/\/www.svalbard.fr\/actualites\/wp-json\/wp\/v2\/posts\/3931"}],"collection":[{"href":"https:\/\/www.svalbard.fr\/actualites\/wp-json\/wp\/v2\/posts"}],"about":[{"href":"https:\/\/www.svalbard.fr\/actualites\/wp-json\/wp\/v2\/types\/post"}],"author":[{"embeddable":true,"href":"https:\/\/www.svalbard.fr\/actualites\/wp-json\/wp\/v2\/users\/3"}],"replies":[{"embeddable":true,"href":"https:\/\/www.svalbard.fr\/actualites\/wp-json\/wp\/v2\/comments?post=3931"}],"version-history":[{"count":1,"href":"https:\/\/www.svalbard.fr\/actualites\/wp-json\/wp\/v2\/posts\/3931\/revisions"}],"predecessor-version":[{"id":3933,"href":"https:\/\/www.svalbard.fr\/actualites\/wp-json\/wp\/v2\/posts\/3931\/revisions\/3933"}],"wp:featuredmedia":[{"embeddable":true,"href":"https:\/\/www.svalbard.fr\/actualites\/wp-json\/wp\/v2\/media\/3932"}],"wp:attachment":[{"href":"https:\/\/www.svalbard.fr\/actualites\/wp-json\/wp\/v2\/media?parent=3931"}],"wp:term":[{"taxonomy":"category","embeddable":true,"href":"https:\/\/www.svalbard.fr\/actualites\/wp-json\/wp\/v2\/categories?post=3931"},{"taxonomy":"post_tag","embeddable":true,"href":"https:\/\/www.svalbard.fr\/actualites\/wp-json\/wp\/v2\/tags?post=3931"}],"curies":[{"name":"wp","href":"https:\/\/api.w.org\/{rel}","templated":true}]}}