{"id":3950,"date":"2025-05-31T07:50:00","date_gmt":"2025-05-31T05:50:00","guid":{"rendered":"https:\/\/www.svalbard.fr\/actualites\/?p=3950"},"modified":"2025-05-27T12:46:57","modified_gmt":"2025-05-27T10:46:57","slug":"lidl-lanserer-revolusjonerende-termogardiner-for-optimal-isolasjon-aret-rundt","status":"publish","type":"post","link":"https:\/\/www.svalbard.fr\/actualites\/no\/lidl-lanserer-revolusjonerende-termogardiner-for-optimal-isolasjon-aret-rundt\/","title":{"rendered":"Lidl lanserer revolusjonerende termogardiner for optimal isolasjon \u00e5ret rundt"},"content":{"rendered":"\n<p><strong><em>N\u00e5r det er kaldt om vinteren eller varmt om sommeren, har vi alle kjent p\u00e5 hvordan vinduene kan p\u00e5virke inneklimaet i hjemmet v\u00e5rt. De slipper ut varmen om vinteren og slipper inn varmen om sommeren. Faktisk kan vinduer st\u00e5 for opptil <\/em><\/strong><strong><em>30 % av varmetapet<\/em><\/strong><strong><em> i en bolig med d\u00e5rlig isolasjon. Selv doble vinduer kan noen ganger v\u00e6re utilstrekkelige til \u00e5 hindre dette tapet, noe som resulterer i h\u00f8yere str\u00f8mregninger og et mindre stabilt inneklima.<\/em><\/strong><\/p>\n\n\n\n<!--more-->\n\n\n\n<p>Med tanke p\u00e5 dette har Lidl lansert en <strong>ny <a href=\"https:\/\/www.svalbard.fr\/actualites\/no\/brune-bladspisser-pa-stueplantene-dine-dette-er-grunnen-og-losningen\/\">l\u00f8sning<\/a><\/strong> som gj\u00f8r det enklere \u00e5 forbedre hjemmets isolasjon: termogardiner. Disse gardinene er designet for \u00e5 regulere temperaturen innend\u00f8rs, og de kommer til en pris som er <strong>tilgjengelig for alle<\/strong>.<\/p>\n\n\n\n<h2 class=\"wp-block-heading\">Effektive og rimelige gardiner for alle<\/h2>\n\n\n\n<p>Et av de st\u00f8rste fordelene med disse gardinene er deres pris \u2013 bare <strong>49,90 kr<\/strong> for et sett. Gardinene, som m\u00e5ler 80 x 130 cm, fungerer som en <strong>isolasjon<\/strong> mot kulde om vinteren og varmen om sommeren. De kan bidra til \u00e5 redusere str\u00f8mforbruket ditt, samtidig som de opprettholder et komfortabelt inneklima.<\/p>\n\n\n\n<p>I tillegg til temperaturregulering gir gardinene ogs\u00e5 solbeskyttelse og \u00f8kt <strong>privatliv<\/strong>, da de blokkerer direkte sollys, men lar naturlig lys str\u00f8mme inn. Det er en smart m\u00e5te \u00e5 beskytte hjemmet ditt p\u00e5 uten \u00e5 g\u00e5 p\u00e5 kompromiss med lyset.<\/p>\n\n\n\n<h2 class=\"wp-block-heading\">Diskret design og enkel installasjon<\/h2>\n\n\n\n<p>De nye gardinene fra Lidl er langt fra de tunge, uattraktive alternativene vi ofte ser. Deres moderne og enkle design, som kommer i gr\u00e5tt eller hvitt, passer godt til de fleste interi\u00f8rstiler \u2013 enten du har et minimalistisk eller et mer klassisk hjem.<\/p>\n\n\n\n<p>Installeringen av gardinene er enkel \u2013 du trenger <strong>ikke verkt\u00f8y<\/strong>, da alt du trenger f\u00f8lger med i pakken, inkludert en videooppl\u00e6ring for de som er usikre. I l\u00f8pet av noen f\u00e5 minutter kan du ha gardinene p\u00e5 plass og nyte den forbedrede isolasjonen.<\/p>\n\n\n\n<h2 class=\"wp-block-heading\">Passer til de fleste vinduer<\/h2>\n\n\n\n<p>Gardinene er ogs\u00e5 sv\u00e6rt <strong>allsidige<\/strong>, ettersom de har et tilpasningsbart festesystem som gj\u00f8r dem kompatible med vindusrammer som er mellom 4 og 24 mm tykke. Enten du har standardvinduer, takvinduer eller andre \u00e5pninger, vil disse gardinene passe perfekt og uten \u00e5 endre vinduets estetikk.<\/p>\n\n\n\n<h2 class=\"wp-block-heading\">En liten investering for store besparelser<\/h2>\n\n\n\n<p>Med dagens \u00f8kte energikostnader er det viktig \u00e5 finne l\u00f8sninger som b\u00e5de er enkle og \u00f8konomiske. Termogardinene fra Lidl tilbyr et <strong>flott kompromiss<\/strong> mellom effektivitet og pris, og kan bidra til \u00e5 redusere energiforbruket ditt betydelig. I tillegg er de et skritt mot en mer <strong>b\u00e6rekraftig<\/strong> livsstil, som hjelper til med \u00e5 redusere hjemmets totale energiforbruk.<\/p>\n\n\n\n<p>Som den franske <strong>ADEME<\/strong> (Den \u00f8kologiske overgangsbyr\u00e5et) p\u00e5peker, kan selv sm\u00e5 forbedringer i isolasjonen ha en stor effekt p\u00e5 total energibruk. I s\u00e5 m\u00e5te er disse gardinene en praktisk og \u00f8konomisk l\u00f8sning.<\/p>\n\n\n\n<h2 class=\"wp-block-heading\">Enkel l\u00f8sning for \u00f8kt komfort<\/h2>\n\n\n\n<p>Lidl\u2019s termogardiner viser at det ikke alltid er n\u00f8dvendig med omfattende oppussingsprosjekter for \u00e5 forbedre hjemmets komfort. Med et lite budsjett kan du <strong>\u00f8ke komforten<\/strong>, beskytte boligen din mot temperatursvingninger og redusere energikostnadene. Det er en enkel, tilgjengelig l\u00f8sning som kan ha stor effekt over tid. Hvis du er ute etter en rask og \u00f8konomisk l\u00f8sning for bedre isolasjon, kan disse gardinene v\u00e6re akkurat det du trenger denne sesongen.<\/p>\n","protected":false},"excerpt":{"rendered":"<p>N\u00e5r det er kaldt om vinteren eller varmt om sommeren, har vi alle kjent p\u00e5 hvordan vinduene kan p\u00e5virke inneklimaet i hjemmet v\u00e5rt. De slipper<\/p>\n","protected":false},"author":3,"featured_media":3951,"comment_status":"closed","ping_status":"closed","sticky":false,"template":"","format":"standard","meta":{"footnotes":""},"categories":[4557],"tags":[],"yoast_head":"<!-- This site is optimized with the Yoast SEO plugin v21.0 - https:\/\/yoast.com\/wordpress\/plugins\/seo\/ -->\n<title>Lidl lanserer revolusjonerende termogardiner for optimal isolasjon \u00e5ret rundt<\/title>\n<meta name=\"robots\" content=\"index, follow, max-snippet:-1, max-image-preview:large, max-video-preview:-1\" \/>\n<link rel=\"canonical\" href=\"https:\/\/www.svalbard.fr\/actualites\/no\/lidl-lanserer-revolusjonerende-termogardiner-for-optimal-isolasjon-aret-rundt\/\" \/>\n<meta property=\"og:locale\" content=\"fr_FR\" \/>\n<meta property=\"og:type\" content=\"article\" \/>\n<meta property=\"og:title\" content=\"Lidl lanserer revolusjonerende termogardiner for optimal isolasjon \u00e5ret rundt\" \/>\n<meta property=\"og:description\" content=\"N\u00e5r det er kaldt om vinteren eller varmt om sommeren, har vi alle kjent p\u00e5 hvordan vinduene kan p\u00e5virke inneklimaet i hjemmet v\u00e5rt. De slipper\" \/>\n<meta property=\"og:url\" content=\"https:\/\/www.svalbard.fr\/actualites\/no\/lidl-lanserer-revolusjonerende-termogardiner-for-optimal-isolasjon-aret-rundt\/\" \/>\n<meta property=\"og:site_name\" content=\"www.Svalbard.fr\" \/>\n<meta property=\"article:published_time\" content=\"2025-05-31T05:50:00+00:00\" \/>\n<meta property=\"article:modified_time\" content=\"2025-05-27T10:46:57+00:00\" \/>\n<meta property=\"og:image\" content=\"https:\/\/www.svalbard.fr\/actualites\/wp-content\/uploads\/2025\/05\/Lidl.jpg\" \/>\n\t<meta property=\"og:image:width\" content=\"1200\" \/>\n\t<meta property=\"og:image:height\" content=\"675\" \/>\n\t<meta property=\"og:image:type\" content=\"image\/jpeg\" \/>\n<meta name=\"author\" content=\"Guillaume Chen\" \/>\n<meta name=\"twitter:card\" content=\"summary_large_image\" \/>\n<meta name=\"twitter:label1\" content=\"\u00c9crit par\" \/>\n\t<meta name=\"twitter:data1\" content=\"Guillaume Chen\" \/>\n\t<meta name=\"twitter:label2\" content=\"Dur\u00e9e de lecture estim\u00e9e\" \/>\n\t<meta name=\"twitter:data2\" content=\"3 minutes\" \/>\n<script type=\"application\/ld+json\" class=\"yoast-schema-graph\">{\"@context\":\"https:\/\/schema.org\",\"@graph\":[{\"@type\":\"Article\",\"@id\":\"https:\/\/www.svalbard.fr\/actualites\/no\/lidl-lanserer-revolusjonerende-termogardiner-for-optimal-isolasjon-aret-rundt\/#article\",\"isPartOf\":{\"@id\":\"https:\/\/www.svalbard.fr\/actualites\/no\/lidl-lanserer-revolusjonerende-termogardiner-for-optimal-isolasjon-aret-rundt\/\"},\"author\":{\"name\":\"Guillaume Chen\",\"@id\":\"https:\/\/www.svalbard.fr\/actualites\/#\/schema\/person\/b9d185560b94bff7322d37cb676ee545\"},\"headline\":\"Lidl lanserer revolusjonerende termogardiner for optimal isolasjon \u00e5ret rundt\",\"datePublished\":\"2025-05-31T05:50:00+00:00\",\"dateModified\":\"2025-05-27T10:46:57+00:00\",\"mainEntityOfPage\":{\"@id\":\"https:\/\/www.svalbard.fr\/actualites\/no\/lidl-lanserer-revolusjonerende-termogardiner-for-optimal-isolasjon-aret-rundt\/\"},\"wordCount\":543,\"publisher\":{\"@id\":\"https:\/\/www.svalbard.fr\/actualites\/#organization\"},\"articleSection\":[\"Trender\"],\"inLanguage\":\"fr-FR\"},{\"@type\":\"WebPage\",\"@id\":\"https:\/\/www.svalbard.fr\/actualites\/no\/lidl-lanserer-revolusjonerende-termogardiner-for-optimal-isolasjon-aret-rundt\/\",\"url\":\"https:\/\/www.svalbard.fr\/actualites\/no\/lidl-lanserer-revolusjonerende-termogardiner-for-optimal-isolasjon-aret-rundt\/\",\"name\":\"Lidl lanserer revolusjonerende termogardiner for optimal isolasjon \u00e5ret rundt\",\"isPartOf\":{\"@id\":\"https:\/\/www.svalbard.fr\/actualites\/#website\"},\"datePublished\":\"2025-05-31T05:50:00+00:00\",\"dateModified\":\"2025-05-27T10:46:57+00:00\",\"breadcrumb\":{\"@id\":\"https:\/\/www.svalbard.fr\/actualites\/no\/lidl-lanserer-revolusjonerende-termogardiner-for-optimal-isolasjon-aret-rundt\/#breadcrumb\"},\"inLanguage\":\"fr-FR\",\"potentialAction\":[{\"@type\":\"ReadAction\",\"target\":[\"https:\/\/www.svalbard.fr\/actualites\/no\/lidl-lanserer-revolusjonerende-termogardiner-for-optimal-isolasjon-aret-rundt\/\"]}]},{\"@type\":\"BreadcrumbList\",\"@id\":\"https:\/\/www.svalbard.fr\/actualites\/no\/lidl-lanserer-revolusjonerende-termogardiner-for-optimal-isolasjon-aret-rundt\/#breadcrumb\",\"itemListElement\":[{\"@type\":\"ListItem\",\"position\":1,\"name\":\"Accueil\",\"item\":\"https:\/\/www.svalbard.fr\/actualites\/\"},{\"@type\":\"ListItem\",\"position\":2,\"name\":\"Lidl lanserer revolusjonerende termogardiner for optimal isolasjon \u00e5ret rundt\"}]},{\"@type\":\"WebSite\",\"@id\":\"https:\/\/www.svalbard.fr\/actualites\/#website\",\"url\":\"https:\/\/www.svalbard.fr\/actualites\/\",\"name\":\"www.Svalbard.fr\",\"description\":\"\",\"publisher\":{\"@id\":\"https:\/\/www.svalbard.fr\/actualites\/#organization\"},\"potentialAction\":[{\"@type\":\"SearchAction\",\"target\":{\"@type\":\"EntryPoint\",\"urlTemplate\":\"https:\/\/www.svalbard.fr\/actualites\/?s={search_term_string}\"},\"query-input\":\"required name=search_term_string\"}],\"inLanguage\":\"fr-FR\"},{\"@type\":\"Organization\",\"@id\":\"https:\/\/www.svalbard.fr\/actualites\/#organization\",\"name\":\"www.Svalbard.fr\",\"url\":\"https:\/\/www.svalbard.fr\/actualites\/\",\"logo\":{\"@type\":\"ImageObject\",\"inLanguage\":\"fr-FR\",\"@id\":\"https:\/\/www.svalbard.fr\/actualites\/#\/schema\/logo\/image\/\",\"url\":\"https:\/\/www.svalbard.fr\/actualites\/wp-content\/uploads\/2023\/09\/head-nom.jpg\",\"contentUrl\":\"https:\/\/www.svalbard.fr\/actualites\/wp-content\/uploads\/2023\/09\/head-nom.jpg\",\"width\":264,\"height\":35,\"caption\":\"www.Svalbard.fr\"},\"image\":{\"@id\":\"https:\/\/www.svalbard.fr\/actualites\/#\/schema\/logo\/image\/\"}},{\"@type\":\"Person\",\"@id\":\"https:\/\/www.svalbard.fr\/actualites\/#\/schema\/person\/b9d185560b94bff7322d37cb676ee545\",\"name\":\"Guillaume Chen\",\"image\":{\"@type\":\"ImageObject\",\"inLanguage\":\"fr-FR\",\"@id\":\"https:\/\/www.svalbard.fr\/actualites\/#\/schema\/person\/image\/\",\"url\":\"https:\/\/secure.gravatar.com\/avatar\/0c3f9c94586035b795ad4049a06fb048?s=96&d=mm&r=g\",\"contentUrl\":\"https:\/\/secure.gravatar.com\/avatar\/0c3f9c94586035b795ad4049a06fb048?s=96&d=mm&r=g\",\"caption\":\"Guillaume Chen\"},\"sameAs\":[\"https:\/\/www.svalbard.fr\/\"]}]}<\/script>\n<!-- \/ Yoast SEO plugin. -->","yoast_head_json":{"title":"Lidl lanserer revolusjonerende termogardiner for optimal isolasjon \u00e5ret rundt","robots":{"index":"index","follow":"follow","max-snippet":"max-snippet:-1","max-image-preview":"max-image-preview:large","max-video-preview":"max-video-preview:-1"},"canonical":"https:\/\/www.svalbard.fr\/actualites\/no\/lidl-lanserer-revolusjonerende-termogardiner-for-optimal-isolasjon-aret-rundt\/","og_locale":"fr_FR","og_type":"article","og_title":"Lidl lanserer revolusjonerende termogardiner for optimal isolasjon \u00e5ret rundt","og_description":"N\u00e5r det er kaldt om vinteren eller varmt om sommeren, har vi alle kjent p\u00e5 hvordan vinduene kan p\u00e5virke inneklimaet i hjemmet v\u00e5rt. De slipper","og_url":"https:\/\/www.svalbard.fr\/actualites\/no\/lidl-lanserer-revolusjonerende-termogardiner-for-optimal-isolasjon-aret-rundt\/","og_site_name":"www.Svalbard.fr","article_published_time":"2025-05-31T05:50:00+00:00","article_modified_time":"2025-05-27T10:46:57+00:00","og_image":[{"width":1200,"height":675,"url":"https:\/\/www.svalbard.fr\/actualites\/wp-content\/uploads\/2025\/05\/Lidl.jpg","type":"image\/jpeg"}],"author":"Guillaume Chen","twitter_card":"summary_large_image","twitter_misc":{"\u00c9crit par":"Guillaume Chen","Dur\u00e9e de lecture estim\u00e9e":"3 minutes"},"schema":{"@context":"https:\/\/schema.org","@graph":[{"@type":"Article","@id":"https:\/\/www.svalbard.fr\/actualites\/no\/lidl-lanserer-revolusjonerende-termogardiner-for-optimal-isolasjon-aret-rundt\/#article","isPartOf":{"@id":"https:\/\/www.svalbard.fr\/actualites\/no\/lidl-lanserer-revolusjonerende-termogardiner-for-optimal-isolasjon-aret-rundt\/"},"author":{"name":"Guillaume Chen","@id":"https:\/\/www.svalbard.fr\/actualites\/#\/schema\/person\/b9d185560b94bff7322d37cb676ee545"},"headline":"Lidl lanserer revolusjonerende termogardiner for optimal isolasjon \u00e5ret rundt","datePublished":"2025-05-31T05:50:00+00:00","dateModified":"2025-05-27T10:46:57+00:00","mainEntityOfPage":{"@id":"https:\/\/www.svalbard.fr\/actualites\/no\/lidl-lanserer-revolusjonerende-termogardiner-for-optimal-isolasjon-aret-rundt\/"},"wordCount":543,"publisher":{"@id":"https:\/\/www.svalbard.fr\/actualites\/#organization"},"articleSection":["Trender"],"inLanguage":"fr-FR"},{"@type":"WebPage","@id":"https:\/\/www.svalbard.fr\/actualites\/no\/lidl-lanserer-revolusjonerende-termogardiner-for-optimal-isolasjon-aret-rundt\/","url":"https:\/\/www.svalbard.fr\/actualites\/no\/lidl-lanserer-revolusjonerende-termogardiner-for-optimal-isolasjon-aret-rundt\/","name":"Lidl lanserer revolusjonerende termogardiner for optimal isolasjon \u00e5ret rundt","isPartOf":{"@id":"https:\/\/www.svalbard.fr\/actualites\/#website"},"datePublished":"2025-05-31T05:50:00+00:00","dateModified":"2025-05-27T10:46:57+00:00","breadcrumb":{"@id":"https:\/\/www.svalbard.fr\/actualites\/no\/lidl-lanserer-revolusjonerende-termogardiner-for-optimal-isolasjon-aret-rundt\/#breadcrumb"},"inLanguage":"fr-FR","potentialAction":[{"@type":"ReadAction","target":["https:\/\/www.svalbard.fr\/actualites\/no\/lidl-lanserer-revolusjonerende-termogardiner-for-optimal-isolasjon-aret-rundt\/"]}]},{"@type":"BreadcrumbList","@id":"https:\/\/www.svalbard.fr\/actualites\/no\/lidl-lanserer-revolusjonerende-termogardiner-for-optimal-isolasjon-aret-rundt\/#breadcrumb","itemListElement":[{"@type":"ListItem","position":1,"name":"Accueil","item":"https:\/\/www.svalbard.fr\/actualites\/"},{"@type":"ListItem","position":2,"name":"Lidl lanserer revolusjonerende termogardiner for optimal isolasjon \u00e5ret rundt"}]},{"@type":"WebSite","@id":"https:\/\/www.svalbard.fr\/actualites\/#website","url":"https:\/\/www.svalbard.fr\/actualites\/","name":"www.Svalbard.fr","description":"","publisher":{"@id":"https:\/\/www.svalbard.fr\/actualites\/#organization"},"potentialAction":[{"@type":"SearchAction","target":{"@type":"EntryPoint","urlTemplate":"https:\/\/www.svalbard.fr\/actualites\/?s={search_term_string}"},"query-input":"required name=search_term_string"}],"inLanguage":"fr-FR"},{"@type":"Organization","@id":"https:\/\/www.svalbard.fr\/actualites\/#organization","name":"www.Svalbard.fr","url":"https:\/\/www.svalbard.fr\/actualites\/","logo":{"@type":"ImageObject","inLanguage":"fr-FR","@id":"https:\/\/www.svalbard.fr\/actualites\/#\/schema\/logo\/image\/","url":"https:\/\/www.svalbard.fr\/actualites\/wp-content\/uploads\/2023\/09\/head-nom.jpg","contentUrl":"https:\/\/www.svalbard.fr\/actualites\/wp-content\/uploads\/2023\/09\/head-nom.jpg","width":264,"height":35,"caption":"www.Svalbard.fr"},"image":{"@id":"https:\/\/www.svalbard.fr\/actualites\/#\/schema\/logo\/image\/"}},{"@type":"Person","@id":"https:\/\/www.svalbard.fr\/actualites\/#\/schema\/person\/b9d185560b94bff7322d37cb676ee545","name":"Guillaume Chen","image":{"@type":"ImageObject","inLanguage":"fr-FR","@id":"https:\/\/www.svalbard.fr\/actualites\/#\/schema\/person\/image\/","url":"https:\/\/secure.gravatar.com\/avatar\/0c3f9c94586035b795ad4049a06fb048?s=96&d=mm&r=g","contentUrl":"https:\/\/secure.gravatar.com\/avatar\/0c3f9c94586035b795ad4049a06fb048?s=96&d=mm&r=g","caption":"Guillaume Chen"},"sameAs":["https:\/\/www.svalbard.fr\/"]}]}},"_links":{"self":[{"href":"https:\/\/www.svalbard.fr\/actualites\/wp-json\/wp\/v2\/posts\/3950"}],"collection":[{"href":"https:\/\/www.svalbard.fr\/actualites\/wp-json\/wp\/v2\/posts"}],"about":[{"href":"https:\/\/www.svalbard.fr\/actualites\/wp-json\/wp\/v2\/types\/post"}],"author":[{"embeddable":true,"href":"https:\/\/www.svalbard.fr\/actualites\/wp-json\/wp\/v2\/users\/3"}],"replies":[{"embeddable":true,"href":"https:\/\/www.svalbard.fr\/actualites\/wp-json\/wp\/v2\/comments?post=3950"}],"version-history":[{"count":1,"href":"https:\/\/www.svalbard.fr\/actualites\/wp-json\/wp\/v2\/posts\/3950\/revisions"}],"predecessor-version":[{"id":3952,"href":"https:\/\/www.svalbard.fr\/actualites\/wp-json\/wp\/v2\/posts\/3950\/revisions\/3952"}],"wp:featuredmedia":[{"embeddable":true,"href":"https:\/\/www.svalbard.fr\/actualites\/wp-json\/wp\/v2\/media\/3951"}],"wp:attachment":[{"href":"https:\/\/www.svalbard.fr\/actualites\/wp-json\/wp\/v2\/media?parent=3950"}],"wp:term":[{"taxonomy":"category","embeddable":true,"href":"https:\/\/www.svalbard.fr\/actualites\/wp-json\/wp\/v2\/categories?post=3950"},{"taxonomy":"post_tag","embeddable":true,"href":"https:\/\/www.svalbard.fr\/actualites\/wp-json\/wp\/v2\/tags?post=3950"}],"curies":[{"name":"wp","href":"https:\/\/api.w.org\/{rel}","templated":true}]}}