{"id":3974,"date":"2025-05-30T15:30:00","date_gmt":"2025-05-30T13:30:00","guid":{"rendered":"https:\/\/www.svalbard.fr\/actualites\/?p=3974"},"modified":"2025-05-30T09:22:20","modified_gmt":"2025-05-30T07:22:20","slug":"pour-se-venger-de-son-locataire-il-transforme-son-logement-de-maniere-radicale","status":"publish","type":"post","link":"https:\/\/www.svalbard.fr\/actualites\/pour-se-venger-de-son-locataire-il-transforme-son-logement-de-maniere-radicale\/","title":{"rendered":"Pour se venger de son locataire, il transforme son logement de mani\u00e8re radicale"},"content":{"rendered":"\n<p><strong><em>Les relations entre propri\u00e9taires et locataires peuvent parfois devenir tendues, surtout quand des probl\u00e8mes de loyers impay\u00e9s ou des conflits sur les termes du contrat surgissent. C&rsquo;est ce qui est arriv\u00e9 \u00e0 Forbach, en Moselle, o\u00f9 un propri\u00e9taire, exc\u00e9d\u00e9 par des ann\u00e9es de loyers non r\u00e9gl\u00e9s, a choisi une m\u00e9thode radicale pour se venger de son locataire. Cette situation soul\u00e8ve des questions importantes sur les droits et devoirs des deux parties, ainsi que sur les solutions l\u00e9gales disponibles.<\/em><\/strong><\/p>\n\n\n\n<!--more-->\n\n\n\n<h2 class=\"wp-block-heading\">Une mesure extr\u00eame : l&rsquo;exemple de Forbach<\/h2>\n\n\n\n<p>Lorsqu&rsquo;un <strong><a href=\"https:\/\/www.svalbard.fr\/actualites\/un-proprietaire-prend-une-decision-radicale-pour-punir-un-locataire-indelicat\/\">propri\u00e9taire <\/a><\/strong>accumule des frustrations li\u00e9es \u00e0 des impay\u00e9s r\u00e9currents, la patience peut rapidement c\u00e9der place \u00e0 l&rsquo;extr\u00eame. C\u2019est ce qui s\u2019est produit \u00e0 Forbach, o\u00f9 le propri\u00e9taire a pris la d\u00e9cision de <strong>d\u00e9monter les fen\u00eatres<\/strong> du logement qu\u2019il louait. En juillet, il a retir\u00e9 toutes les fen\u00eatres de l&rsquo;appartement, \u00e0 l&rsquo;exception d&rsquo;une seule, dans la pi\u00e8ce o\u00f9 r\u00e9sidait encore un locataire. Cette action n\u2019a pas constitu\u00e9 un <strong>sfratto<\/strong> direct, mais elle a rendu la vie dans le logement <strong>invivable<\/strong>, exposant l&rsquo;exasp\u00e9ration extr\u00eame du propri\u00e9taire.<\/p>\n\n\n\n<h2 class=\"wp-block-heading\">La d\u00e9fense de l&rsquo;inquilino : un conflit bilat\u00e9ral<\/h2>\n\n\n\n<p>Du c\u00f4t\u00e9 du locataire, la d\u00e9fense s\u2019est organis\u00e9e via une association d\u2019aide au logement, qui a justifi\u00e9 la <strong>morosit\u00e9<\/strong> par le non-respect des engagements du propri\u00e9taire. D\u2019apr\u00e8s l\u2019association, plusieurs travaux de r\u00e9novation \u00e9taient cens\u00e9s \u00eatre r\u00e9alis\u00e9s, comme la r\u00e9paration du toit et du chauffage, mais ces promesses n\u2019ont jamais \u00e9t\u00e9 tenues. \u201cNous ne sommes pas des locataires irresponsables. Nous avons lanc\u00e9 une proc\u00e9dure l\u00e9gale pour qu&rsquo;un juge tranche,\u201d a pr\u00e9cis\u00e9 le vice-pr\u00e9sident de l\u2019association. Cela montre que la situation est loin d&rsquo;\u00eatre unilat\u00e9rale, chaque partie reprochant \u00e0 l&rsquo;autre de ne pas avoir respect\u00e9 ses obligations contractuelles.<\/p>\n\n\n\n<h2 class=\"wp-block-heading\">Les implications l\u00e9gales : une strat\u00e9gie risqu\u00e9e<\/h2>\n\n\n\n<p>La d\u00e9cision du propri\u00e9taire de retirer les fen\u00eatres met en lumi\u00e8re un point important : <strong>la l\u00e9galit\u00e9 de telles actions<\/strong>. En France, il existe des proc\u00e9dures bien d\u00e9finies pour traiter les cas de <strong>morosit\u00e9<\/strong> et, si n\u00e9cessaire, proc\u00e9der \u00e0 un <strong>sfratto<\/strong>. Toutefois, ces d\u00e9marches peuvent prendre du temps, laissant les propri\u00e9taires dans une position d\u00e9licate.<\/p>\n\n\n\n<p><strong>Maria Rossi<\/strong>, experte en droit immobilier, souligne que ce genre d\u2019action unilat\u00e9rale ne pose pas seulement des probl\u00e8mes \u00e9thiques, mais expose \u00e9galement le propri\u00e9taire \u00e0 des <strong>contre-attaques juridiques<\/strong> pour violation du contrat et <strong>d\u00e9g\u00e2ts mat\u00e9riels<\/strong>. De telles actions peuvent aussi d\u00e9t\u00e9riorer irr\u00e9m\u00e9diablement la relation entre les deux parties, compliquant encore la r\u00e9solution du conflit.<\/p>\n\n\n\n<h2 class=\"wp-block-heading\">Les difficult\u00e9s financi\u00e8res des propri\u00e9taires<\/h2>\n\n\n\n<p>L&rsquo;un des facteurs sous-jacents \u00e0 cette r\u00e9action extr\u00eame est la <strong>pression financi\u00e8re<\/strong>. Lorsque les loyers ne sont pas pay\u00e9s, le propri\u00e9taire se retrouve avec des frais de gestion et de maintenance \u00e0 assumer seul. Cela peut cr\u00e9er un cercle vicieux de frustration, comme ce fut le cas pour ce propri\u00e9taire, dont l&rsquo;incapacit\u00e9 \u00e0 r\u00e9cup\u00e9rer ses loyers a pouss\u00e9 \u00e0 une mesure aussi drastique.<\/p>\n\n\n\n<h2 class=\"wp-block-heading\">Des solutions alternatives pour \u00e9viter l\u2019escalade des conflits<\/h2>\n\n\n\n<p>Ce type de situation met en lumi\u00e8re l\u2019importance de trouver des solutions <strong>\u00e9quilibr\u00e9es<\/strong> et <strong>l\u00e9gales<\/strong> pour g\u00e9rer les conflits entre locataires et propri\u00e9taires. Selon <strong>Giuseppe Verdi<\/strong>, consultant immobilier, la <strong>m\u00e9diation<\/strong> et le dialogue sont essentiels pour pr\u00e9venir de tels conflits. Il existe plusieurs solutions pour mieux g\u00e9rer ces d\u00e9saccords :<\/p>\n\n\n\n<ol type=\"1\">\n<li><strong>M\u00e9diation professionnelle<\/strong> : faire appel \u00e0 un m\u00e9diateur pour faciliter la communication entre les parties et trouver un <strong><a href=\"https:\/\/www.svalbard.fr\/actualites\/ils-refusent-50-millions-pour-leur-terrain-les-promoteurs-abandonnent\/\">terrain <\/a><\/strong>d\u2019entente.<\/li>\n\n\n\n<li><strong>Clart\u00e9 des contrats<\/strong> : pr\u00e9ciser les obligations de chaque partie, y compris les travaux de maintenance, pour \u00e9viter les malentendus.<\/li>\n\n\n\n<li><strong>Assistance juridique<\/strong> : se faire accompagner par un avocat sp\u00e9cialis\u00e9 pour comprendre ses droits et agir en conformit\u00e9 avec la l\u00e9gislation.<\/li>\n\n\n\n<li><strong>Plans de paiement flexibles<\/strong> : proposer des solutions de paiement temporaires pour aider les locataires en difficult\u00e9 financi\u00e8re.<\/li>\n<\/ol>\n\n\n\n<h2 class=\"wp-block-heading\">Conclusion : l\u2019importance du respect des droits de chaque partie<\/h2>\n\n\n\n<p>L\u2019affaire de Forbach illustre bien l&rsquo;importance de maintenir un \u00e9quilibre entre les besoins des propri\u00e9taires et les droits des locataires. Bien que la frustration puisse pousser \u00e0 des mesures extr\u00eames, il est essentiel de prendre en compte les cons\u00e9quences l\u00e9gales et financi\u00e8res de telles actions. En tant que propri\u00e9taires, il est crucial d\u2019adopter des approches proactives, tout en veillant \u00e0 respecter la l\u00e9gislation en vigueur. Quant aux locataires, ils doivent \u00e9galement communiquer clairement et chercher des solutions collaboratives en cas de difficult\u00e9s. C\u2019est en faisant preuve de responsabilit\u00e9 et de respect des normes l\u00e9gales que l\u2019on peut \u00e9viter des conflits co\u00fbteux et nuisibles pour les deux parties.<\/p>\n","protected":false},"excerpt":{"rendered":"<p>Les relations entre propri\u00e9taires et locataires peuvent parfois devenir tendues, surtout quand des probl\u00e8mes de loyers impay\u00e9s ou des conflits sur les termes du contrat<\/p>\n","protected":false},"author":3,"featured_media":3975,"comment_status":"closed","ping_status":"closed","sticky":false,"template":"","format":"standard","meta":{"footnotes":""},"categories":[1725],"tags":[],"yoast_head":"<!-- This site is optimized with the Yoast SEO plugin v21.0 - https:\/\/yoast.com\/wordpress\/plugins\/seo\/ -->\n<title>Pour se venger de son locataire, il transforme son logement de mani\u00e8re radicale<\/title>\n<meta name=\"robots\" content=\"index, follow, max-snippet:-1, max-image-preview:large, max-video-preview:-1\" \/>\n<link rel=\"canonical\" href=\"https:\/\/www.svalbard.fr\/actualites\/pour-se-venger-de-son-locataire-il-transforme-son-logement-de-maniere-radicale\/\" \/>\n<meta property=\"og:locale\" content=\"fr_FR\" \/>\n<meta property=\"og:type\" content=\"article\" \/>\n<meta property=\"og:title\" content=\"Pour se venger de son locataire, il transforme son logement de mani\u00e8re radicale\" \/>\n<meta property=\"og:description\" content=\"Les relations entre propri\u00e9taires et locataires peuvent parfois devenir tendues, surtout quand des probl\u00e8mes de loyers impay\u00e9s ou des conflits sur les termes du contrat\" \/>\n<meta property=\"og:url\" content=\"https:\/\/www.svalbard.fr\/actualites\/pour-se-venger-de-son-locataire-il-transforme-son-logement-de-maniere-radicale\/\" \/>\n<meta property=\"og:site_name\" content=\"www.Svalbard.fr\" \/>\n<meta property=\"article:published_time\" content=\"2025-05-30T13:30:00+00:00\" \/>\n<meta property=\"article:modified_time\" content=\"2025-05-30T07:22:20+00:00\" \/>\n<meta property=\"og:image\" content=\"https:\/\/www.svalbard.fr\/actualites\/wp-content\/uploads\/2025\/05\/Pour-se-venger-de-son-locataire.jpeg\" \/>\n\t<meta property=\"og:image:width\" content=\"1200\" \/>\n\t<meta property=\"og:image:height\" content=\"629\" \/>\n\t<meta property=\"og:image:type\" content=\"image\/jpeg\" \/>\n<meta name=\"author\" content=\"Guillaume Chen\" \/>\n<meta name=\"twitter:card\" content=\"summary_large_image\" \/>\n<meta name=\"twitter:label1\" content=\"\u00c9crit par\" \/>\n\t<meta name=\"twitter:data1\" content=\"Guillaume Chen\" \/>\n\t<meta name=\"twitter:label2\" content=\"Dur\u00e9e de lecture estim\u00e9e\" \/>\n\t<meta name=\"twitter:data2\" content=\"4 minutes\" \/>\n<script type=\"application\/ld+json\" class=\"yoast-schema-graph\">{\"@context\":\"https:\/\/schema.org\",\"@graph\":[{\"@type\":\"Article\",\"@id\":\"https:\/\/www.svalbard.fr\/actualites\/pour-se-venger-de-son-locataire-il-transforme-son-logement-de-maniere-radicale\/#article\",\"isPartOf\":{\"@id\":\"https:\/\/www.svalbard.fr\/actualites\/pour-se-venger-de-son-locataire-il-transforme-son-logement-de-maniere-radicale\/\"},\"author\":{\"name\":\"Guillaume Chen\",\"@id\":\"https:\/\/www.svalbard.fr\/actualites\/#\/schema\/person\/b9d185560b94bff7322d37cb676ee545\"},\"headline\":\"Pour se venger de son locataire, il transforme son logement de mani\u00e8re radicale\",\"datePublished\":\"2025-05-30T13:30:00+00:00\",\"dateModified\":\"2025-05-30T07:22:20+00:00\",\"mainEntityOfPage\":{\"@id\":\"https:\/\/www.svalbard.fr\/actualites\/pour-se-venger-de-son-locataire-il-transforme-son-logement-de-maniere-radicale\/\"},\"wordCount\":829,\"publisher\":{\"@id\":\"https:\/\/www.svalbard.fr\/actualites\/#organization\"},\"articleSection\":[\"Tendances\"],\"inLanguage\":\"fr-FR\"},{\"@type\":\"WebPage\",\"@id\":\"https:\/\/www.svalbard.fr\/actualites\/pour-se-venger-de-son-locataire-il-transforme-son-logement-de-maniere-radicale\/\",\"url\":\"https:\/\/www.svalbard.fr\/actualites\/pour-se-venger-de-son-locataire-il-transforme-son-logement-de-maniere-radicale\/\",\"name\":\"Pour se venger de son locataire, il transforme son logement de mani\u00e8re radicale\",\"isPartOf\":{\"@id\":\"https:\/\/www.svalbard.fr\/actualites\/#website\"},\"datePublished\":\"2025-05-30T13:30:00+00:00\",\"dateModified\":\"2025-05-30T07:22:20+00:00\",\"breadcrumb\":{\"@id\":\"https:\/\/www.svalbard.fr\/actualites\/pour-se-venger-de-son-locataire-il-transforme-son-logement-de-maniere-radicale\/#breadcrumb\"},\"inLanguage\":\"fr-FR\",\"potentialAction\":[{\"@type\":\"ReadAction\",\"target\":[\"https:\/\/www.svalbard.fr\/actualites\/pour-se-venger-de-son-locataire-il-transforme-son-logement-de-maniere-radicale\/\"]}]},{\"@type\":\"BreadcrumbList\",\"@id\":\"https:\/\/www.svalbard.fr\/actualites\/pour-se-venger-de-son-locataire-il-transforme-son-logement-de-maniere-radicale\/#breadcrumb\",\"itemListElement\":[{\"@type\":\"ListItem\",\"position\":1,\"name\":\"Accueil\",\"item\":\"https:\/\/www.svalbard.fr\/actualites\/\"},{\"@type\":\"ListItem\",\"position\":2,\"name\":\"Pour se venger de son locataire, il transforme son logement de mani\u00e8re radicale\"}]},{\"@type\":\"WebSite\",\"@id\":\"https:\/\/www.svalbard.fr\/actualites\/#website\",\"url\":\"https:\/\/www.svalbard.fr\/actualites\/\",\"name\":\"www.Svalbard.fr\",\"description\":\"\",\"publisher\":{\"@id\":\"https:\/\/www.svalbard.fr\/actualites\/#organization\"},\"potentialAction\":[{\"@type\":\"SearchAction\",\"target\":{\"@type\":\"EntryPoint\",\"urlTemplate\":\"https:\/\/www.svalbard.fr\/actualites\/?s={search_term_string}\"},\"query-input\":\"required name=search_term_string\"}],\"inLanguage\":\"fr-FR\"},{\"@type\":\"Organization\",\"@id\":\"https:\/\/www.svalbard.fr\/actualites\/#organization\",\"name\":\"www.Svalbard.fr\",\"url\":\"https:\/\/www.svalbard.fr\/actualites\/\",\"logo\":{\"@type\":\"ImageObject\",\"inLanguage\":\"fr-FR\",\"@id\":\"https:\/\/www.svalbard.fr\/actualites\/#\/schema\/logo\/image\/\",\"url\":\"https:\/\/www.svalbard.fr\/actualites\/wp-content\/uploads\/2023\/09\/head-nom.jpg\",\"contentUrl\":\"https:\/\/www.svalbard.fr\/actualites\/wp-content\/uploads\/2023\/09\/head-nom.jpg\",\"width\":264,\"height\":35,\"caption\":\"www.Svalbard.fr\"},\"image\":{\"@id\":\"https:\/\/www.svalbard.fr\/actualites\/#\/schema\/logo\/image\/\"}},{\"@type\":\"Person\",\"@id\":\"https:\/\/www.svalbard.fr\/actualites\/#\/schema\/person\/b9d185560b94bff7322d37cb676ee545\",\"name\":\"Guillaume Chen\",\"image\":{\"@type\":\"ImageObject\",\"inLanguage\":\"fr-FR\",\"@id\":\"https:\/\/www.svalbard.fr\/actualites\/#\/schema\/person\/image\/\",\"url\":\"https:\/\/secure.gravatar.com\/avatar\/0c3f9c94586035b795ad4049a06fb048?s=96&d=mm&r=g\",\"contentUrl\":\"https:\/\/secure.gravatar.com\/avatar\/0c3f9c94586035b795ad4049a06fb048?s=96&d=mm&r=g\",\"caption\":\"Guillaume Chen\"},\"sameAs\":[\"https:\/\/www.svalbard.fr\/\"]}]}<\/script>\n<!-- \/ Yoast SEO plugin. -->","yoast_head_json":{"title":"Pour se venger de son locataire, il transforme son logement de mani\u00e8re radicale","robots":{"index":"index","follow":"follow","max-snippet":"max-snippet:-1","max-image-preview":"max-image-preview:large","max-video-preview":"max-video-preview:-1"},"canonical":"https:\/\/www.svalbard.fr\/actualites\/pour-se-venger-de-son-locataire-il-transforme-son-logement-de-maniere-radicale\/","og_locale":"fr_FR","og_type":"article","og_title":"Pour se venger de son locataire, il transforme son logement de mani\u00e8re radicale","og_description":"Les relations entre propri\u00e9taires et locataires peuvent parfois devenir tendues, surtout quand des probl\u00e8mes de loyers impay\u00e9s ou des conflits sur les termes du contrat","og_url":"https:\/\/www.svalbard.fr\/actualites\/pour-se-venger-de-son-locataire-il-transforme-son-logement-de-maniere-radicale\/","og_site_name":"www.Svalbard.fr","article_published_time":"2025-05-30T13:30:00+00:00","article_modified_time":"2025-05-30T07:22:20+00:00","og_image":[{"width":1200,"height":629,"url":"https:\/\/www.svalbard.fr\/actualites\/wp-content\/uploads\/2025\/05\/Pour-se-venger-de-son-locataire.jpeg","type":"image\/jpeg"}],"author":"Guillaume Chen","twitter_card":"summary_large_image","twitter_misc":{"\u00c9crit par":"Guillaume Chen","Dur\u00e9e de lecture estim\u00e9e":"4 minutes"},"schema":{"@context":"https:\/\/schema.org","@graph":[{"@type":"Article","@id":"https:\/\/www.svalbard.fr\/actualites\/pour-se-venger-de-son-locataire-il-transforme-son-logement-de-maniere-radicale\/#article","isPartOf":{"@id":"https:\/\/www.svalbard.fr\/actualites\/pour-se-venger-de-son-locataire-il-transforme-son-logement-de-maniere-radicale\/"},"author":{"name":"Guillaume Chen","@id":"https:\/\/www.svalbard.fr\/actualites\/#\/schema\/person\/b9d185560b94bff7322d37cb676ee545"},"headline":"Pour se venger de son locataire, il transforme son logement de mani\u00e8re radicale","datePublished":"2025-05-30T13:30:00+00:00","dateModified":"2025-05-30T07:22:20+00:00","mainEntityOfPage":{"@id":"https:\/\/www.svalbard.fr\/actualites\/pour-se-venger-de-son-locataire-il-transforme-son-logement-de-maniere-radicale\/"},"wordCount":829,"publisher":{"@id":"https:\/\/www.svalbard.fr\/actualites\/#organization"},"articleSection":["Tendances"],"inLanguage":"fr-FR"},{"@type":"WebPage","@id":"https:\/\/www.svalbard.fr\/actualites\/pour-se-venger-de-son-locataire-il-transforme-son-logement-de-maniere-radicale\/","url":"https:\/\/www.svalbard.fr\/actualites\/pour-se-venger-de-son-locataire-il-transforme-son-logement-de-maniere-radicale\/","name":"Pour se venger de son locataire, il transforme son logement de mani\u00e8re radicale","isPartOf":{"@id":"https:\/\/www.svalbard.fr\/actualites\/#website"},"datePublished":"2025-05-30T13:30:00+00:00","dateModified":"2025-05-30T07:22:20+00:00","breadcrumb":{"@id":"https:\/\/www.svalbard.fr\/actualites\/pour-se-venger-de-son-locataire-il-transforme-son-logement-de-maniere-radicale\/#breadcrumb"},"inLanguage":"fr-FR","potentialAction":[{"@type":"ReadAction","target":["https:\/\/www.svalbard.fr\/actualites\/pour-se-venger-de-son-locataire-il-transforme-son-logement-de-maniere-radicale\/"]}]},{"@type":"BreadcrumbList","@id":"https:\/\/www.svalbard.fr\/actualites\/pour-se-venger-de-son-locataire-il-transforme-son-logement-de-maniere-radicale\/#breadcrumb","itemListElement":[{"@type":"ListItem","position":1,"name":"Accueil","item":"https:\/\/www.svalbard.fr\/actualites\/"},{"@type":"ListItem","position":2,"name":"Pour se venger de son locataire, il transforme son logement de mani\u00e8re radicale"}]},{"@type":"WebSite","@id":"https:\/\/www.svalbard.fr\/actualites\/#website","url":"https:\/\/www.svalbard.fr\/actualites\/","name":"www.Svalbard.fr","description":"","publisher":{"@id":"https:\/\/www.svalbard.fr\/actualites\/#organization"},"potentialAction":[{"@type":"SearchAction","target":{"@type":"EntryPoint","urlTemplate":"https:\/\/www.svalbard.fr\/actualites\/?s={search_term_string}"},"query-input":"required name=search_term_string"}],"inLanguage":"fr-FR"},{"@type":"Organization","@id":"https:\/\/www.svalbard.fr\/actualites\/#organization","name":"www.Svalbard.fr","url":"https:\/\/www.svalbard.fr\/actualites\/","logo":{"@type":"ImageObject","inLanguage":"fr-FR","@id":"https:\/\/www.svalbard.fr\/actualites\/#\/schema\/logo\/image\/","url":"https:\/\/www.svalbard.fr\/actualites\/wp-content\/uploads\/2023\/09\/head-nom.jpg","contentUrl":"https:\/\/www.svalbard.fr\/actualites\/wp-content\/uploads\/2023\/09\/head-nom.jpg","width":264,"height":35,"caption":"www.Svalbard.fr"},"image":{"@id":"https:\/\/www.svalbard.fr\/actualites\/#\/schema\/logo\/image\/"}},{"@type":"Person","@id":"https:\/\/www.svalbard.fr\/actualites\/#\/schema\/person\/b9d185560b94bff7322d37cb676ee545","name":"Guillaume Chen","image":{"@type":"ImageObject","inLanguage":"fr-FR","@id":"https:\/\/www.svalbard.fr\/actualites\/#\/schema\/person\/image\/","url":"https:\/\/secure.gravatar.com\/avatar\/0c3f9c94586035b795ad4049a06fb048?s=96&d=mm&r=g","contentUrl":"https:\/\/secure.gravatar.com\/avatar\/0c3f9c94586035b795ad4049a06fb048?s=96&d=mm&r=g","caption":"Guillaume Chen"},"sameAs":["https:\/\/www.svalbard.fr\/"]}]}},"_links":{"self":[{"href":"https:\/\/www.svalbard.fr\/actualites\/wp-json\/wp\/v2\/posts\/3974"}],"collection":[{"href":"https:\/\/www.svalbard.fr\/actualites\/wp-json\/wp\/v2\/posts"}],"about":[{"href":"https:\/\/www.svalbard.fr\/actualites\/wp-json\/wp\/v2\/types\/post"}],"author":[{"embeddable":true,"href":"https:\/\/www.svalbard.fr\/actualites\/wp-json\/wp\/v2\/users\/3"}],"replies":[{"embeddable":true,"href":"https:\/\/www.svalbard.fr\/actualites\/wp-json\/wp\/v2\/comments?post=3974"}],"version-history":[{"count":1,"href":"https:\/\/www.svalbard.fr\/actualites\/wp-json\/wp\/v2\/posts\/3974\/revisions"}],"predecessor-version":[{"id":3976,"href":"https:\/\/www.svalbard.fr\/actualites\/wp-json\/wp\/v2\/posts\/3974\/revisions\/3976"}],"wp:featuredmedia":[{"embeddable":true,"href":"https:\/\/www.svalbard.fr\/actualites\/wp-json\/wp\/v2\/media\/3975"}],"wp:attachment":[{"href":"https:\/\/www.svalbard.fr\/actualites\/wp-json\/wp\/v2\/media?parent=3974"}],"wp:term":[{"taxonomy":"category","embeddable":true,"href":"https:\/\/www.svalbard.fr\/actualites\/wp-json\/wp\/v2\/categories?post=3974"},{"taxonomy":"post_tag","embeddable":true,"href":"https:\/\/www.svalbard.fr\/actualites\/wp-json\/wp\/v2\/tags?post=3974"}],"curies":[{"name":"wp","href":"https:\/\/api.w.org\/{rel}","templated":true}]}}