{"id":4010,"date":"2025-05-30T12:43:36","date_gmt":"2025-05-30T10:43:36","guid":{"rendered":"https:\/\/www.svalbard.fr\/actualites\/lheritage-litteraire-de-bjornstjerne-bjornson\/"},"modified":"2025-05-30T12:43:36","modified_gmt":"2025-05-30T10:43:36","slug":"lheritage-litteraire-de-bjornstjerne-bjornson","status":"publish","type":"post","link":"https:\/\/www.svalbard.fr\/actualites\/lheritage-litteraire-de-bjornstjerne-bjornson\/","title":{"rendered":"L&#39;h\u00e9ritage litt\u00e9raire de Bj\u00f8rnstjerne Bj\u00f8rnson"},"content":{"rendered":"<div itemprop=\"text\">\n\t\t\t<span id=\"dpsp-post-content-markup\" data-image-pin-it=\"false\"><\/span><\/p>\n<p class=\"intro\">Avant que la Norv\u00e8ge n&#39;ait son ind\u00e9pendance ou son propre hymne national, il avait Bj\u00f8rnstjerne Bj\u00f8rnson: un ma\u00eetre conteur avec un talent pour capturer le c\u0153ur d&#39;une jeune nation croissante.<\/p>\n<p>Des contes paysans romantiques aux pi\u00e8ces controvers\u00e9es critiquant les doubles standards sociaux, l&#39;\u00e9criture de Bj\u00f8rnson n&#39;a pas seulement suivi le temps, il a aid\u00e9 \u00e0 les fa\u00e7onner.<\/p>\n<figure class=\"wp-block-image size-large\"><img data-lazyloaded=\"1\" data-placeholder-resp=\"768x432\" fetchpriority=\"high\" decoding=\"async\" width=\"768\" height=\"432\" src=\"https:\/\/www.svalbard.fr\/actualites\/wp-content\/uploads\/2025\/05\/L39heritage-litteraire-de-Bjornstjerne-Bjornson.jpg\" alt=\"Bj\u00f8rnstjerne Bj\u00f8rnson par Erik Werenskiold. Domaine public.\" class=\"wp-image-83488\"  data-><noscript><img fetchpriority=\"high\" decoding=\"async\" width=\"768\" height=\"432\" src=\"https:\/\/www.svalbard.fr\/actualites\/wp-content\/uploads\/2025\/05\/L39heritage-litteraire-de-Bjornstjerne-Bjornson.jpg\" alt=\"Bj\u00f8rnstjerne Bj\u00f8rnson par Erik Werenskiold. Domaine public.\" class=\"wp-image-83488\"  ><\/noscript><\/figure>\n<p>Mais comment le fils d&#39;un pasteur de Norv\u00e8ge rural a-t-il fini par \u00e9crire l&#39;hymne national et remporter le prix Nobel de litt\u00e9rature? Plongeons-nous dans la vie et l&#39;h\u00e9ritage de l&#39;homme connu sous le nom de chef du po\u00e8te norv\u00e9gien.<\/p>\n<h2 class=\"wp-block-heading\">Une \u00e9ducation pastorale<\/h2>\n<p>Bj\u00f8rnstjerne Bj\u00f8rnson est n\u00e9 le 8 d\u00e9cembre 1832 \u00e0 Kvikne, au sud de Trondheim. Lorsque Bj\u00f8rnstjerne avait cinq ans, son p\u00e8re, qui \u00e9tait pasteur, a \u00e9t\u00e9 affect\u00e9 \u00e0 une nouvelle paroisse dans la vall\u00e9e de Romsdal.<\/p>\n<p>Cette zone pittoresque et plus grande que nature fournirait plus tard le cadre de bon nombre de ses romans ruraux. Les connaissances qu&#39;il accumulerait sur la vie rurale pendant son \u00e9ducation servirait de base aux c\u00e9l\u00e8bres contes paysans qu&#39;il \u00e9crirait plus tard.<\/p>\n<h2 class=\"wp-block-heading\">Sagas et contes paysans<\/h2>\n<p>Au cours de la premi\u00e8re partie de sa carri\u00e8re litt\u00e9raire, Bj\u00f8rnstjerne Bj\u00f8rnson a produit une s\u00e9rie d&#39;histoires rurales et de pi\u00e8ces historiques. Les histoires rurales ont racont\u00e9 une version romantique de la vie agricole en Norv\u00e8ge du XIXe si\u00e8cle, tandis que les pi\u00e8ces historiques \u00e9taient fortement bas\u00e9es sur les sagas Viking.<\/p>\n<p>Cette approche lui a permis de relier le pass\u00e9 de la Norv\u00e8ge avec son pr\u00e9sent et de renforcer l&#39;identit\u00e9 culturelle norv\u00e9gienne.<\/p>\n<p>Des \u0153uvres comme le conte de paysan \u00abSynn\u00f8ve Solbakken\u00bb (1857), \u00e9galement traduite par \u00abconfiance et essai\u00bb ou \u00abamour et vie en Norv\u00e8ge\u00bb, l&#39;ont propuls\u00e9 \u00e0 la pointe de la litt\u00e9rature norv\u00e9gienne.<\/p>\n<h2 class=\"wp-block-heading\">Bj\u00f8rnstjerne Bj\u00f8rnson et la transition du romantisme au r\u00e9alisme<\/h2>\n<p>Il est impossible de parler de la litt\u00e9rature (ou de l&#39;art) en Scandinavie des ann\u00e9es 1800 sans mentionner le romantisme et le r\u00e9alisme (continuez \u00e0 lire si vous n&#39;en avez jamais entendu parler). Au d\u00e9but du si\u00e8cle, la Norv\u00e8ge se r\u00e9tablissait comme une nation distincte.<\/p>\n<p>Apr\u00e8s des ann\u00e9es de gouverne par le Danemark, il a acquis sa propre constitution et un certain degr\u00e9 d&#39;ind\u00e9pendance, m\u00eame s&#39;il \u00e9tait techniquement en union avec la Su\u00e8de.<\/p>\n<p>Pourtant, la Norv\u00e8ge se sentait comme une jeune nation essayant de trouver son identit\u00e9. Les \u00e9crivains voulaient c\u00e9l\u00e9brer l&#39;histoire norv\u00e9gienne, la nature et l&#39;esprit du peuple &#8211; le moment id\u00e9al pour le romantisme.<\/p>\n<p>Henrik Wergeland (1808\u20131845) a \u00e9t\u00e9 l&#39;un des \u00e9crivains romantiques les plus importants de Norv\u00e8ge. Il a vu la litt\u00e9rature comme un moyen de construire une forte identit\u00e9 norv\u00e9gienne, et Bj\u00f8rnstjerne Bj\u00f8rnson se voyait comme son h\u00e9ritier.<\/p>\n<p>Mais ce que Bj\u00f8rnson a fait, apr\u00e8s des ann\u00e9es d&#39;\u00e9criture de contes de paysans et de pi\u00e8ces historiques, \u00e9tait de pivoter le r\u00e9alisme. Au lieu de romancer la vie agricole pass\u00e9e ou contemporaine, ces \u0153uvres ont expos\u00e9 des probl\u00e8mes sociaux r\u00e9els &#8211; et parfois tr\u00e8s controvers\u00e9s.<\/p>\n<p>Une de ces \u0153uvres, <em>En Hanske<\/em> (1883, un gant), a attaqu\u00e9 le double standard de la moralit\u00e9 sexuelle. Dans cette pi\u00e8ce, Bj\u00f8rnson a condamn\u00e9 l&#39;hypocrisie qui exigeait la puret\u00e9 sexuelle des femmes, mais pas des hommes. Cela l&#39;a align\u00e9 avec les premi\u00e8res id\u00e9es f\u00e9ministes.<\/p>\n<p>La pi\u00e8ce \u00e9tait en avance sur son temps et a provoqu\u00e9 un d\u00e9bat dans toute la Scandinavie. Dans un autre exemple, <em>Redakt\u00f8ren<\/em> (1875, l&#39;\u00e9diteur) Bj\u00f8rnsom vise la corruption dans la presse et la politique locale, exposant comment les journaux pourraient \u00eatre utilis\u00e9s comme outils de gain personnel et de manipulation.<\/p>\n<p>Il s&#39;agissait d&#39;un commentaire direct sur l&#39;influence des m\u00e9dias et comment les \u00e9diteurs pouvaient influencer l&#39;opinion publique ou prot\u00e9ger leurs propres int\u00e9r\u00eats au lieu de servir le bien commun.<\/p>\n<p>Joue comme celle-ci le positionn\u00e9 fermement dans le mouvement plus large du drame socialement engag\u00e9, aux c\u00f4t\u00e9s d&#39;autres dramaturges de l&#39;\u00e9poque &#8211; notamment Henrik Ibsen, auteur de <em>Une maison de poup\u00e9e<\/em> (1879).<\/p>\n<h2 class=\"wp-block-heading\">Champion de la langue norv\u00e9gienne<\/h2>\n<p>Il semble \u00e9trange d&#39;y penser aujourd&#39;hui, mais la langue de choix pour tout ce qui est la culture \u00e0 Oslo au d\u00e9but du 19e si\u00e8cle \u00e9tait danoise, et non norv\u00e9gienne. Bj\u00f8rnstjerne Bj\u00f8rnson \u00e9tait un d\u00e9fenseur passionn\u00e9 de changer cela.<\/p>\n<p>En tant que critique de th\u00e9\u00e2tre, il a insist\u00e9 sur le fait que le public norv\u00e9gien devrait entendre leur propre langue sur sc\u00e8ne plut\u00f4t que import\u00e9e danoise, et a m\u00eame organis\u00e9 une manifestation bruyante contre l&#39;embauche d&#39;acteurs danois.<\/p>\n<p>Il a respect\u00e9 le travail d&#39;Ivar Aasen dans la construction <em>Landsm\u00e5l<\/em> (maintenant Nynorsk) des dialectes ruraux, mais croyait que la langue nationale devrait plut\u00f4t \u00e9voluer \u00e0 partir du danois \u00e9crit traditionnellement utilis\u00e9 par les classes \u00e9duqu\u00e9es.<\/p>\n<p>La version de Norwegian qui est de loin la plus utilis\u00e9e aujourd&#39;hui, Bokm\u00e5l, suit en grande partie les principes que Bj\u00f8rnson a d\u00e9fendues, d\u00e9montrant qu&#39;il avait laiss\u00e9 une empreinte durable sur l&#39;identit\u00e9 norv\u00e9gienne qui va au-del\u00e0 de la litt\u00e9rature.<\/p>\n<h2 class=\"wp-block-heading\">L&#39;hymne national de la Norv\u00e8ge<\/h2>\n<p>Au d\u00e9but des ann\u00e9es 1860, Bj\u00f8rnstjerne Bj\u00f8rnson a \u00e9crit les paroles de <em>JA, vi Elsker Dette Landet<\/em> (\u00abOui, nous aimons ce pays\u00bb). Le po\u00e8me a \u00e9t\u00e9 interpr\u00e9t\u00e9 publiquement en 1864 lors du 50e anniversaire de la Constitution de la Norv\u00e8ge, mis sur la musique compos\u00e9e par son cousin, Rikard Nordraak.<\/p>\n<p>\u00c0 l&#39;\u00e9poque, la Norv\u00e8ge \u00e9tait toujours dans une union avec la Su\u00e8de, et la c\u00e9l\u00e9bration sinc\u00e8re de la chanson du peuple norv\u00e9gien, le paysage et l&#39;histoire ont touch\u00e9 une corde sensible. Le ton du po\u00e8me \u00e9tait patriotique mais pas agressif, ce qui l&#39;a aid\u00e9 \u00e0 obtenir un large soutien m\u00eame \u00e0 l&#39;\u00e9poque politiquement sensible.<\/p>\n<p>Au cours des d\u00e9cennies suivantes, <em>JA, vi Elsker<\/em> Devenu graduellement l&#39;hymne national de facto, largement chant\u00e9 lors des \u00e9v\u00e9nements publics, des c\u00e9r\u00e9monies scolaires et des f\u00eates nationales.<\/p>\n<p>\u00c9tonnamment, il n&#39;a \u00e9t\u00e9 officiellement adopt\u00e9 que par le Parlement en tant qu&#39;hymne national en 2019, une d\u00e9cision largement c\u00e9r\u00e9monielle qui a essentiellement confirm\u00e9 ce qui \u00e9tait d\u00e9j\u00e0 l\u00e0.<\/p>\n<h2 class=\"wp-block-heading\">Prix \u200b\u200bNobel de litt\u00e9rature <\/h2>\n<p>En 1903, Bj\u00f8rnstjerne Bj\u00f8rnson est devenu le premier norv\u00e9gien \u00e0 recevoir le prix Nobel de litt\u00e9rature.<\/p>\n<p>Le comit\u00e9 Nobel lui a d\u00e9cern\u00e9 le prix \u00aben hommage \u00e0 sa po\u00e9sie noble, magnifique et polyvalente, qui a toujours \u00e9t\u00e9 distingu\u00e9e \u00e0 la fois par la fra\u00eecheur de son inspiration et la rare puret\u00e9 de son esprit.\u00bb<\/p>\n<p>Le prix a reconnu non seulement ses \u0153uvres po\u00e9tiques et dramatiques, mais aussi son influence de longue date sur la vie culturelle et morale de la Norv\u00e8ge. Bien que Bj\u00f8rnson n&#39;ait pas publi\u00e9 de nouveaux travaux litt\u00e9raires majeurs dans les ann\u00e9es pr\u00e9c\u00e9dant imm\u00e9diatement le prix, le comit\u00e9 a reconnu toute la port\u00e9e de sa carri\u00e8re.<\/p>\n<p>\u00c0 la maison, recevoir cet honneur a solidifi\u00e9 la r\u00e9putation de Bj\u00f8rnson en tant que <em>dikterh\u00f8vdinden<\/em> &#8211; Le po\u00e8te Chieftain. Sur la sc\u00e8ne internationale, il a \u00e9lev\u00e9 la litt\u00e9rature norv\u00e9gienne et lui a donn\u00e9 un nouveau public.<\/p>\n<p>Ce fut un moment de fiert\u00e9 nationale pendant une p\u00e9riode de confiance culturelle norv\u00e9gienne croissante, deux ans seulement avant la dissolution de l&#39;Union avec la Su\u00e8de en 1905.<\/p>\n<\/p><\/div>\n","protected":false},"excerpt":{"rendered":"<p>Avant que la Norv\u00e8ge n&#39;ait son ind\u00e9pendance ou son propre hymne national, il avait Bj\u00f8rnstjerne Bj\u00f8rnson: un ma\u00eetre conteur avec un talent pour capturer le<\/p>\n","protected":false},"author":1,"featured_media":4011,"comment_status":"","ping_status":"","sticky":false,"template":"","format":"standard","meta":{"footnotes":""},"categories":[2277],"tags":[4679,4677,2133,714],"yoast_head":"<!-- This site is optimized with the Yoast SEO plugin v21.0 - https:\/\/yoast.com\/wordpress\/plugins\/seo\/ -->\n<title>L&#039;h\u00e9ritage litt\u00e9raire de Bj\u00f8rnstjerne Bj\u00f8rnson<\/title>\n<meta name=\"robots\" content=\"index, follow, max-snippet:-1, max-image-preview:large, max-video-preview:-1\" \/>\n<link rel=\"canonical\" href=\"https:\/\/www.svalbard.fr\/actualites\/lheritage-litteraire-de-bjornstjerne-bjornson\/\" \/>\n<meta property=\"og:locale\" content=\"fr_FR\" \/>\n<meta property=\"og:type\" content=\"article\" \/>\n<meta property=\"og:title\" content=\"L&#039;h\u00e9ritage litt\u00e9raire de Bj\u00f8rnstjerne Bj\u00f8rnson\" \/>\n<meta property=\"og:description\" content=\"Avant que la Norv\u00e8ge n&#039;ait son ind\u00e9pendance ou son propre hymne national, il avait Bj\u00f8rnstjerne Bj\u00f8rnson: un ma\u00eetre conteur avec un talent pour capturer le\" \/>\n<meta property=\"og:url\" content=\"https:\/\/www.svalbard.fr\/actualites\/lheritage-litteraire-de-bjornstjerne-bjornson\/\" \/>\n<meta property=\"og:site_name\" content=\"www.Svalbard.fr\" \/>\n<meta property=\"article:published_time\" content=\"2025-05-30T10:43:36+00:00\" \/>\n<meta property=\"og:image\" content=\"https:\/\/www.svalbard.fr\/actualites\/wp-content\/uploads\/2025\/05\/L39heritage-litteraire-de-Bjornstjerne-Bjornson.jpg\" \/>\n<meta name=\"author\" content=\"Hilmar\" \/>\n<meta name=\"twitter:card\" content=\"summary_large_image\" \/>\n<meta name=\"twitter:label1\" content=\"\u00c9crit par\" \/>\n\t<meta name=\"twitter:data1\" content=\"Hilmar\" \/>\n\t<meta name=\"twitter:label2\" content=\"Dur\u00e9e de lecture estim\u00e9e\" \/>\n\t<meta name=\"twitter:data2\" content=\"7 minutes\" \/>\n<script type=\"application\/ld+json\" class=\"yoast-schema-graph\">{\"@context\":\"https:\/\/schema.org\",\"@graph\":[{\"@type\":\"Article\",\"@id\":\"https:\/\/www.svalbard.fr\/actualites\/lheritage-litteraire-de-bjornstjerne-bjornson\/#article\",\"isPartOf\":{\"@id\":\"https:\/\/www.svalbard.fr\/actualites\/lheritage-litteraire-de-bjornstjerne-bjornson\/\"},\"author\":{\"name\":\"Hilmar\",\"@id\":\"https:\/\/www.svalbard.fr\/actualites\/#\/schema\/person\/a2f937d5712222366738fae98755c600\"},\"headline\":\"L&#39;h\u00e9ritage litt\u00e9raire de Bj\u00f8rnstjerne Bj\u00f8rnson\",\"datePublished\":\"2025-05-30T10:43:36+00:00\",\"dateModified\":\"2025-05-30T10:43:36+00:00\",\"mainEntityOfPage\":{\"@id\":\"https:\/\/www.svalbard.fr\/actualites\/lheritage-litteraire-de-bjornstjerne-bjornson\/\"},\"wordCount\":1339,\"publisher\":{\"@id\":\"https:\/\/www.svalbard.fr\/actualites\/#organization\"},\"keywords\":[\"Bj\u00f8rnson\",\"Bj\u00f8rnstjerne\",\"l39h\u00e9ritage\",\"litt\u00e9raire\"],\"inLanguage\":\"fr-FR\"},{\"@type\":\"WebPage\",\"@id\":\"https:\/\/www.svalbard.fr\/actualites\/lheritage-litteraire-de-bjornstjerne-bjornson\/\",\"url\":\"https:\/\/www.svalbard.fr\/actualites\/lheritage-litteraire-de-bjornstjerne-bjornson\/\",\"name\":\"L&#39;h\u00e9ritage litt\u00e9raire de Bj\u00f8rnstjerne Bj\u00f8rnson\",\"isPartOf\":{\"@id\":\"https:\/\/www.svalbard.fr\/actualites\/#website\"},\"datePublished\":\"2025-05-30T10:43:36+00:00\",\"dateModified\":\"2025-05-30T10:43:36+00:00\",\"breadcrumb\":{\"@id\":\"https:\/\/www.svalbard.fr\/actualites\/lheritage-litteraire-de-bjornstjerne-bjornson\/#breadcrumb\"},\"inLanguage\":\"fr-FR\",\"potentialAction\":[{\"@type\":\"ReadAction\",\"target\":[\"https:\/\/www.svalbard.fr\/actualites\/lheritage-litteraire-de-bjornstjerne-bjornson\/\"]}]},{\"@type\":\"BreadcrumbList\",\"@id\":\"https:\/\/www.svalbard.fr\/actualites\/lheritage-litteraire-de-bjornstjerne-bjornson\/#breadcrumb\",\"itemListElement\":[{\"@type\":\"ListItem\",\"position\":1,\"name\":\"Accueil\",\"item\":\"https:\/\/www.svalbard.fr\/actualites\/\"},{\"@type\":\"ListItem\",\"position\":2,\"name\":\"L&#39;h\u00e9ritage litt\u00e9raire de Bj\u00f8rnstjerne Bj\u00f8rnson\"}]},{\"@type\":\"WebSite\",\"@id\":\"https:\/\/www.svalbard.fr\/actualites\/#website\",\"url\":\"https:\/\/www.svalbard.fr\/actualites\/\",\"name\":\"www.Svalbard.fr\",\"description\":\"\",\"publisher\":{\"@id\":\"https:\/\/www.svalbard.fr\/actualites\/#organization\"},\"potentialAction\":[{\"@type\":\"SearchAction\",\"target\":{\"@type\":\"EntryPoint\",\"urlTemplate\":\"https:\/\/www.svalbard.fr\/actualites\/?s={search_term_string}\"},\"query-input\":\"required name=search_term_string\"}],\"inLanguage\":\"fr-FR\"},{\"@type\":\"Organization\",\"@id\":\"https:\/\/www.svalbard.fr\/actualites\/#organization\",\"name\":\"www.Svalbard.fr\",\"url\":\"https:\/\/www.svalbard.fr\/actualites\/\",\"logo\":{\"@type\":\"ImageObject\",\"inLanguage\":\"fr-FR\",\"@id\":\"https:\/\/www.svalbard.fr\/actualites\/#\/schema\/logo\/image\/\",\"url\":\"https:\/\/www.svalbard.fr\/actualites\/wp-content\/uploads\/2023\/09\/head-nom.jpg\",\"contentUrl\":\"https:\/\/www.svalbard.fr\/actualites\/wp-content\/uploads\/2023\/09\/head-nom.jpg\",\"width\":264,\"height\":35,\"caption\":\"www.Svalbard.fr\"},\"image\":{\"@id\":\"https:\/\/www.svalbard.fr\/actualites\/#\/schema\/logo\/image\/\"}},{\"@type\":\"Person\",\"@id\":\"https:\/\/www.svalbard.fr\/actualites\/#\/schema\/person\/a2f937d5712222366738fae98755c600\",\"name\":\"Hilmar\",\"image\":{\"@type\":\"ImageObject\",\"inLanguage\":\"fr-FR\",\"@id\":\"https:\/\/www.svalbard.fr\/actualites\/#\/schema\/person\/image\/\",\"url\":\"https:\/\/secure.gravatar.com\/avatar\/4daa437093476dbc32da415c112b6512?s=96&d=mm&r=g\",\"contentUrl\":\"https:\/\/secure.gravatar.com\/avatar\/4daa437093476dbc32da415c112b6512?s=96&d=mm&r=g\",\"caption\":\"Hilmar\"},\"description\":\"Hilmar est un passionn\u00e9 des r\u00e9gions polaires, sp\u00e9cialis\u00e9 dans la r\u00e9daction d'articles sur le Spitzberg et autres destinations arctiques. Il apporte son expertise et sa passion pour l'Arctique au sein de l'\u00e9quipe de r\u00e9daction de Svalbard depuis de nombreuses ann\u00e9es.\",\"sameAs\":[\"https:\/\/www.svalbard.fr\/\"]}]}<\/script>\n<!-- \/ Yoast SEO plugin. -->","yoast_head_json":{"title":"L&#39;h\u00e9ritage litt\u00e9raire de Bj\u00f8rnstjerne Bj\u00f8rnson","robots":{"index":"index","follow":"follow","max-snippet":"max-snippet:-1","max-image-preview":"max-image-preview:large","max-video-preview":"max-video-preview:-1"},"canonical":"https:\/\/www.svalbard.fr\/actualites\/lheritage-litteraire-de-bjornstjerne-bjornson\/","og_locale":"fr_FR","og_type":"article","og_title":"L&#39;h\u00e9ritage litt\u00e9raire de Bj\u00f8rnstjerne Bj\u00f8rnson","og_description":"Avant que la Norv\u00e8ge n&#39;ait son ind\u00e9pendance ou son propre hymne national, il avait Bj\u00f8rnstjerne Bj\u00f8rnson: un ma\u00eetre conteur avec un talent pour capturer le","og_url":"https:\/\/www.svalbard.fr\/actualites\/lheritage-litteraire-de-bjornstjerne-bjornson\/","og_site_name":"www.Svalbard.fr","article_published_time":"2025-05-30T10:43:36+00:00","og_image":[{"url":"https:\/\/www.svalbard.fr\/actualites\/wp-content\/uploads\/2025\/05\/L39heritage-litteraire-de-Bjornstjerne-Bjornson.jpg"}],"author":"Hilmar","twitter_card":"summary_large_image","twitter_misc":{"\u00c9crit par":"Hilmar","Dur\u00e9e de lecture estim\u00e9e":"7 minutes"},"schema":{"@context":"https:\/\/schema.org","@graph":[{"@type":"Article","@id":"https:\/\/www.svalbard.fr\/actualites\/lheritage-litteraire-de-bjornstjerne-bjornson\/#article","isPartOf":{"@id":"https:\/\/www.svalbard.fr\/actualites\/lheritage-litteraire-de-bjornstjerne-bjornson\/"},"author":{"name":"Hilmar","@id":"https:\/\/www.svalbard.fr\/actualites\/#\/schema\/person\/a2f937d5712222366738fae98755c600"},"headline":"L&#39;h\u00e9ritage litt\u00e9raire de Bj\u00f8rnstjerne Bj\u00f8rnson","datePublished":"2025-05-30T10:43:36+00:00","dateModified":"2025-05-30T10:43:36+00:00","mainEntityOfPage":{"@id":"https:\/\/www.svalbard.fr\/actualites\/lheritage-litteraire-de-bjornstjerne-bjornson\/"},"wordCount":1339,"publisher":{"@id":"https:\/\/www.svalbard.fr\/actualites\/#organization"},"keywords":["Bj\u00f8rnson","Bj\u00f8rnstjerne","l39h\u00e9ritage","litt\u00e9raire"],"inLanguage":"fr-FR"},{"@type":"WebPage","@id":"https:\/\/www.svalbard.fr\/actualites\/lheritage-litteraire-de-bjornstjerne-bjornson\/","url":"https:\/\/www.svalbard.fr\/actualites\/lheritage-litteraire-de-bjornstjerne-bjornson\/","name":"L&#39;h\u00e9ritage litt\u00e9raire de Bj\u00f8rnstjerne Bj\u00f8rnson","isPartOf":{"@id":"https:\/\/www.svalbard.fr\/actualites\/#website"},"datePublished":"2025-05-30T10:43:36+00:00","dateModified":"2025-05-30T10:43:36+00:00","breadcrumb":{"@id":"https:\/\/www.svalbard.fr\/actualites\/lheritage-litteraire-de-bjornstjerne-bjornson\/#breadcrumb"},"inLanguage":"fr-FR","potentialAction":[{"@type":"ReadAction","target":["https:\/\/www.svalbard.fr\/actualites\/lheritage-litteraire-de-bjornstjerne-bjornson\/"]}]},{"@type":"BreadcrumbList","@id":"https:\/\/www.svalbard.fr\/actualites\/lheritage-litteraire-de-bjornstjerne-bjornson\/#breadcrumb","itemListElement":[{"@type":"ListItem","position":1,"name":"Accueil","item":"https:\/\/www.svalbard.fr\/actualites\/"},{"@type":"ListItem","position":2,"name":"L&#39;h\u00e9ritage litt\u00e9raire de Bj\u00f8rnstjerne Bj\u00f8rnson"}]},{"@type":"WebSite","@id":"https:\/\/www.svalbard.fr\/actualites\/#website","url":"https:\/\/www.svalbard.fr\/actualites\/","name":"www.Svalbard.fr","description":"","publisher":{"@id":"https:\/\/www.svalbard.fr\/actualites\/#organization"},"potentialAction":[{"@type":"SearchAction","target":{"@type":"EntryPoint","urlTemplate":"https:\/\/www.svalbard.fr\/actualites\/?s={search_term_string}"},"query-input":"required name=search_term_string"}],"inLanguage":"fr-FR"},{"@type":"Organization","@id":"https:\/\/www.svalbard.fr\/actualites\/#organization","name":"www.Svalbard.fr","url":"https:\/\/www.svalbard.fr\/actualites\/","logo":{"@type":"ImageObject","inLanguage":"fr-FR","@id":"https:\/\/www.svalbard.fr\/actualites\/#\/schema\/logo\/image\/","url":"https:\/\/www.svalbard.fr\/actualites\/wp-content\/uploads\/2023\/09\/head-nom.jpg","contentUrl":"https:\/\/www.svalbard.fr\/actualites\/wp-content\/uploads\/2023\/09\/head-nom.jpg","width":264,"height":35,"caption":"www.Svalbard.fr"},"image":{"@id":"https:\/\/www.svalbard.fr\/actualites\/#\/schema\/logo\/image\/"}},{"@type":"Person","@id":"https:\/\/www.svalbard.fr\/actualites\/#\/schema\/person\/a2f937d5712222366738fae98755c600","name":"Hilmar","image":{"@type":"ImageObject","inLanguage":"fr-FR","@id":"https:\/\/www.svalbard.fr\/actualites\/#\/schema\/person\/image\/","url":"https:\/\/secure.gravatar.com\/avatar\/4daa437093476dbc32da415c112b6512?s=96&d=mm&r=g","contentUrl":"https:\/\/secure.gravatar.com\/avatar\/4daa437093476dbc32da415c112b6512?s=96&d=mm&r=g","caption":"Hilmar"},"description":"Hilmar est un passionn\u00e9 des r\u00e9gions polaires, sp\u00e9cialis\u00e9 dans la r\u00e9daction d'articles sur le Spitzberg et autres destinations arctiques. Il apporte son expertise et sa passion pour l'Arctique au sein de l'\u00e9quipe de r\u00e9daction de Svalbard depuis de nombreuses ann\u00e9es.","sameAs":["https:\/\/www.svalbard.fr\/"]}]}},"_links":{"self":[{"href":"https:\/\/www.svalbard.fr\/actualites\/wp-json\/wp\/v2\/posts\/4010"}],"collection":[{"href":"https:\/\/www.svalbard.fr\/actualites\/wp-json\/wp\/v2\/posts"}],"about":[{"href":"https:\/\/www.svalbard.fr\/actualites\/wp-json\/wp\/v2\/types\/post"}],"author":[{"embeddable":true,"href":"https:\/\/www.svalbard.fr\/actualites\/wp-json\/wp\/v2\/users\/1"}],"replies":[{"embeddable":true,"href":"https:\/\/www.svalbard.fr\/actualites\/wp-json\/wp\/v2\/comments?post=4010"}],"version-history":[{"count":0,"href":"https:\/\/www.svalbard.fr\/actualites\/wp-json\/wp\/v2\/posts\/4010\/revisions"}],"wp:featuredmedia":[{"embeddable":true,"href":"https:\/\/www.svalbard.fr\/actualites\/wp-json\/wp\/v2\/media\/4011"}],"wp:attachment":[{"href":"https:\/\/www.svalbard.fr\/actualites\/wp-json\/wp\/v2\/media?parent=4010"}],"wp:term":[{"taxonomy":"category","embeddable":true,"href":"https:\/\/www.svalbard.fr\/actualites\/wp-json\/wp\/v2\/categories?post=4010"},{"taxonomy":"post_tag","embeddable":true,"href":"https:\/\/www.svalbard.fr\/actualites\/wp-json\/wp\/v2\/tags?post=4010"}],"curies":[{"name":"wp","href":"https:\/\/api.w.org\/{rel}","templated":true}]}}