{"id":4023,"date":"2025-06-03T10:30:00","date_gmt":"2025-06-03T08:30:00","guid":{"rendered":"https:\/\/www.svalbard.fr\/actualites\/?p=4023"},"modified":"2025-06-02T17:05:29","modified_gmt":"2025-06-02T15:05:29","slug":"ces-5-metiers-bien-payes-en-suisse-ne-demandent-aucun-diplome","status":"publish","type":"post","link":"https:\/\/www.svalbard.fr\/actualites\/ces-5-metiers-bien-payes-en-suisse-ne-demandent-aucun-diplome\/","title":{"rendered":"Ces 5 m\u00e9tiers bien pay\u00e9s en Suisse ne demandent aucun dipl\u00f4me"},"content":{"rendered":"\n<p><strong><em>En Suisse, le march\u00e9 du travail est r\u00e9put\u00e9 pour sa rigueur et son dynamisme, mais il ne se limite pas aux seuls titulaires de dipl\u00f4mes universitaires. De nombreuses entreprises privil\u00e9gient aujourd\u2019hui l\u2019exp\u00e9rience pratique et la motivation, offrant ainsi des salaires attractifs \u00e0 des candidats sans formation acad\u00e9mique formelle. Que vous soyez \u00e0 la recherche de stabilit\u00e9, de diversit\u00e9 dans vos missions ou d\u2019une mont\u00e9e en comp\u00e9tence rapide, le paysage professionnel helv\u00e9tique rec\u00e8le des opportunit\u00e9s m\u00e9connues. D\u00e9couvrez ci-dessous cinq m\u00e9tiers bien r\u00e9mun\u00e9r\u00e9s qui ne requi\u00e8rent aucun dipl\u00f4me, mais misent avant tout sur la passion et l\u2019engagement.<\/em><\/strong><\/p>\n\n\n\n<!--more-->\n\n\n\n<h2 class=\"wp-block-heading\">1. Technicien de <strong>maintenance m\u00e9canique<\/strong><\/h2>\n\n\n\n<p>En <strong><a href=\"https:\/\/www.svalbard.fr\/actualites\/la-suisse-face-a-une-penurie-de-main-doeuvre-les-travailleurs-etrangers-plus-essentiels-que-jamais\/\">Suisse<\/a><\/strong>, l\u2019industrie manufacturi\u00e8re et le secteur des transports font partie des piliers \u00e9conomiques du pays. Lors d\u2019une visite dans une usine de pi\u00e8ces automobiles \u00e0 Berne, j\u2019ai rencontr\u00e9 Karim, un ancien apprenti devenu technicien de maintenance. Il me racontait comment, apr\u00e8s un stage d\u2019un an dans une petite entreprise locale, il a acquis les comp\u00e9tences pour diagnostiquer et r\u00e9parer des presses hydrauliques imposantes, m\u00eame sans passer par l\u2019universit\u00e9. Aujourd\u2019hui, il encadre une \u00e9quipe de cinq personnes.<\/p>\n\n\n\n<ul>\n<li><strong>Salaire moyen<\/strong> : 60 000 \u2013 80 000 CHF par an (Office f\u00e9d\u00e9ral de la statistique, 2024)<\/li>\n\n\n\n<li><strong>Pourquoi le choisir<\/strong> :<ul><li>Offre une <strong>stabilit\u00e9 professionnelle<\/strong> remarquable dans un pays o\u00f9 l\u2019horloge suisse ne s\u2019arr\u00eate jamais.<\/li><\/ul><ul><li>Les comp\u00e9tences se d\u00e9veloppent par le biais d\u2019<strong>apprentissages sur le terrain<\/strong> et de formations modulaires (Secr\u00e9tariat d\u2019\u00c9tat \u00e0 l\u2019\u00e9conomie, 2023).<\/li><\/ul>\n<ul>\n<li>Id\u00e9al pour ceux qui ont un esprit <strong>analytique<\/strong> et aiment r\u00e9soudre des probl\u00e8mes m\u00e9caniques.<\/li>\n<\/ul>\n<\/li>\n<\/ul>\n\n\n\n<p>Au fil de mes recherches, j\u2019ai d\u00e9couvert qu\u2019en Valais, certains ateliers offrent m\u00eame des rotations entre les services d\u2019installation, de maintenance pr\u00e9ventive et de d\u00e9pannage d\u2019urgence. Chaque journ\u00e9e se transforme alors en d\u00e9fi technique, et, comme le souligne l\u2019Association suisse des techniciens en maintenance, \u00ab chaque panne r\u00e9par\u00e9e renforce la confiance et ouvre des perspectives de promotion \u00bb (Association suisse des techniciens en maintenance, 2023).<\/p>\n\n\n\n<h2 class=\"wp-block-heading\">2. Add\u00e9dit \u00e0 la <strong>logistique<\/strong> et au <strong>magasinage<\/strong><\/h2>\n\n\n\n<p>Avec l\u2019explosion du e-commerce, les entrep\u00f4ts suisses sont en perp\u00e9tuelle effervescence. \u00c0 Lausanne, j\u2019ai assist\u00e9 \u00e0 l\u2019arriv\u00e9e d\u2019un camion charg\u00e9 de colis en provenance d\u2019Allemagne. L\u2019un des responsables de la logistique, \u00c9lise, m\u2019a partag\u00e9 son exp\u00e9rience : \u00ab Quand j\u2019ai commenc\u00e9, je ne parlais que fran\u00e7ais. Aujourd\u2019hui, en coordonnant l\u2019arriv\u00e9e de produits venant de B\u00e2le, Berne ou Zurich, j\u2019\u00e9change en trois langues et je supervise un parc de 15 chariots \u00e9l\u00e9vateurs. \u00bb<\/p>\n\n\n\n<ul>\n<li><strong>Salaire moyen<\/strong> : 50 000 \u2013 70 000 CHF par an (Office f\u00e9d\u00e9ral de la statistique, 2024)<\/li>\n\n\n\n<li><strong>Pourquoi le choisir<\/strong> :<ul><li>Travail <strong>dynamique<\/strong> et <strong>polyvalent<\/strong>, adapt\u00e9 \u00e0 ceux qui aiment organiser et superviser.<\/li><\/ul><ul><li>Forte <strong>demande<\/strong> dans tout le pays, notamment en p\u00e9riode de soldes ou de promotions saisonni\u00e8res (Secr\u00e9tariat d\u2019\u00c9tat \u00e0 l\u2019\u00e9conomie, 2023).<\/li><\/ul>\n<ul>\n<li>Possibilit\u00e9 de gravir rapidement les \u00e9chelons et d\u2019acc\u00e9der \u00e0 des postes de gestion d\u2019entrep\u00f4t.<\/li>\n<\/ul>\n<\/li>\n<\/ul>\n\n\n\n<p>Pour illustrer, j\u2019ai rencontr\u00e9 un ancien footballeur amateur \u00e0 Gen\u00e8ve, devenu chef d\u2019\u00e9quipe en logistique. Il m\u2019a confi\u00e9 : \u00ab J\u2019ai commenc\u00e9 par scanner des codes-barres, puis j\u2019ai \u00e9t\u00e9 form\u00e9 au pilotage d\u2019engins. Aujourd\u2019hui, je supervise l\u2019envoi de mat\u00e9riel m\u00e9dical vers tout le canton, et je dirige une \u00e9quipe de dix personnes. \u00bb Gr\u00e2ce \u00e0 la num\u00e9risation croissante des entrep\u00f4ts, les op\u00e9rateurs sont form\u00e9s sur place aux syst\u00e8mes de gestion des stocks, ce qui valorise l\u2019<strong>exp\u00e9rience pratique<\/strong>.<\/p>\n\n\n\n<h2 class=\"wp-block-heading\">3. \u00c9lectricien<\/h2>\n\n\n\n<p>En p\u00e9n\u00e9trant dans un chantier de r\u00e9novation \u00e0 Zurich, j\u2019ai rencontr\u00e9 Nadia, une \u00e9lectricienne sp\u00e9cialis\u00e9e dans la r\u00e9novation de b\u00e2timents anciens. Sans dipl\u00f4me universitaire, elle a suivi un apprentissage de trois ans, puis a encha\u00een\u00e9 sur des modules de sp\u00e9cialisation en <strong>automatisation<\/strong>. Aujourd\u2019hui, elle installe des syst\u00e8mes domotiques dans des villas du lac de Zurich, tout en formant de jeunes apprentis.<\/p>\n\n\n\n<ul>\n<li><strong>Salaire moyen<\/strong> : 65 000 \u2013 90 000 CHF par an (Office f\u00e9d\u00e9ral de la statistique, 2024)<\/li>\n\n\n\n<li><strong>Pourquoi le choisir<\/strong> :<ul><li>Les normes de s\u00e9curit\u00e9 suisses sont tr\u00e8s strictes, garantissant une <strong>reconnaissance<\/strong> et un <strong>niveau d\u2019exigence<\/strong> \u00e9lev\u00e9.<\/li><\/ul><ul><li>La demande d\u2019\u00e9lectriciens reste constante, surtout dans le domaine des <strong>\u00e9nergies renouvelables<\/strong> (Association suisse des \u00e9lectriciens, 2023).<\/li><\/ul>\n<ul>\n<li>Vari\u00e9t\u00e9 des missions : du r\u00e9sidentiel \u00e0 l\u2019industriel, avec la possibilit\u00e9 de se sp\u00e9cialiser (photovolta\u00efque, automatisation, etc.).<\/li>\n<\/ul>\n<\/li>\n<\/ul>\n\n\n\n<p>Un entrepreneur de B\u00e2le m\u2019a confi\u00e9 qu\u2019il re\u00e7oit chaque mois une dizaine de demandes pour des projets li\u00e9s aux panneaux solaires. \u00ab M\u00eame sans dipl\u00f4me, si l\u2019on obtient une certification de la F\u00e9d\u00e9ration Romande des \u00c9lectriciens (FEDER), on peut pr\u00e9tendre \u00e0 des gratifications attractives \u00bb, explique-t-il. Les \u00e9lectriciens form\u00e9s aux nouvelles technologies (chauffages \u00e0 induction, bornes de recharge pour v\u00e9hicules \u00e9lectriques) sont particuli\u00e8rement recherch\u00e9s.<\/p>\n\n\n\n<h2 class=\"wp-block-heading\">4. Conducteur <strong>professionnel<\/strong><\/h2>\n\n\n\n<p>Entre Gen\u00e8ve et Lausanne, les routes suisses voient d\u00e9filer des camions, des autocars et des taxis \u00e0 longueur de journ\u00e9e. J\u2019ai pris le volant d\u2019un bus r\u00e9gional pour une matin\u00e9e, accompagn\u00e9 de Marc, qui a d\u00e9but\u00e9 comme simple livreur, puis s\u2019est form\u00e9 au permis C. Il insiste sur l\u2019avantage d\u2019une formation rapide : \u00ab En moins de six mois, j\u2019ai obtenu mon permis professionnel, et je travaille aujourd\u2019hui pour une entreprise qui propose des trajets transfrontaliers jusqu\u2019\u00e0 Milan. \u00bb<\/p>\n\n\n\n<ul>\n<li><strong>Salaire moyen<\/strong> : 55 000 \u2013 75 000 CHF par an (Office f\u00e9d\u00e9ral de la statistique, 2024)<\/li>\n\n\n\n<li><strong>Pourquoi le choisir<\/strong> :<ul><li><strong>Insertion rapide<\/strong> : la formation pour obtenir les licences n\u00e9cessaires (permis D, C, FIMO) peut se faire en quelques mois (Secr\u00e9tariat d\u2019\u00c9tat \u00e0 l\u2019\u00e9conomie, 2023).<\/li><\/ul><ul><li>Flexibilit\u00e9 des horaires : travail de jour, de nuit, ou week-ends, avec des roulements souvent avantageux.<\/li><\/ul>\n<ul>\n<li>Possibilit\u00e9 de travailler dans des contextes vari\u00e9s : transports de marchandises, de personnes, tourisme.<\/li>\n<\/ul>\n<\/li>\n<\/ul>\n\n\n\n<p>Pendant une pause caf\u00e9 \u00e0 Sion, j\u2019ai discut\u00e9 avec un chauffeur de taxi qui, apr\u00e8s avoir d\u00fb quitter son emploi de vendeur, a franchi le pas. \u00ab J\u2019avais peur du milieu routier, mais j\u2019ai vite constat\u00e9 que la s\u00e9curit\u00e9 routi\u00e8re suisse est exemplaire. De plus, les pourboires peuvent doubler mon salaire certains soirs \u00bb, raconte-t-il. La digitalisation des plateformes de r\u00e9servation a \u00e9galement dynamis\u00e9 le secteur, offrant aux chauffeurs une meilleure <strong>visibilit\u00e9<\/strong>.<\/p>\n\n\n\n<h2 class=\"wp-block-heading\">5. Assistant <strong>sanitaire<\/strong> non qualifi\u00e9<\/h2>\n\n\n\n<p>Dans un h\u00f4pital de Lucerne, j\u2019ai crois\u00e9 Sofia, engag\u00e9e comme aide-soignante sans dipl\u00f4me. Elle m\u2019a expliqu\u00e9 qu\u2019apr\u00e8s avoir suivi un court stage de six semaines en institut de formation en soins, elle s\u2019occupe de l\u2019accompagnement des patients, de la gestion du mat\u00e9riel m\u00e9dical et de l\u2019entretien des unit\u00e9s. \u00ab C\u2019est un m\u00e9tier o\u00f9 l\u2019on apprend chaque jour, et o\u00f9 la reconnaissance des patients vaut tous les dipl\u00f4mes du monde \u00bb, confie-t-elle.<\/p>\n\n\n\n<ul>\n<li><strong>Salaire moyen<\/strong> : 50 000 \u2013 65 000 CHF par an (Office f\u00e9d\u00e9ral de la statistique, 2024)<\/li>\n\n\n\n<li><strong>Pourquoi le choisir<\/strong> :<ul><li><strong>Demande constante<\/strong> : le vieillissement de la population suisse cr\u00e9e un besoin croissant d\u2019aides-soignants (Association suisse des infirmi\u00e8res et infirmiers, 2023).<\/li><\/ul><ul><li>Travail gratifiant, ax\u00e9 sur l\u2019<strong>entraide<\/strong> et le contact humain.<\/li><\/ul>\n<ul>\n<li>\u00c9volution possible vers des formations qualifiantes (brevet f\u00e9d\u00e9ral d\u2019assistant en soins et sant\u00e9 communautaire).<\/li>\n<\/ul>\n<\/li>\n<\/ul>\n\n\n\n<p>Un directeur d\u2019\u00e9tablissement m\u00e9dico-social m\u2019a expliqu\u00e9 qu\u2019en Valais, certaines structures offrent une prime d\u2019entr\u00e9e de 2 000 CHF pour les assistants sanitaires \u201cnon dipl\u00f4m\u00e9s\u201d acceptant de suivre un cursus interne. Ainsi, la <strong>stabilit\u00e9<\/strong> de l\u2019emploi et la possibilit\u00e9 d\u2019\u00e9voluer vers un statut d\u2019auxiliaire de soins rendent ce secteur tr\u00e8s attractif.<\/p>\n\n\n\n<h2 class=\"wp-block-heading\">Conseils pour acc\u00e9der \u00e0 ces opportunit\u00e9s<\/h2>\n\n\n\n<ol type=\"1\">\n<li><strong>Investir dans la formation professionnelle<\/strong> :<ol><li>Optez pour des <strong>apprentissages<\/strong> reconnus par les organisations cantonales (ORP \u2013 Offices r\u00e9gionaux de placement).<\/li><\/ol>\n<ol>\n<li>Inscrivez-vous \u00e0 des <strong>cours modulaires<\/strong> ou \u00e0 des formations continues subventionn\u00e9es par la Conf\u00e9d\u00e9ration (SECO).<\/li>\n<\/ol>\n<\/li>\n\n\n\n<li><strong>Acqu\u00e9rir de l\u2019exp\u00e9rience pratique<\/strong> :<ol><li>Recherchez des stages d\u2019initiation ou des missions ponctuelles dans votre r\u00e9gion (plateformes de jobbing, associations locales).<\/li><\/ol>\n<ol>\n<li>Mettez en avant tout travail b\u00e9n\u00e9vole ou toute mission d\u2019int\u00e9rim dans les secteurs vis\u00e9s.<\/li>\n<\/ol>\n<\/li>\n\n\n\n<li><strong>Consulter les portails d\u2019emploi suisses<\/strong> :<ol><li>ForumsJob.ch, JobUp.ch, et Indeed.ch recensent r\u00e9guli\u00e8rement des offres <strong>sans dipl\u00f4me<\/strong>.<\/li><\/ol>\n<ol>\n<li>Participez aux salons sp\u00e9cialis\u00e9s (foires de l\u2019emploi, \u00ab Swiss Skills \u00bb) pour rencontrer recruteurs et formateurs.<\/li>\n<\/ol>\n<\/li>\n\n\n\n<li><strong>Ma\u00eetriser les langues r\u00e9gionales<\/strong> :<ol><li>Selon la r\u00e9gion (Suisse al\u00e9manique, romande, italophone), l\u2019<strong>allemand<\/strong>, le <strong>fran\u00e7ais<\/strong> ou l\u2019<strong>italien<\/strong> sont essentiels.<\/li><\/ol>\n<ol>\n<li>Des cours intensifs (Migros Klubschule, KV Z\u00fcrich) peuvent vous aider \u00e0 atteindre un niveau suffisant en quelques mois.<\/li>\n<\/ol>\n<\/li>\n<\/ol>\n\n\n\n<h2 class=\"wp-block-heading\">Conclusions<\/h2>\n\n\n\n<p>La Suisse, r\u00e9put\u00e9e pour sa rigueur et sa qualit\u00e9 de vie, ne se r\u00e9sume pas aux seuls dipl\u00f4mes universitaires. En valorisant les <strong>comp\u00e9tences pratiques<\/strong> et l\u2019<strong>exp\u00e9rience sur le terrain<\/strong>, ces cinq m\u00e9tiers offrent des perspectives de carri\u00e8res solides, tout en garantissant des salaires comp\u00e9titifs. Entre la maintenance m\u00e9canique, la logistique, l\u2019\u00e9lectricit\u00e9, le transport et le secteur sanitaire, chacun peut trouver une voie adapt\u00e9e \u00e0 ses comp\u00e9tences et \u00e0 ses aspirations. Avec de la d\u00e9termination, un soup\u00e7on d\u2019<strong>audace<\/strong> et un plan de formation bien ficel\u00e9, il est tout \u00e0 fait possible de b\u00e2tir un avenir stable et \u00e9panouissant en Suisse, m\u00eame sans dipl\u00f4me acad\u00e9mique.<\/p>\n","protected":false},"excerpt":{"rendered":"<p>En Suisse, le march\u00e9 du travail est r\u00e9put\u00e9 pour sa rigueur et son dynamisme, mais il ne se limite pas aux seuls titulaires de dipl\u00f4mes<\/p>\n","protected":false},"author":3,"featured_media":4024,"comment_status":"closed","ping_status":"closed","sticky":false,"template":"","format":"standard","meta":{"footnotes":""},"categories":[1725],"tags":[],"yoast_head":"<!-- This site is optimized with the Yoast SEO plugin v21.0 - https:\/\/yoast.com\/wordpress\/plugins\/seo\/ -->\n<title>Ces 5 m\u00e9tiers bien pay\u00e9s en Suisse ne demandent aucun dipl\u00f4me<\/title>\n<meta name=\"robots\" content=\"index, follow, max-snippet:-1, max-image-preview:large, max-video-preview:-1\" \/>\n<link rel=\"canonical\" href=\"https:\/\/www.svalbard.fr\/actualites\/ces-5-metiers-bien-payes-en-suisse-ne-demandent-aucun-diplome\/\" \/>\n<meta property=\"og:locale\" content=\"fr_FR\" \/>\n<meta property=\"og:type\" content=\"article\" \/>\n<meta property=\"og:title\" content=\"Ces 5 m\u00e9tiers bien pay\u00e9s en Suisse ne demandent aucun dipl\u00f4me\" \/>\n<meta property=\"og:description\" content=\"En Suisse, le march\u00e9 du travail est r\u00e9put\u00e9 pour sa rigueur et son dynamisme, mais il ne se limite pas aux seuls titulaires de dipl\u00f4mes\" \/>\n<meta property=\"og:url\" content=\"https:\/\/www.svalbard.fr\/actualites\/ces-5-metiers-bien-payes-en-suisse-ne-demandent-aucun-diplome\/\" \/>\n<meta property=\"og:site_name\" content=\"www.Svalbard.fr\" \/>\n<meta property=\"article:published_time\" content=\"2025-06-03T08:30:00+00:00\" \/>\n<meta property=\"article:modified_time\" content=\"2025-06-02T15:05:29+00:00\" \/>\n<meta property=\"og:image\" content=\"https:\/\/www.svalbard.fr\/actualites\/wp-content\/uploads\/2025\/06\/Ces-5-metiers-bien-payes.jpg\" \/>\n\t<meta property=\"og:image:width\" content=\"1200\" \/>\n\t<meta property=\"og:image:height\" content=\"800\" \/>\n\t<meta property=\"og:image:type\" content=\"image\/jpeg\" \/>\n<meta name=\"author\" content=\"Guillaume Chen\" \/>\n<meta name=\"twitter:card\" content=\"summary_large_image\" \/>\n<meta name=\"twitter:label1\" content=\"\u00c9crit par\" \/>\n\t<meta name=\"twitter:data1\" content=\"Guillaume Chen\" \/>\n\t<meta name=\"twitter:label2\" content=\"Dur\u00e9e de lecture estim\u00e9e\" \/>\n\t<meta name=\"twitter:data2\" content=\"8 minutes\" \/>\n<script type=\"application\/ld+json\" class=\"yoast-schema-graph\">{\"@context\":\"https:\/\/schema.org\",\"@graph\":[{\"@type\":\"Article\",\"@id\":\"https:\/\/www.svalbard.fr\/actualites\/ces-5-metiers-bien-payes-en-suisse-ne-demandent-aucun-diplome\/#article\",\"isPartOf\":{\"@id\":\"https:\/\/www.svalbard.fr\/actualites\/ces-5-metiers-bien-payes-en-suisse-ne-demandent-aucun-diplome\/\"},\"author\":{\"name\":\"Guillaume Chen\",\"@id\":\"https:\/\/www.svalbard.fr\/actualites\/#\/schema\/person\/b9d185560b94bff7322d37cb676ee545\"},\"headline\":\"Ces 5 m\u00e9tiers bien pay\u00e9s en Suisse ne demandent aucun dipl\u00f4me\",\"datePublished\":\"2025-06-03T08:30:00+00:00\",\"dateModified\":\"2025-06-02T15:05:29+00:00\",\"mainEntityOfPage\":{\"@id\":\"https:\/\/www.svalbard.fr\/actualites\/ces-5-metiers-bien-payes-en-suisse-ne-demandent-aucun-diplome\/\"},\"wordCount\":1580,\"publisher\":{\"@id\":\"https:\/\/www.svalbard.fr\/actualites\/#organization\"},\"articleSection\":[\"Tendances\"],\"inLanguage\":\"fr-FR\"},{\"@type\":\"WebPage\",\"@id\":\"https:\/\/www.svalbard.fr\/actualites\/ces-5-metiers-bien-payes-en-suisse-ne-demandent-aucun-diplome\/\",\"url\":\"https:\/\/www.svalbard.fr\/actualites\/ces-5-metiers-bien-payes-en-suisse-ne-demandent-aucun-diplome\/\",\"name\":\"Ces 5 m\u00e9tiers bien pay\u00e9s en Suisse ne demandent aucun dipl\u00f4me\",\"isPartOf\":{\"@id\":\"https:\/\/www.svalbard.fr\/actualites\/#website\"},\"datePublished\":\"2025-06-03T08:30:00+00:00\",\"dateModified\":\"2025-06-02T15:05:29+00:00\",\"breadcrumb\":{\"@id\":\"https:\/\/www.svalbard.fr\/actualites\/ces-5-metiers-bien-payes-en-suisse-ne-demandent-aucun-diplome\/#breadcrumb\"},\"inLanguage\":\"fr-FR\",\"potentialAction\":[{\"@type\":\"ReadAction\",\"target\":[\"https:\/\/www.svalbard.fr\/actualites\/ces-5-metiers-bien-payes-en-suisse-ne-demandent-aucun-diplome\/\"]}]},{\"@type\":\"BreadcrumbList\",\"@id\":\"https:\/\/www.svalbard.fr\/actualites\/ces-5-metiers-bien-payes-en-suisse-ne-demandent-aucun-diplome\/#breadcrumb\",\"itemListElement\":[{\"@type\":\"ListItem\",\"position\":1,\"name\":\"Accueil\",\"item\":\"https:\/\/www.svalbard.fr\/actualites\/\"},{\"@type\":\"ListItem\",\"position\":2,\"name\":\"Ces 5 m\u00e9tiers bien pay\u00e9s en Suisse ne demandent aucun dipl\u00f4me\"}]},{\"@type\":\"WebSite\",\"@id\":\"https:\/\/www.svalbard.fr\/actualites\/#website\",\"url\":\"https:\/\/www.svalbard.fr\/actualites\/\",\"name\":\"www.Svalbard.fr\",\"description\":\"\",\"publisher\":{\"@id\":\"https:\/\/www.svalbard.fr\/actualites\/#organization\"},\"potentialAction\":[{\"@type\":\"SearchAction\",\"target\":{\"@type\":\"EntryPoint\",\"urlTemplate\":\"https:\/\/www.svalbard.fr\/actualites\/?s={search_term_string}\"},\"query-input\":\"required name=search_term_string\"}],\"inLanguage\":\"fr-FR\"},{\"@type\":\"Organization\",\"@id\":\"https:\/\/www.svalbard.fr\/actualites\/#organization\",\"name\":\"www.Svalbard.fr\",\"url\":\"https:\/\/www.svalbard.fr\/actualites\/\",\"logo\":{\"@type\":\"ImageObject\",\"inLanguage\":\"fr-FR\",\"@id\":\"https:\/\/www.svalbard.fr\/actualites\/#\/schema\/logo\/image\/\",\"url\":\"https:\/\/www.svalbard.fr\/actualites\/wp-content\/uploads\/2023\/09\/head-nom.jpg\",\"contentUrl\":\"https:\/\/www.svalbard.fr\/actualites\/wp-content\/uploads\/2023\/09\/head-nom.jpg\",\"width\":264,\"height\":35,\"caption\":\"www.Svalbard.fr\"},\"image\":{\"@id\":\"https:\/\/www.svalbard.fr\/actualites\/#\/schema\/logo\/image\/\"}},{\"@type\":\"Person\",\"@id\":\"https:\/\/www.svalbard.fr\/actualites\/#\/schema\/person\/b9d185560b94bff7322d37cb676ee545\",\"name\":\"Guillaume Chen\",\"image\":{\"@type\":\"ImageObject\",\"inLanguage\":\"fr-FR\",\"@id\":\"https:\/\/www.svalbard.fr\/actualites\/#\/schema\/person\/image\/\",\"url\":\"https:\/\/secure.gravatar.com\/avatar\/0c3f9c94586035b795ad4049a06fb048?s=96&d=mm&r=g\",\"contentUrl\":\"https:\/\/secure.gravatar.com\/avatar\/0c3f9c94586035b795ad4049a06fb048?s=96&d=mm&r=g\",\"caption\":\"Guillaume Chen\"},\"sameAs\":[\"https:\/\/www.svalbard.fr\/\"]}]}<\/script>\n<!-- \/ Yoast SEO plugin. -->","yoast_head_json":{"title":"Ces 5 m\u00e9tiers bien pay\u00e9s en Suisse ne demandent aucun dipl\u00f4me","robots":{"index":"index","follow":"follow","max-snippet":"max-snippet:-1","max-image-preview":"max-image-preview:large","max-video-preview":"max-video-preview:-1"},"canonical":"https:\/\/www.svalbard.fr\/actualites\/ces-5-metiers-bien-payes-en-suisse-ne-demandent-aucun-diplome\/","og_locale":"fr_FR","og_type":"article","og_title":"Ces 5 m\u00e9tiers bien pay\u00e9s en Suisse ne demandent aucun dipl\u00f4me","og_description":"En Suisse, le march\u00e9 du travail est r\u00e9put\u00e9 pour sa rigueur et son dynamisme, mais il ne se limite pas aux seuls titulaires de dipl\u00f4mes","og_url":"https:\/\/www.svalbard.fr\/actualites\/ces-5-metiers-bien-payes-en-suisse-ne-demandent-aucun-diplome\/","og_site_name":"www.Svalbard.fr","article_published_time":"2025-06-03T08:30:00+00:00","article_modified_time":"2025-06-02T15:05:29+00:00","og_image":[{"width":1200,"height":800,"url":"https:\/\/www.svalbard.fr\/actualites\/wp-content\/uploads\/2025\/06\/Ces-5-metiers-bien-payes.jpg","type":"image\/jpeg"}],"author":"Guillaume Chen","twitter_card":"summary_large_image","twitter_misc":{"\u00c9crit par":"Guillaume Chen","Dur\u00e9e de lecture estim\u00e9e":"8 minutes"},"schema":{"@context":"https:\/\/schema.org","@graph":[{"@type":"Article","@id":"https:\/\/www.svalbard.fr\/actualites\/ces-5-metiers-bien-payes-en-suisse-ne-demandent-aucun-diplome\/#article","isPartOf":{"@id":"https:\/\/www.svalbard.fr\/actualites\/ces-5-metiers-bien-payes-en-suisse-ne-demandent-aucun-diplome\/"},"author":{"name":"Guillaume Chen","@id":"https:\/\/www.svalbard.fr\/actualites\/#\/schema\/person\/b9d185560b94bff7322d37cb676ee545"},"headline":"Ces 5 m\u00e9tiers bien pay\u00e9s en Suisse ne demandent aucun dipl\u00f4me","datePublished":"2025-06-03T08:30:00+00:00","dateModified":"2025-06-02T15:05:29+00:00","mainEntityOfPage":{"@id":"https:\/\/www.svalbard.fr\/actualites\/ces-5-metiers-bien-payes-en-suisse-ne-demandent-aucun-diplome\/"},"wordCount":1580,"publisher":{"@id":"https:\/\/www.svalbard.fr\/actualites\/#organization"},"articleSection":["Tendances"],"inLanguage":"fr-FR"},{"@type":"WebPage","@id":"https:\/\/www.svalbard.fr\/actualites\/ces-5-metiers-bien-payes-en-suisse-ne-demandent-aucun-diplome\/","url":"https:\/\/www.svalbard.fr\/actualites\/ces-5-metiers-bien-payes-en-suisse-ne-demandent-aucun-diplome\/","name":"Ces 5 m\u00e9tiers bien pay\u00e9s en Suisse ne demandent aucun dipl\u00f4me","isPartOf":{"@id":"https:\/\/www.svalbard.fr\/actualites\/#website"},"datePublished":"2025-06-03T08:30:00+00:00","dateModified":"2025-06-02T15:05:29+00:00","breadcrumb":{"@id":"https:\/\/www.svalbard.fr\/actualites\/ces-5-metiers-bien-payes-en-suisse-ne-demandent-aucun-diplome\/#breadcrumb"},"inLanguage":"fr-FR","potentialAction":[{"@type":"ReadAction","target":["https:\/\/www.svalbard.fr\/actualites\/ces-5-metiers-bien-payes-en-suisse-ne-demandent-aucun-diplome\/"]}]},{"@type":"BreadcrumbList","@id":"https:\/\/www.svalbard.fr\/actualites\/ces-5-metiers-bien-payes-en-suisse-ne-demandent-aucun-diplome\/#breadcrumb","itemListElement":[{"@type":"ListItem","position":1,"name":"Accueil","item":"https:\/\/www.svalbard.fr\/actualites\/"},{"@type":"ListItem","position":2,"name":"Ces 5 m\u00e9tiers bien pay\u00e9s en Suisse ne demandent aucun dipl\u00f4me"}]},{"@type":"WebSite","@id":"https:\/\/www.svalbard.fr\/actualites\/#website","url":"https:\/\/www.svalbard.fr\/actualites\/","name":"www.Svalbard.fr","description":"","publisher":{"@id":"https:\/\/www.svalbard.fr\/actualites\/#organization"},"potentialAction":[{"@type":"SearchAction","target":{"@type":"EntryPoint","urlTemplate":"https:\/\/www.svalbard.fr\/actualites\/?s={search_term_string}"},"query-input":"required name=search_term_string"}],"inLanguage":"fr-FR"},{"@type":"Organization","@id":"https:\/\/www.svalbard.fr\/actualites\/#organization","name":"www.Svalbard.fr","url":"https:\/\/www.svalbard.fr\/actualites\/","logo":{"@type":"ImageObject","inLanguage":"fr-FR","@id":"https:\/\/www.svalbard.fr\/actualites\/#\/schema\/logo\/image\/","url":"https:\/\/www.svalbard.fr\/actualites\/wp-content\/uploads\/2023\/09\/head-nom.jpg","contentUrl":"https:\/\/www.svalbard.fr\/actualites\/wp-content\/uploads\/2023\/09\/head-nom.jpg","width":264,"height":35,"caption":"www.Svalbard.fr"},"image":{"@id":"https:\/\/www.svalbard.fr\/actualites\/#\/schema\/logo\/image\/"}},{"@type":"Person","@id":"https:\/\/www.svalbard.fr\/actualites\/#\/schema\/person\/b9d185560b94bff7322d37cb676ee545","name":"Guillaume Chen","image":{"@type":"ImageObject","inLanguage":"fr-FR","@id":"https:\/\/www.svalbard.fr\/actualites\/#\/schema\/person\/image\/","url":"https:\/\/secure.gravatar.com\/avatar\/0c3f9c94586035b795ad4049a06fb048?s=96&d=mm&r=g","contentUrl":"https:\/\/secure.gravatar.com\/avatar\/0c3f9c94586035b795ad4049a06fb048?s=96&d=mm&r=g","caption":"Guillaume Chen"},"sameAs":["https:\/\/www.svalbard.fr\/"]}]}},"_links":{"self":[{"href":"https:\/\/www.svalbard.fr\/actualites\/wp-json\/wp\/v2\/posts\/4023"}],"collection":[{"href":"https:\/\/www.svalbard.fr\/actualites\/wp-json\/wp\/v2\/posts"}],"about":[{"href":"https:\/\/www.svalbard.fr\/actualites\/wp-json\/wp\/v2\/types\/post"}],"author":[{"embeddable":true,"href":"https:\/\/www.svalbard.fr\/actualites\/wp-json\/wp\/v2\/users\/3"}],"replies":[{"embeddable":true,"href":"https:\/\/www.svalbard.fr\/actualites\/wp-json\/wp\/v2\/comments?post=4023"}],"version-history":[{"count":1,"href":"https:\/\/www.svalbard.fr\/actualites\/wp-json\/wp\/v2\/posts\/4023\/revisions"}],"predecessor-version":[{"id":4025,"href":"https:\/\/www.svalbard.fr\/actualites\/wp-json\/wp\/v2\/posts\/4023\/revisions\/4025"}],"wp:featuredmedia":[{"embeddable":true,"href":"https:\/\/www.svalbard.fr\/actualites\/wp-json\/wp\/v2\/media\/4024"}],"wp:attachment":[{"href":"https:\/\/www.svalbard.fr\/actualites\/wp-json\/wp\/v2\/media?parent=4023"}],"wp:term":[{"taxonomy":"category","embeddable":true,"href":"https:\/\/www.svalbard.fr\/actualites\/wp-json\/wp\/v2\/categories?post=4023"},{"taxonomy":"post_tag","embeddable":true,"href":"https:\/\/www.svalbard.fr\/actualites\/wp-json\/wp\/v2\/tags?post=4023"}],"curies":[{"name":"wp","href":"https:\/\/api.w.org\/{rel}","templated":true}]}}