{"id":4044,"date":"2025-06-04T10:30:00","date_gmt":"2025-06-04T08:30:00","guid":{"rendered":"https:\/\/www.svalbard.fr\/actualites\/?p=4044"},"modified":"2025-06-04T10:00:21","modified_gmt":"2025-06-04T08:00:21","slug":"lidl-relance-ses-baskets-a-12-e-inspirees-des-modeles-de-luxe","status":"publish","type":"post","link":"https:\/\/www.svalbard.fr\/actualites\/lidl-relance-ses-baskets-a-12-e-inspirees-des-modeles-de-luxe\/","title":{"rendered":"Lidl relance ses baskets \u00e0 12 \u20ac inspir\u00e9es des mod\u00e8les de luxe"},"content":{"rendered":"\n<p><strong><em>Lidl est de nouveau sous les feux des projecteurs, mais cette fois-ci, ce n\u2019est pas pour ses prix bas sur les produits alimentaires. La cha\u00eene de supermarch\u00e9s a r\u00e9ussi \u00e0 s\u00e9duire une large audience avec une nouvelle gamme de baskets alliant style, confort et prix mini. Ces baskets, propos\u00e9es \u00e0 seulement 12,99 \u20ac, ont attir\u00e9 l\u2019attention de nombreux consommateurs, prouvant que <\/em><\/strong><strong><em>mode<\/em><\/strong><strong><em> et <\/em><\/strong><strong><em>accessibilit\u00e9<\/em><\/strong><strong><em> peuvent parfaitement coexister.<\/em><\/strong><\/p>\n\n\n\n<!--more-->\n\n\n\n<h2 class=\"wp-block-heading\">Des baskets \u00e0 prix doux pour \u00eatre \u00e0 la mode<\/h2>\n\n\n\n<p><strong><a href=\"https:\/\/www.svalbard.fr\/actualites\/des-sneakers-a-12-e-chez-lidl-declenchent-une-folie-en-rayon\/\">Lidl <\/a><\/strong>a r\u00e9cemment lanc\u00e9 une collection de <strong>baskets<\/strong> qui suscite de vives r\u00e9actions. Con\u00e7ues pour \u00eatre \u00e0 la fois pratiques et tendance, ces baskets sont le compromis id\u00e9al pour ceux qui veulent adopter un look moderne sans se ruiner. Disponibles dans plusieurs couleurs et tailles, elles s\u2019adaptent \u00e0 tous les styles. Que vous soyez plut\u00f4t casual ou un peu plus habill\u00e9, elles sont con\u00e7ues pour \u00eatre polyvalentes, parfaites pour une tenue de tous les jours ou m\u00eame un <strong>look<\/strong> plus \u00e9l\u00e9gant.<\/p>\n\n\n\n<p>Ces baskets, inspir\u00e9es des mod\u00e8les de luxe, combinent une <strong>toile l\u00e9g\u00e8re<\/strong>, une <strong>semelle en caoutchouc<\/strong> et une esth\u00e9tique simple mais raffin\u00e9e. Ce mod\u00e8le accessible par rapport aux grandes marques de <strong>mode<\/strong> haut de gamme permet aux consommateurs de suivre les tendances sans exploser leur budget. En d\u2019autres termes, Lidl a trouv\u00e9 la formule id\u00e9ale pour rivaliser avec des marques prestigieuses sans les tarifs exorbitants.<\/p>\n\n\n\n<h2 class=\"wp-block-heading\">L&rsquo;essor de Lidl dans le secteur de la mode<\/h2>\n\n\n\n<p>Lidl ne se contente pas d\u2019offrir des produits alimentaires bon march\u00e9 ; le g\u00e9ant allemand s\u2019implique d\u00e9sormais de plus en plus dans l\u2019industrie de la <strong>mode<\/strong>. Depuis le lancement de sa collection <strong>Esmara<\/strong>, l&rsquo;enseigne a d\u00e9montr\u00e9 une belle capacit\u00e9 \u00e0 proposer des v\u00eatements et des accessoires tendances \u00e0 des prix d\u00e9fiant toute concurrence. Que ce soit pour des v\u00eatements de tous les jours ou des tenues plus habill\u00e9es, la marque s\u2019impose comme un choix incontournable pour les consommateurs soucieux de leur <strong>style<\/strong> mais avec un budget limit\u00e9.<\/p>\n\n\n\n<p>Ce succ\u00e8s dans le secteur de la mode montre que Lidl a bien compris les attentes des consommateurs modernes : des produits \u00e0 la fois <strong>fonctionnels<\/strong> et <strong>styl\u00e9s<\/strong>, sans que le prix soit un frein.<\/p>\n\n\n\n<h2 class=\"wp-block-heading\">Un succ\u00e8s imm\u00e9diat et une forte demande<\/h2>\n\n\n\n<p>Comme souvent avec les bons plans, les stocks des baskets se sont vite retrouv\u00e9s \u00e9puis\u00e9s, un ph\u00e9nom\u00e8ne presque imm\u00e9diat qui prouve l&rsquo;engouement suscit\u00e9 par cette nouvelle <a href=\"https:\/\/www.svalbard.fr\/actualites\/les-2-pieces-de-1-euro-que-les-collectionneurs-sarrachent\/\"><strong>collection<\/strong><\/a>. Les <strong>consommateurs<\/strong> ont rapidement compris l&rsquo;opportunit\u00e9 : des baskets \u00e0 la mode, <strong>abordables<\/strong> et pratiques, un vrai <strong>coup de c\u0153ur<\/strong>.<\/p>\n\n\n\n<p>Les produits Lidl, bien que souvent limit\u00e9s en stock, connaissent un fort succ\u00e8s car la marque sait comment anticiper les besoins des clients. Ceux qui ont pu acheter les baskets ont rapidement montr\u00e9 leur enthousiasme, que ce soit en les portant ou en partageant leur achat sur les r\u00e9seaux sociaux.<\/p>\n\n\n\n<h2 class=\"wp-block-heading\">Des baskets pour tous les styles<\/h2>\n\n\n\n<p>La grande force de ces baskets r\u00e9side dans leur <strong>polyvalence<\/strong>. Leur design simple permet de les int\u00e9grer facilement dans diff\u00e9rents types de <strong>tenues<\/strong>. Que vous choisissiez de les associer \u00e0 un <strong>tailleur<\/strong> pour un look plus professionnel ou avec un <strong>jean<\/strong> et un <strong>t-shirt<\/strong> pour une sortie d\u00e9contract\u00e9e, elles ajoutent toujours une touche de modernit\u00e9. Le confort est \u00e9galement au rendez-vous, ce qui en fait des chaussures parfaites pour une journ\u00e9e compl\u00e8te.<\/p>\n\n\n\n<h2 class=\"wp-block-heading\">Conclusion<\/h2>\n\n\n\n<p>Lidl a une fois de plus frapp\u00e9 fort en proposant des baskets qui marient <strong>style<\/strong>, confort et prix attractif. En lan\u00e7ant cette collection \u00e0 12 \u20ac, la marque a su r\u00e9pondre aux besoins de consommateurs \u00e0 la recherche de produits de qualit\u00e9 sans se ruiner. Si vous souhaitez avoir des baskets \u00e0 la mode sans faire exploser votre budget, ne laissez pas passer cette occasion. Les stocks sont limit\u00e9s, et il serait dommage de manquer cette chance !<\/p>\n","protected":false},"excerpt":{"rendered":"<p>Lidl est de nouveau sous les feux des projecteurs, mais cette fois-ci, ce n\u2019est pas pour ses prix bas sur les produits alimentaires. La cha\u00eene<\/p>\n","protected":false},"author":3,"featured_media":4045,"comment_status":"closed","ping_status":"closed","sticky":false,"template":"","format":"standard","meta":{"footnotes":""},"categories":[1725],"tags":[],"yoast_head":"<!-- This site is optimized with the Yoast SEO plugin v21.0 - https:\/\/yoast.com\/wordpress\/plugins\/seo\/ -->\n<title>Lidl relance ses baskets \u00e0 12 \u20ac inspir\u00e9es des mod\u00e8les de luxe<\/title>\n<meta name=\"robots\" content=\"index, follow, max-snippet:-1, max-image-preview:large, max-video-preview:-1\" \/>\n<link rel=\"canonical\" href=\"https:\/\/www.svalbard.fr\/actualites\/lidl-relance-ses-baskets-a-12-e-inspirees-des-modeles-de-luxe\/\" \/>\n<meta property=\"og:locale\" content=\"fr_FR\" \/>\n<meta property=\"og:type\" content=\"article\" \/>\n<meta property=\"og:title\" content=\"Lidl relance ses baskets \u00e0 12 \u20ac inspir\u00e9es des mod\u00e8les de luxe\" \/>\n<meta property=\"og:description\" content=\"Lidl est de nouveau sous les feux des projecteurs, mais cette fois-ci, ce n\u2019est pas pour ses prix bas sur les produits alimentaires. La cha\u00eene\" \/>\n<meta property=\"og:url\" content=\"https:\/\/www.svalbard.fr\/actualites\/lidl-relance-ses-baskets-a-12-e-inspirees-des-modeles-de-luxe\/\" \/>\n<meta property=\"og:site_name\" content=\"www.Svalbard.fr\" \/>\n<meta property=\"article:published_time\" content=\"2025-06-04T08:30:00+00:00\" \/>\n<meta property=\"article:modified_time\" content=\"2025-06-04T08:00:21+00:00\" \/>\n<meta property=\"og:image\" content=\"https:\/\/www.svalbard.fr\/actualites\/wp-content\/uploads\/2025\/06\/Lidl-relance-ses-baskets.jpg\" \/>\n\t<meta property=\"og:image:width\" content=\"1200\" \/>\n\t<meta property=\"og:image:height\" content=\"800\" \/>\n\t<meta property=\"og:image:type\" content=\"image\/jpeg\" \/>\n<meta name=\"author\" content=\"Guillaume Chen\" \/>\n<meta name=\"twitter:card\" content=\"summary_large_image\" \/>\n<meta name=\"twitter:label1\" content=\"\u00c9crit par\" \/>\n\t<meta name=\"twitter:data1\" content=\"Guillaume Chen\" \/>\n\t<meta name=\"twitter:label2\" content=\"Dur\u00e9e de lecture estim\u00e9e\" \/>\n\t<meta name=\"twitter:data2\" content=\"4 minutes\" \/>\n<script type=\"application\/ld+json\" class=\"yoast-schema-graph\">{\"@context\":\"https:\/\/schema.org\",\"@graph\":[{\"@type\":\"Article\",\"@id\":\"https:\/\/www.svalbard.fr\/actualites\/lidl-relance-ses-baskets-a-12-e-inspirees-des-modeles-de-luxe\/#article\",\"isPartOf\":{\"@id\":\"https:\/\/www.svalbard.fr\/actualites\/lidl-relance-ses-baskets-a-12-e-inspirees-des-modeles-de-luxe\/\"},\"author\":{\"name\":\"Guillaume Chen\",\"@id\":\"https:\/\/www.svalbard.fr\/actualites\/#\/schema\/person\/b9d185560b94bff7322d37cb676ee545\"},\"headline\":\"Lidl relance ses baskets \u00e0 12 \u20ac inspir\u00e9es des mod\u00e8les de luxe\",\"datePublished\":\"2025-06-04T08:30:00+00:00\",\"dateModified\":\"2025-06-04T08:00:21+00:00\",\"mainEntityOfPage\":{\"@id\":\"https:\/\/www.svalbard.fr\/actualites\/lidl-relance-ses-baskets-a-12-e-inspirees-des-modeles-de-luxe\/\"},\"wordCount\":662,\"publisher\":{\"@id\":\"https:\/\/www.svalbard.fr\/actualites\/#organization\"},\"articleSection\":[\"Tendances\"],\"inLanguage\":\"fr-FR\"},{\"@type\":\"WebPage\",\"@id\":\"https:\/\/www.svalbard.fr\/actualites\/lidl-relance-ses-baskets-a-12-e-inspirees-des-modeles-de-luxe\/\",\"url\":\"https:\/\/www.svalbard.fr\/actualites\/lidl-relance-ses-baskets-a-12-e-inspirees-des-modeles-de-luxe\/\",\"name\":\"Lidl relance ses baskets \u00e0 12 \u20ac inspir\u00e9es des mod\u00e8les de luxe\",\"isPartOf\":{\"@id\":\"https:\/\/www.svalbard.fr\/actualites\/#website\"},\"datePublished\":\"2025-06-04T08:30:00+00:00\",\"dateModified\":\"2025-06-04T08:00:21+00:00\",\"breadcrumb\":{\"@id\":\"https:\/\/www.svalbard.fr\/actualites\/lidl-relance-ses-baskets-a-12-e-inspirees-des-modeles-de-luxe\/#breadcrumb\"},\"inLanguage\":\"fr-FR\",\"potentialAction\":[{\"@type\":\"ReadAction\",\"target\":[\"https:\/\/www.svalbard.fr\/actualites\/lidl-relance-ses-baskets-a-12-e-inspirees-des-modeles-de-luxe\/\"]}]},{\"@type\":\"BreadcrumbList\",\"@id\":\"https:\/\/www.svalbard.fr\/actualites\/lidl-relance-ses-baskets-a-12-e-inspirees-des-modeles-de-luxe\/#breadcrumb\",\"itemListElement\":[{\"@type\":\"ListItem\",\"position\":1,\"name\":\"Accueil\",\"item\":\"https:\/\/www.svalbard.fr\/actualites\/\"},{\"@type\":\"ListItem\",\"position\":2,\"name\":\"Lidl relance ses baskets \u00e0 12 \u20ac inspir\u00e9es des mod\u00e8les de luxe\"}]},{\"@type\":\"WebSite\",\"@id\":\"https:\/\/www.svalbard.fr\/actualites\/#website\",\"url\":\"https:\/\/www.svalbard.fr\/actualites\/\",\"name\":\"www.Svalbard.fr\",\"description\":\"\",\"publisher\":{\"@id\":\"https:\/\/www.svalbard.fr\/actualites\/#organization\"},\"potentialAction\":[{\"@type\":\"SearchAction\",\"target\":{\"@type\":\"EntryPoint\",\"urlTemplate\":\"https:\/\/www.svalbard.fr\/actualites\/?s={search_term_string}\"},\"query-input\":\"required name=search_term_string\"}],\"inLanguage\":\"fr-FR\"},{\"@type\":\"Organization\",\"@id\":\"https:\/\/www.svalbard.fr\/actualites\/#organization\",\"name\":\"www.Svalbard.fr\",\"url\":\"https:\/\/www.svalbard.fr\/actualites\/\",\"logo\":{\"@type\":\"ImageObject\",\"inLanguage\":\"fr-FR\",\"@id\":\"https:\/\/www.svalbard.fr\/actualites\/#\/schema\/logo\/image\/\",\"url\":\"https:\/\/www.svalbard.fr\/actualites\/wp-content\/uploads\/2023\/09\/head-nom.jpg\",\"contentUrl\":\"https:\/\/www.svalbard.fr\/actualites\/wp-content\/uploads\/2023\/09\/head-nom.jpg\",\"width\":264,\"height\":35,\"caption\":\"www.Svalbard.fr\"},\"image\":{\"@id\":\"https:\/\/www.svalbard.fr\/actualites\/#\/schema\/logo\/image\/\"}},{\"@type\":\"Person\",\"@id\":\"https:\/\/www.svalbard.fr\/actualites\/#\/schema\/person\/b9d185560b94bff7322d37cb676ee545\",\"name\":\"Guillaume Chen\",\"image\":{\"@type\":\"ImageObject\",\"inLanguage\":\"fr-FR\",\"@id\":\"https:\/\/www.svalbard.fr\/actualites\/#\/schema\/person\/image\/\",\"url\":\"https:\/\/secure.gravatar.com\/avatar\/0c3f9c94586035b795ad4049a06fb048?s=96&d=mm&r=g\",\"contentUrl\":\"https:\/\/secure.gravatar.com\/avatar\/0c3f9c94586035b795ad4049a06fb048?s=96&d=mm&r=g\",\"caption\":\"Guillaume Chen\"},\"sameAs\":[\"https:\/\/www.svalbard.fr\/\"]}]}<\/script>\n<!-- \/ Yoast SEO plugin. -->","yoast_head_json":{"title":"Lidl relance ses baskets \u00e0 12 \u20ac inspir\u00e9es des mod\u00e8les de luxe","robots":{"index":"index","follow":"follow","max-snippet":"max-snippet:-1","max-image-preview":"max-image-preview:large","max-video-preview":"max-video-preview:-1"},"canonical":"https:\/\/www.svalbard.fr\/actualites\/lidl-relance-ses-baskets-a-12-e-inspirees-des-modeles-de-luxe\/","og_locale":"fr_FR","og_type":"article","og_title":"Lidl relance ses baskets \u00e0 12 \u20ac inspir\u00e9es des mod\u00e8les de luxe","og_description":"Lidl est de nouveau sous les feux des projecteurs, mais cette fois-ci, ce n\u2019est pas pour ses prix bas sur les produits alimentaires. La cha\u00eene","og_url":"https:\/\/www.svalbard.fr\/actualites\/lidl-relance-ses-baskets-a-12-e-inspirees-des-modeles-de-luxe\/","og_site_name":"www.Svalbard.fr","article_published_time":"2025-06-04T08:30:00+00:00","article_modified_time":"2025-06-04T08:00:21+00:00","og_image":[{"width":1200,"height":800,"url":"https:\/\/www.svalbard.fr\/actualites\/wp-content\/uploads\/2025\/06\/Lidl-relance-ses-baskets.jpg","type":"image\/jpeg"}],"author":"Guillaume Chen","twitter_card":"summary_large_image","twitter_misc":{"\u00c9crit par":"Guillaume Chen","Dur\u00e9e de lecture estim\u00e9e":"4 minutes"},"schema":{"@context":"https:\/\/schema.org","@graph":[{"@type":"Article","@id":"https:\/\/www.svalbard.fr\/actualites\/lidl-relance-ses-baskets-a-12-e-inspirees-des-modeles-de-luxe\/#article","isPartOf":{"@id":"https:\/\/www.svalbard.fr\/actualites\/lidl-relance-ses-baskets-a-12-e-inspirees-des-modeles-de-luxe\/"},"author":{"name":"Guillaume Chen","@id":"https:\/\/www.svalbard.fr\/actualites\/#\/schema\/person\/b9d185560b94bff7322d37cb676ee545"},"headline":"Lidl relance ses baskets \u00e0 12 \u20ac inspir\u00e9es des mod\u00e8les de luxe","datePublished":"2025-06-04T08:30:00+00:00","dateModified":"2025-06-04T08:00:21+00:00","mainEntityOfPage":{"@id":"https:\/\/www.svalbard.fr\/actualites\/lidl-relance-ses-baskets-a-12-e-inspirees-des-modeles-de-luxe\/"},"wordCount":662,"publisher":{"@id":"https:\/\/www.svalbard.fr\/actualites\/#organization"},"articleSection":["Tendances"],"inLanguage":"fr-FR"},{"@type":"WebPage","@id":"https:\/\/www.svalbard.fr\/actualites\/lidl-relance-ses-baskets-a-12-e-inspirees-des-modeles-de-luxe\/","url":"https:\/\/www.svalbard.fr\/actualites\/lidl-relance-ses-baskets-a-12-e-inspirees-des-modeles-de-luxe\/","name":"Lidl relance ses baskets \u00e0 12 \u20ac inspir\u00e9es des mod\u00e8les de luxe","isPartOf":{"@id":"https:\/\/www.svalbard.fr\/actualites\/#website"},"datePublished":"2025-06-04T08:30:00+00:00","dateModified":"2025-06-04T08:00:21+00:00","breadcrumb":{"@id":"https:\/\/www.svalbard.fr\/actualites\/lidl-relance-ses-baskets-a-12-e-inspirees-des-modeles-de-luxe\/#breadcrumb"},"inLanguage":"fr-FR","potentialAction":[{"@type":"ReadAction","target":["https:\/\/www.svalbard.fr\/actualites\/lidl-relance-ses-baskets-a-12-e-inspirees-des-modeles-de-luxe\/"]}]},{"@type":"BreadcrumbList","@id":"https:\/\/www.svalbard.fr\/actualites\/lidl-relance-ses-baskets-a-12-e-inspirees-des-modeles-de-luxe\/#breadcrumb","itemListElement":[{"@type":"ListItem","position":1,"name":"Accueil","item":"https:\/\/www.svalbard.fr\/actualites\/"},{"@type":"ListItem","position":2,"name":"Lidl relance ses baskets \u00e0 12 \u20ac inspir\u00e9es des mod\u00e8les de luxe"}]},{"@type":"WebSite","@id":"https:\/\/www.svalbard.fr\/actualites\/#website","url":"https:\/\/www.svalbard.fr\/actualites\/","name":"www.Svalbard.fr","description":"","publisher":{"@id":"https:\/\/www.svalbard.fr\/actualites\/#organization"},"potentialAction":[{"@type":"SearchAction","target":{"@type":"EntryPoint","urlTemplate":"https:\/\/www.svalbard.fr\/actualites\/?s={search_term_string}"},"query-input":"required name=search_term_string"}],"inLanguage":"fr-FR"},{"@type":"Organization","@id":"https:\/\/www.svalbard.fr\/actualites\/#organization","name":"www.Svalbard.fr","url":"https:\/\/www.svalbard.fr\/actualites\/","logo":{"@type":"ImageObject","inLanguage":"fr-FR","@id":"https:\/\/www.svalbard.fr\/actualites\/#\/schema\/logo\/image\/","url":"https:\/\/www.svalbard.fr\/actualites\/wp-content\/uploads\/2023\/09\/head-nom.jpg","contentUrl":"https:\/\/www.svalbard.fr\/actualites\/wp-content\/uploads\/2023\/09\/head-nom.jpg","width":264,"height":35,"caption":"www.Svalbard.fr"},"image":{"@id":"https:\/\/www.svalbard.fr\/actualites\/#\/schema\/logo\/image\/"}},{"@type":"Person","@id":"https:\/\/www.svalbard.fr\/actualites\/#\/schema\/person\/b9d185560b94bff7322d37cb676ee545","name":"Guillaume Chen","image":{"@type":"ImageObject","inLanguage":"fr-FR","@id":"https:\/\/www.svalbard.fr\/actualites\/#\/schema\/person\/image\/","url":"https:\/\/secure.gravatar.com\/avatar\/0c3f9c94586035b795ad4049a06fb048?s=96&d=mm&r=g","contentUrl":"https:\/\/secure.gravatar.com\/avatar\/0c3f9c94586035b795ad4049a06fb048?s=96&d=mm&r=g","caption":"Guillaume Chen"},"sameAs":["https:\/\/www.svalbard.fr\/"]}]}},"_links":{"self":[{"href":"https:\/\/www.svalbard.fr\/actualites\/wp-json\/wp\/v2\/posts\/4044"}],"collection":[{"href":"https:\/\/www.svalbard.fr\/actualites\/wp-json\/wp\/v2\/posts"}],"about":[{"href":"https:\/\/www.svalbard.fr\/actualites\/wp-json\/wp\/v2\/types\/post"}],"author":[{"embeddable":true,"href":"https:\/\/www.svalbard.fr\/actualites\/wp-json\/wp\/v2\/users\/3"}],"replies":[{"embeddable":true,"href":"https:\/\/www.svalbard.fr\/actualites\/wp-json\/wp\/v2\/comments?post=4044"}],"version-history":[{"count":1,"href":"https:\/\/www.svalbard.fr\/actualites\/wp-json\/wp\/v2\/posts\/4044\/revisions"}],"predecessor-version":[{"id":4046,"href":"https:\/\/www.svalbard.fr\/actualites\/wp-json\/wp\/v2\/posts\/4044\/revisions\/4046"}],"wp:featuredmedia":[{"embeddable":true,"href":"https:\/\/www.svalbard.fr\/actualites\/wp-json\/wp\/v2\/media\/4045"}],"wp:attachment":[{"href":"https:\/\/www.svalbard.fr\/actualites\/wp-json\/wp\/v2\/media?parent=4044"}],"wp:term":[{"taxonomy":"category","embeddable":true,"href":"https:\/\/www.svalbard.fr\/actualites\/wp-json\/wp\/v2\/categories?post=4044"},{"taxonomy":"post_tag","embeddable":true,"href":"https:\/\/www.svalbard.fr\/actualites\/wp-json\/wp\/v2\/tags?post=4044"}],"curies":[{"name":"wp","href":"https:\/\/api.w.org\/{rel}","templated":true}]}}