{"id":4085,"date":"2025-06-06T15:30:00","date_gmt":"2025-06-06T13:30:00","guid":{"rendered":"https:\/\/www.svalbard.fr\/actualites\/?p=4085"},"modified":"2025-06-05T17:12:36","modified_gmt":"2025-06-05T15:12:36","slug":"panique-devant-un-lidl-ce-banal-geste-vire-au-cauchemar","status":"publish","type":"post","link":"https:\/\/www.svalbard.fr\/actualites\/panique-devant-un-lidl-ce-banal-geste-vire-au-cauchemar\/","title":{"rendered":"Panique devant un Lidl : ce banal geste vire au cauchemar"},"content":{"rendered":"\n<p><strong><em>Lidl, connu pour ses prix attractifs et ses promotions r\u00e9guli\u00e8res, est souvent per\u00e7u comme un lieu o\u00f9 les courses se d\u00e9roulent dans une atmosph\u00e8re calme et agr\u00e9able. Cependant, derri\u00e8re cette image de tranquillit\u00e9 quotidienne, des \u00e9v\u00e9nements tragiques peuvent surgir \u00e0 tout moment, transformant une situation banale en un v\u00e9ritable drame. C\u2019est ce qui s\u2019est pass\u00e9 r\u00e9cemment dans un des parkings de l\u2019enseigne, o\u00f9 un homme de plus de 70 ans a fait un malaise fatal alors qu\u2019il venait tout juste de terminer ses courses.<\/em><\/strong><\/p>\n\n\n\n<!--more-->\n\n\n\n<h2 class=\"wp-block-heading\">L\u2019engagement de Lidl envers ses clients<\/h2>\n\n\n\n<p>Depuis plusieurs ann\u00e9es, <strong><a href=\"https:\/\/www.svalbard.fr\/actualites\/lidl-propose-2-produits-efficaces-pour-dire-adieu-a-lhumidite-a-la-maison\/\">Lidl<\/a><\/strong> s\u2019impose comme un acteur majeur de la grande distribution, se d\u00e9marquant par une politique de prix bas et des promotions int\u00e9ressantes. En retour, l\u2019enseigne met un point d&rsquo;honneur \u00e0 offrir une exp\u00e9rience d&rsquo;achat sereine, en valorisant le respect mutuel entre clients et employ\u00e9s. Des gestes simples comme un sourire ou un mot aimable sont r\u00e9guli\u00e8rement soulign\u00e9s par la marque.<\/p>\n\n\n\n<p>Mais parfois, au milieu de cette routine, un \u00e9v\u00e9nement impr\u00e9vu peut bouleverser cette normalit\u00e9, comme ce fut le cas le 21 ao\u00fbt dernier, dans le parking d\u2019un magasin de Gu\u00eenes, dans les Hauts-de-France.<\/p>\n\n\n\n<h2 class=\"wp-block-heading\">Le malaise soudain dans le parking<\/h2>\n\n\n\n<p>Ce jour-l\u00e0, un homme, apr\u00e8s avoir effectu\u00e9 ses achats, s\u2019appr\u00eatait \u00e0 ranger ses sacs dans le coffre de sa voiture. \u00c0 ce moment-l\u00e0, sans crier gare, il s\u2019est effondr\u00e9 sur le sol. Les t\u00e9moins pr\u00e9sents ont r\u00e9agi imm\u00e9diatement en appelant les secours. Les param\u00e9dics sont arriv\u00e9s rapidement sur place, mais malgr\u00e9 leur intervention, l\u2019homme, souffrant de probl\u00e8mes cardiaques et porteur d\u2019un pacemaker, n\u2019a pas surv\u00e9cu.<\/p>\n\n\n\n<p>Cet incident a profond\u00e9ment choqu\u00e9 non seulement les t\u00e9moins mais aussi l\u2019\u00e9quipe du magasin, qui a d\u00fb faire face \u00e0 une journ\u00e9e marqu\u00e9e par la tristesse de cet \u00e9v\u00e9nement inattendu.<\/p>\n\n\n\n<h2 class=\"wp-block-heading\">Un autre drame \u00e0 d\u00e9plorer pour Lidl<\/h2>\n\n\n\n<p>Malheureusement, ce n\u2019est pas le seul drame survenu r\u00e9cemment en lien avec la cha\u00eene de magasins. En juin dernier, un jeune homme de 20 ans avait tragiquement perdu la vie apr\u00e8s une chute depuis le toit d\u2019un autre <strong><a href=\"https:\/\/www.svalbard.fr\/actualites\/lidl-devoile-un-nouveau-concept-de-magasin-qui-pourrait-bouleverser-vos-courses\/\">magasin <\/a><\/strong>Lidl pr\u00e8s de Rouen. Bien que l\u2019incident ait initialement \u00e9t\u00e9 associ\u00e9 aux \u00e9v\u00e9nements violents li\u00e9s \u00e0 la mort de Nahel, le Parquet de Rouen a rapidement exclu toute connexion avec ces \u00e9meutes.<\/p>\n\n\n\n<h2 class=\"wp-block-heading\">Un \u00e9v\u00e9nement marquant<\/h2>\n\n\n\n<p>Cette histoire nous rappelle \u00e0 quel point, m\u00eame dans les moments les plus ordinaires de notre vie quotidienne, des drames peuvent survenir. Lidl reste une r\u00e9f\u00e9rence pour des millions de familles \u00e0 la recherche d\u2019\u00e9conomies, mais ces \u00e9v\u00e9nements tragiques soulignent l\u2019importance de la s\u00e9curit\u00e9 et du soutien, m\u00eame dans des situations qui semblent parfaitement tranquilles.<\/p>\n\n\n\n<p>Les cons\u00e9quences de tels incidents sont un triste rappel de la fragilit\u00e9 de la vie, et de la n\u00e9cessit\u00e9 de rester vigilant et solidaire, m\u00eame dans les moments les plus simples.<\/p>\n","protected":false},"excerpt":{"rendered":"<p>Lidl, connu pour ses prix attractifs et ses promotions r\u00e9guli\u00e8res, est souvent per\u00e7u comme un lieu o\u00f9 les courses se d\u00e9roulent dans une atmosph\u00e8re calme<\/p>\n","protected":false},"author":3,"featured_media":4086,"comment_status":"closed","ping_status":"closed","sticky":false,"template":"","format":"standard","meta":{"footnotes":""},"categories":[1725],"tags":[],"yoast_head":"<!-- This site is optimized with the Yoast SEO plugin v21.0 - https:\/\/yoast.com\/wordpress\/plugins\/seo\/ -->\n<title>Panique devant un Lidl : ce banal geste vire au cauchemar<\/title>\n<meta name=\"robots\" content=\"index, follow, max-snippet:-1, max-image-preview:large, max-video-preview:-1\" \/>\n<link rel=\"canonical\" href=\"https:\/\/www.svalbard.fr\/actualites\/panique-devant-un-lidl-ce-banal-geste-vire-au-cauchemar\/\" \/>\n<meta property=\"og:locale\" content=\"fr_FR\" \/>\n<meta property=\"og:type\" content=\"article\" \/>\n<meta property=\"og:title\" content=\"Panique devant un Lidl : ce banal geste vire au cauchemar\" \/>\n<meta property=\"og:description\" content=\"Lidl, connu pour ses prix attractifs et ses promotions r\u00e9guli\u00e8res, est souvent per\u00e7u comme un lieu o\u00f9 les courses se d\u00e9roulent dans une atmosph\u00e8re calme\" \/>\n<meta property=\"og:url\" content=\"https:\/\/www.svalbard.fr\/actualites\/panique-devant-un-lidl-ce-banal-geste-vire-au-cauchemar\/\" \/>\n<meta property=\"og:site_name\" content=\"www.Svalbard.fr\" \/>\n<meta property=\"article:published_time\" content=\"2025-06-06T13:30:00+00:00\" \/>\n<meta property=\"article:modified_time\" content=\"2025-06-05T15:12:36+00:00\" \/>\n<meta property=\"og:image\" content=\"https:\/\/www.svalbard.fr\/actualites\/wp-content\/uploads\/2025\/06\/Panique-devant-un-Lidl.jpg\" \/>\n\t<meta property=\"og:image:width\" content=\"1200\" \/>\n\t<meta property=\"og:image:height\" content=\"675\" \/>\n\t<meta property=\"og:image:type\" content=\"image\/jpeg\" \/>\n<meta name=\"author\" content=\"Guillaume Chen\" \/>\n<meta name=\"twitter:card\" content=\"summary_large_image\" \/>\n<meta name=\"twitter:label1\" content=\"\u00c9crit par\" \/>\n\t<meta name=\"twitter:data1\" content=\"Guillaume Chen\" \/>\n\t<meta name=\"twitter:label2\" content=\"Dur\u00e9e de lecture estim\u00e9e\" \/>\n\t<meta name=\"twitter:data2\" content=\"3 minutes\" \/>\n<script type=\"application\/ld+json\" class=\"yoast-schema-graph\">{\"@context\":\"https:\/\/schema.org\",\"@graph\":[{\"@type\":\"Article\",\"@id\":\"https:\/\/www.svalbard.fr\/actualites\/panique-devant-un-lidl-ce-banal-geste-vire-au-cauchemar\/#article\",\"isPartOf\":{\"@id\":\"https:\/\/www.svalbard.fr\/actualites\/panique-devant-un-lidl-ce-banal-geste-vire-au-cauchemar\/\"},\"author\":{\"name\":\"Guillaume Chen\",\"@id\":\"https:\/\/www.svalbard.fr\/actualites\/#\/schema\/person\/b9d185560b94bff7322d37cb676ee545\"},\"headline\":\"Panique devant un Lidl : ce banal geste vire au cauchemar\",\"datePublished\":\"2025-06-06T13:30:00+00:00\",\"dateModified\":\"2025-06-05T15:12:36+00:00\",\"mainEntityOfPage\":{\"@id\":\"https:\/\/www.svalbard.fr\/actualites\/panique-devant-un-lidl-ce-banal-geste-vire-au-cauchemar\/\"},\"wordCount\":525,\"publisher\":{\"@id\":\"https:\/\/www.svalbard.fr\/actualites\/#organization\"},\"articleSection\":[\"Tendances\"],\"inLanguage\":\"fr-FR\"},{\"@type\":\"WebPage\",\"@id\":\"https:\/\/www.svalbard.fr\/actualites\/panique-devant-un-lidl-ce-banal-geste-vire-au-cauchemar\/\",\"url\":\"https:\/\/www.svalbard.fr\/actualites\/panique-devant-un-lidl-ce-banal-geste-vire-au-cauchemar\/\",\"name\":\"Panique devant un Lidl : ce banal geste vire au cauchemar\",\"isPartOf\":{\"@id\":\"https:\/\/www.svalbard.fr\/actualites\/#website\"},\"datePublished\":\"2025-06-06T13:30:00+00:00\",\"dateModified\":\"2025-06-05T15:12:36+00:00\",\"breadcrumb\":{\"@id\":\"https:\/\/www.svalbard.fr\/actualites\/panique-devant-un-lidl-ce-banal-geste-vire-au-cauchemar\/#breadcrumb\"},\"inLanguage\":\"fr-FR\",\"potentialAction\":[{\"@type\":\"ReadAction\",\"target\":[\"https:\/\/www.svalbard.fr\/actualites\/panique-devant-un-lidl-ce-banal-geste-vire-au-cauchemar\/\"]}]},{\"@type\":\"BreadcrumbList\",\"@id\":\"https:\/\/www.svalbard.fr\/actualites\/panique-devant-un-lidl-ce-banal-geste-vire-au-cauchemar\/#breadcrumb\",\"itemListElement\":[{\"@type\":\"ListItem\",\"position\":1,\"name\":\"Accueil\",\"item\":\"https:\/\/www.svalbard.fr\/actualites\/\"},{\"@type\":\"ListItem\",\"position\":2,\"name\":\"Panique devant un Lidl : ce banal geste vire au cauchemar\"}]},{\"@type\":\"WebSite\",\"@id\":\"https:\/\/www.svalbard.fr\/actualites\/#website\",\"url\":\"https:\/\/www.svalbard.fr\/actualites\/\",\"name\":\"www.Svalbard.fr\",\"description\":\"\",\"publisher\":{\"@id\":\"https:\/\/www.svalbard.fr\/actualites\/#organization\"},\"potentialAction\":[{\"@type\":\"SearchAction\",\"target\":{\"@type\":\"EntryPoint\",\"urlTemplate\":\"https:\/\/www.svalbard.fr\/actualites\/?s={search_term_string}\"},\"query-input\":\"required name=search_term_string\"}],\"inLanguage\":\"fr-FR\"},{\"@type\":\"Organization\",\"@id\":\"https:\/\/www.svalbard.fr\/actualites\/#organization\",\"name\":\"www.Svalbard.fr\",\"url\":\"https:\/\/www.svalbard.fr\/actualites\/\",\"logo\":{\"@type\":\"ImageObject\",\"inLanguage\":\"fr-FR\",\"@id\":\"https:\/\/www.svalbard.fr\/actualites\/#\/schema\/logo\/image\/\",\"url\":\"https:\/\/www.svalbard.fr\/actualites\/wp-content\/uploads\/2023\/09\/head-nom.jpg\",\"contentUrl\":\"https:\/\/www.svalbard.fr\/actualites\/wp-content\/uploads\/2023\/09\/head-nom.jpg\",\"width\":264,\"height\":35,\"caption\":\"www.Svalbard.fr\"},\"image\":{\"@id\":\"https:\/\/www.svalbard.fr\/actualites\/#\/schema\/logo\/image\/\"}},{\"@type\":\"Person\",\"@id\":\"https:\/\/www.svalbard.fr\/actualites\/#\/schema\/person\/b9d185560b94bff7322d37cb676ee545\",\"name\":\"Guillaume Chen\",\"image\":{\"@type\":\"ImageObject\",\"inLanguage\":\"fr-FR\",\"@id\":\"https:\/\/www.svalbard.fr\/actualites\/#\/schema\/person\/image\/\",\"url\":\"https:\/\/secure.gravatar.com\/avatar\/0c3f9c94586035b795ad4049a06fb048?s=96&d=mm&r=g\",\"contentUrl\":\"https:\/\/secure.gravatar.com\/avatar\/0c3f9c94586035b795ad4049a06fb048?s=96&d=mm&r=g\",\"caption\":\"Guillaume Chen\"},\"sameAs\":[\"https:\/\/www.svalbard.fr\/\"]}]}<\/script>\n<!-- \/ Yoast SEO plugin. -->","yoast_head_json":{"title":"Panique devant un Lidl : ce banal geste vire au cauchemar","robots":{"index":"index","follow":"follow","max-snippet":"max-snippet:-1","max-image-preview":"max-image-preview:large","max-video-preview":"max-video-preview:-1"},"canonical":"https:\/\/www.svalbard.fr\/actualites\/panique-devant-un-lidl-ce-banal-geste-vire-au-cauchemar\/","og_locale":"fr_FR","og_type":"article","og_title":"Panique devant un Lidl : ce banal geste vire au cauchemar","og_description":"Lidl, connu pour ses prix attractifs et ses promotions r\u00e9guli\u00e8res, est souvent per\u00e7u comme un lieu o\u00f9 les courses se d\u00e9roulent dans une atmosph\u00e8re calme","og_url":"https:\/\/www.svalbard.fr\/actualites\/panique-devant-un-lidl-ce-banal-geste-vire-au-cauchemar\/","og_site_name":"www.Svalbard.fr","article_published_time":"2025-06-06T13:30:00+00:00","article_modified_time":"2025-06-05T15:12:36+00:00","og_image":[{"width":1200,"height":675,"url":"https:\/\/www.svalbard.fr\/actualites\/wp-content\/uploads\/2025\/06\/Panique-devant-un-Lidl.jpg","type":"image\/jpeg"}],"author":"Guillaume Chen","twitter_card":"summary_large_image","twitter_misc":{"\u00c9crit par":"Guillaume Chen","Dur\u00e9e de lecture estim\u00e9e":"3 minutes"},"schema":{"@context":"https:\/\/schema.org","@graph":[{"@type":"Article","@id":"https:\/\/www.svalbard.fr\/actualites\/panique-devant-un-lidl-ce-banal-geste-vire-au-cauchemar\/#article","isPartOf":{"@id":"https:\/\/www.svalbard.fr\/actualites\/panique-devant-un-lidl-ce-banal-geste-vire-au-cauchemar\/"},"author":{"name":"Guillaume Chen","@id":"https:\/\/www.svalbard.fr\/actualites\/#\/schema\/person\/b9d185560b94bff7322d37cb676ee545"},"headline":"Panique devant un Lidl : ce banal geste vire au cauchemar","datePublished":"2025-06-06T13:30:00+00:00","dateModified":"2025-06-05T15:12:36+00:00","mainEntityOfPage":{"@id":"https:\/\/www.svalbard.fr\/actualites\/panique-devant-un-lidl-ce-banal-geste-vire-au-cauchemar\/"},"wordCount":525,"publisher":{"@id":"https:\/\/www.svalbard.fr\/actualites\/#organization"},"articleSection":["Tendances"],"inLanguage":"fr-FR"},{"@type":"WebPage","@id":"https:\/\/www.svalbard.fr\/actualites\/panique-devant-un-lidl-ce-banal-geste-vire-au-cauchemar\/","url":"https:\/\/www.svalbard.fr\/actualites\/panique-devant-un-lidl-ce-banal-geste-vire-au-cauchemar\/","name":"Panique devant un Lidl : ce banal geste vire au cauchemar","isPartOf":{"@id":"https:\/\/www.svalbard.fr\/actualites\/#website"},"datePublished":"2025-06-06T13:30:00+00:00","dateModified":"2025-06-05T15:12:36+00:00","breadcrumb":{"@id":"https:\/\/www.svalbard.fr\/actualites\/panique-devant-un-lidl-ce-banal-geste-vire-au-cauchemar\/#breadcrumb"},"inLanguage":"fr-FR","potentialAction":[{"@type":"ReadAction","target":["https:\/\/www.svalbard.fr\/actualites\/panique-devant-un-lidl-ce-banal-geste-vire-au-cauchemar\/"]}]},{"@type":"BreadcrumbList","@id":"https:\/\/www.svalbard.fr\/actualites\/panique-devant-un-lidl-ce-banal-geste-vire-au-cauchemar\/#breadcrumb","itemListElement":[{"@type":"ListItem","position":1,"name":"Accueil","item":"https:\/\/www.svalbard.fr\/actualites\/"},{"@type":"ListItem","position":2,"name":"Panique devant un Lidl : ce banal geste vire au cauchemar"}]},{"@type":"WebSite","@id":"https:\/\/www.svalbard.fr\/actualites\/#website","url":"https:\/\/www.svalbard.fr\/actualites\/","name":"www.Svalbard.fr","description":"","publisher":{"@id":"https:\/\/www.svalbard.fr\/actualites\/#organization"},"potentialAction":[{"@type":"SearchAction","target":{"@type":"EntryPoint","urlTemplate":"https:\/\/www.svalbard.fr\/actualites\/?s={search_term_string}"},"query-input":"required name=search_term_string"}],"inLanguage":"fr-FR"},{"@type":"Organization","@id":"https:\/\/www.svalbard.fr\/actualites\/#organization","name":"www.Svalbard.fr","url":"https:\/\/www.svalbard.fr\/actualites\/","logo":{"@type":"ImageObject","inLanguage":"fr-FR","@id":"https:\/\/www.svalbard.fr\/actualites\/#\/schema\/logo\/image\/","url":"https:\/\/www.svalbard.fr\/actualites\/wp-content\/uploads\/2023\/09\/head-nom.jpg","contentUrl":"https:\/\/www.svalbard.fr\/actualites\/wp-content\/uploads\/2023\/09\/head-nom.jpg","width":264,"height":35,"caption":"www.Svalbard.fr"},"image":{"@id":"https:\/\/www.svalbard.fr\/actualites\/#\/schema\/logo\/image\/"}},{"@type":"Person","@id":"https:\/\/www.svalbard.fr\/actualites\/#\/schema\/person\/b9d185560b94bff7322d37cb676ee545","name":"Guillaume Chen","image":{"@type":"ImageObject","inLanguage":"fr-FR","@id":"https:\/\/www.svalbard.fr\/actualites\/#\/schema\/person\/image\/","url":"https:\/\/secure.gravatar.com\/avatar\/0c3f9c94586035b795ad4049a06fb048?s=96&d=mm&r=g","contentUrl":"https:\/\/secure.gravatar.com\/avatar\/0c3f9c94586035b795ad4049a06fb048?s=96&d=mm&r=g","caption":"Guillaume Chen"},"sameAs":["https:\/\/www.svalbard.fr\/"]}]}},"_links":{"self":[{"href":"https:\/\/www.svalbard.fr\/actualites\/wp-json\/wp\/v2\/posts\/4085"}],"collection":[{"href":"https:\/\/www.svalbard.fr\/actualites\/wp-json\/wp\/v2\/posts"}],"about":[{"href":"https:\/\/www.svalbard.fr\/actualites\/wp-json\/wp\/v2\/types\/post"}],"author":[{"embeddable":true,"href":"https:\/\/www.svalbard.fr\/actualites\/wp-json\/wp\/v2\/users\/3"}],"replies":[{"embeddable":true,"href":"https:\/\/www.svalbard.fr\/actualites\/wp-json\/wp\/v2\/comments?post=4085"}],"version-history":[{"count":1,"href":"https:\/\/www.svalbard.fr\/actualites\/wp-json\/wp\/v2\/posts\/4085\/revisions"}],"predecessor-version":[{"id":4087,"href":"https:\/\/www.svalbard.fr\/actualites\/wp-json\/wp\/v2\/posts\/4085\/revisions\/4087"}],"wp:featuredmedia":[{"embeddable":true,"href":"https:\/\/www.svalbard.fr\/actualites\/wp-json\/wp\/v2\/media\/4086"}],"wp:attachment":[{"href":"https:\/\/www.svalbard.fr\/actualites\/wp-json\/wp\/v2\/media?parent=4085"}],"wp:term":[{"taxonomy":"category","embeddable":true,"href":"https:\/\/www.svalbard.fr\/actualites\/wp-json\/wp\/v2\/categories?post=4085"},{"taxonomy":"post_tag","embeddable":true,"href":"https:\/\/www.svalbard.fr\/actualites\/wp-json\/wp\/v2\/tags?post=4085"}],"curies":[{"name":"wp","href":"https:\/\/api.w.org\/{rel}","templated":true}]}}