{"id":4097,"date":"2025-06-07T15:30:00","date_gmt":"2025-06-07T13:30:00","guid":{"rendered":"https:\/\/www.svalbard.fr\/actualites\/?p=4097"},"modified":"2025-06-05T20:41:46","modified_gmt":"2025-06-05T18:41:46","slug":"cette-piece-commemorative-figure-parmi-les-plus-cheres-du-marche","status":"publish","type":"post","link":"https:\/\/www.svalbard.fr\/actualites\/cette-piece-commemorative-figure-parmi-les-plus-cheres-du-marche\/","title":{"rendered":"Cette pi\u00e8ce comm\u00e9morative figure parmi les plus ch\u00e8res du march\u00e9"},"content":{"rendered":"\n<p><strong><em>Le monde de la numismatique, qui m\u00eale histoire et investissement, est un terrain o\u00f9 les passionn\u00e9s et les investisseurs se croisent souvent \u00e0 la recherche de pi\u00e8ces uniques. Parmi celles-ci, une pi\u00e8ce comm\u00e9morative cens\u00e9e repr\u00e9senter la p\u00e9riode \u00ab\u00a01985-2015\u00a0\u00bb s\u2019est distingu\u00e9e par son statut de r\u00eave pour les collectionneurs. Bien qu\u2019hypoth\u00e9tique, elle incarne le type de pi\u00e8ce que tout numismate r\u00eaverait de poss\u00e9der.<\/em><\/strong><\/p>\n\n\n\n<!--more-->\n\n\n\n<h2 class=\"wp-block-heading\">Les caract\u00e9ristiques hypoth\u00e9tiques de la pi\u00e8ce<\/h2>\n\n\n\n<p>Imagin\u00e9e comme une <a href=\"https:\/\/www.svalbard.fr\/actualites\/la-piece-commemorative-de-2-euros-de-1985-2015-grimpe-en-valeur-decouvrez-pourquoi\/\">pi\u00e8ce comm\u00e9morative<\/a> majeure, celle-ci serait probablement dot\u00e9e d&rsquo;un design tr\u00e8s \u00e9labor\u00e9, int\u00e9grant des symboles marquants de l&rsquo;histoire europ\u00e9enne contemporaine. Des \u00e9v\u00e9nements comme des <strong>trait\u00e9s importants<\/strong>, des <strong>r\u00e9formes historiques<\/strong> ou des moments cl\u00e9s de l\u2019Union Europ\u00e9enne pourraient \u00eatre repr\u00e9sent\u00e9s. Le prestige de cette pi\u00e8ce r\u00e9siderait dans sa conception artistique raffin\u00e9e et dans une \u00e9dition limit\u00e9e, des \u00e9l\u00e9ments qui en feraient un <strong>tr\u00e9sor numismatique<\/strong> convoit\u00e9, une pi\u00e8ce rare et pr\u00e9cieuse pour les collectionneurs.<\/p>\n\n\n\n<h2 class=\"wp-block-heading\">Une ascension fulgurante<\/h2>\n\n\n\n<p>Le v\u00e9ritable attrait de cette pi\u00e8ce hypoth\u00e9tique r\u00e9siderait dans son m\u00e9lange parfait de <strong>valeur historique<\/strong> et de <strong>beaut\u00e9 esth\u00e9tique<\/strong>. Bien que purement fictive, son lien avec des \u00e9v\u00e9nements majeurs de l&rsquo;Union Europ\u00e9enne, tels que des r\u00e9formes ou des accords cruciaux, renforcerait son aura. L\u2019attrait serait d\u2019autant plus fort si la pi\u00e8ce avait \u00e9t\u00e9 \u00e9mise en quantit\u00e9 extr\u00eamement limit\u00e9e ou si elle pr\u00e9sentait des erreurs de frappe, des d\u00e9tails qui, dans le monde de la numismatique, peuvent \u00e9norm\u00e9ment accro\u00eetre sa valeur. La combinaison d&rsquo;un design soign\u00e9 et d\u2019une <strong>tirage limit\u00e9<\/strong> en ferait une pi\u00e8ce de choix pour les collectionneurs avertis.<\/p>\n\n\n\n<h2 class=\"wp-block-heading\">Facteurs de valorisation dans la numismatique<\/h2>\n\n\n\n<p>Dans l\u2019univers de la numismatique, plusieurs crit\u00e8res d\u00e9terminent la valeur d\u2019une pi\u00e8ce : la <strong>raret\u00e9<\/strong>, l\u2019\u00e9tat de conservation, la demande sur le march\u00e9 et, bien s\u00fbr, l&rsquo;importance historique de la pi\u00e8ce. Si cette pi\u00e8ce \u00ab\u00a01985-2015\u00a0\u00bb existait r\u00e9ellement, sa valeur serait multipli\u00e9e par un tirage tr\u00e8s limit\u00e9 ou par la pr\u00e9sence de d\u00e9fauts de frappe. Ces facteurs font d\u2019une pi\u00e8ce banale un <strong>objet de valeur<\/strong>. L\u2019histoire et l\u2019\u00e9motion qu\u2019elle v\u00e9hicule contribuent \u00e0 l&rsquo;augmenter sur le march\u00e9, devenant ainsi un investissement pr\u00e9cieux et un <strong>symbole de patrimoine<\/strong>.<\/p>\n\n\n\n<h2 class=\"wp-block-heading\">Conseils pour les collectionneurs<\/h2>\n\n\n\n<p>Si vous vous aventurez dans le monde de la collection de <strong><a href=\"https:\/\/www.svalbard.fr\/actualites\/monnaie-rare-decouvrez-la-liste-des-pieces-qui-vont-prendre-de-la-valeur-en-2024\/\">pi\u00e8ces de monnaie<\/a><\/strong>, il est essentiel de vous entourer d&rsquo;experts. L&rsquo;authentification et l\u2019\u00e9valuation des pi\u00e8ces sont cruciales pour \u00e9viter toute <strong>contrefa\u00e7on<\/strong>. Un bon collectionneur saura identifier les facteurs influen\u00e7ant la valeur d&rsquo;une pi\u00e8ce, et comprendre pourquoi certaines deviennent des objets recherch\u00e9s, parfois au-del\u00e0 de leur valeur faciale. La numismatique demande une vigilance constante et une bonne connaissance du march\u00e9.<\/p>\n\n\n\n<h2 class=\"wp-block-heading\">Conclusion : la numismatique, un investissement pr\u00e9cieux<\/h2>\n\n\n\n<p>Bien que la pi\u00e8ce comm\u00e9morative \u00ab\u00a01985-2015\u00a0\u00bb soit fictive, l\u2019int\u00e9r\u00eat pour des pi\u00e8ces rares et historiques reste bien r\u00e9el dans le monde de la numismatique. Pour les collectionneurs, il est essentiel de rester inform\u00e9 et d&rsquo;\u00eatre vigilant face aux tendances qui peuvent faire fluctuer la valeur des pi\u00e8ces. Qui sait, un jour, un v\u00e9ritable <strong>tr\u00e9sor numismatique<\/strong> pourrait se retrouver dans votre collection. Pour aller plus loin, il est conseill\u00e9 de consulter des experts du domaine et de participer \u00e0 des salons de numismatique, o\u00f9 vous pourrez d\u00e9couvrir des pi\u00e8ces uniques et enrichir vos connaissances.<\/p>\n","protected":false},"excerpt":{"rendered":"<p>Le monde de la numismatique, qui m\u00eale histoire et investissement, est un terrain o\u00f9 les passionn\u00e9s et les investisseurs se croisent souvent \u00e0 la recherche<\/p>\n","protected":false},"author":3,"featured_media":4098,"comment_status":"closed","ping_status":"closed","sticky":false,"template":"","format":"standard","meta":{"footnotes":""},"categories":[1725],"tags":[],"yoast_head":"<!-- This site is optimized with the Yoast SEO plugin v21.0 - https:\/\/yoast.com\/wordpress\/plugins\/seo\/ -->\n<title>Cette pi\u00e8ce comm\u00e9morative figure parmi les plus ch\u00e8res du march\u00e9<\/title>\n<meta name=\"robots\" content=\"index, follow, max-snippet:-1, max-image-preview:large, max-video-preview:-1\" \/>\n<link rel=\"canonical\" href=\"https:\/\/www.svalbard.fr\/actualites\/cette-piece-commemorative-figure-parmi-les-plus-cheres-du-marche\/\" \/>\n<meta property=\"og:locale\" content=\"fr_FR\" \/>\n<meta property=\"og:type\" content=\"article\" \/>\n<meta property=\"og:title\" content=\"Cette pi\u00e8ce comm\u00e9morative figure parmi les plus ch\u00e8res du march\u00e9\" \/>\n<meta property=\"og:description\" content=\"Le monde de la numismatique, qui m\u00eale histoire et investissement, est un terrain o\u00f9 les passionn\u00e9s et les investisseurs se croisent souvent \u00e0 la recherche\" \/>\n<meta property=\"og:url\" content=\"https:\/\/www.svalbard.fr\/actualites\/cette-piece-commemorative-figure-parmi-les-plus-cheres-du-marche\/\" \/>\n<meta property=\"og:site_name\" content=\"www.Svalbard.fr\" \/>\n<meta property=\"article:published_time\" content=\"2025-06-07T13:30:00+00:00\" \/>\n<meta property=\"article:modified_time\" content=\"2025-06-05T18:41:46+00:00\" \/>\n<meta property=\"og:image\" content=\"https:\/\/www.svalbard.fr\/actualites\/wp-content\/uploads\/2025\/06\/piece-commemorative.jpg\" \/>\n\t<meta property=\"og:image:width\" content=\"1200\" \/>\n\t<meta property=\"og:image:height\" content=\"800\" \/>\n\t<meta property=\"og:image:type\" content=\"image\/jpeg\" \/>\n<meta name=\"author\" content=\"Guillaume Chen\" \/>\n<meta name=\"twitter:card\" content=\"summary_large_image\" \/>\n<meta name=\"twitter:label1\" content=\"\u00c9crit par\" \/>\n\t<meta name=\"twitter:data1\" content=\"Guillaume Chen\" \/>\n\t<meta name=\"twitter:label2\" content=\"Dur\u00e9e de lecture estim\u00e9e\" \/>\n\t<meta name=\"twitter:data2\" content=\"3 minutes\" \/>\n<script type=\"application\/ld+json\" class=\"yoast-schema-graph\">{\"@context\":\"https:\/\/schema.org\",\"@graph\":[{\"@type\":\"Article\",\"@id\":\"https:\/\/www.svalbard.fr\/actualites\/cette-piece-commemorative-figure-parmi-les-plus-cheres-du-marche\/#article\",\"isPartOf\":{\"@id\":\"https:\/\/www.svalbard.fr\/actualites\/cette-piece-commemorative-figure-parmi-les-plus-cheres-du-marche\/\"},\"author\":{\"name\":\"Guillaume Chen\",\"@id\":\"https:\/\/www.svalbard.fr\/actualites\/#\/schema\/person\/b9d185560b94bff7322d37cb676ee545\"},\"headline\":\"Cette pi\u00e8ce comm\u00e9morative figure parmi les plus ch\u00e8res du march\u00e9\",\"datePublished\":\"2025-06-07T13:30:00+00:00\",\"dateModified\":\"2025-06-05T18:41:46+00:00\",\"mainEntityOfPage\":{\"@id\":\"https:\/\/www.svalbard.fr\/actualites\/cette-piece-commemorative-figure-parmi-les-plus-cheres-du-marche\/\"},\"wordCount\":621,\"publisher\":{\"@id\":\"https:\/\/www.svalbard.fr\/actualites\/#organization\"},\"articleSection\":[\"Tendances\"],\"inLanguage\":\"fr-FR\"},{\"@type\":\"WebPage\",\"@id\":\"https:\/\/www.svalbard.fr\/actualites\/cette-piece-commemorative-figure-parmi-les-plus-cheres-du-marche\/\",\"url\":\"https:\/\/www.svalbard.fr\/actualites\/cette-piece-commemorative-figure-parmi-les-plus-cheres-du-marche\/\",\"name\":\"Cette pi\u00e8ce comm\u00e9morative figure parmi les plus ch\u00e8res du march\u00e9\",\"isPartOf\":{\"@id\":\"https:\/\/www.svalbard.fr\/actualites\/#website\"},\"datePublished\":\"2025-06-07T13:30:00+00:00\",\"dateModified\":\"2025-06-05T18:41:46+00:00\",\"breadcrumb\":{\"@id\":\"https:\/\/www.svalbard.fr\/actualites\/cette-piece-commemorative-figure-parmi-les-plus-cheres-du-marche\/#breadcrumb\"},\"inLanguage\":\"fr-FR\",\"potentialAction\":[{\"@type\":\"ReadAction\",\"target\":[\"https:\/\/www.svalbard.fr\/actualites\/cette-piece-commemorative-figure-parmi-les-plus-cheres-du-marche\/\"]}]},{\"@type\":\"BreadcrumbList\",\"@id\":\"https:\/\/www.svalbard.fr\/actualites\/cette-piece-commemorative-figure-parmi-les-plus-cheres-du-marche\/#breadcrumb\",\"itemListElement\":[{\"@type\":\"ListItem\",\"position\":1,\"name\":\"Accueil\",\"item\":\"https:\/\/www.svalbard.fr\/actualites\/\"},{\"@type\":\"ListItem\",\"position\":2,\"name\":\"Cette pi\u00e8ce comm\u00e9morative figure parmi les plus ch\u00e8res du march\u00e9\"}]},{\"@type\":\"WebSite\",\"@id\":\"https:\/\/www.svalbard.fr\/actualites\/#website\",\"url\":\"https:\/\/www.svalbard.fr\/actualites\/\",\"name\":\"www.Svalbard.fr\",\"description\":\"\",\"publisher\":{\"@id\":\"https:\/\/www.svalbard.fr\/actualites\/#organization\"},\"potentialAction\":[{\"@type\":\"SearchAction\",\"target\":{\"@type\":\"EntryPoint\",\"urlTemplate\":\"https:\/\/www.svalbard.fr\/actualites\/?s={search_term_string}\"},\"query-input\":\"required name=search_term_string\"}],\"inLanguage\":\"fr-FR\"},{\"@type\":\"Organization\",\"@id\":\"https:\/\/www.svalbard.fr\/actualites\/#organization\",\"name\":\"www.Svalbard.fr\",\"url\":\"https:\/\/www.svalbard.fr\/actualites\/\",\"logo\":{\"@type\":\"ImageObject\",\"inLanguage\":\"fr-FR\",\"@id\":\"https:\/\/www.svalbard.fr\/actualites\/#\/schema\/logo\/image\/\",\"url\":\"https:\/\/www.svalbard.fr\/actualites\/wp-content\/uploads\/2023\/09\/head-nom.jpg\",\"contentUrl\":\"https:\/\/www.svalbard.fr\/actualites\/wp-content\/uploads\/2023\/09\/head-nom.jpg\",\"width\":264,\"height\":35,\"caption\":\"www.Svalbard.fr\"},\"image\":{\"@id\":\"https:\/\/www.svalbard.fr\/actualites\/#\/schema\/logo\/image\/\"}},{\"@type\":\"Person\",\"@id\":\"https:\/\/www.svalbard.fr\/actualites\/#\/schema\/person\/b9d185560b94bff7322d37cb676ee545\",\"name\":\"Guillaume Chen\",\"image\":{\"@type\":\"ImageObject\",\"inLanguage\":\"fr-FR\",\"@id\":\"https:\/\/www.svalbard.fr\/actualites\/#\/schema\/person\/image\/\",\"url\":\"https:\/\/secure.gravatar.com\/avatar\/0c3f9c94586035b795ad4049a06fb048?s=96&d=mm&r=g\",\"contentUrl\":\"https:\/\/secure.gravatar.com\/avatar\/0c3f9c94586035b795ad4049a06fb048?s=96&d=mm&r=g\",\"caption\":\"Guillaume Chen\"},\"sameAs\":[\"https:\/\/www.svalbard.fr\/\"]}]}<\/script>\n<!-- \/ Yoast SEO plugin. -->","yoast_head_json":{"title":"Cette pi\u00e8ce comm\u00e9morative figure parmi les plus ch\u00e8res du march\u00e9","robots":{"index":"index","follow":"follow","max-snippet":"max-snippet:-1","max-image-preview":"max-image-preview:large","max-video-preview":"max-video-preview:-1"},"canonical":"https:\/\/www.svalbard.fr\/actualites\/cette-piece-commemorative-figure-parmi-les-plus-cheres-du-marche\/","og_locale":"fr_FR","og_type":"article","og_title":"Cette pi\u00e8ce comm\u00e9morative figure parmi les plus ch\u00e8res du march\u00e9","og_description":"Le monde de la numismatique, qui m\u00eale histoire et investissement, est un terrain o\u00f9 les passionn\u00e9s et les investisseurs se croisent souvent \u00e0 la recherche","og_url":"https:\/\/www.svalbard.fr\/actualites\/cette-piece-commemorative-figure-parmi-les-plus-cheres-du-marche\/","og_site_name":"www.Svalbard.fr","article_published_time":"2025-06-07T13:30:00+00:00","article_modified_time":"2025-06-05T18:41:46+00:00","og_image":[{"width":1200,"height":800,"url":"https:\/\/www.svalbard.fr\/actualites\/wp-content\/uploads\/2025\/06\/piece-commemorative.jpg","type":"image\/jpeg"}],"author":"Guillaume Chen","twitter_card":"summary_large_image","twitter_misc":{"\u00c9crit par":"Guillaume Chen","Dur\u00e9e de lecture estim\u00e9e":"3 minutes"},"schema":{"@context":"https:\/\/schema.org","@graph":[{"@type":"Article","@id":"https:\/\/www.svalbard.fr\/actualites\/cette-piece-commemorative-figure-parmi-les-plus-cheres-du-marche\/#article","isPartOf":{"@id":"https:\/\/www.svalbard.fr\/actualites\/cette-piece-commemorative-figure-parmi-les-plus-cheres-du-marche\/"},"author":{"name":"Guillaume Chen","@id":"https:\/\/www.svalbard.fr\/actualites\/#\/schema\/person\/b9d185560b94bff7322d37cb676ee545"},"headline":"Cette pi\u00e8ce comm\u00e9morative figure parmi les plus ch\u00e8res du march\u00e9","datePublished":"2025-06-07T13:30:00+00:00","dateModified":"2025-06-05T18:41:46+00:00","mainEntityOfPage":{"@id":"https:\/\/www.svalbard.fr\/actualites\/cette-piece-commemorative-figure-parmi-les-plus-cheres-du-marche\/"},"wordCount":621,"publisher":{"@id":"https:\/\/www.svalbard.fr\/actualites\/#organization"},"articleSection":["Tendances"],"inLanguage":"fr-FR"},{"@type":"WebPage","@id":"https:\/\/www.svalbard.fr\/actualites\/cette-piece-commemorative-figure-parmi-les-plus-cheres-du-marche\/","url":"https:\/\/www.svalbard.fr\/actualites\/cette-piece-commemorative-figure-parmi-les-plus-cheres-du-marche\/","name":"Cette pi\u00e8ce comm\u00e9morative figure parmi les plus ch\u00e8res du march\u00e9","isPartOf":{"@id":"https:\/\/www.svalbard.fr\/actualites\/#website"},"datePublished":"2025-06-07T13:30:00+00:00","dateModified":"2025-06-05T18:41:46+00:00","breadcrumb":{"@id":"https:\/\/www.svalbard.fr\/actualites\/cette-piece-commemorative-figure-parmi-les-plus-cheres-du-marche\/#breadcrumb"},"inLanguage":"fr-FR","potentialAction":[{"@type":"ReadAction","target":["https:\/\/www.svalbard.fr\/actualites\/cette-piece-commemorative-figure-parmi-les-plus-cheres-du-marche\/"]}]},{"@type":"BreadcrumbList","@id":"https:\/\/www.svalbard.fr\/actualites\/cette-piece-commemorative-figure-parmi-les-plus-cheres-du-marche\/#breadcrumb","itemListElement":[{"@type":"ListItem","position":1,"name":"Accueil","item":"https:\/\/www.svalbard.fr\/actualites\/"},{"@type":"ListItem","position":2,"name":"Cette pi\u00e8ce comm\u00e9morative figure parmi les plus ch\u00e8res du march\u00e9"}]},{"@type":"WebSite","@id":"https:\/\/www.svalbard.fr\/actualites\/#website","url":"https:\/\/www.svalbard.fr\/actualites\/","name":"www.Svalbard.fr","description":"","publisher":{"@id":"https:\/\/www.svalbard.fr\/actualites\/#organization"},"potentialAction":[{"@type":"SearchAction","target":{"@type":"EntryPoint","urlTemplate":"https:\/\/www.svalbard.fr\/actualites\/?s={search_term_string}"},"query-input":"required name=search_term_string"}],"inLanguage":"fr-FR"},{"@type":"Organization","@id":"https:\/\/www.svalbard.fr\/actualites\/#organization","name":"www.Svalbard.fr","url":"https:\/\/www.svalbard.fr\/actualites\/","logo":{"@type":"ImageObject","inLanguage":"fr-FR","@id":"https:\/\/www.svalbard.fr\/actualites\/#\/schema\/logo\/image\/","url":"https:\/\/www.svalbard.fr\/actualites\/wp-content\/uploads\/2023\/09\/head-nom.jpg","contentUrl":"https:\/\/www.svalbard.fr\/actualites\/wp-content\/uploads\/2023\/09\/head-nom.jpg","width":264,"height":35,"caption":"www.Svalbard.fr"},"image":{"@id":"https:\/\/www.svalbard.fr\/actualites\/#\/schema\/logo\/image\/"}},{"@type":"Person","@id":"https:\/\/www.svalbard.fr\/actualites\/#\/schema\/person\/b9d185560b94bff7322d37cb676ee545","name":"Guillaume Chen","image":{"@type":"ImageObject","inLanguage":"fr-FR","@id":"https:\/\/www.svalbard.fr\/actualites\/#\/schema\/person\/image\/","url":"https:\/\/secure.gravatar.com\/avatar\/0c3f9c94586035b795ad4049a06fb048?s=96&d=mm&r=g","contentUrl":"https:\/\/secure.gravatar.com\/avatar\/0c3f9c94586035b795ad4049a06fb048?s=96&d=mm&r=g","caption":"Guillaume Chen"},"sameAs":["https:\/\/www.svalbard.fr\/"]}]}},"_links":{"self":[{"href":"https:\/\/www.svalbard.fr\/actualites\/wp-json\/wp\/v2\/posts\/4097"}],"collection":[{"href":"https:\/\/www.svalbard.fr\/actualites\/wp-json\/wp\/v2\/posts"}],"about":[{"href":"https:\/\/www.svalbard.fr\/actualites\/wp-json\/wp\/v2\/types\/post"}],"author":[{"embeddable":true,"href":"https:\/\/www.svalbard.fr\/actualites\/wp-json\/wp\/v2\/users\/3"}],"replies":[{"embeddable":true,"href":"https:\/\/www.svalbard.fr\/actualites\/wp-json\/wp\/v2\/comments?post=4097"}],"version-history":[{"count":1,"href":"https:\/\/www.svalbard.fr\/actualites\/wp-json\/wp\/v2\/posts\/4097\/revisions"}],"predecessor-version":[{"id":4099,"href":"https:\/\/www.svalbard.fr\/actualites\/wp-json\/wp\/v2\/posts\/4097\/revisions\/4099"}],"wp:featuredmedia":[{"embeddable":true,"href":"https:\/\/www.svalbard.fr\/actualites\/wp-json\/wp\/v2\/media\/4098"}],"wp:attachment":[{"href":"https:\/\/www.svalbard.fr\/actualites\/wp-json\/wp\/v2\/media?parent=4097"}],"wp:term":[{"taxonomy":"category","embeddable":true,"href":"https:\/\/www.svalbard.fr\/actualites\/wp-json\/wp\/v2\/categories?post=4097"},{"taxonomy":"post_tag","embeddable":true,"href":"https:\/\/www.svalbard.fr\/actualites\/wp-json\/wp\/v2\/tags?post=4097"}],"curies":[{"name":"wp","href":"https:\/\/api.w.org\/{rel}","templated":true}]}}