{"id":4138,"date":"2025-06-08T10:33:22","date_gmt":"2025-06-08T08:33:22","guid":{"rendered":"https:\/\/www.svalbard.fr\/actualites\/le-film-terrible-film-de-la-seconde-guerre-mondiale-dont-vous-navez-jamais-entendu-parler-avec-une-partition-de-100\/"},"modified":"2025-06-08T10:33:24","modified_gmt":"2025-06-08T08:33:24","slug":"le-film-terrible-film-de-la-seconde-guerre-mondiale-dont-vous-navez-jamais-entendu-parler-avec-une-partition-de-100","status":"publish","type":"post","link":"https:\/\/www.svalbard.fr\/actualites\/le-film-terrible-film-de-la-seconde-guerre-mondiale-dont-vous-navez-jamais-entendu-parler-avec-une-partition-de-100\/","title":{"rendered":"Le film \u00abTerrible\u00bb Film de la Seconde Guerre mondiale \u00abdont vous n&#39;avez jamais entendu parler avec une partition de 100%"},"content":{"rendered":"<div>\n<p>Un drame captivant de la Seconde Guerre mondiale a \u00e9t\u00e9 appel\u00e9 \u00abchef-d&#39;\u0153uvre\u00bb par les t\u00e9l\u00e9spectateurs, mais beaucoup de gens n&#39;en ont toujours jamais entendu parler. Sorti en 2022, Narvik est un film norv\u00e9gien qui raconte l&#39;histoire peu connue d&#39;une bataille cl\u00e9 pendant les premiers jours de la guerre, et il a tranquillement construit un suivi fort.<\/p>\n<p>Situ\u00e9 en 1940, le film suit un jeune soldat nomm\u00e9 Gunnar et sa femme Ingrid alors que leur ville devient le centre d&#39;un combat amer entre les forces allemandes et les troupes alli\u00e9es. La bataille sur l&#39;approvisionnement en minerai de fer de Narvik jouerait un r\u00f4le massif dans la guerre plus large, mais il reste un sujet rarement montr\u00e9 \u00e0 l&#39;\u00e9cran.<\/p>\n<\/div>\n<div>\n<p>R\u00e9alis\u00e9 par Erik Skjoldbj\u00e6rg, le film a \u00e9t\u00e9 salu\u00e9 pour son \u00abr\u00e9alisme, son poids \u00e9motionnel et sa pr\u00e9cision historique\u00bb.<\/p>\n<p>Selon Movieweb, Narvik est l&#39;un des films les plus sous-estim\u00e9s de la Seconde Guerre mondiale de ces derni\u00e8res ann\u00e9es, les experts le d\u00e9crivant comme \u00abun excellent film de guerre enracin\u00e9 dans une puissante histoire vraie\u00bb.<\/p>\n<p>Les t\u00e9l\u00e9spectateurs ont \u00e9galement \u00e9t\u00e9 pleins d&#39;\u00e9loges. Une personne a \u00e9crit: \u00abNarvik est une image de guerre passionnante et agr\u00e9able.<\/p>\n<p>\u00ab\u00a0Il m\u00e9rite tout l&#39;amour que tout calme sur le front occidental a obtenu, puis certains.\u00a0\u00bb<\/p>\n<\/div>\n<div>\n<p>Un autre a ajout\u00e9: \u00ab\u00c0 partir du moment o\u00f9 j&#39;ai pos\u00e9 les yeux sur Narvik pour la premi\u00e8re fois, j&#39;ai \u00e9t\u00e9 imm\u00e9diatement balay\u00e9 dans un monde o\u00f9 chaque d\u00e9cision ressemble \u00e0 un dilemme de vie ou de mort. Le cadre lui-m\u00eame d\u00e9tient un pouvoir presque tangible.\u00bb<\/p>\n<p>Plusieurs critiques ont \u00e9galement soulign\u00e9 comment le film donne vie aux conditions hivernales dures, les choix moraux difficiles que les gens ont \u00e0 faire et le co\u00fbt \u00e9motionnel de la guerre.<\/p>\n<p>Un spectateur a d\u00e9clar\u00e9: \u00abC&#39;est un excellent film pour le genre. Il reste fid\u00e8le \u00e0 l&#39;histoire r\u00e9elle de cette partie de la Seconde Guerre mondiale.<\/p>\n<p>\u00ab\u00a0C&#39;est la meilleure exp\u00e9rience de film de la Seconde Guerre mondiale que ma femme et moi avons eu pendant nos nombreuses ann\u00e9es \u00e0 regarder des films.\u00a0\u00bb<\/p>\n<\/div>\n<div>\n<p>Une autre personne a ajout\u00e9: \u00abUn excellent film de guerre, enracin\u00e9 dans des personnages fortement dessin\u00e9s et un sens authentique du temps et du lieu.<\/p>\n<p>\u00abLes s\u00e9quences d&#39;action sont captivantes sans violence glamour. J&#39;irais m\u00eame jusqu&#39;\u00e0 l&#39;appeler un chef-d&#39;\u0153uvre.\u00bb<\/p>\n<p>Sur Rotten Tomatoes, Narvik d\u00e9tient un score de critique \u00e0 100% parfait au moment de la r\u00e9daction. Il est \u00e9galement disponible pour diffuser sur Netflix.<\/p>\n<\/div>\n","protected":false},"excerpt":{"rendered":"<p>Un drame captivant de la Seconde Guerre mondiale a \u00e9t\u00e9 appel\u00e9 \u00abchef-d&#39;\u0153uvre\u00bb par les t\u00e9l\u00e9spectateurs, mais beaucoup de gens n&#39;en ont toujours jamais entendu parler.<\/p>\n","protected":false},"author":1,"featured_media":4139,"comment_status":"closed","ping_status":"","sticky":false,"template":"","format":"standard","meta":{"footnotes":""},"categories":[2277],"tags":[66,439,442,2257,299,1436,304,4727,443,4729,4725,4723,18,270],"yoast_head":"<!-- This site is optimized with the Yoast SEO plugin v21.0 - https:\/\/yoast.com\/wordpress\/plugins\/seo\/ -->\n<title>Le film \u00abTerrible\u00bb Film de la Seconde Guerre mondiale \u00abdont vous n&#039;avez jamais entendu parler avec une partition de 100%<\/title>\n<meta name=\"robots\" content=\"index, follow, max-snippet:-1, max-image-preview:large, max-video-preview:-1\" \/>\n<link rel=\"canonical\" href=\"https:\/\/www.svalbard.fr\/actualites\/le-film-terrible-film-de-la-seconde-guerre-mondiale-dont-vous-navez-jamais-entendu-parler-avec-une-partition-de-100\/\" \/>\n<meta property=\"og:locale\" content=\"fr_FR\" \/>\n<meta property=\"og:type\" content=\"article\" \/>\n<meta property=\"og:title\" content=\"Le film \u00abTerrible\u00bb Film de la Seconde Guerre mondiale \u00abdont vous n&#039;avez jamais entendu parler avec une partition de 100%\" \/>\n<meta property=\"og:description\" content=\"Un drame captivant de la Seconde Guerre mondiale a \u00e9t\u00e9 appel\u00e9 \u00abchef-d&#039;\u0153uvre\u00bb par les t\u00e9l\u00e9spectateurs, mais beaucoup de gens n&#039;en ont toujours jamais entendu parler.\" \/>\n<meta property=\"og:url\" content=\"https:\/\/www.svalbard.fr\/actualites\/le-film-terrible-film-de-la-seconde-guerre-mondiale-dont-vous-navez-jamais-entendu-parler-avec-une-partition-de-100\/\" \/>\n<meta property=\"og:site_name\" content=\"www.Svalbard.fr\" \/>\n<meta property=\"article:published_time\" content=\"2025-06-08T08:33:22+00:00\" \/>\n<meta property=\"article:modified_time\" content=\"2025-06-08T08:33:24+00:00\" \/>\n<meta property=\"og:image\" content=\"https:\/\/www.svalbard.fr\/actualites\/wp-content\/uploads\/2025\/06\/Le-film-Terrible-Film-de-la-Seconde-Guerre-mondiale-dont.jpg\" \/>\n\t<meta property=\"og:image:width\" content=\"1200\" \/>\n\t<meta property=\"og:image:height\" content=\"630\" \/>\n\t<meta property=\"og:image:type\" content=\"image\/jpeg\" \/>\n<meta name=\"author\" content=\"Hilmar\" \/>\n<meta name=\"twitter:card\" content=\"summary_large_image\" \/>\n<meta name=\"twitter:label1\" content=\"\u00c9crit par\" \/>\n\t<meta name=\"twitter:data1\" content=\"Hilmar\" \/>\n\t<meta name=\"twitter:label2\" content=\"Dur\u00e9e de lecture estim\u00e9e\" \/>\n\t<meta name=\"twitter:data2\" content=\"2 minutes\" \/>\n<script type=\"application\/ld+json\" class=\"yoast-schema-graph\">{\"@context\":\"https:\/\/schema.org\",\"@graph\":[{\"@type\":\"Article\",\"@id\":\"https:\/\/www.svalbard.fr\/actualites\/le-film-terrible-film-de-la-seconde-guerre-mondiale-dont-vous-navez-jamais-entendu-parler-avec-une-partition-de-100\/#article\",\"isPartOf\":{\"@id\":\"https:\/\/www.svalbard.fr\/actualites\/le-film-terrible-film-de-la-seconde-guerre-mondiale-dont-vous-navez-jamais-entendu-parler-avec-une-partition-de-100\/\"},\"author\":{\"name\":\"Hilmar\",\"@id\":\"https:\/\/www.svalbard.fr\/actualites\/#\/schema\/person\/a2f937d5712222366738fae98755c600\"},\"headline\":\"Le film \u00abTerrible\u00bb Film de la Seconde Guerre mondiale \u00abdont vous n&#39;avez jamais entendu parler avec une partition de 100%\",\"datePublished\":\"2025-06-08T08:33:22+00:00\",\"dateModified\":\"2025-06-08T08:33:24+00:00\",\"mainEntityOfPage\":{\"@id\":\"https:\/\/www.svalbard.fr\/actualites\/le-film-terrible-film-de-la-seconde-guerre-mondiale-dont-vous-navez-jamais-entendu-parler-avec-une-partition-de-100\/\"},\"wordCount\":460,\"publisher\":{\"@id\":\"https:\/\/www.svalbard.fr\/actualites\/#organization\"},\"keywords\":[\"avec\",\"dont\",\"entendu\",\"film\",\"guerre\",\"jamais\",\"mondiale\",\"n39avez\",\"parler\",\"partition\",\"Seconde\",\"Terrible\",\"Une\",\"vous\"],\"inLanguage\":\"fr-FR\"},{\"@type\":\"WebPage\",\"@id\":\"https:\/\/www.svalbard.fr\/actualites\/le-film-terrible-film-de-la-seconde-guerre-mondiale-dont-vous-navez-jamais-entendu-parler-avec-une-partition-de-100\/\",\"url\":\"https:\/\/www.svalbard.fr\/actualites\/le-film-terrible-film-de-la-seconde-guerre-mondiale-dont-vous-navez-jamais-entendu-parler-avec-une-partition-de-100\/\",\"name\":\"Le film \u00abTerrible\u00bb Film de la Seconde Guerre mondiale \u00abdont vous n&#39;avez jamais entendu parler avec une partition de 100%\",\"isPartOf\":{\"@id\":\"https:\/\/www.svalbard.fr\/actualites\/#website\"},\"datePublished\":\"2025-06-08T08:33:22+00:00\",\"dateModified\":\"2025-06-08T08:33:24+00:00\",\"breadcrumb\":{\"@id\":\"https:\/\/www.svalbard.fr\/actualites\/le-film-terrible-film-de-la-seconde-guerre-mondiale-dont-vous-navez-jamais-entendu-parler-avec-une-partition-de-100\/#breadcrumb\"},\"inLanguage\":\"fr-FR\",\"potentialAction\":[{\"@type\":\"ReadAction\",\"target\":[\"https:\/\/www.svalbard.fr\/actualites\/le-film-terrible-film-de-la-seconde-guerre-mondiale-dont-vous-navez-jamais-entendu-parler-avec-une-partition-de-100\/\"]}]},{\"@type\":\"BreadcrumbList\",\"@id\":\"https:\/\/www.svalbard.fr\/actualites\/le-film-terrible-film-de-la-seconde-guerre-mondiale-dont-vous-navez-jamais-entendu-parler-avec-une-partition-de-100\/#breadcrumb\",\"itemListElement\":[{\"@type\":\"ListItem\",\"position\":1,\"name\":\"Accueil\",\"item\":\"https:\/\/www.svalbard.fr\/actualites\/\"},{\"@type\":\"ListItem\",\"position\":2,\"name\":\"Le film \u00abTerrible\u00bb Film de la Seconde Guerre mondiale \u00abdont vous n&#39;avez jamais entendu parler avec une partition de 100%\"}]},{\"@type\":\"WebSite\",\"@id\":\"https:\/\/www.svalbard.fr\/actualites\/#website\",\"url\":\"https:\/\/www.svalbard.fr\/actualites\/\",\"name\":\"www.Svalbard.fr\",\"description\":\"\",\"publisher\":{\"@id\":\"https:\/\/www.svalbard.fr\/actualites\/#organization\"},\"potentialAction\":[{\"@type\":\"SearchAction\",\"target\":{\"@type\":\"EntryPoint\",\"urlTemplate\":\"https:\/\/www.svalbard.fr\/actualites\/?s={search_term_string}\"},\"query-input\":\"required name=search_term_string\"}],\"inLanguage\":\"fr-FR\"},{\"@type\":\"Organization\",\"@id\":\"https:\/\/www.svalbard.fr\/actualites\/#organization\",\"name\":\"www.Svalbard.fr\",\"url\":\"https:\/\/www.svalbard.fr\/actualites\/\",\"logo\":{\"@type\":\"ImageObject\",\"inLanguage\":\"fr-FR\",\"@id\":\"https:\/\/www.svalbard.fr\/actualites\/#\/schema\/logo\/image\/\",\"url\":\"https:\/\/www.svalbard.fr\/actualites\/wp-content\/uploads\/2023\/09\/head-nom.jpg\",\"contentUrl\":\"https:\/\/www.svalbard.fr\/actualites\/wp-content\/uploads\/2023\/09\/head-nom.jpg\",\"width\":264,\"height\":35,\"caption\":\"www.Svalbard.fr\"},\"image\":{\"@id\":\"https:\/\/www.svalbard.fr\/actualites\/#\/schema\/logo\/image\/\"}},{\"@type\":\"Person\",\"@id\":\"https:\/\/www.svalbard.fr\/actualites\/#\/schema\/person\/a2f937d5712222366738fae98755c600\",\"name\":\"Hilmar\",\"image\":{\"@type\":\"ImageObject\",\"inLanguage\":\"fr-FR\",\"@id\":\"https:\/\/www.svalbard.fr\/actualites\/#\/schema\/person\/image\/\",\"url\":\"https:\/\/secure.gravatar.com\/avatar\/4daa437093476dbc32da415c112b6512?s=96&d=mm&r=g\",\"contentUrl\":\"https:\/\/secure.gravatar.com\/avatar\/4daa437093476dbc32da415c112b6512?s=96&d=mm&r=g\",\"caption\":\"Hilmar\"},\"description\":\"Hilmar est un passionn\u00e9 des r\u00e9gions polaires, sp\u00e9cialis\u00e9 dans la r\u00e9daction d'articles sur le Spitzberg et autres destinations arctiques. Il apporte son expertise et sa passion pour l'Arctique au sein de l'\u00e9quipe de r\u00e9daction de Svalbard depuis de nombreuses ann\u00e9es.\",\"sameAs\":[\"https:\/\/www.svalbard.fr\/\"]}]}<\/script>\n<!-- \/ Yoast SEO plugin. -->","yoast_head_json":{"title":"Le film \u00abTerrible\u00bb Film de la Seconde Guerre mondiale \u00abdont vous n&#39;avez jamais entendu parler avec une partition de 100%","robots":{"index":"index","follow":"follow","max-snippet":"max-snippet:-1","max-image-preview":"max-image-preview:large","max-video-preview":"max-video-preview:-1"},"canonical":"https:\/\/www.svalbard.fr\/actualites\/le-film-terrible-film-de-la-seconde-guerre-mondiale-dont-vous-navez-jamais-entendu-parler-avec-une-partition-de-100\/","og_locale":"fr_FR","og_type":"article","og_title":"Le film \u00abTerrible\u00bb Film de la Seconde Guerre mondiale \u00abdont vous n&#39;avez jamais entendu parler avec une partition de 100%","og_description":"Un drame captivant de la Seconde Guerre mondiale a \u00e9t\u00e9 appel\u00e9 \u00abchef-d&#39;\u0153uvre\u00bb par les t\u00e9l\u00e9spectateurs, mais beaucoup de gens n&#39;en ont toujours jamais entendu parler.","og_url":"https:\/\/www.svalbard.fr\/actualites\/le-film-terrible-film-de-la-seconde-guerre-mondiale-dont-vous-navez-jamais-entendu-parler-avec-une-partition-de-100\/","og_site_name":"www.Svalbard.fr","article_published_time":"2025-06-08T08:33:22+00:00","article_modified_time":"2025-06-08T08:33:24+00:00","og_image":[{"width":1200,"height":630,"url":"https:\/\/www.svalbard.fr\/actualites\/wp-content\/uploads\/2025\/06\/Le-film-Terrible-Film-de-la-Seconde-Guerre-mondiale-dont.jpg","type":"image\/jpeg"}],"author":"Hilmar","twitter_card":"summary_large_image","twitter_misc":{"\u00c9crit par":"Hilmar","Dur\u00e9e de lecture estim\u00e9e":"2 minutes"},"schema":{"@context":"https:\/\/schema.org","@graph":[{"@type":"Article","@id":"https:\/\/www.svalbard.fr\/actualites\/le-film-terrible-film-de-la-seconde-guerre-mondiale-dont-vous-navez-jamais-entendu-parler-avec-une-partition-de-100\/#article","isPartOf":{"@id":"https:\/\/www.svalbard.fr\/actualites\/le-film-terrible-film-de-la-seconde-guerre-mondiale-dont-vous-navez-jamais-entendu-parler-avec-une-partition-de-100\/"},"author":{"name":"Hilmar","@id":"https:\/\/www.svalbard.fr\/actualites\/#\/schema\/person\/a2f937d5712222366738fae98755c600"},"headline":"Le film \u00abTerrible\u00bb Film de la Seconde Guerre mondiale \u00abdont vous n&#39;avez jamais entendu parler avec une partition de 100%","datePublished":"2025-06-08T08:33:22+00:00","dateModified":"2025-06-08T08:33:24+00:00","mainEntityOfPage":{"@id":"https:\/\/www.svalbard.fr\/actualites\/le-film-terrible-film-de-la-seconde-guerre-mondiale-dont-vous-navez-jamais-entendu-parler-avec-une-partition-de-100\/"},"wordCount":460,"publisher":{"@id":"https:\/\/www.svalbard.fr\/actualites\/#organization"},"keywords":["avec","dont","entendu","film","guerre","jamais","mondiale","n39avez","parler","partition","Seconde","Terrible","Une","vous"],"inLanguage":"fr-FR"},{"@type":"WebPage","@id":"https:\/\/www.svalbard.fr\/actualites\/le-film-terrible-film-de-la-seconde-guerre-mondiale-dont-vous-navez-jamais-entendu-parler-avec-une-partition-de-100\/","url":"https:\/\/www.svalbard.fr\/actualites\/le-film-terrible-film-de-la-seconde-guerre-mondiale-dont-vous-navez-jamais-entendu-parler-avec-une-partition-de-100\/","name":"Le film \u00abTerrible\u00bb Film de la Seconde Guerre mondiale \u00abdont vous n&#39;avez jamais entendu parler avec une partition de 100%","isPartOf":{"@id":"https:\/\/www.svalbard.fr\/actualites\/#website"},"datePublished":"2025-06-08T08:33:22+00:00","dateModified":"2025-06-08T08:33:24+00:00","breadcrumb":{"@id":"https:\/\/www.svalbard.fr\/actualites\/le-film-terrible-film-de-la-seconde-guerre-mondiale-dont-vous-navez-jamais-entendu-parler-avec-une-partition-de-100\/#breadcrumb"},"inLanguage":"fr-FR","potentialAction":[{"@type":"ReadAction","target":["https:\/\/www.svalbard.fr\/actualites\/le-film-terrible-film-de-la-seconde-guerre-mondiale-dont-vous-navez-jamais-entendu-parler-avec-une-partition-de-100\/"]}]},{"@type":"BreadcrumbList","@id":"https:\/\/www.svalbard.fr\/actualites\/le-film-terrible-film-de-la-seconde-guerre-mondiale-dont-vous-navez-jamais-entendu-parler-avec-une-partition-de-100\/#breadcrumb","itemListElement":[{"@type":"ListItem","position":1,"name":"Accueil","item":"https:\/\/www.svalbard.fr\/actualites\/"},{"@type":"ListItem","position":2,"name":"Le film \u00abTerrible\u00bb Film de la Seconde Guerre mondiale \u00abdont vous n&#39;avez jamais entendu parler avec une partition de 100%"}]},{"@type":"WebSite","@id":"https:\/\/www.svalbard.fr\/actualites\/#website","url":"https:\/\/www.svalbard.fr\/actualites\/","name":"www.Svalbard.fr","description":"","publisher":{"@id":"https:\/\/www.svalbard.fr\/actualites\/#organization"},"potentialAction":[{"@type":"SearchAction","target":{"@type":"EntryPoint","urlTemplate":"https:\/\/www.svalbard.fr\/actualites\/?s={search_term_string}"},"query-input":"required name=search_term_string"}],"inLanguage":"fr-FR"},{"@type":"Organization","@id":"https:\/\/www.svalbard.fr\/actualites\/#organization","name":"www.Svalbard.fr","url":"https:\/\/www.svalbard.fr\/actualites\/","logo":{"@type":"ImageObject","inLanguage":"fr-FR","@id":"https:\/\/www.svalbard.fr\/actualites\/#\/schema\/logo\/image\/","url":"https:\/\/www.svalbard.fr\/actualites\/wp-content\/uploads\/2023\/09\/head-nom.jpg","contentUrl":"https:\/\/www.svalbard.fr\/actualites\/wp-content\/uploads\/2023\/09\/head-nom.jpg","width":264,"height":35,"caption":"www.Svalbard.fr"},"image":{"@id":"https:\/\/www.svalbard.fr\/actualites\/#\/schema\/logo\/image\/"}},{"@type":"Person","@id":"https:\/\/www.svalbard.fr\/actualites\/#\/schema\/person\/a2f937d5712222366738fae98755c600","name":"Hilmar","image":{"@type":"ImageObject","inLanguage":"fr-FR","@id":"https:\/\/www.svalbard.fr\/actualites\/#\/schema\/person\/image\/","url":"https:\/\/secure.gravatar.com\/avatar\/4daa437093476dbc32da415c112b6512?s=96&d=mm&r=g","contentUrl":"https:\/\/secure.gravatar.com\/avatar\/4daa437093476dbc32da415c112b6512?s=96&d=mm&r=g","caption":"Hilmar"},"description":"Hilmar est un passionn\u00e9 des r\u00e9gions polaires, sp\u00e9cialis\u00e9 dans la r\u00e9daction d'articles sur le Spitzberg et autres destinations arctiques. Il apporte son expertise et sa passion pour l'Arctique au sein de l'\u00e9quipe de r\u00e9daction de Svalbard depuis de nombreuses ann\u00e9es.","sameAs":["https:\/\/www.svalbard.fr\/"]}]}},"_links":{"self":[{"href":"https:\/\/www.svalbard.fr\/actualites\/wp-json\/wp\/v2\/posts\/4138"}],"collection":[{"href":"https:\/\/www.svalbard.fr\/actualites\/wp-json\/wp\/v2\/posts"}],"about":[{"href":"https:\/\/www.svalbard.fr\/actualites\/wp-json\/wp\/v2\/types\/post"}],"author":[{"embeddable":true,"href":"https:\/\/www.svalbard.fr\/actualites\/wp-json\/wp\/v2\/users\/1"}],"replies":[{"embeddable":true,"href":"https:\/\/www.svalbard.fr\/actualites\/wp-json\/wp\/v2\/comments?post=4138"}],"version-history":[{"count":1,"href":"https:\/\/www.svalbard.fr\/actualites\/wp-json\/wp\/v2\/posts\/4138\/revisions"}],"predecessor-version":[{"id":4140,"href":"https:\/\/www.svalbard.fr\/actualites\/wp-json\/wp\/v2\/posts\/4138\/revisions\/4140"}],"wp:featuredmedia":[{"embeddable":true,"href":"https:\/\/www.svalbard.fr\/actualites\/wp-json\/wp\/v2\/media\/4139"}],"wp:attachment":[{"href":"https:\/\/www.svalbard.fr\/actualites\/wp-json\/wp\/v2\/media?parent=4138"}],"wp:term":[{"taxonomy":"category","embeddable":true,"href":"https:\/\/www.svalbard.fr\/actualites\/wp-json\/wp\/v2\/categories?post=4138"},{"taxonomy":"post_tag","embeddable":true,"href":"https:\/\/www.svalbard.fr\/actualites\/wp-json\/wp\/v2\/tags?post=4138"}],"curies":[{"name":"wp","href":"https:\/\/api.w.org\/{rel}","templated":true}]}}