{"id":4151,"date":"2025-06-11T07:50:00","date_gmt":"2025-06-11T05:50:00","guid":{"rendered":"https:\/\/www.svalbard.fr\/actualites\/?p=4151"},"modified":"2025-06-11T08:53:28","modified_gmt":"2025-06-11T06:53:28","slug":"dette-ambisiose-transatlantiske-prosjektet-kan-lose-det-storste-problemet-med-fornybar-energi","status":"publish","type":"post","link":"https:\/\/www.svalbard.fr\/actualites\/no\/dette-ambisiose-transatlantiske-prosjektet-kan-lose-det-storste-problemet-med-fornybar-energi\/","title":{"rendered":"Dette ambisi\u00f8se transatlantiske prosjektet kan l\u00f8se det st\u00f8rste problemet med fornybar energi"},"content":{"rendered":"\n<p><strong><em>Forestill deg et <\/em><\/strong><strong><em>undervannskabel<\/em><\/strong><strong><em> som forbinder de elektriske nettverkene i Europa og Nord-Amerika. Dette er et spennende prosjekt som kan spille en viktig rolle i \u00e5 h\u00e5ndtere utfordringene knyttet til <\/em><\/strong><strong><em>fornybar energi<\/em><\/strong><strong><em>. M\u00e5let er \u00e5 skape en bidireksjonell energiforbindelse som gj\u00f8r det mulig \u00e5 stabilisere markedene, lette eksporten av ren energi, og h\u00e5ndtere variasjonene som f\u00f8lger med energikilder som sol og vind. Det er et stort skritt mot en mer <\/em><\/strong><strong><em>sammenkoblet og b\u00e6rekraftig<\/em><\/strong><strong><em> global energifremtid.<\/em><\/strong><\/p>\n\n\n\n<!--more-->\n\n\n\n<h2 class=\"wp-block-heading\">En historisk energimessig sammensl\u00e5ing<\/h2>\n\n\n\n<p>Dette prosjektet, som involverer en transatlantisk kabel, er mer enn bare en teknisk l\u00f8sning \u2013 det kan v\u00e6re en ny \u00e6ra for verdens energimarkeder. If\u00f8lge <strong>Ember<\/strong>, en britisk tenketank, kan kabelen bidra til \u00e5 <strong>harmonisere produksjonen<\/strong> av fornybar energi p\u00e5 tvers av kontinentene. Dette betyr at n\u00e5r energiproduksjonen er lav i Europa, kan den kompenseres med energi fra Nord-Amerika, og vice versa. Dette gj\u00f8r det lettere \u00e5 h\u00e5ndtere <strong>ettersp\u00f8rsels-pikene<\/strong> som ikke alltid stemmer overens.<\/p>\n\n\n\n<h2 class=\"wp-block-heading\">H\u00e5ndtering av fornybar energiens varierende natur<\/h2>\n\n\n\n<p>En stor utfordring med fornybar energi er dens <strong>intermittens<\/strong>, eller at <strong><a href=\"https:\/\/www.svalbard.fr\/actualites\/no\/edisons-100-ar-gamle-oppfinnelse-kan-revolusjonere-hydrogenproduksjonen\/\">energiproduksjonen<\/a> <\/strong>kan variere sterkt fra dag til dag. Et godt eksempel er <strong>vind- og solenergi<\/strong> i Europa, hvor produksjonen kan variere fra <strong>46,7 GW til 0,4 GW<\/strong> for vindkraft og fra <strong>1,3 GW til 33,6 GW<\/strong> for solenergi. P\u00e5 en kald januar dag i 2019 var produksjonen fra sol og vind under 1% av det totale energibehovet. Denne variasjonen kan gj\u00f8re det vanskelig \u00e5 m\u00f8te ettersp\u00f8rselen uten et <strong>p\u00e5litelig og fleksibelt<\/strong> system. Dette er hvor den transatlantiske kabelen kan gj\u00f8re en stor forskjell ved \u00e5 hjelpe til med \u00e5 utveksle energi mellom kontinentene.<\/p>\n\n\n\n<h2 class=\"wp-block-heading\">\u00d8kt sikkerhet og effektivitet gjennom sammenkobling<\/h2>\n\n\n\n<p>Denne kabelen representerer mer enn bare en l\u00f8sning for bedre energiforvaltning \u2013 den kan ogs\u00e5 tilby betydelig \u00f8kt <strong>sikkerhet<\/strong> for energiforsyningen. Ved \u00e5 koble sammen to av de st\u00f8rste energimarkene i verden, kan man bedre balansere tilbud og ettersp\u00f8rsel i sanntid. Dette vil ikke bare gj\u00f8re nettverkene mer <strong>robuste<\/strong>, men ogs\u00e5 redusere energikostnadene, ettersom energiproduksjonen kan tilpasses mer presist til behovet i forskjellige regioner.<\/p>\n\n\n\n<h2 class=\"wp-block-heading\">Et globalt skritt mot ren energi<\/h2>\n\n\n\n<p>Dette transatlantiske prosjektet er spesielt viktig ettersom det kan gi <strong>rene energikilder<\/strong> tilgang til flere markeder. For eksempel kan det gi regioner som <strong>Qu\u00e9bec<\/strong> lettere tilgang til et st\u00f8rre europeisk marked, samtidig som det gir flere muligheter for eksport av <strong>ren energi<\/strong> til et kontinent som trenger det. Dette er et viktig skritt i \u00e5 st\u00f8tte de ambisi\u00f8se <strong>dekarboniseringsm\u00e5lene<\/strong> som er satt b\u00e5de i Europa og Nord-Amerika.<\/p>\n\n\n\n<h2 class=\"wp-block-heading\">En n\u00f8dvendighet for \u00e5 m\u00f8te fremtidens behov<\/h2>\n\n\n\n<p>Med den \u00f8kende ettersp\u00f8rselen etter str\u00f8m, drevet av elektriske kj\u00f8ret\u00f8y, klimaanlegg, og et \u00f8kende antall datasentre, blir det stadig viktigere \u00e5 styrke de <strong>energiinfrastrukturer<\/strong>. Projeksjonene viser at dette transatlantiske prosjektet ikke bare er \u00f8nskelig, men <strong>essensielt<\/strong> for \u00e5 m\u00f8te de \u00f8kende kravene til <strong>ren energi<\/strong> og st\u00f8tte den globale overgangen til et gr\u00f8nnere energisystem.<\/p>\n","protected":false},"excerpt":{"rendered":"<p>Forestill deg et undervannskabel som forbinder de elektriske nettverkene i Europa og Nord-Amerika. Dette er et spennende prosjekt som kan spille en viktig rolle i<\/p>\n","protected":false},"author":3,"featured_media":4152,"comment_status":"closed","ping_status":"closed","sticky":false,"template":"","format":"standard","meta":{"footnotes":""},"categories":[4557],"tags":[],"yoast_head":"<!-- This site is optimized with the Yoast SEO plugin v21.0 - https:\/\/yoast.com\/wordpress\/plugins\/seo\/ -->\n<title>Dette ambisi\u00f8se transatlantiske prosjektet kan l\u00f8se det st\u00f8rste problemet med fornybar energi<\/title>\n<meta name=\"robots\" content=\"index, follow, max-snippet:-1, max-image-preview:large, max-video-preview:-1\" \/>\n<link rel=\"canonical\" href=\"https:\/\/www.svalbard.fr\/actualites\/no\/dette-ambisiose-transatlantiske-prosjektet-kan-lose-det-storste-problemet-med-fornybar-energi\/\" \/>\n<meta property=\"og:locale\" content=\"fr_FR\" \/>\n<meta property=\"og:type\" content=\"article\" \/>\n<meta property=\"og:title\" content=\"Dette ambisi\u00f8se transatlantiske prosjektet kan l\u00f8se det st\u00f8rste problemet med fornybar energi\" \/>\n<meta property=\"og:description\" content=\"Forestill deg et undervannskabel som forbinder de elektriske nettverkene i Europa og Nord-Amerika. Dette er et spennende prosjekt som kan spille en viktig rolle i\" \/>\n<meta property=\"og:url\" content=\"https:\/\/www.svalbard.fr\/actualites\/no\/dette-ambisiose-transatlantiske-prosjektet-kan-lose-det-storste-problemet-med-fornybar-energi\/\" \/>\n<meta property=\"og:site_name\" content=\"www.Svalbard.fr\" \/>\n<meta property=\"article:published_time\" content=\"2025-06-11T05:50:00+00:00\" \/>\n<meta property=\"article:modified_time\" content=\"2025-06-11T06:53:28+00:00\" \/>\n<meta property=\"og:image\" content=\"https:\/\/www.svalbard.fr\/actualites\/wp-content\/uploads\/2025\/06\/Dette-ambisiose-transatlantiske-prosjektet.jpg\" \/>\n\t<meta property=\"og:image:width\" content=\"1200\" \/>\n\t<meta property=\"og:image:height\" content=\"800\" \/>\n\t<meta property=\"og:image:type\" content=\"image\/jpeg\" \/>\n<meta name=\"author\" content=\"Guillaume Chen\" \/>\n<meta name=\"twitter:card\" content=\"summary_large_image\" \/>\n<meta name=\"twitter:label1\" content=\"\u00c9crit par\" \/>\n\t<meta name=\"twitter:data1\" content=\"Guillaume Chen\" \/>\n\t<meta name=\"twitter:label2\" content=\"Dur\u00e9e de lecture estim\u00e9e\" \/>\n\t<meta name=\"twitter:data2\" content=\"3 minutes\" \/>\n<script type=\"application\/ld+json\" class=\"yoast-schema-graph\">{\"@context\":\"https:\/\/schema.org\",\"@graph\":[{\"@type\":\"Article\",\"@id\":\"https:\/\/www.svalbard.fr\/actualites\/no\/dette-ambisiose-transatlantiske-prosjektet-kan-lose-det-storste-problemet-med-fornybar-energi\/#article\",\"isPartOf\":{\"@id\":\"https:\/\/www.svalbard.fr\/actualites\/no\/dette-ambisiose-transatlantiske-prosjektet-kan-lose-det-storste-problemet-med-fornybar-energi\/\"},\"author\":{\"name\":\"Guillaume Chen\",\"@id\":\"https:\/\/www.svalbard.fr\/actualites\/#\/schema\/person\/b9d185560b94bff7322d37cb676ee545\"},\"headline\":\"Dette ambisi\u00f8se transatlantiske prosjektet kan l\u00f8se det st\u00f8rste problemet med fornybar energi\",\"datePublished\":\"2025-06-11T05:50:00+00:00\",\"dateModified\":\"2025-06-11T06:53:28+00:00\",\"mainEntityOfPage\":{\"@id\":\"https:\/\/www.svalbard.fr\/actualites\/no\/dette-ambisiose-transatlantiske-prosjektet-kan-lose-det-storste-problemet-med-fornybar-energi\/\"},\"wordCount\":500,\"publisher\":{\"@id\":\"https:\/\/www.svalbard.fr\/actualites\/#organization\"},\"articleSection\":[\"Trender\"],\"inLanguage\":\"fr-FR\"},{\"@type\":\"WebPage\",\"@id\":\"https:\/\/www.svalbard.fr\/actualites\/no\/dette-ambisiose-transatlantiske-prosjektet-kan-lose-det-storste-problemet-med-fornybar-energi\/\",\"url\":\"https:\/\/www.svalbard.fr\/actualites\/no\/dette-ambisiose-transatlantiske-prosjektet-kan-lose-det-storste-problemet-med-fornybar-energi\/\",\"name\":\"Dette ambisi\u00f8se transatlantiske prosjektet kan l\u00f8se det st\u00f8rste problemet med fornybar energi\",\"isPartOf\":{\"@id\":\"https:\/\/www.svalbard.fr\/actualites\/#website\"},\"datePublished\":\"2025-06-11T05:50:00+00:00\",\"dateModified\":\"2025-06-11T06:53:28+00:00\",\"breadcrumb\":{\"@id\":\"https:\/\/www.svalbard.fr\/actualites\/no\/dette-ambisiose-transatlantiske-prosjektet-kan-lose-det-storste-problemet-med-fornybar-energi\/#breadcrumb\"},\"inLanguage\":\"fr-FR\",\"potentialAction\":[{\"@type\":\"ReadAction\",\"target\":[\"https:\/\/www.svalbard.fr\/actualites\/no\/dette-ambisiose-transatlantiske-prosjektet-kan-lose-det-storste-problemet-med-fornybar-energi\/\"]}]},{\"@type\":\"BreadcrumbList\",\"@id\":\"https:\/\/www.svalbard.fr\/actualites\/no\/dette-ambisiose-transatlantiske-prosjektet-kan-lose-det-storste-problemet-med-fornybar-energi\/#breadcrumb\",\"itemListElement\":[{\"@type\":\"ListItem\",\"position\":1,\"name\":\"Accueil\",\"item\":\"https:\/\/www.svalbard.fr\/actualites\/\"},{\"@type\":\"ListItem\",\"position\":2,\"name\":\"Dette ambisi\u00f8se transatlantiske prosjektet kan l\u00f8se det st\u00f8rste problemet med fornybar energi\"}]},{\"@type\":\"WebSite\",\"@id\":\"https:\/\/www.svalbard.fr\/actualites\/#website\",\"url\":\"https:\/\/www.svalbard.fr\/actualites\/\",\"name\":\"www.Svalbard.fr\",\"description\":\"\",\"publisher\":{\"@id\":\"https:\/\/www.svalbard.fr\/actualites\/#organization\"},\"potentialAction\":[{\"@type\":\"SearchAction\",\"target\":{\"@type\":\"EntryPoint\",\"urlTemplate\":\"https:\/\/www.svalbard.fr\/actualites\/?s={search_term_string}\"},\"query-input\":\"required name=search_term_string\"}],\"inLanguage\":\"fr-FR\"},{\"@type\":\"Organization\",\"@id\":\"https:\/\/www.svalbard.fr\/actualites\/#organization\",\"name\":\"www.Svalbard.fr\",\"url\":\"https:\/\/www.svalbard.fr\/actualites\/\",\"logo\":{\"@type\":\"ImageObject\",\"inLanguage\":\"fr-FR\",\"@id\":\"https:\/\/www.svalbard.fr\/actualites\/#\/schema\/logo\/image\/\",\"url\":\"https:\/\/www.svalbard.fr\/actualites\/wp-content\/uploads\/2023\/09\/head-nom.jpg\",\"contentUrl\":\"https:\/\/www.svalbard.fr\/actualites\/wp-content\/uploads\/2023\/09\/head-nom.jpg\",\"width\":264,\"height\":35,\"caption\":\"www.Svalbard.fr\"},\"image\":{\"@id\":\"https:\/\/www.svalbard.fr\/actualites\/#\/schema\/logo\/image\/\"}},{\"@type\":\"Person\",\"@id\":\"https:\/\/www.svalbard.fr\/actualites\/#\/schema\/person\/b9d185560b94bff7322d37cb676ee545\",\"name\":\"Guillaume Chen\",\"image\":{\"@type\":\"ImageObject\",\"inLanguage\":\"fr-FR\",\"@id\":\"https:\/\/www.svalbard.fr\/actualites\/#\/schema\/person\/image\/\",\"url\":\"https:\/\/secure.gravatar.com\/avatar\/0c3f9c94586035b795ad4049a06fb048?s=96&d=mm&r=g\",\"contentUrl\":\"https:\/\/secure.gravatar.com\/avatar\/0c3f9c94586035b795ad4049a06fb048?s=96&d=mm&r=g\",\"caption\":\"Guillaume Chen\"},\"sameAs\":[\"https:\/\/www.svalbard.fr\/\"]}]}<\/script>\n<!-- \/ Yoast SEO plugin. -->","yoast_head_json":{"title":"Dette ambisi\u00f8se transatlantiske prosjektet kan l\u00f8se det st\u00f8rste problemet med fornybar energi","robots":{"index":"index","follow":"follow","max-snippet":"max-snippet:-1","max-image-preview":"max-image-preview:large","max-video-preview":"max-video-preview:-1"},"canonical":"https:\/\/www.svalbard.fr\/actualites\/no\/dette-ambisiose-transatlantiske-prosjektet-kan-lose-det-storste-problemet-med-fornybar-energi\/","og_locale":"fr_FR","og_type":"article","og_title":"Dette ambisi\u00f8se transatlantiske prosjektet kan l\u00f8se det st\u00f8rste problemet med fornybar energi","og_description":"Forestill deg et undervannskabel som forbinder de elektriske nettverkene i Europa og Nord-Amerika. Dette er et spennende prosjekt som kan spille en viktig rolle i","og_url":"https:\/\/www.svalbard.fr\/actualites\/no\/dette-ambisiose-transatlantiske-prosjektet-kan-lose-det-storste-problemet-med-fornybar-energi\/","og_site_name":"www.Svalbard.fr","article_published_time":"2025-06-11T05:50:00+00:00","article_modified_time":"2025-06-11T06:53:28+00:00","og_image":[{"width":1200,"height":800,"url":"https:\/\/www.svalbard.fr\/actualites\/wp-content\/uploads\/2025\/06\/Dette-ambisiose-transatlantiske-prosjektet.jpg","type":"image\/jpeg"}],"author":"Guillaume Chen","twitter_card":"summary_large_image","twitter_misc":{"\u00c9crit par":"Guillaume Chen","Dur\u00e9e de lecture estim\u00e9e":"3 minutes"},"schema":{"@context":"https:\/\/schema.org","@graph":[{"@type":"Article","@id":"https:\/\/www.svalbard.fr\/actualites\/no\/dette-ambisiose-transatlantiske-prosjektet-kan-lose-det-storste-problemet-med-fornybar-energi\/#article","isPartOf":{"@id":"https:\/\/www.svalbard.fr\/actualites\/no\/dette-ambisiose-transatlantiske-prosjektet-kan-lose-det-storste-problemet-med-fornybar-energi\/"},"author":{"name":"Guillaume Chen","@id":"https:\/\/www.svalbard.fr\/actualites\/#\/schema\/person\/b9d185560b94bff7322d37cb676ee545"},"headline":"Dette ambisi\u00f8se transatlantiske prosjektet kan l\u00f8se det st\u00f8rste problemet med fornybar energi","datePublished":"2025-06-11T05:50:00+00:00","dateModified":"2025-06-11T06:53:28+00:00","mainEntityOfPage":{"@id":"https:\/\/www.svalbard.fr\/actualites\/no\/dette-ambisiose-transatlantiske-prosjektet-kan-lose-det-storste-problemet-med-fornybar-energi\/"},"wordCount":500,"publisher":{"@id":"https:\/\/www.svalbard.fr\/actualites\/#organization"},"articleSection":["Trender"],"inLanguage":"fr-FR"},{"@type":"WebPage","@id":"https:\/\/www.svalbard.fr\/actualites\/no\/dette-ambisiose-transatlantiske-prosjektet-kan-lose-det-storste-problemet-med-fornybar-energi\/","url":"https:\/\/www.svalbard.fr\/actualites\/no\/dette-ambisiose-transatlantiske-prosjektet-kan-lose-det-storste-problemet-med-fornybar-energi\/","name":"Dette ambisi\u00f8se transatlantiske prosjektet kan l\u00f8se det st\u00f8rste problemet med fornybar energi","isPartOf":{"@id":"https:\/\/www.svalbard.fr\/actualites\/#website"},"datePublished":"2025-06-11T05:50:00+00:00","dateModified":"2025-06-11T06:53:28+00:00","breadcrumb":{"@id":"https:\/\/www.svalbard.fr\/actualites\/no\/dette-ambisiose-transatlantiske-prosjektet-kan-lose-det-storste-problemet-med-fornybar-energi\/#breadcrumb"},"inLanguage":"fr-FR","potentialAction":[{"@type":"ReadAction","target":["https:\/\/www.svalbard.fr\/actualites\/no\/dette-ambisiose-transatlantiske-prosjektet-kan-lose-det-storste-problemet-med-fornybar-energi\/"]}]},{"@type":"BreadcrumbList","@id":"https:\/\/www.svalbard.fr\/actualites\/no\/dette-ambisiose-transatlantiske-prosjektet-kan-lose-det-storste-problemet-med-fornybar-energi\/#breadcrumb","itemListElement":[{"@type":"ListItem","position":1,"name":"Accueil","item":"https:\/\/www.svalbard.fr\/actualites\/"},{"@type":"ListItem","position":2,"name":"Dette ambisi\u00f8se transatlantiske prosjektet kan l\u00f8se det st\u00f8rste problemet med fornybar energi"}]},{"@type":"WebSite","@id":"https:\/\/www.svalbard.fr\/actualites\/#website","url":"https:\/\/www.svalbard.fr\/actualites\/","name":"www.Svalbard.fr","description":"","publisher":{"@id":"https:\/\/www.svalbard.fr\/actualites\/#organization"},"potentialAction":[{"@type":"SearchAction","target":{"@type":"EntryPoint","urlTemplate":"https:\/\/www.svalbard.fr\/actualites\/?s={search_term_string}"},"query-input":"required name=search_term_string"}],"inLanguage":"fr-FR"},{"@type":"Organization","@id":"https:\/\/www.svalbard.fr\/actualites\/#organization","name":"www.Svalbard.fr","url":"https:\/\/www.svalbard.fr\/actualites\/","logo":{"@type":"ImageObject","inLanguage":"fr-FR","@id":"https:\/\/www.svalbard.fr\/actualites\/#\/schema\/logo\/image\/","url":"https:\/\/www.svalbard.fr\/actualites\/wp-content\/uploads\/2023\/09\/head-nom.jpg","contentUrl":"https:\/\/www.svalbard.fr\/actualites\/wp-content\/uploads\/2023\/09\/head-nom.jpg","width":264,"height":35,"caption":"www.Svalbard.fr"},"image":{"@id":"https:\/\/www.svalbard.fr\/actualites\/#\/schema\/logo\/image\/"}},{"@type":"Person","@id":"https:\/\/www.svalbard.fr\/actualites\/#\/schema\/person\/b9d185560b94bff7322d37cb676ee545","name":"Guillaume Chen","image":{"@type":"ImageObject","inLanguage":"fr-FR","@id":"https:\/\/www.svalbard.fr\/actualites\/#\/schema\/person\/image\/","url":"https:\/\/secure.gravatar.com\/avatar\/0c3f9c94586035b795ad4049a06fb048?s=96&d=mm&r=g","contentUrl":"https:\/\/secure.gravatar.com\/avatar\/0c3f9c94586035b795ad4049a06fb048?s=96&d=mm&r=g","caption":"Guillaume Chen"},"sameAs":["https:\/\/www.svalbard.fr\/"]}]}},"_links":{"self":[{"href":"https:\/\/www.svalbard.fr\/actualites\/wp-json\/wp\/v2\/posts\/4151"}],"collection":[{"href":"https:\/\/www.svalbard.fr\/actualites\/wp-json\/wp\/v2\/posts"}],"about":[{"href":"https:\/\/www.svalbard.fr\/actualites\/wp-json\/wp\/v2\/types\/post"}],"author":[{"embeddable":true,"href":"https:\/\/www.svalbard.fr\/actualites\/wp-json\/wp\/v2\/users\/3"}],"replies":[{"embeddable":true,"href":"https:\/\/www.svalbard.fr\/actualites\/wp-json\/wp\/v2\/comments?post=4151"}],"version-history":[{"count":1,"href":"https:\/\/www.svalbard.fr\/actualites\/wp-json\/wp\/v2\/posts\/4151\/revisions"}],"predecessor-version":[{"id":4153,"href":"https:\/\/www.svalbard.fr\/actualites\/wp-json\/wp\/v2\/posts\/4151\/revisions\/4153"}],"wp:featuredmedia":[{"embeddable":true,"href":"https:\/\/www.svalbard.fr\/actualites\/wp-json\/wp\/v2\/media\/4152"}],"wp:attachment":[{"href":"https:\/\/www.svalbard.fr\/actualites\/wp-json\/wp\/v2\/media?parent=4151"}],"wp:term":[{"taxonomy":"category","embeddable":true,"href":"https:\/\/www.svalbard.fr\/actualites\/wp-json\/wp\/v2\/categories?post=4151"},{"taxonomy":"post_tag","embeddable":true,"href":"https:\/\/www.svalbard.fr\/actualites\/wp-json\/wp\/v2\/tags?post=4151"}],"curies":[{"name":"wp","href":"https:\/\/api.w.org\/{rel}","templated":true}]}}