{"id":4166,"date":"2025-06-13T10:30:00","date_gmt":"2025-06-13T08:30:00","guid":{"rendered":"https:\/\/www.svalbard.fr\/actualites\/?p=4166"},"modified":"2025-06-11T12:05:57","modified_gmt":"2025-06-11T10:05:57","slug":"un-octogenaire-se-voit-facturer-100-000-e-apres-lexpulsion-des-squatteurs","status":"publish","type":"post","link":"https:\/\/www.svalbard.fr\/actualites\/un-octogenaire-se-voit-facturer-100-000-e-apres-lexpulsion-des-squatteurs\/","title":{"rendered":"Un octog\u00e9naire se voit facturer 100 000 \u20ac apr\u00e8s l&rsquo;expulsion des squatteurs"},"content":{"rendered":"\n<p><strong><em>Imaginez la surprise et la frustration d&rsquo;un octog\u00e9naire qui, apr\u00e8s des ann\u00e9es de gal\u00e8res li\u00e9es \u00e0 des squatteurs, se retrouve avec une facture d&rsquo;eau de 100 000 euros. C&rsquo;est ce qui est arriv\u00e9 \u00e0 Selim, un ancien commer\u00e7ant de Saint-Ouen, qui a travers\u00e9 de nombreuses \u00e9preuves avant de pouvoir enfin reprendre le contr\u00f4le de son immeuble.<\/em><\/strong><\/p>\n\n\n\n<!--more-->\n\n\n\n<h2 class=\"wp-block-heading\">Des squatteurs envahissent le bien d&rsquo;un homme \u00e2g\u00e9<\/h2>\n\n\n\n<p>Selim avait vu son immeuble, autrefois un bien pr\u00e9cieux qu\u2019il avait acquis avec tant de sacrifices, se transformer en un v\u00e9ritable champ de bataille. Pendant plusieurs ann\u00e9es, des squatteurs se sont install\u00e9s sans vergogne dans son immeuble, semant le chaos. Lors de mes discussions avec des habitants du quartier, plusieurs m\u2019ont confi\u00e9 des exp\u00e9riences similaires, o\u00f9 des individus prenaient possession de lieux qui repr\u00e9sentaient l\u2019histoire et le travail de g\u00e9n\u00e9rations. Dans le cas de Selim, l&rsquo;\u00e9tat des lieux \u00e9tait d\u00e9vastateur : des <strong>matelas<\/strong> us\u00e9s, des <strong>d\u00e9chets<\/strong> entass\u00e9s et des traces d&rsquo;un quotidien chaotique envahissaient chaque recoin de l&rsquo;immeuble. Il \u00e9tait difficile de se souvenir que ce lieu avait un jour \u00e9t\u00e9 un symbole d&rsquo;efforts et de fiert\u00e9.<\/p>\n\n\n<div class=\"wp-block-image\">\n<figure class=\"aligncenter size-large\"><img decoding=\"async\" loading=\"lazy\" width=\"1024\" height=\"577\" src=\"https:\/\/www.svalbard.fr\/actualites\/wp-content\/uploads\/2025\/03\/Des-squatteurs-investissent-limmeuble-dun-homme-age-1024x577.jpg\" alt=\"\" class=\"wp-image-2829\" srcset=\"https:\/\/www.svalbard.fr\/actualites\/wp-content\/uploads\/2025\/03\/Des-squatteurs-investissent-limmeuble-dun-homme-age-1024x577.jpg 1024w, https:\/\/www.svalbard.fr\/actualites\/wp-content\/uploads\/2025\/03\/Des-squatteurs-investissent-limmeuble-dun-homme-age-300x169.jpg 300w, https:\/\/www.svalbard.fr\/actualites\/wp-content\/uploads\/2025\/03\/Des-squatteurs-investissent-limmeuble-dun-homme-age-768x433.jpg 768w, https:\/\/www.svalbard.fr\/actualites\/wp-content\/uploads\/2025\/03\/Des-squatteurs-investissent-limmeuble-dun-homme-age.jpg 1200w\" sizes=\"(max-width: 1024px) 100vw, 1024px\" \/><\/figure><\/div>\n\n\n<h2 class=\"wp-block-heading\">La consommation d&rsquo;eau d\u00e9mesur\u00e9e des squatteurs<\/h2>\n\n\n\n<p>Ce qui choque le plus dans cette affaire, c\u2019est la <strong><a href=\"https:\/\/www.svalbard.fr\/actualites\/ce-truc-simple-pour-votre-lave-vaisselle-pourrait-reduire-considerablement-votre-consommation-delectricite\/\">consommation<\/a> <\/strong>d&rsquo;eau absolument <strong>exorbitante<\/strong> g\u00e9n\u00e9r\u00e9e par les squatteurs. Selon l\u2019avocat de Selim, Ma\u00eetre Xavier Bouillot, les occupants avaient laiss\u00e9 les <strong>robinets<\/strong> couler jour et nuit, transformant l\u2019immeuble en un v\u00e9ritable r\u00e9servoir d\u2019eau. Un agent de <strong>Veolia<\/strong> a m\u00eame refus\u00e9 d\u2019entrer sur les lieux, d\u00e9crivant un <strong>sol inond\u00e9<\/strong> et un environnement infest\u00e9 de nuisibles. Cela souligne l&rsquo;importance d&rsquo;une <strong>intervention rapide<\/strong> dans ce genre de situations pour \u00e9viter des <strong>dommages financiers<\/strong> consid\u00e9rables.<\/p>\n\n\n\n<figure class=\"wp-block-embed aligncenter is-type-rich is-provider-twitter wp-block-embed-twitter\"><div class=\"wp-block-embed__wrapper\">\n<blockquote class=\"twitter-tweet\" data-width=\"550\" data-dnt=\"true\"><p lang=\"fr\" dir=\"ltr\">Les <a href=\"https:\/\/twitter.com\/hashtag\/squatteurs?src=hash&amp;ref_src=twsrc%5Etfw\">#squatteurs<\/a> qui occupaient la maison de Monique ont fini par \u00eatre expuls\u00e9s.<br><br>Pour l\u2019huissi\u00e8re de justice, les r\u00e9seaux de squat seraient fr\u00e9quents : &quot;Il y a des gens \u00e0 Marseille qui sont pay\u00e9s pour communiquer des adresses de locaux vides.&quot; <a href=\"https:\/\/twitter.com\/hashtag\/EnvoyeSpecial?src=hash&amp;ref_src=twsrc%5Etfw\">#EnvoyeSpecial<\/a> <a href=\"https:\/\/t.co\/eMJL5zyhCL\">pic.twitter.com\/eMJL5zyhCL<\/a><\/p>&mdash; Envoy\u00e9 sp\u00e9cial (@EnvoyeSpecial) <a href=\"https:\/\/twitter.com\/EnvoyeSpecial\/status\/1329524750222303234?ref_src=twsrc%5Etfw\">November 19, 2020<\/a><\/blockquote><script async src=\"https:\/\/platform.twitter.com\/widgets.js\" charset=\"utf-8\"><\/script>\n<\/div><\/figure>\n\n\n\n<h2 class=\"wp-block-heading\">Une facture d&rsquo;eau colossale et ses cons\u00e9quences<\/h2>\n\n\n\n<p>Une fois les squatteurs expuls\u00e9s, la r\u00e9alit\u00e9 a frapp\u00e9 de plein fouet : Selim a re\u00e7u une facture d\u2019eau s\u2019\u00e9levant \u00e0 pr\u00e8s de <strong>100 000 euros<\/strong>. Ce montant astronomique est un coup dur pour un homme qui avait investi toute sa vie dans cet immeuble. En plus, des assurances telles qu&rsquo;<strong>Axa<\/strong> ne couvrent pas les <strong>dommages<\/strong> li\u00e9s \u00e0 l\u2019occupation ill\u00e9gale, ce qui laisse le propri\u00e9taire seul face \u00e0 une dette quasi insurmontable. J&rsquo;ai \u00e9t\u00e9 profond\u00e9ment touch\u00e9 par le sort de cet homme, qui avait mis tant d&rsquo;espoir dans ce bien et qui se voit aujourd&rsquo;hui confront\u00e9 \u00e0 une <strong>situation financi\u00e8re<\/strong> qu\u2019il n\u2019aurait jamais imagin\u00e9e.<\/p>\n\n\n\n<figure class=\"wp-block-embed aligncenter is-type-video is-provider-tiktok wp-block-embed-tiktok\"><div class=\"wp-block-embed__wrapper\">\n<blockquote class=\"tiktok-embed\" cite=\"https:\/\/www.tiktok.com\/@w9lachaine\/video\/7299492110678412577\" data-video-id=\"7299492110678412577\" data-embed-from=\"oembed\" style=\"max-width:605px; min-width:325px;\"> <section> <a target=\"_blank\" title=\"@w9lachaine\" href=\"https:\/\/www.tiktok.com\/@w9lachaine?refer=embed\">@w9lachaine<\/a> <p>\u00ab\u00a0Dans mon propre pays, je suis une SDF\u00a0\u00bb \ud83d\ude16  Alfredo, d\u00e9logeur de squatteurs, cherche la solution pour faire partir cette jeune femme qui occupe depuis 28 ans la maison de son oncle ! \ud83c\udfe1    \ud83d\udcfa SquatsEtConflits, nouvelle s\u00e9rie documentaire, ce mardi \u00e0 21:05<\/p> <a target=\"_blank\" title=\"\u266c son original - w9officiel\" href=\"https:\/\/www.tiktok.com\/music\/son-original-7299492133953358624?refer=embed\">\u266c son original &#8211; w9officiel<\/a> <\/section> <\/blockquote> <script async src=\"https:\/\/www.tiktok.com\/embed.js\"><\/script>\n<\/div><\/figure>\n\n\n\n<h2 class=\"wp-block-heading\">L&rsquo;importance de la vigilance et de la r\u00e9activit\u00e9<\/h2>\n\n\n\n<p>Cet \u00e9pisode tragique nous rappelle \u00e0 quel point des \u00e9v\u00e9nements impr\u00e9vus et apparemment \u00e9loign\u00e9s de notre quotidien peuvent avoir des r\u00e9percussions consid\u00e9rables. Pour les <a href=\"https:\/\/www.svalbard.fr\/actualites\/ce-que-deconseille-un-veterinaire-a-tous-les-proprietaires-de-chiens\/\"><strong>propri\u00e9taires<\/strong><\/a>, il est essentiel de rester <strong>vigilants<\/strong> et de se pr\u00e9munir contre ce genre de situation en consultant des <strong>professionnels<\/strong> en cas de doute. Des associations telles que la <strong>F\u00e9d\u00e9ration Nationale de l&rsquo;Immobilier<\/strong> recommandent de mettre en place des <strong>dispositifs de surveillance<\/strong> et de prendre des mesures proactives pour \u00e9viter que des \u00e9v\u00e9nements similaires ne surviennent.<\/p>\n\n\n\n<p>L\u2019histoire de Selim, teint\u00e9e de r\u00e9silience et de d\u00e9fis juridiques, nous sert de <strong>rappel<\/strong> : prot\u00e9ger son patrimoine, ce n&rsquo;est pas seulement un <strong>investissement financier<\/strong>, mais aussi une question de vigilance et de r\u00e9activit\u00e9 face aux <strong>impr\u00e9vus<\/strong>.<\/p>\n","protected":false},"excerpt":{"rendered":"<p>Imaginez la surprise et la frustration d&rsquo;un octog\u00e9naire qui, apr\u00e8s des ann\u00e9es de gal\u00e8res li\u00e9es \u00e0 des squatteurs, se retrouve avec une facture d&rsquo;eau de<\/p>\n","protected":false},"author":3,"featured_media":2828,"comment_status":"closed","ping_status":"closed","sticky":false,"template":"","format":"standard","meta":{"footnotes":""},"categories":[1725],"tags":[],"yoast_head":"<!-- This site is optimized with the Yoast SEO plugin v21.0 - https:\/\/yoast.com\/wordpress\/plugins\/seo\/ -->\n<title>Un octog\u00e9naire se voit facturer 100 000 \u20ac apr\u00e8s l&#039;expulsion des squatteurs<\/title>\n<meta name=\"robots\" content=\"index, follow, max-snippet:-1, max-image-preview:large, max-video-preview:-1\" \/>\n<link rel=\"canonical\" href=\"https:\/\/www.svalbard.fr\/actualites\/un-octogenaire-se-voit-facturer-100-000-e-apres-lexpulsion-des-squatteurs\/\" \/>\n<meta property=\"og:locale\" content=\"fr_FR\" \/>\n<meta property=\"og:type\" content=\"article\" \/>\n<meta property=\"og:title\" content=\"Un octog\u00e9naire se voit facturer 100 000 \u20ac apr\u00e8s l&#039;expulsion des squatteurs\" \/>\n<meta property=\"og:description\" content=\"Imaginez la surprise et la frustration d&rsquo;un octog\u00e9naire qui, apr\u00e8s des ann\u00e9es de gal\u00e8res li\u00e9es \u00e0 des squatteurs, se retrouve avec une facture d&rsquo;eau de\" \/>\n<meta property=\"og:url\" content=\"https:\/\/www.svalbard.fr\/actualites\/un-octogenaire-se-voit-facturer-100-000-e-apres-lexpulsion-des-squatteurs\/\" \/>\n<meta property=\"og:site_name\" content=\"www.Svalbard.fr\" \/>\n<meta property=\"article:published_time\" content=\"2025-06-13T08:30:00+00:00\" \/>\n<meta property=\"article:modified_time\" content=\"2025-06-11T10:05:57+00:00\" \/>\n<meta property=\"og:image\" content=\"https:\/\/www.svalbard.fr\/actualites\/wp-content\/uploads\/2025\/03\/100-000-euros-de-consommation-deau.jpg\" \/>\n\t<meta property=\"og:image:width\" content=\"1200\" \/>\n\t<meta property=\"og:image:height\" content=\"675\" \/>\n\t<meta property=\"og:image:type\" content=\"image\/jpeg\" \/>\n<meta name=\"author\" content=\"Guillaume Chen\" \/>\n<meta name=\"twitter:card\" content=\"summary_large_image\" \/>\n<meta name=\"twitter:label1\" content=\"\u00c9crit par\" \/>\n\t<meta name=\"twitter:data1\" content=\"Guillaume Chen\" \/>\n\t<meta name=\"twitter:label2\" content=\"Dur\u00e9e de lecture estim\u00e9e\" \/>\n\t<meta name=\"twitter:data2\" content=\"3 minutes\" \/>\n<script type=\"application\/ld+json\" class=\"yoast-schema-graph\">{\"@context\":\"https:\/\/schema.org\",\"@graph\":[{\"@type\":\"Article\",\"@id\":\"https:\/\/www.svalbard.fr\/actualites\/un-octogenaire-se-voit-facturer-100-000-e-apres-lexpulsion-des-squatteurs\/#article\",\"isPartOf\":{\"@id\":\"https:\/\/www.svalbard.fr\/actualites\/un-octogenaire-se-voit-facturer-100-000-e-apres-lexpulsion-des-squatteurs\/\"},\"author\":{\"name\":\"Guillaume Chen\",\"@id\":\"https:\/\/www.svalbard.fr\/actualites\/#\/schema\/person\/b9d185560b94bff7322d37cb676ee545\"},\"headline\":\"Un octog\u00e9naire se voit facturer 100 000 \u20ac apr\u00e8s l&rsquo;expulsion des squatteurs\",\"datePublished\":\"2025-06-13T08:30:00+00:00\",\"dateModified\":\"2025-06-11T10:05:57+00:00\",\"mainEntityOfPage\":{\"@id\":\"https:\/\/www.svalbard.fr\/actualites\/un-octogenaire-se-voit-facturer-100-000-e-apres-lexpulsion-des-squatteurs\/\"},\"wordCount\":624,\"publisher\":{\"@id\":\"https:\/\/www.svalbard.fr\/actualites\/#organization\"},\"articleSection\":[\"Tendances\"],\"inLanguage\":\"fr-FR\"},{\"@type\":\"WebPage\",\"@id\":\"https:\/\/www.svalbard.fr\/actualites\/un-octogenaire-se-voit-facturer-100-000-e-apres-lexpulsion-des-squatteurs\/\",\"url\":\"https:\/\/www.svalbard.fr\/actualites\/un-octogenaire-se-voit-facturer-100-000-e-apres-lexpulsion-des-squatteurs\/\",\"name\":\"Un octog\u00e9naire se voit facturer 100 000 \u20ac apr\u00e8s l'expulsion des squatteurs\",\"isPartOf\":{\"@id\":\"https:\/\/www.svalbard.fr\/actualites\/#website\"},\"datePublished\":\"2025-06-13T08:30:00+00:00\",\"dateModified\":\"2025-06-11T10:05:57+00:00\",\"breadcrumb\":{\"@id\":\"https:\/\/www.svalbard.fr\/actualites\/un-octogenaire-se-voit-facturer-100-000-e-apres-lexpulsion-des-squatteurs\/#breadcrumb\"},\"inLanguage\":\"fr-FR\",\"potentialAction\":[{\"@type\":\"ReadAction\",\"target\":[\"https:\/\/www.svalbard.fr\/actualites\/un-octogenaire-se-voit-facturer-100-000-e-apres-lexpulsion-des-squatteurs\/\"]}]},{\"@type\":\"BreadcrumbList\",\"@id\":\"https:\/\/www.svalbard.fr\/actualites\/un-octogenaire-se-voit-facturer-100-000-e-apres-lexpulsion-des-squatteurs\/#breadcrumb\",\"itemListElement\":[{\"@type\":\"ListItem\",\"position\":1,\"name\":\"Accueil\",\"item\":\"https:\/\/www.svalbard.fr\/actualites\/\"},{\"@type\":\"ListItem\",\"position\":2,\"name\":\"Un octog\u00e9naire se voit facturer 100 000 \u20ac apr\u00e8s l&rsquo;expulsion des squatteurs\"}]},{\"@type\":\"WebSite\",\"@id\":\"https:\/\/www.svalbard.fr\/actualites\/#website\",\"url\":\"https:\/\/www.svalbard.fr\/actualites\/\",\"name\":\"www.Svalbard.fr\",\"description\":\"\",\"publisher\":{\"@id\":\"https:\/\/www.svalbard.fr\/actualites\/#organization\"},\"potentialAction\":[{\"@type\":\"SearchAction\",\"target\":{\"@type\":\"EntryPoint\",\"urlTemplate\":\"https:\/\/www.svalbard.fr\/actualites\/?s={search_term_string}\"},\"query-input\":\"required name=search_term_string\"}],\"inLanguage\":\"fr-FR\"},{\"@type\":\"Organization\",\"@id\":\"https:\/\/www.svalbard.fr\/actualites\/#organization\",\"name\":\"www.Svalbard.fr\",\"url\":\"https:\/\/www.svalbard.fr\/actualites\/\",\"logo\":{\"@type\":\"ImageObject\",\"inLanguage\":\"fr-FR\",\"@id\":\"https:\/\/www.svalbard.fr\/actualites\/#\/schema\/logo\/image\/\",\"url\":\"https:\/\/www.svalbard.fr\/actualites\/wp-content\/uploads\/2023\/09\/head-nom.jpg\",\"contentUrl\":\"https:\/\/www.svalbard.fr\/actualites\/wp-content\/uploads\/2023\/09\/head-nom.jpg\",\"width\":264,\"height\":35,\"caption\":\"www.Svalbard.fr\"},\"image\":{\"@id\":\"https:\/\/www.svalbard.fr\/actualites\/#\/schema\/logo\/image\/\"}},{\"@type\":\"Person\",\"@id\":\"https:\/\/www.svalbard.fr\/actualites\/#\/schema\/person\/b9d185560b94bff7322d37cb676ee545\",\"name\":\"Guillaume Chen\",\"image\":{\"@type\":\"ImageObject\",\"inLanguage\":\"fr-FR\",\"@id\":\"https:\/\/www.svalbard.fr\/actualites\/#\/schema\/person\/image\/\",\"url\":\"https:\/\/secure.gravatar.com\/avatar\/0c3f9c94586035b795ad4049a06fb048?s=96&d=mm&r=g\",\"contentUrl\":\"https:\/\/secure.gravatar.com\/avatar\/0c3f9c94586035b795ad4049a06fb048?s=96&d=mm&r=g\",\"caption\":\"Guillaume Chen\"},\"sameAs\":[\"https:\/\/www.svalbard.fr\/\"]}]}<\/script>\n<!-- \/ Yoast SEO plugin. -->","yoast_head_json":{"title":"Un octog\u00e9naire se voit facturer 100 000 \u20ac apr\u00e8s l'expulsion des squatteurs","robots":{"index":"index","follow":"follow","max-snippet":"max-snippet:-1","max-image-preview":"max-image-preview:large","max-video-preview":"max-video-preview:-1"},"canonical":"https:\/\/www.svalbard.fr\/actualites\/un-octogenaire-se-voit-facturer-100-000-e-apres-lexpulsion-des-squatteurs\/","og_locale":"fr_FR","og_type":"article","og_title":"Un octog\u00e9naire se voit facturer 100 000 \u20ac apr\u00e8s l'expulsion des squatteurs","og_description":"Imaginez la surprise et la frustration d&rsquo;un octog\u00e9naire qui, apr\u00e8s des ann\u00e9es de gal\u00e8res li\u00e9es \u00e0 des squatteurs, se retrouve avec une facture d&rsquo;eau de","og_url":"https:\/\/www.svalbard.fr\/actualites\/un-octogenaire-se-voit-facturer-100-000-e-apres-lexpulsion-des-squatteurs\/","og_site_name":"www.Svalbard.fr","article_published_time":"2025-06-13T08:30:00+00:00","article_modified_time":"2025-06-11T10:05:57+00:00","og_image":[{"width":1200,"height":675,"url":"https:\/\/www.svalbard.fr\/actualites\/wp-content\/uploads\/2025\/03\/100-000-euros-de-consommation-deau.jpg","type":"image\/jpeg"}],"author":"Guillaume Chen","twitter_card":"summary_large_image","twitter_misc":{"\u00c9crit par":"Guillaume Chen","Dur\u00e9e de lecture estim\u00e9e":"3 minutes"},"schema":{"@context":"https:\/\/schema.org","@graph":[{"@type":"Article","@id":"https:\/\/www.svalbard.fr\/actualites\/un-octogenaire-se-voit-facturer-100-000-e-apres-lexpulsion-des-squatteurs\/#article","isPartOf":{"@id":"https:\/\/www.svalbard.fr\/actualites\/un-octogenaire-se-voit-facturer-100-000-e-apres-lexpulsion-des-squatteurs\/"},"author":{"name":"Guillaume Chen","@id":"https:\/\/www.svalbard.fr\/actualites\/#\/schema\/person\/b9d185560b94bff7322d37cb676ee545"},"headline":"Un octog\u00e9naire se voit facturer 100 000 \u20ac apr\u00e8s l&rsquo;expulsion des squatteurs","datePublished":"2025-06-13T08:30:00+00:00","dateModified":"2025-06-11T10:05:57+00:00","mainEntityOfPage":{"@id":"https:\/\/www.svalbard.fr\/actualites\/un-octogenaire-se-voit-facturer-100-000-e-apres-lexpulsion-des-squatteurs\/"},"wordCount":624,"publisher":{"@id":"https:\/\/www.svalbard.fr\/actualites\/#organization"},"articleSection":["Tendances"],"inLanguage":"fr-FR"},{"@type":"WebPage","@id":"https:\/\/www.svalbard.fr\/actualites\/un-octogenaire-se-voit-facturer-100-000-e-apres-lexpulsion-des-squatteurs\/","url":"https:\/\/www.svalbard.fr\/actualites\/un-octogenaire-se-voit-facturer-100-000-e-apres-lexpulsion-des-squatteurs\/","name":"Un octog\u00e9naire se voit facturer 100 000 \u20ac apr\u00e8s l'expulsion des squatteurs","isPartOf":{"@id":"https:\/\/www.svalbard.fr\/actualites\/#website"},"datePublished":"2025-06-13T08:30:00+00:00","dateModified":"2025-06-11T10:05:57+00:00","breadcrumb":{"@id":"https:\/\/www.svalbard.fr\/actualites\/un-octogenaire-se-voit-facturer-100-000-e-apres-lexpulsion-des-squatteurs\/#breadcrumb"},"inLanguage":"fr-FR","potentialAction":[{"@type":"ReadAction","target":["https:\/\/www.svalbard.fr\/actualites\/un-octogenaire-se-voit-facturer-100-000-e-apres-lexpulsion-des-squatteurs\/"]}]},{"@type":"BreadcrumbList","@id":"https:\/\/www.svalbard.fr\/actualites\/un-octogenaire-se-voit-facturer-100-000-e-apres-lexpulsion-des-squatteurs\/#breadcrumb","itemListElement":[{"@type":"ListItem","position":1,"name":"Accueil","item":"https:\/\/www.svalbard.fr\/actualites\/"},{"@type":"ListItem","position":2,"name":"Un octog\u00e9naire se voit facturer 100 000 \u20ac apr\u00e8s l&rsquo;expulsion des squatteurs"}]},{"@type":"WebSite","@id":"https:\/\/www.svalbard.fr\/actualites\/#website","url":"https:\/\/www.svalbard.fr\/actualites\/","name":"www.Svalbard.fr","description":"","publisher":{"@id":"https:\/\/www.svalbard.fr\/actualites\/#organization"},"potentialAction":[{"@type":"SearchAction","target":{"@type":"EntryPoint","urlTemplate":"https:\/\/www.svalbard.fr\/actualites\/?s={search_term_string}"},"query-input":"required name=search_term_string"}],"inLanguage":"fr-FR"},{"@type":"Organization","@id":"https:\/\/www.svalbard.fr\/actualites\/#organization","name":"www.Svalbard.fr","url":"https:\/\/www.svalbard.fr\/actualites\/","logo":{"@type":"ImageObject","inLanguage":"fr-FR","@id":"https:\/\/www.svalbard.fr\/actualites\/#\/schema\/logo\/image\/","url":"https:\/\/www.svalbard.fr\/actualites\/wp-content\/uploads\/2023\/09\/head-nom.jpg","contentUrl":"https:\/\/www.svalbard.fr\/actualites\/wp-content\/uploads\/2023\/09\/head-nom.jpg","width":264,"height":35,"caption":"www.Svalbard.fr"},"image":{"@id":"https:\/\/www.svalbard.fr\/actualites\/#\/schema\/logo\/image\/"}},{"@type":"Person","@id":"https:\/\/www.svalbard.fr\/actualites\/#\/schema\/person\/b9d185560b94bff7322d37cb676ee545","name":"Guillaume Chen","image":{"@type":"ImageObject","inLanguage":"fr-FR","@id":"https:\/\/www.svalbard.fr\/actualites\/#\/schema\/person\/image\/","url":"https:\/\/secure.gravatar.com\/avatar\/0c3f9c94586035b795ad4049a06fb048?s=96&d=mm&r=g","contentUrl":"https:\/\/secure.gravatar.com\/avatar\/0c3f9c94586035b795ad4049a06fb048?s=96&d=mm&r=g","caption":"Guillaume Chen"},"sameAs":["https:\/\/www.svalbard.fr\/"]}]}},"_links":{"self":[{"href":"https:\/\/www.svalbard.fr\/actualites\/wp-json\/wp\/v2\/posts\/4166"}],"collection":[{"href":"https:\/\/www.svalbard.fr\/actualites\/wp-json\/wp\/v2\/posts"}],"about":[{"href":"https:\/\/www.svalbard.fr\/actualites\/wp-json\/wp\/v2\/types\/post"}],"author":[{"embeddable":true,"href":"https:\/\/www.svalbard.fr\/actualites\/wp-json\/wp\/v2\/users\/3"}],"replies":[{"embeddable":true,"href":"https:\/\/www.svalbard.fr\/actualites\/wp-json\/wp\/v2\/comments?post=4166"}],"version-history":[{"count":1,"href":"https:\/\/www.svalbard.fr\/actualites\/wp-json\/wp\/v2\/posts\/4166\/revisions"}],"predecessor-version":[{"id":4167,"href":"https:\/\/www.svalbard.fr\/actualites\/wp-json\/wp\/v2\/posts\/4166\/revisions\/4167"}],"wp:featuredmedia":[{"embeddable":true,"href":"https:\/\/www.svalbard.fr\/actualites\/wp-json\/wp\/v2\/media\/2828"}],"wp:attachment":[{"href":"https:\/\/www.svalbard.fr\/actualites\/wp-json\/wp\/v2\/media?parent=4166"}],"wp:term":[{"taxonomy":"category","embeddable":true,"href":"https:\/\/www.svalbard.fr\/actualites\/wp-json\/wp\/v2\/categories?post=4166"},{"taxonomy":"post_tag","embeddable":true,"href":"https:\/\/www.svalbard.fr\/actualites\/wp-json\/wp\/v2\/tags?post=4166"}],"curies":[{"name":"wp","href":"https:\/\/api.w.org\/{rel}","templated":true}]}}