{"id":4178,"date":"2025-06-12T13:35:10","date_gmt":"2025-06-12T11:35:10","guid":{"rendered":"https:\/\/www.svalbard.fr\/actualites\/rarement-vu-royal-regle-pour-rejoindre-la-distribution-des-traitres\/"},"modified":"2025-06-12T13:35:12","modified_gmt":"2025-06-12T11:35:12","slug":"rarement-vu-royal-regle-pour-rejoindre-la-distribution-des-traitres","status":"publish","type":"post","link":"https:\/\/www.svalbard.fr\/actualites\/rarement-vu-royal-regle-pour-rejoindre-la-distribution-des-traitres\/","title":{"rendered":"Rarement vu royal r\u00e9gl\u00e9 pour rejoindre la distribution des tra\u00eetres"},"content":{"rendered":"<div>\n<p>Une jeune royale a annonc\u00e9 la nouvelle passionnante qu&#39;elle rejoindra la prochaine s\u00e9rie de Traiteurs. Leah Isadora Behn, la fille de la princesse Martha Louise et de la petite-fille du roi Harald V et de la reine Sonja, a partag\u00e9 la mise \u00e0 jour avec ses disciples sur Instagram.<\/p>\n<p data-mce-linkchecker-status=\"valid\">Leah, qui est sixi\u00e8me en ligne avec le tr\u00f4ne norv\u00e9gien, s&#39;est rendue sur Instagram pour partager la nouvelle qu&#39;elle rejoindra la cinqui\u00e8me s\u00e9rie de la version norv\u00e9gienne du programme \u00e0 succ\u00e8s. Parall\u00e8lement \u00e0 une image d&#39;elle-m\u00eame, sa l\u00e9gende se traduit par: \u00ab\u00a0\u00c9tat d&#39;esprit: Gaslight, porte-greffe, girlboss. A bient\u00f4t \u00e0 l&#39;automne, \u00e7a va \u00eatre malade.\u00a0\u00bb<\/p>\n<p>Fait int\u00e9ressant, Leah n&#39;est pas le premier membre d&#39;une famille royale \u00e0 rejoindre le casting de l&#39;\u00e9mission \u00e0 succ\u00e8s.<\/p>\n<\/div>\n<div>\n<p>Le parent \u00e9loign\u00e9 du roi Charles, Lord Ivar Mountbatten, a pr\u00e9c\u00e9demment cr\u00e9\u00e9 un pr\u00e9c\u00e9dent lorsqu&#39;il s&#39;est inscrit et a finalement remport\u00e9 la version am\u00e9ricaine des tra\u00eetres l&#39;ann\u00e9e derni\u00e8re, faisant de Leah le deuxi\u00e8me royal \u00e0 s&#39;inscrire.<\/p>\n<p>Lord Ivar a d\u00e9clar\u00e9 \u00e0 l&#39;\u00e9poque: \u00ab\u00a0J&#39;ai l&#39;habitude de parler \u00e0 beaucoup d&#39;\u00e9trangers. Et ayant mon nom de famille, vous devez \u00eatre sur votre meilleur comportement tout le temps parce que les gens se souviennent toujours de vous avoir rencontr\u00e9\u00a0\u00bb, a-t-il d\u00e9clar\u00e9 \u00e0 Town and Country. \u00ab\u00a0Donc, en ce sens, j&#39;\u00e9tais tr\u00e8s \u00e0 l&#39;aise de rencontrer d&#39;autres personnes et d&#39;\u00eatre gentille.\u00a0\u00bb<\/p>\n<p>Dans le post partageant les nouvelles, Leah a pos\u00e9 devant le ch\u00e2teau de Hvedholm, le domaine du XVe si\u00e8cle o\u00f9 le spectacle est film\u00e9.<\/p>\n<\/div>\n<div>\n<p>La nouvelle de Leah se joignant \u00e0 l&#39;\u00e9mission \u00e0 succ\u00e8s intervient quelques jours seulement apr\u00e8s que plus de d\u00e9tails ont \u00e9merg\u00e9 sur un documentaire explorant l&#39;histoire d&#39;amour entre sa m\u00e8re, la princesse Martha Louise, et le th\u00e9oricien am\u00e9ricain du complot et le criminel condamn\u00e9, Durek Verrett.<\/p>\n<p data-mce-linkchecker-status=\"valid\">Un initi\u00e9 a r\u00e9v\u00e9l\u00e9 \u00e0 la sortie danoise a factur\u00e9 Bladet: \u00ab\u00a0Le projet est toujours sans titre et sera pr\u00e9sent\u00e9 en 2025.\u00a0\u00bb Cela vient alors que M\u00e4rtha Louise a conclu un accord avec son p\u00e8re, le roi Harald, qu&#39;elle ne peut pas utiliser son titre de princesse en relation avec ses activit\u00e9s commerciales, et des sp\u00e9culations se sont pr\u00e9sent\u00e9es sur le titre du documentaire.<\/p>\n<p>Netflix d\u00e9clare que \u00ab\u00a0le documentaire sans titre est un regard jamais vu auparavant l&#39;un des couples les plus discut\u00e9s et explore leur histoire d&#39;amour des premiers jours \u00e0 nos jours et comment ils naviguent sur leur nouvelle vie entour\u00e9e d&#39;une attention constante du public\u00a0\u00bb.<\/p>\n<\/div>\n","protected":false},"excerpt":{"rendered":"<p>Une jeune royale a annonc\u00e9 la nouvelle passionnante qu&#39;elle rejoindra la prochaine s\u00e9rie de Traiteurs. Leah Isadora Behn, la fille de la princesse Martha Louise<\/p>\n","protected":false},"author":1,"featured_media":4179,"comment_status":"closed","ping_status":"","sticky":false,"template":"","format":"standard","meta":{"footnotes":""},"categories":[2277],"tags":[8,1543,150,640,1553,4739,1580,4741],"yoast_head":"<!-- This site is optimized with the Yoast SEO plugin v21.0 - https:\/\/yoast.com\/wordpress\/plugins\/seo\/ -->\n<title>Rarement vu royal r\u00e9gl\u00e9 pour rejoindre la distribution des tra\u00eetres<\/title>\n<meta name=\"robots\" content=\"index, follow, max-snippet:-1, max-image-preview:large, max-video-preview:-1\" \/>\n<link rel=\"canonical\" href=\"https:\/\/www.svalbard.fr\/actualites\/rarement-vu-royal-regle-pour-rejoindre-la-distribution-des-traitres\/\" \/>\n<meta property=\"og:locale\" content=\"fr_FR\" \/>\n<meta property=\"og:type\" content=\"article\" \/>\n<meta property=\"og:title\" content=\"Rarement vu royal r\u00e9gl\u00e9 pour rejoindre la distribution des tra\u00eetres\" \/>\n<meta property=\"og:description\" content=\"Une jeune royale a annonc\u00e9 la nouvelle passionnante qu&#039;elle rejoindra la prochaine s\u00e9rie de Traiteurs. Leah Isadora Behn, la fille de la princesse Martha Louise\" \/>\n<meta property=\"og:url\" content=\"https:\/\/www.svalbard.fr\/actualites\/rarement-vu-royal-regle-pour-rejoindre-la-distribution-des-traitres\/\" \/>\n<meta property=\"og:site_name\" content=\"www.Svalbard.fr\" \/>\n<meta property=\"article:published_time\" content=\"2025-06-12T11:35:10+00:00\" \/>\n<meta property=\"article:modified_time\" content=\"2025-06-12T11:35:12+00:00\" \/>\n<meta property=\"og:image\" content=\"https:\/\/www.svalbard.fr\/actualites\/wp-content\/uploads\/2025\/06\/Rarement-vu-royal-regle-pour-rejoindre-la-distribution-des-traitres.jpg\" \/>\n\t<meta property=\"og:image:width\" content=\"1200\" \/>\n\t<meta property=\"og:image:height\" content=\"630\" \/>\n\t<meta property=\"og:image:type\" content=\"image\/jpeg\" \/>\n<meta name=\"author\" content=\"Hilmar\" \/>\n<meta name=\"twitter:card\" content=\"summary_large_image\" \/>\n<meta name=\"twitter:label1\" content=\"\u00c9crit par\" \/>\n\t<meta name=\"twitter:data1\" content=\"Hilmar\" \/>\n\t<meta name=\"twitter:label2\" content=\"Dur\u00e9e de lecture estim\u00e9e\" \/>\n\t<meta name=\"twitter:data2\" content=\"2 minutes\" \/>\n<script type=\"application\/ld+json\" class=\"yoast-schema-graph\">{\"@context\":\"https:\/\/schema.org\",\"@graph\":[{\"@type\":\"Article\",\"@id\":\"https:\/\/www.svalbard.fr\/actualites\/rarement-vu-royal-regle-pour-rejoindre-la-distribution-des-traitres\/#article\",\"isPartOf\":{\"@id\":\"https:\/\/www.svalbard.fr\/actualites\/rarement-vu-royal-regle-pour-rejoindre-la-distribution-des-traitres\/\"},\"author\":{\"name\":\"Hilmar\",\"@id\":\"https:\/\/www.svalbard.fr\/actualites\/#\/schema\/person\/a2f937d5712222366738fae98755c600\"},\"headline\":\"Rarement vu royal r\u00e9gl\u00e9 pour rejoindre la distribution des tra\u00eetres\",\"datePublished\":\"2025-06-12T11:35:10+00:00\",\"dateModified\":\"2025-06-12T11:35:12+00:00\",\"mainEntityOfPage\":{\"@id\":\"https:\/\/www.svalbard.fr\/actualites\/rarement-vu-royal-regle-pour-rejoindre-la-distribution-des-traitres\/\"},\"wordCount\":467,\"publisher\":{\"@id\":\"https:\/\/www.svalbard.fr\/actualites\/#organization\"},\"keywords\":[\"des\",\"distribution\",\"pour\",\"rarement\",\"R\u00e8gle\",\"rejoindre\",\"royal\",\"tra\u00eetres\"],\"inLanguage\":\"fr-FR\"},{\"@type\":\"WebPage\",\"@id\":\"https:\/\/www.svalbard.fr\/actualites\/rarement-vu-royal-regle-pour-rejoindre-la-distribution-des-traitres\/\",\"url\":\"https:\/\/www.svalbard.fr\/actualites\/rarement-vu-royal-regle-pour-rejoindre-la-distribution-des-traitres\/\",\"name\":\"Rarement vu royal r\u00e9gl\u00e9 pour rejoindre la distribution des tra\u00eetres\",\"isPartOf\":{\"@id\":\"https:\/\/www.svalbard.fr\/actualites\/#website\"},\"datePublished\":\"2025-06-12T11:35:10+00:00\",\"dateModified\":\"2025-06-12T11:35:12+00:00\",\"breadcrumb\":{\"@id\":\"https:\/\/www.svalbard.fr\/actualites\/rarement-vu-royal-regle-pour-rejoindre-la-distribution-des-traitres\/#breadcrumb\"},\"inLanguage\":\"fr-FR\",\"potentialAction\":[{\"@type\":\"ReadAction\",\"target\":[\"https:\/\/www.svalbard.fr\/actualites\/rarement-vu-royal-regle-pour-rejoindre-la-distribution-des-traitres\/\"]}]},{\"@type\":\"BreadcrumbList\",\"@id\":\"https:\/\/www.svalbard.fr\/actualites\/rarement-vu-royal-regle-pour-rejoindre-la-distribution-des-traitres\/#breadcrumb\",\"itemListElement\":[{\"@type\":\"ListItem\",\"position\":1,\"name\":\"Accueil\",\"item\":\"https:\/\/www.svalbard.fr\/actualites\/\"},{\"@type\":\"ListItem\",\"position\":2,\"name\":\"Rarement vu royal r\u00e9gl\u00e9 pour rejoindre la distribution des tra\u00eetres\"}]},{\"@type\":\"WebSite\",\"@id\":\"https:\/\/www.svalbard.fr\/actualites\/#website\",\"url\":\"https:\/\/www.svalbard.fr\/actualites\/\",\"name\":\"www.Svalbard.fr\",\"description\":\"\",\"publisher\":{\"@id\":\"https:\/\/www.svalbard.fr\/actualites\/#organization\"},\"potentialAction\":[{\"@type\":\"SearchAction\",\"target\":{\"@type\":\"EntryPoint\",\"urlTemplate\":\"https:\/\/www.svalbard.fr\/actualites\/?s={search_term_string}\"},\"query-input\":\"required name=search_term_string\"}],\"inLanguage\":\"fr-FR\"},{\"@type\":\"Organization\",\"@id\":\"https:\/\/www.svalbard.fr\/actualites\/#organization\",\"name\":\"www.Svalbard.fr\",\"url\":\"https:\/\/www.svalbard.fr\/actualites\/\",\"logo\":{\"@type\":\"ImageObject\",\"inLanguage\":\"fr-FR\",\"@id\":\"https:\/\/www.svalbard.fr\/actualites\/#\/schema\/logo\/image\/\",\"url\":\"https:\/\/www.svalbard.fr\/actualites\/wp-content\/uploads\/2023\/09\/head-nom.jpg\",\"contentUrl\":\"https:\/\/www.svalbard.fr\/actualites\/wp-content\/uploads\/2023\/09\/head-nom.jpg\",\"width\":264,\"height\":35,\"caption\":\"www.Svalbard.fr\"},\"image\":{\"@id\":\"https:\/\/www.svalbard.fr\/actualites\/#\/schema\/logo\/image\/\"}},{\"@type\":\"Person\",\"@id\":\"https:\/\/www.svalbard.fr\/actualites\/#\/schema\/person\/a2f937d5712222366738fae98755c600\",\"name\":\"Hilmar\",\"image\":{\"@type\":\"ImageObject\",\"inLanguage\":\"fr-FR\",\"@id\":\"https:\/\/www.svalbard.fr\/actualites\/#\/schema\/person\/image\/\",\"url\":\"https:\/\/secure.gravatar.com\/avatar\/4daa437093476dbc32da415c112b6512?s=96&d=mm&r=g\",\"contentUrl\":\"https:\/\/secure.gravatar.com\/avatar\/4daa437093476dbc32da415c112b6512?s=96&d=mm&r=g\",\"caption\":\"Hilmar\"},\"description\":\"Hilmar est un passionn\u00e9 des r\u00e9gions polaires, sp\u00e9cialis\u00e9 dans la r\u00e9daction d'articles sur le Spitzberg et autres destinations arctiques. Il apporte son expertise et sa passion pour l'Arctique au sein de l'\u00e9quipe de r\u00e9daction de Svalbard depuis de nombreuses ann\u00e9es.\",\"sameAs\":[\"https:\/\/www.svalbard.fr\/\"]}]}<\/script>\n<!-- \/ Yoast SEO plugin. -->","yoast_head_json":{"title":"Rarement vu royal r\u00e9gl\u00e9 pour rejoindre la distribution des tra\u00eetres","robots":{"index":"index","follow":"follow","max-snippet":"max-snippet:-1","max-image-preview":"max-image-preview:large","max-video-preview":"max-video-preview:-1"},"canonical":"https:\/\/www.svalbard.fr\/actualites\/rarement-vu-royal-regle-pour-rejoindre-la-distribution-des-traitres\/","og_locale":"fr_FR","og_type":"article","og_title":"Rarement vu royal r\u00e9gl\u00e9 pour rejoindre la distribution des tra\u00eetres","og_description":"Une jeune royale a annonc\u00e9 la nouvelle passionnante qu&#39;elle rejoindra la prochaine s\u00e9rie de Traiteurs. Leah Isadora Behn, la fille de la princesse Martha Louise","og_url":"https:\/\/www.svalbard.fr\/actualites\/rarement-vu-royal-regle-pour-rejoindre-la-distribution-des-traitres\/","og_site_name":"www.Svalbard.fr","article_published_time":"2025-06-12T11:35:10+00:00","article_modified_time":"2025-06-12T11:35:12+00:00","og_image":[{"width":1200,"height":630,"url":"https:\/\/www.svalbard.fr\/actualites\/wp-content\/uploads\/2025\/06\/Rarement-vu-royal-regle-pour-rejoindre-la-distribution-des-traitres.jpg","type":"image\/jpeg"}],"author":"Hilmar","twitter_card":"summary_large_image","twitter_misc":{"\u00c9crit par":"Hilmar","Dur\u00e9e de lecture estim\u00e9e":"2 minutes"},"schema":{"@context":"https:\/\/schema.org","@graph":[{"@type":"Article","@id":"https:\/\/www.svalbard.fr\/actualites\/rarement-vu-royal-regle-pour-rejoindre-la-distribution-des-traitres\/#article","isPartOf":{"@id":"https:\/\/www.svalbard.fr\/actualites\/rarement-vu-royal-regle-pour-rejoindre-la-distribution-des-traitres\/"},"author":{"name":"Hilmar","@id":"https:\/\/www.svalbard.fr\/actualites\/#\/schema\/person\/a2f937d5712222366738fae98755c600"},"headline":"Rarement vu royal r\u00e9gl\u00e9 pour rejoindre la distribution des tra\u00eetres","datePublished":"2025-06-12T11:35:10+00:00","dateModified":"2025-06-12T11:35:12+00:00","mainEntityOfPage":{"@id":"https:\/\/www.svalbard.fr\/actualites\/rarement-vu-royal-regle-pour-rejoindre-la-distribution-des-traitres\/"},"wordCount":467,"publisher":{"@id":"https:\/\/www.svalbard.fr\/actualites\/#organization"},"keywords":["des","distribution","pour","rarement","R\u00e8gle","rejoindre","royal","tra\u00eetres"],"inLanguage":"fr-FR"},{"@type":"WebPage","@id":"https:\/\/www.svalbard.fr\/actualites\/rarement-vu-royal-regle-pour-rejoindre-la-distribution-des-traitres\/","url":"https:\/\/www.svalbard.fr\/actualites\/rarement-vu-royal-regle-pour-rejoindre-la-distribution-des-traitres\/","name":"Rarement vu royal r\u00e9gl\u00e9 pour rejoindre la distribution des tra\u00eetres","isPartOf":{"@id":"https:\/\/www.svalbard.fr\/actualites\/#website"},"datePublished":"2025-06-12T11:35:10+00:00","dateModified":"2025-06-12T11:35:12+00:00","breadcrumb":{"@id":"https:\/\/www.svalbard.fr\/actualites\/rarement-vu-royal-regle-pour-rejoindre-la-distribution-des-traitres\/#breadcrumb"},"inLanguage":"fr-FR","potentialAction":[{"@type":"ReadAction","target":["https:\/\/www.svalbard.fr\/actualites\/rarement-vu-royal-regle-pour-rejoindre-la-distribution-des-traitres\/"]}]},{"@type":"BreadcrumbList","@id":"https:\/\/www.svalbard.fr\/actualites\/rarement-vu-royal-regle-pour-rejoindre-la-distribution-des-traitres\/#breadcrumb","itemListElement":[{"@type":"ListItem","position":1,"name":"Accueil","item":"https:\/\/www.svalbard.fr\/actualites\/"},{"@type":"ListItem","position":2,"name":"Rarement vu royal r\u00e9gl\u00e9 pour rejoindre la distribution des tra\u00eetres"}]},{"@type":"WebSite","@id":"https:\/\/www.svalbard.fr\/actualites\/#website","url":"https:\/\/www.svalbard.fr\/actualites\/","name":"www.Svalbard.fr","description":"","publisher":{"@id":"https:\/\/www.svalbard.fr\/actualites\/#organization"},"potentialAction":[{"@type":"SearchAction","target":{"@type":"EntryPoint","urlTemplate":"https:\/\/www.svalbard.fr\/actualites\/?s={search_term_string}"},"query-input":"required name=search_term_string"}],"inLanguage":"fr-FR"},{"@type":"Organization","@id":"https:\/\/www.svalbard.fr\/actualites\/#organization","name":"www.Svalbard.fr","url":"https:\/\/www.svalbard.fr\/actualites\/","logo":{"@type":"ImageObject","inLanguage":"fr-FR","@id":"https:\/\/www.svalbard.fr\/actualites\/#\/schema\/logo\/image\/","url":"https:\/\/www.svalbard.fr\/actualites\/wp-content\/uploads\/2023\/09\/head-nom.jpg","contentUrl":"https:\/\/www.svalbard.fr\/actualites\/wp-content\/uploads\/2023\/09\/head-nom.jpg","width":264,"height":35,"caption":"www.Svalbard.fr"},"image":{"@id":"https:\/\/www.svalbard.fr\/actualites\/#\/schema\/logo\/image\/"}},{"@type":"Person","@id":"https:\/\/www.svalbard.fr\/actualites\/#\/schema\/person\/a2f937d5712222366738fae98755c600","name":"Hilmar","image":{"@type":"ImageObject","inLanguage":"fr-FR","@id":"https:\/\/www.svalbard.fr\/actualites\/#\/schema\/person\/image\/","url":"https:\/\/secure.gravatar.com\/avatar\/4daa437093476dbc32da415c112b6512?s=96&d=mm&r=g","contentUrl":"https:\/\/secure.gravatar.com\/avatar\/4daa437093476dbc32da415c112b6512?s=96&d=mm&r=g","caption":"Hilmar"},"description":"Hilmar est un passionn\u00e9 des r\u00e9gions polaires, sp\u00e9cialis\u00e9 dans la r\u00e9daction d'articles sur le Spitzberg et autres destinations arctiques. Il apporte son expertise et sa passion pour l'Arctique au sein de l'\u00e9quipe de r\u00e9daction de Svalbard depuis de nombreuses ann\u00e9es.","sameAs":["https:\/\/www.svalbard.fr\/"]}]}},"_links":{"self":[{"href":"https:\/\/www.svalbard.fr\/actualites\/wp-json\/wp\/v2\/posts\/4178"}],"collection":[{"href":"https:\/\/www.svalbard.fr\/actualites\/wp-json\/wp\/v2\/posts"}],"about":[{"href":"https:\/\/www.svalbard.fr\/actualites\/wp-json\/wp\/v2\/types\/post"}],"author":[{"embeddable":true,"href":"https:\/\/www.svalbard.fr\/actualites\/wp-json\/wp\/v2\/users\/1"}],"replies":[{"embeddable":true,"href":"https:\/\/www.svalbard.fr\/actualites\/wp-json\/wp\/v2\/comments?post=4178"}],"version-history":[{"count":1,"href":"https:\/\/www.svalbard.fr\/actualites\/wp-json\/wp\/v2\/posts\/4178\/revisions"}],"predecessor-version":[{"id":4180,"href":"https:\/\/www.svalbard.fr\/actualites\/wp-json\/wp\/v2\/posts\/4178\/revisions\/4180"}],"wp:featuredmedia":[{"embeddable":true,"href":"https:\/\/www.svalbard.fr\/actualites\/wp-json\/wp\/v2\/media\/4179"}],"wp:attachment":[{"href":"https:\/\/www.svalbard.fr\/actualites\/wp-json\/wp\/v2\/media?parent=4178"}],"wp:term":[{"taxonomy":"category","embeddable":true,"href":"https:\/\/www.svalbard.fr\/actualites\/wp-json\/wp\/v2\/categories?post=4178"},{"taxonomy":"post_tag","embeddable":true,"href":"https:\/\/www.svalbard.fr\/actualites\/wp-json\/wp\/v2\/tags?post=4178"}],"curies":[{"name":"wp","href":"https:\/\/api.w.org\/{rel}","templated":true}]}}