{"id":4209,"date":"2025-06-13T17:07:47","date_gmt":"2025-06-13T15:07:47","guid":{"rendered":"https:\/\/www.svalbard.fr\/actualites\/un-autre-beau-pays-europeen-dit-trop-de-touristes-et-apporte-une-nouvelle-taxe-de-vacances\/"},"modified":"2025-06-13T17:07:50","modified_gmt":"2025-06-13T15:07:50","slug":"un-autre-beau-pays-europeen-dit-trop-de-touristes-et-apporte-une-nouvelle-taxe-de-vacances","status":"publish","type":"post","link":"https:\/\/www.svalbard.fr\/actualites\/un-autre-beau-pays-europeen-dit-trop-de-touristes-et-apporte-une-nouvelle-taxe-de-vacances\/","title":{"rendered":"Un autre beau pays europ\u00e9en dit \u00abtrop de touristes\u00bb et apporte une nouvelle taxe de vacances"},"content":{"rendered":"<div>\n<p><span style=\"color: #ff0000;\">Norv\u00e8ge<\/span> est le dernier pays d&#39;Europe \u00e0 imposer un <span style=\"color: #ff0000;\">taxe touristique<\/span> Au milieu des pr\u00e9occupations croissantes concernant le nombre de visiteurs. Un nouveau pr\u00e9l\u00e8vement a \u00e9t\u00e9 approuv\u00e9 par le Parlement norv\u00e9gien qui permet aux autorit\u00e9s locales de facturer une taxe de 3% sur les nuits dans des points chauds touristiques.<\/p>\n<p>Les fonds recueillis sur la taxe devraient \u00eatre labour\u00e9s dans des r\u00e9gimes d&#39;infrastructures qui favorisent le tourisme au profit des visiteurs et des habitants. Les conseils devront obtenir l&#39;approbation de ces plans du gouvernement national avant de d\u00e9penser l&#39;argent.<\/p>\n<\/div>\n<div>\n<p>Le ministre du commerce et de l&#39;industrie norv\u00e9gien, Cecilie Myrseth, a d\u00e9clar\u00e9 que l&#39;accord \u00ab\u00a0historique\u00a0\u00bb \u00e9tait \u00ab\u00a0en ligne\u00a0\u00bb avec les r\u00e9gimes de la taxe sur le tourisme dans le reste de l&#39;Europe.<\/p>\n<p>Les navires de croisi\u00e8re qui s&#39;arr\u00eatent en Norv\u00e8ge peuvent \u00e9galement \u00eatre soumis \u00e0 la nouvelle taxe, en particulier dans certaines parties du pays o\u00f9 le sur\u00e9chourisme est un probl\u00e8me, selon <span style=\"color: #ff0000;\">Euronews<\/span>.<\/p>\n<p>La nature \u00e0 couper le souffle du pays, les traditions riches, les fjords pittoresques et les montagnes dramatiques s&#39;av\u00e8rent de plus en plus populaires.<\/p>\n<p>En 2024, 38,6 millions d&#39;habitants record ont r\u00e9serv\u00e9 un logement en Norv\u00e8ge. Il y a eu plus de 12 millions de restes de nuit par des \u00e9trangers au cours de la m\u00eame p\u00e9riode, en hausse de 4,2% en 2023.<\/p>\n<p>Des endroits populaires auraient souffert de l&#39;afflux de visiteurs, certains Norv\u00e9giens se plaignant de touristes utilisant leurs jardins comme Loos lorsque les installations locales sont occup\u00e9es.<\/p>\n<\/div>\n<div>\n<p>Les habitants se sont \u00e9galement plaints de la congestion sur leurs routes alors que les infrastructures ont du mal \u00e0 suivre le rythme de la hausse des chiffres des visiteurs.<\/p>\n<p>La Norv\u00e8ge rejoint une foule d&#39;autres pays en Europe et dans le monde qui ont introduit leurs propres pr\u00e9l\u00e8vements.<\/p>\n<p>Cela comprend Venise, qui a commenc\u00e9 \u00e0 facturer des visiteurs de la journ\u00e9e au printemps l&#39;ann\u00e9e derni\u00e8re. Une taxe sur les restes de nuit s&#39;applique \u00e9galement aux cinq premi\u00e8res nuits dans un logement \u00e0 court terme dans la ville.<\/p>\n<p>En Autriche, une taxe touristique d&#39;environ 3,2% s&#39;applique \u00e0 Vienne. Un pr\u00e9l\u00e8vement est impos\u00e9 \u00e0 des taux variables dans diff\u00e9rentes villes en Belgique. La taxe touristique de la Bulgarie est d&#39;environ 1,30 \u00a3. En Croatie, le taux varie selon o\u00f9 les visiteurs restent et la p\u00e9riode de l&#39;ann\u00e9e.<\/p>\n<p>Les autres pays ayant une taxe touristique comprennent la Tch\u00e9che, la France, l&#39;Allemagne, la Gr\u00e8ce, la Hongrie, le Portugal, les Pays-Bas, la Suisse, la Slov\u00e9nie et l&#39;Espagne.<\/p>\n<\/div>\n","protected":false},"excerpt":{"rendered":"<p>Norv\u00e8ge est le dernier pays d&#39;Europe \u00e0 imposer un taxe touristique Au milieu des pr\u00e9occupations croissantes concernant le nombre de visiteurs. Un nouveau pr\u00e9l\u00e8vement a<\/p>\n","protected":false},"author":1,"featured_media":4210,"comment_status":"closed","ping_status":"","sticky":false,"template":"","format":"standard","meta":{"footnotes":""},"categories":[2277],"tags":[4745,51,856,4743,196,309,287,1032,78,436,18,851],"yoast_head":"<!-- This site is optimized with the Yoast SEO plugin v21.0 - https:\/\/yoast.com\/wordpress\/plugins\/seo\/ -->\n<title>Un autre beau pays europ\u00e9en dit \u00abtrop de touristes\u00bb et apporte une nouvelle taxe de vacances<\/title>\n<meta name=\"robots\" content=\"index, follow, max-snippet:-1, max-image-preview:large, max-video-preview:-1\" \/>\n<link rel=\"canonical\" href=\"https:\/\/www.svalbard.fr\/actualites\/un-autre-beau-pays-europeen-dit-trop-de-touristes-et-apporte-une-nouvelle-taxe-de-vacances\/\" \/>\n<meta property=\"og:locale\" content=\"fr_FR\" \/>\n<meta property=\"og:type\" content=\"article\" \/>\n<meta property=\"og:title\" content=\"Un autre beau pays europ\u00e9en dit \u00abtrop de touristes\u00bb et apporte une nouvelle taxe de vacances\" \/>\n<meta property=\"og:description\" content=\"Norv\u00e8ge est le dernier pays d&#039;Europe \u00e0 imposer un taxe touristique Au milieu des pr\u00e9occupations croissantes concernant le nombre de visiteurs. Un nouveau pr\u00e9l\u00e8vement a\" \/>\n<meta property=\"og:url\" content=\"https:\/\/www.svalbard.fr\/actualites\/un-autre-beau-pays-europeen-dit-trop-de-touristes-et-apporte-une-nouvelle-taxe-de-vacances\/\" \/>\n<meta property=\"og:site_name\" content=\"www.Svalbard.fr\" \/>\n<meta property=\"article:published_time\" content=\"2025-06-13T15:07:47+00:00\" \/>\n<meta property=\"article:modified_time\" content=\"2025-06-13T15:07:50+00:00\" \/>\n<meta property=\"og:image\" content=\"https:\/\/www.svalbard.fr\/actualites\/wp-content\/uploads\/2025\/06\/Un-autre-beau-pays-europeen-dit-trop-de-touristes-et.jpg\" \/>\n\t<meta property=\"og:image:width\" content=\"1200\" \/>\n\t<meta property=\"og:image:height\" content=\"630\" \/>\n\t<meta property=\"og:image:type\" content=\"image\/jpeg\" \/>\n<meta name=\"author\" content=\"Hilmar\" \/>\n<meta name=\"twitter:card\" content=\"summary_large_image\" \/>\n<meta name=\"twitter:label1\" content=\"\u00c9crit par\" \/>\n\t<meta name=\"twitter:data1\" content=\"Hilmar\" \/>\n\t<meta name=\"twitter:label2\" content=\"Dur\u00e9e de lecture estim\u00e9e\" \/>\n\t<meta name=\"twitter:data2\" content=\"2 minutes\" \/>\n<script type=\"application\/ld+json\" class=\"yoast-schema-graph\">{\"@context\":\"https:\/\/schema.org\",\"@graph\":[{\"@type\":\"Article\",\"@id\":\"https:\/\/www.svalbard.fr\/actualites\/un-autre-beau-pays-europeen-dit-trop-de-touristes-et-apporte-une-nouvelle-taxe-de-vacances\/#article\",\"isPartOf\":{\"@id\":\"https:\/\/www.svalbard.fr\/actualites\/un-autre-beau-pays-europeen-dit-trop-de-touristes-et-apporte-une-nouvelle-taxe-de-vacances\/\"},\"author\":{\"name\":\"Hilmar\",\"@id\":\"https:\/\/www.svalbard.fr\/actualites\/#\/schema\/person\/a2f937d5712222366738fae98755c600\"},\"headline\":\"Un autre beau pays europ\u00e9en dit \u00abtrop de touristes\u00bb et apporte une nouvelle taxe de vacances\",\"datePublished\":\"2025-06-13T15:07:47+00:00\",\"dateModified\":\"2025-06-13T15:07:50+00:00\",\"mainEntityOfPage\":{\"@id\":\"https:\/\/www.svalbard.fr\/actualites\/un-autre-beau-pays-europeen-dit-trop-de-touristes-et-apporte-une-nouvelle-taxe-de-vacances\/\"},\"wordCount\":463,\"publisher\":{\"@id\":\"https:\/\/www.svalbard.fr\/actualites\/#organization\"},\"keywords\":[\"apporte\",\"autre\",\"beau\",\"dit\",\"europ\u00e9en\",\"nouvelle\",\"pays\",\"taxe\",\"touristes\",\"trop\",\"Une\",\"vacances\"],\"inLanguage\":\"fr-FR\"},{\"@type\":\"WebPage\",\"@id\":\"https:\/\/www.svalbard.fr\/actualites\/un-autre-beau-pays-europeen-dit-trop-de-touristes-et-apporte-une-nouvelle-taxe-de-vacances\/\",\"url\":\"https:\/\/www.svalbard.fr\/actualites\/un-autre-beau-pays-europeen-dit-trop-de-touristes-et-apporte-une-nouvelle-taxe-de-vacances\/\",\"name\":\"Un autre beau pays europ\u00e9en dit \u00abtrop de touristes\u00bb et apporte une nouvelle taxe de vacances\",\"isPartOf\":{\"@id\":\"https:\/\/www.svalbard.fr\/actualites\/#website\"},\"datePublished\":\"2025-06-13T15:07:47+00:00\",\"dateModified\":\"2025-06-13T15:07:50+00:00\",\"breadcrumb\":{\"@id\":\"https:\/\/www.svalbard.fr\/actualites\/un-autre-beau-pays-europeen-dit-trop-de-touristes-et-apporte-une-nouvelle-taxe-de-vacances\/#breadcrumb\"},\"inLanguage\":\"fr-FR\",\"potentialAction\":[{\"@type\":\"ReadAction\",\"target\":[\"https:\/\/www.svalbard.fr\/actualites\/un-autre-beau-pays-europeen-dit-trop-de-touristes-et-apporte-une-nouvelle-taxe-de-vacances\/\"]}]},{\"@type\":\"BreadcrumbList\",\"@id\":\"https:\/\/www.svalbard.fr\/actualites\/un-autre-beau-pays-europeen-dit-trop-de-touristes-et-apporte-une-nouvelle-taxe-de-vacances\/#breadcrumb\",\"itemListElement\":[{\"@type\":\"ListItem\",\"position\":1,\"name\":\"Accueil\",\"item\":\"https:\/\/www.svalbard.fr\/actualites\/\"},{\"@type\":\"ListItem\",\"position\":2,\"name\":\"Un autre beau pays europ\u00e9en dit \u00abtrop de touristes\u00bb et apporte une nouvelle taxe de vacances\"}]},{\"@type\":\"WebSite\",\"@id\":\"https:\/\/www.svalbard.fr\/actualites\/#website\",\"url\":\"https:\/\/www.svalbard.fr\/actualites\/\",\"name\":\"www.Svalbard.fr\",\"description\":\"\",\"publisher\":{\"@id\":\"https:\/\/www.svalbard.fr\/actualites\/#organization\"},\"potentialAction\":[{\"@type\":\"SearchAction\",\"target\":{\"@type\":\"EntryPoint\",\"urlTemplate\":\"https:\/\/www.svalbard.fr\/actualites\/?s={search_term_string}\"},\"query-input\":\"required name=search_term_string\"}],\"inLanguage\":\"fr-FR\"},{\"@type\":\"Organization\",\"@id\":\"https:\/\/www.svalbard.fr\/actualites\/#organization\",\"name\":\"www.Svalbard.fr\",\"url\":\"https:\/\/www.svalbard.fr\/actualites\/\",\"logo\":{\"@type\":\"ImageObject\",\"inLanguage\":\"fr-FR\",\"@id\":\"https:\/\/www.svalbard.fr\/actualites\/#\/schema\/logo\/image\/\",\"url\":\"https:\/\/www.svalbard.fr\/actualites\/wp-content\/uploads\/2023\/09\/head-nom.jpg\",\"contentUrl\":\"https:\/\/www.svalbard.fr\/actualites\/wp-content\/uploads\/2023\/09\/head-nom.jpg\",\"width\":264,\"height\":35,\"caption\":\"www.Svalbard.fr\"},\"image\":{\"@id\":\"https:\/\/www.svalbard.fr\/actualites\/#\/schema\/logo\/image\/\"}},{\"@type\":\"Person\",\"@id\":\"https:\/\/www.svalbard.fr\/actualites\/#\/schema\/person\/a2f937d5712222366738fae98755c600\",\"name\":\"Hilmar\",\"image\":{\"@type\":\"ImageObject\",\"inLanguage\":\"fr-FR\",\"@id\":\"https:\/\/www.svalbard.fr\/actualites\/#\/schema\/person\/image\/\",\"url\":\"https:\/\/secure.gravatar.com\/avatar\/4daa437093476dbc32da415c112b6512?s=96&d=mm&r=g\",\"contentUrl\":\"https:\/\/secure.gravatar.com\/avatar\/4daa437093476dbc32da415c112b6512?s=96&d=mm&r=g\",\"caption\":\"Hilmar\"},\"description\":\"Hilmar est un passionn\u00e9 des r\u00e9gions polaires, sp\u00e9cialis\u00e9 dans la r\u00e9daction d'articles sur le Spitzberg et autres destinations arctiques. Il apporte son expertise et sa passion pour l'Arctique au sein de l'\u00e9quipe de r\u00e9daction de Svalbard depuis de nombreuses ann\u00e9es.\",\"sameAs\":[\"https:\/\/www.svalbard.fr\/\"]}]}<\/script>\n<!-- \/ Yoast SEO plugin. -->","yoast_head_json":{"title":"Un autre beau pays europ\u00e9en dit \u00abtrop de touristes\u00bb et apporte une nouvelle taxe de vacances","robots":{"index":"index","follow":"follow","max-snippet":"max-snippet:-1","max-image-preview":"max-image-preview:large","max-video-preview":"max-video-preview:-1"},"canonical":"https:\/\/www.svalbard.fr\/actualites\/un-autre-beau-pays-europeen-dit-trop-de-touristes-et-apporte-une-nouvelle-taxe-de-vacances\/","og_locale":"fr_FR","og_type":"article","og_title":"Un autre beau pays europ\u00e9en dit \u00abtrop de touristes\u00bb et apporte une nouvelle taxe de vacances","og_description":"Norv\u00e8ge est le dernier pays d&#39;Europe \u00e0 imposer un taxe touristique Au milieu des pr\u00e9occupations croissantes concernant le nombre de visiteurs. Un nouveau pr\u00e9l\u00e8vement a","og_url":"https:\/\/www.svalbard.fr\/actualites\/un-autre-beau-pays-europeen-dit-trop-de-touristes-et-apporte-une-nouvelle-taxe-de-vacances\/","og_site_name":"www.Svalbard.fr","article_published_time":"2025-06-13T15:07:47+00:00","article_modified_time":"2025-06-13T15:07:50+00:00","og_image":[{"width":1200,"height":630,"url":"https:\/\/www.svalbard.fr\/actualites\/wp-content\/uploads\/2025\/06\/Un-autre-beau-pays-europeen-dit-trop-de-touristes-et.jpg","type":"image\/jpeg"}],"author":"Hilmar","twitter_card":"summary_large_image","twitter_misc":{"\u00c9crit par":"Hilmar","Dur\u00e9e de lecture estim\u00e9e":"2 minutes"},"schema":{"@context":"https:\/\/schema.org","@graph":[{"@type":"Article","@id":"https:\/\/www.svalbard.fr\/actualites\/un-autre-beau-pays-europeen-dit-trop-de-touristes-et-apporte-une-nouvelle-taxe-de-vacances\/#article","isPartOf":{"@id":"https:\/\/www.svalbard.fr\/actualites\/un-autre-beau-pays-europeen-dit-trop-de-touristes-et-apporte-une-nouvelle-taxe-de-vacances\/"},"author":{"name":"Hilmar","@id":"https:\/\/www.svalbard.fr\/actualites\/#\/schema\/person\/a2f937d5712222366738fae98755c600"},"headline":"Un autre beau pays europ\u00e9en dit \u00abtrop de touristes\u00bb et apporte une nouvelle taxe de vacances","datePublished":"2025-06-13T15:07:47+00:00","dateModified":"2025-06-13T15:07:50+00:00","mainEntityOfPage":{"@id":"https:\/\/www.svalbard.fr\/actualites\/un-autre-beau-pays-europeen-dit-trop-de-touristes-et-apporte-une-nouvelle-taxe-de-vacances\/"},"wordCount":463,"publisher":{"@id":"https:\/\/www.svalbard.fr\/actualites\/#organization"},"keywords":["apporte","autre","beau","dit","europ\u00e9en","nouvelle","pays","taxe","touristes","trop","Une","vacances"],"inLanguage":"fr-FR"},{"@type":"WebPage","@id":"https:\/\/www.svalbard.fr\/actualites\/un-autre-beau-pays-europeen-dit-trop-de-touristes-et-apporte-une-nouvelle-taxe-de-vacances\/","url":"https:\/\/www.svalbard.fr\/actualites\/un-autre-beau-pays-europeen-dit-trop-de-touristes-et-apporte-une-nouvelle-taxe-de-vacances\/","name":"Un autre beau pays europ\u00e9en dit \u00abtrop de touristes\u00bb et apporte une nouvelle taxe de vacances","isPartOf":{"@id":"https:\/\/www.svalbard.fr\/actualites\/#website"},"datePublished":"2025-06-13T15:07:47+00:00","dateModified":"2025-06-13T15:07:50+00:00","breadcrumb":{"@id":"https:\/\/www.svalbard.fr\/actualites\/un-autre-beau-pays-europeen-dit-trop-de-touristes-et-apporte-une-nouvelle-taxe-de-vacances\/#breadcrumb"},"inLanguage":"fr-FR","potentialAction":[{"@type":"ReadAction","target":["https:\/\/www.svalbard.fr\/actualites\/un-autre-beau-pays-europeen-dit-trop-de-touristes-et-apporte-une-nouvelle-taxe-de-vacances\/"]}]},{"@type":"BreadcrumbList","@id":"https:\/\/www.svalbard.fr\/actualites\/un-autre-beau-pays-europeen-dit-trop-de-touristes-et-apporte-une-nouvelle-taxe-de-vacances\/#breadcrumb","itemListElement":[{"@type":"ListItem","position":1,"name":"Accueil","item":"https:\/\/www.svalbard.fr\/actualites\/"},{"@type":"ListItem","position":2,"name":"Un autre beau pays europ\u00e9en dit \u00abtrop de touristes\u00bb et apporte une nouvelle taxe de vacances"}]},{"@type":"WebSite","@id":"https:\/\/www.svalbard.fr\/actualites\/#website","url":"https:\/\/www.svalbard.fr\/actualites\/","name":"www.Svalbard.fr","description":"","publisher":{"@id":"https:\/\/www.svalbard.fr\/actualites\/#organization"},"potentialAction":[{"@type":"SearchAction","target":{"@type":"EntryPoint","urlTemplate":"https:\/\/www.svalbard.fr\/actualites\/?s={search_term_string}"},"query-input":"required name=search_term_string"}],"inLanguage":"fr-FR"},{"@type":"Organization","@id":"https:\/\/www.svalbard.fr\/actualites\/#organization","name":"www.Svalbard.fr","url":"https:\/\/www.svalbard.fr\/actualites\/","logo":{"@type":"ImageObject","inLanguage":"fr-FR","@id":"https:\/\/www.svalbard.fr\/actualites\/#\/schema\/logo\/image\/","url":"https:\/\/www.svalbard.fr\/actualites\/wp-content\/uploads\/2023\/09\/head-nom.jpg","contentUrl":"https:\/\/www.svalbard.fr\/actualites\/wp-content\/uploads\/2023\/09\/head-nom.jpg","width":264,"height":35,"caption":"www.Svalbard.fr"},"image":{"@id":"https:\/\/www.svalbard.fr\/actualites\/#\/schema\/logo\/image\/"}},{"@type":"Person","@id":"https:\/\/www.svalbard.fr\/actualites\/#\/schema\/person\/a2f937d5712222366738fae98755c600","name":"Hilmar","image":{"@type":"ImageObject","inLanguage":"fr-FR","@id":"https:\/\/www.svalbard.fr\/actualites\/#\/schema\/person\/image\/","url":"https:\/\/secure.gravatar.com\/avatar\/4daa437093476dbc32da415c112b6512?s=96&d=mm&r=g","contentUrl":"https:\/\/secure.gravatar.com\/avatar\/4daa437093476dbc32da415c112b6512?s=96&d=mm&r=g","caption":"Hilmar"},"description":"Hilmar est un passionn\u00e9 des r\u00e9gions polaires, sp\u00e9cialis\u00e9 dans la r\u00e9daction d'articles sur le Spitzberg et autres destinations arctiques. Il apporte son expertise et sa passion pour l'Arctique au sein de l'\u00e9quipe de r\u00e9daction de Svalbard depuis de nombreuses ann\u00e9es.","sameAs":["https:\/\/www.svalbard.fr\/"]}]}},"_links":{"self":[{"href":"https:\/\/www.svalbard.fr\/actualites\/wp-json\/wp\/v2\/posts\/4209"}],"collection":[{"href":"https:\/\/www.svalbard.fr\/actualites\/wp-json\/wp\/v2\/posts"}],"about":[{"href":"https:\/\/www.svalbard.fr\/actualites\/wp-json\/wp\/v2\/types\/post"}],"author":[{"embeddable":true,"href":"https:\/\/www.svalbard.fr\/actualites\/wp-json\/wp\/v2\/users\/1"}],"replies":[{"embeddable":true,"href":"https:\/\/www.svalbard.fr\/actualites\/wp-json\/wp\/v2\/comments?post=4209"}],"version-history":[{"count":1,"href":"https:\/\/www.svalbard.fr\/actualites\/wp-json\/wp\/v2\/posts\/4209\/revisions"}],"predecessor-version":[{"id":4211,"href":"https:\/\/www.svalbard.fr\/actualites\/wp-json\/wp\/v2\/posts\/4209\/revisions\/4211"}],"wp:featuredmedia":[{"embeddable":true,"href":"https:\/\/www.svalbard.fr\/actualites\/wp-json\/wp\/v2\/media\/4210"}],"wp:attachment":[{"href":"https:\/\/www.svalbard.fr\/actualites\/wp-json\/wp\/v2\/media?parent=4209"}],"wp:term":[{"taxonomy":"category","embeddable":true,"href":"https:\/\/www.svalbard.fr\/actualites\/wp-json\/wp\/v2\/categories?post=4209"},{"taxonomy":"post_tag","embeddable":true,"href":"https:\/\/www.svalbard.fr\/actualites\/wp-json\/wp\/v2\/tags?post=4209"}],"curies":[{"name":"wp","href":"https:\/\/api.w.org\/{rel}","templated":true}]}}