{"id":4212,"date":"2025-06-14T10:06:52","date_gmt":"2025-06-14T08:06:52","guid":{"rendered":"https:\/\/www.svalbard.fr\/actualites\/podcast-88-trondheim-trondelag-et-third-culture-kids\/"},"modified":"2025-06-14T10:06:52","modified_gmt":"2025-06-14T08:06:52","slug":"podcast-88-trondheim-trondelag-et-third-culture-kids","status":"publish","type":"post","link":"https:\/\/www.svalbard.fr\/actualites\/podcast-88-trondheim-trondelag-et-third-culture-kids\/","title":{"rendered":"Podcast 88: Trondheim, Tr\u00f8ndelag et Third Culture Kids"},"content":{"rendered":"<div itemprop=\"text\">\n\t\t\t<span id=\"dpsp-post-content-markup\" data-image-pin-it=\"false\"><\/span><\/p>\n<p class=\"intro\">Life in Norway Show Episode 88: L&#39;artiste Tania Winter rejoint la s\u00e9rie pour parler des gens et des lieux de Trondheim et Tr\u00f8ndelag dans le centre de la Norv\u00e8ge, et de ce que c&#39;est que de grandir avec un m\u00e9lange de cultures.<\/p>\n<p>J&#39;aime toujours entendre des coll\u00e8gues \u00e9trangers vivant \u00e0 Trondheim. R\u00e9cemment, l&#39;artiste Tania Winter a contact\u00e9 pour partager son amour pour la r\u00e9gion.<\/p>\n<figure class=\"wp-block-image size-large\"><img data-lazyloaded=\"1\" data-placeholder-resp=\"768x432\" fetchpriority=\"high\" decoding=\"async\" width=\"768\" height=\"432\" src=\"https:\/\/www.svalbard.fr\/actualites\/wp-content\/uploads\/2025\/06\/Podcast-88-Trondheim-Trondelag-et-Third-Culture-Kids.jpg\" alt=\"Trondheim Livre sur Tr\u00f8ndelag.\" class=\"wp-image-84014\"  data-><noscript><img fetchpriority=\"high\" decoding=\"async\" width=\"768\" height=\"432\" src=\"https:\/\/www.svalbard.fr\/actualites\/wp-content\/uploads\/2025\/06\/Podcast-88-Trondheim-Trondelag-et-Third-Culture-Kids.jpg\" alt=\"Trondheim Livre sur Tr\u00f8ndelag.\" class=\"wp-image-84014\"  ><\/noscript><\/figure>\n<p>En bavardant davantage, j&#39;ai \u00e9galement d\u00e9couvert plus sur les id\u00e9es culturelles de Tania sur la croissance \u00e0 l&#39;\u00e9tranger et les questions compliqu\u00e9es d&#39;identit\u00e9 et d&#39;appartenance. Elle a \u00e9galement \u00e9crit un livre sur les gens et les lieux du centre de la Norv\u00e8ge.<\/p>\n<p>Tania d\u00e9crit \u00ables Tr\u00f8nders: un guide excentrique de Trondheim, Tr\u00f8nderland et de son peuple comme une d\u00e9claration d&#39;amour dans la r\u00e9gion.<\/p>\n<p>Il n&#39;y avait qu&#39;une seule chose pour \u00e7a. Je l&#39;ai invit\u00e9e au spectacle! Maintenant, cela fait longtemps depuis le dernier \u00e9pisode de The Life in Norway Show et pour cela, je m&#39;excuse. Mais maintenant, nous sommes en marche.<\/p>\n<p>Pour les nouveaux arrivants, le podcast est une question de relocalisation et d&#39;adaptation \u00e0 la culture norv\u00e9gienne. En r\u00e8gle g\u00e9n\u00e9rale, j&#39;interviewe des coll\u00e8gues \u00e9trangers et des nouveaux arrivants pour les laisser partager leurs histoires. Si c&#39;est votre premier \u00e9pisode, bienvenue!<\/p>\n<h2 class=\"wp-block-heading\">\u00c9coutez le spectacle<\/h2>\n<p>Vous pouvez \u00e9couter l&#39;\u00e9mission en utilisant le lecteur Web ci-dessous, ou sur votre lecteur de podcast de choix. Cela comprend les podcasts Apple, Audible et Spotify. Recherchez simplement \u00abla vie en Norv\u00e8ge\u00bb sur votre plate-forme de choix pour commencer.<\/p>\n<p><iframe loading=\"lazy\" title=\"Embed Player\" src=\"https:\/\/play.libsyn.com\/embed\/episode\/id\/37009300\/height\/192\/theme\/modern\/size\/large\/thumbnail\/yes\/custom-color\/7c0607\/time-start\/00:00:00\/playlist-height\/200\/direction\/backward\/download\/yes\/font-color\/FFFFFF\" height=\"192\" width=\"100%\" scrolling=\"no\" allowfullscreen=\"\" webkitallowfullscreen=\"true\" mozallowfullscreen=\"true\" oallowfullscreen=\"true\" msallowfullscreen=\"true\" style=\"border: medium;\"><\/iframe><\/p>\n<p>O\u00f9 que vous \u00e9coutiez, n&#39;oubliez pas de frapper \u00ab\u00a0 vous abonner &#39;&#39; afin de ne pas manquer un futur \u00e9pisode.<\/p>\n<h2 class=\"wp-block-heading\">Pr\u00e9sentation de Tania<\/h2>\n<p>Tania Winter est une artiste, po\u00e8te, designer et architecte multidisciplinaire bas\u00e9e en Norv\u00e8ge. Avec un contexte qui s&#39;\u00e9tend \u00e0 la fois sur la science et les arts, elle apporte une perspective unique \u00e0 son travail cr\u00e9atif, s&#39;inspirant de sa formation en biologie et de sa passion pour la conservation.<\/p>\n<p>Au fil du temps, elle a trouv\u00e9 des moyens de fusionner ses connaissances scientifiques avec l&#39;expression artistique, cr\u00e9ant une \u0153uvre qui explore l&#39;intersection de l&#39;identit\u00e9, de l&#39;appartenance et de la responsabilit\u00e9 environnementale.<\/p>\n<p>Ses projets r\u00e9cents se plongent dans des th\u00e8mes tels que la pollution marine et la conscience \u00e9cologique, en utilisant la narration et l&#39;art visuel pour \u00e9voquer la r\u00e9flexion et inspirer le changement.<\/p>\n<p>Ayant grandi dans divers pays et cultures, Tania a d\u00e9velopp\u00e9 une nature profond\u00e9ment attentive et un cadeau pour les langues. Cette \u00e9ducation nomade a fa\u00e7onn\u00e9 la fa\u00e7on dont elle voit le monde et continue d&#39;influencer sa voix en tant qu&#39;artiste et une personne.<\/p>\n<h2 class=\"wp-block-heading\">Trondheim et Tr\u00f8ndelag<\/h2>\n<p>Dans son livre et dans l&#39;\u00e9mission, Tania partage certaines de ses recommandations pour les personnes visitant la r\u00e9gion. Son premier choix est Stokk\u00f8ya, une \u00e9vasion \u00e9loign\u00e9e connue pour ses paysages c\u00f4tiers bruts combin\u00e9s \u00e0 une belle architecture baln\u00e9aire.<\/p>\n<figure class=\"wp-block-image size-large\"><img loading=\"lazy\" data-lazyloaded=\"1\" data-placeholder-resp=\"768x432\" decoding=\"async\" width=\"768\" height=\"432\" src=\"https:\/\/www.svalbard.fr\/actualites\/wp-content\/uploads\/2025\/06\/1749888412_552_Podcast-88-Trondheim-Trondelag-et-Third-Culture-Kids.jpg\" alt=\"Plage de Stokk\u00f8ya, une destination sup\u00e9rieure \u00e0 Tr\u00f8ndelag.\" class=\"wp-image-84012\"  data-><noscript><img loading=\"lazy\" decoding=\"async\" width=\"768\" height=\"432\" src=\"https:\/\/www.svalbard.fr\/actualites\/wp-content\/uploads\/2025\/06\/1749888412_552_Podcast-88-Trondheim-Trondelag-et-Third-Culture-Kids.jpg\" alt=\"Plage de Stokk\u00f8ya, une destination sup\u00e9rieure \u00e0 Tr\u00f8ndelag.\" class=\"wp-image-84012\"  ><\/noscript><\/figure>\n<p>\u00c0 Trondheim, elle aime la sc\u00e8ne artistique \u00e9mergente: \u00ab\u00a0Au cours de la derni\u00e8re d\u00e9cennie, il y a eu tellement plus de choses culturellement.\u00a0\u00bb Elle recommande \u00e9galement le Sverresborg Folk Museum et les Ringve Botanical Gardens, et simplement faire une promenade en ville.<\/p>\n<p>Nous en discutons beaucoup plus sur Trondheim et Tr\u00f8ndelag, y compris le nombre de skieurs c\u00e9l\u00e8bres bas\u00e9s ici et la nature unique du dialecte Tr\u00f8ndersk. Ou est-ce une langue? Tania d\u00e9crit Tr\u00f8ndersk comme \u00abparler dans les voyelles\u00bb.<\/p>\n<h2 class=\"wp-block-heading\">Le livre<\/h2>\n<p>\u00abIl y a tellement de bons livres \u00e9crits par des \u00e9trangers sur la culture norv\u00e9gienne\u00bb, explique Tania, expliquant pourquoi son livre se concentre sur les gens et les lieux du centre de la Norv\u00e8ge. \u00abJ&#39;ai essay\u00e9 d&#39;\u00eatre vraiment gentil dans mon livre et je l&#39;appelle une d\u00e9claration d&#39;amour aux Tr\u00f8nders.\u00bb <\/p>\n<p>\u00abThe Tr\u00f8nders: A Offiry Guide to Trondheim, Tr\u00f8nderland and Its People\u00bb est maintenant disponible dans des librairies s\u00e9lectionn\u00e9es en Norv\u00e8ge et en ligne \u00e0 travers le monde.<\/p>\n<h2 class=\"wp-block-heading\">Liens du spectacle<\/h2>\n<\/p><\/div>\n","protected":false},"excerpt":{"rendered":"<p>Life in Norway Show Episode 88: L&#39;artiste Tania Winter rejoint la s\u00e9rie pour parler des gens et des lieux de Trondheim et Tr\u00f8ndelag dans le<\/p>\n","protected":false},"author":1,"featured_media":4213,"comment_status":"","ping_status":"","sticky":false,"template":"","format":"standard","meta":{"footnotes":""},"categories":[2277],"tags":[772,4749,631,4747,614],"yoast_head":"<!-- This site is optimized with the Yoast SEO plugin v21.0 - https:\/\/yoast.com\/wordpress\/plugins\/seo\/ -->\n<title>Podcast 88: Trondheim, Tr\u00f8ndelag et Third Culture Kids<\/title>\n<meta name=\"robots\" content=\"index, follow, max-snippet:-1, max-image-preview:large, max-video-preview:-1\" \/>\n<link rel=\"canonical\" href=\"https:\/\/www.svalbard.fr\/actualites\/podcast-88-trondheim-trondelag-et-third-culture-kids\/\" \/>\n<meta property=\"og:locale\" content=\"fr_FR\" \/>\n<meta property=\"og:type\" content=\"article\" \/>\n<meta property=\"og:title\" content=\"Podcast 88: Trondheim, Tr\u00f8ndelag et Third Culture Kids\" \/>\n<meta property=\"og:description\" content=\"Life in Norway Show Episode 88: L&#039;artiste Tania Winter rejoint la s\u00e9rie pour parler des gens et des lieux de Trondheim et Tr\u00f8ndelag dans le\" \/>\n<meta property=\"og:url\" content=\"https:\/\/www.svalbard.fr\/actualites\/podcast-88-trondheim-trondelag-et-third-culture-kids\/\" \/>\n<meta property=\"og:site_name\" content=\"www.Svalbard.fr\" \/>\n<meta property=\"article:published_time\" content=\"2025-06-14T08:06:52+00:00\" \/>\n<meta property=\"og:image\" content=\"https:\/\/www.svalbard.fr\/actualites\/wp-content\/uploads\/2025\/06\/Podcast-88-Trondheim-Trondelag-et-Third-Culture-Kids.jpg\" \/>\n<meta name=\"author\" content=\"Hilmar\" \/>\n<meta name=\"twitter:card\" content=\"summary_large_image\" \/>\n<meta name=\"twitter:label1\" content=\"\u00c9crit par\" \/>\n\t<meta name=\"twitter:data1\" content=\"Hilmar\" \/>\n\t<meta name=\"twitter:label2\" content=\"Dur\u00e9e de lecture estim\u00e9e\" \/>\n\t<meta name=\"twitter:data2\" content=\"4 minutes\" \/>\n<script type=\"application\/ld+json\" class=\"yoast-schema-graph\">{\"@context\":\"https:\/\/schema.org\",\"@graph\":[{\"@type\":\"Article\",\"@id\":\"https:\/\/www.svalbard.fr\/actualites\/podcast-88-trondheim-trondelag-et-third-culture-kids\/#article\",\"isPartOf\":{\"@id\":\"https:\/\/www.svalbard.fr\/actualites\/podcast-88-trondheim-trondelag-et-third-culture-kids\/\"},\"author\":{\"name\":\"Hilmar\",\"@id\":\"https:\/\/www.svalbard.fr\/actualites\/#\/schema\/person\/a2f937d5712222366738fae98755c600\"},\"headline\":\"Podcast 88: Trondheim, Tr\u00f8ndelag et Third Culture Kids\",\"datePublished\":\"2025-06-14T08:06:52+00:00\",\"dateModified\":\"2025-06-14T08:06:52+00:00\",\"mainEntityOfPage\":{\"@id\":\"https:\/\/www.svalbard.fr\/actualites\/podcast-88-trondheim-trondelag-et-third-culture-kids\/\"},\"wordCount\":719,\"publisher\":{\"@id\":\"https:\/\/www.svalbard.fr\/actualites\/#organization\"},\"keywords\":[\"culture\",\"Kids\",\"Podcast\",\"Tr\u00f8ndelag\",\"Trondheim\"],\"inLanguage\":\"fr-FR\"},{\"@type\":\"WebPage\",\"@id\":\"https:\/\/www.svalbard.fr\/actualites\/podcast-88-trondheim-trondelag-et-third-culture-kids\/\",\"url\":\"https:\/\/www.svalbard.fr\/actualites\/podcast-88-trondheim-trondelag-et-third-culture-kids\/\",\"name\":\"Podcast 88: Trondheim, Tr\u00f8ndelag et Third Culture Kids\",\"isPartOf\":{\"@id\":\"https:\/\/www.svalbard.fr\/actualites\/#website\"},\"datePublished\":\"2025-06-14T08:06:52+00:00\",\"dateModified\":\"2025-06-14T08:06:52+00:00\",\"breadcrumb\":{\"@id\":\"https:\/\/www.svalbard.fr\/actualites\/podcast-88-trondheim-trondelag-et-third-culture-kids\/#breadcrumb\"},\"inLanguage\":\"fr-FR\",\"potentialAction\":[{\"@type\":\"ReadAction\",\"target\":[\"https:\/\/www.svalbard.fr\/actualites\/podcast-88-trondheim-trondelag-et-third-culture-kids\/\"]}]},{\"@type\":\"BreadcrumbList\",\"@id\":\"https:\/\/www.svalbard.fr\/actualites\/podcast-88-trondheim-trondelag-et-third-culture-kids\/#breadcrumb\",\"itemListElement\":[{\"@type\":\"ListItem\",\"position\":1,\"name\":\"Accueil\",\"item\":\"https:\/\/www.svalbard.fr\/actualites\/\"},{\"@type\":\"ListItem\",\"position\":2,\"name\":\"Podcast 88: Trondheim, Tr\u00f8ndelag et Third Culture Kids\"}]},{\"@type\":\"WebSite\",\"@id\":\"https:\/\/www.svalbard.fr\/actualites\/#website\",\"url\":\"https:\/\/www.svalbard.fr\/actualites\/\",\"name\":\"www.Svalbard.fr\",\"description\":\"\",\"publisher\":{\"@id\":\"https:\/\/www.svalbard.fr\/actualites\/#organization\"},\"potentialAction\":[{\"@type\":\"SearchAction\",\"target\":{\"@type\":\"EntryPoint\",\"urlTemplate\":\"https:\/\/www.svalbard.fr\/actualites\/?s={search_term_string}\"},\"query-input\":\"required name=search_term_string\"}],\"inLanguage\":\"fr-FR\"},{\"@type\":\"Organization\",\"@id\":\"https:\/\/www.svalbard.fr\/actualites\/#organization\",\"name\":\"www.Svalbard.fr\",\"url\":\"https:\/\/www.svalbard.fr\/actualites\/\",\"logo\":{\"@type\":\"ImageObject\",\"inLanguage\":\"fr-FR\",\"@id\":\"https:\/\/www.svalbard.fr\/actualites\/#\/schema\/logo\/image\/\",\"url\":\"https:\/\/www.svalbard.fr\/actualites\/wp-content\/uploads\/2023\/09\/head-nom.jpg\",\"contentUrl\":\"https:\/\/www.svalbard.fr\/actualites\/wp-content\/uploads\/2023\/09\/head-nom.jpg\",\"width\":264,\"height\":35,\"caption\":\"www.Svalbard.fr\"},\"image\":{\"@id\":\"https:\/\/www.svalbard.fr\/actualites\/#\/schema\/logo\/image\/\"}},{\"@type\":\"Person\",\"@id\":\"https:\/\/www.svalbard.fr\/actualites\/#\/schema\/person\/a2f937d5712222366738fae98755c600\",\"name\":\"Hilmar\",\"image\":{\"@type\":\"ImageObject\",\"inLanguage\":\"fr-FR\",\"@id\":\"https:\/\/www.svalbard.fr\/actualites\/#\/schema\/person\/image\/\",\"url\":\"https:\/\/secure.gravatar.com\/avatar\/4daa437093476dbc32da415c112b6512?s=96&d=mm&r=g\",\"contentUrl\":\"https:\/\/secure.gravatar.com\/avatar\/4daa437093476dbc32da415c112b6512?s=96&d=mm&r=g\",\"caption\":\"Hilmar\"},\"description\":\"Hilmar est un passionn\u00e9 des r\u00e9gions polaires, sp\u00e9cialis\u00e9 dans la r\u00e9daction d'articles sur le Spitzberg et autres destinations arctiques. Il apporte son expertise et sa passion pour l'Arctique au sein de l'\u00e9quipe de r\u00e9daction de Svalbard depuis de nombreuses ann\u00e9es.\",\"sameAs\":[\"https:\/\/www.svalbard.fr\/\"]}]}<\/script>\n<!-- \/ Yoast SEO plugin. -->","yoast_head_json":{"title":"Podcast 88: Trondheim, Tr\u00f8ndelag et Third Culture Kids","robots":{"index":"index","follow":"follow","max-snippet":"max-snippet:-1","max-image-preview":"max-image-preview:large","max-video-preview":"max-video-preview:-1"},"canonical":"https:\/\/www.svalbard.fr\/actualites\/podcast-88-trondheim-trondelag-et-third-culture-kids\/","og_locale":"fr_FR","og_type":"article","og_title":"Podcast 88: Trondheim, Tr\u00f8ndelag et Third Culture Kids","og_description":"Life in Norway Show Episode 88: L&#39;artiste Tania Winter rejoint la s\u00e9rie pour parler des gens et des lieux de Trondheim et Tr\u00f8ndelag dans le","og_url":"https:\/\/www.svalbard.fr\/actualites\/podcast-88-trondheim-trondelag-et-third-culture-kids\/","og_site_name":"www.Svalbard.fr","article_published_time":"2025-06-14T08:06:52+00:00","og_image":[{"url":"https:\/\/www.svalbard.fr\/actualites\/wp-content\/uploads\/2025\/06\/Podcast-88-Trondheim-Trondelag-et-Third-Culture-Kids.jpg"}],"author":"Hilmar","twitter_card":"summary_large_image","twitter_misc":{"\u00c9crit par":"Hilmar","Dur\u00e9e de lecture estim\u00e9e":"4 minutes"},"schema":{"@context":"https:\/\/schema.org","@graph":[{"@type":"Article","@id":"https:\/\/www.svalbard.fr\/actualites\/podcast-88-trondheim-trondelag-et-third-culture-kids\/#article","isPartOf":{"@id":"https:\/\/www.svalbard.fr\/actualites\/podcast-88-trondheim-trondelag-et-third-culture-kids\/"},"author":{"name":"Hilmar","@id":"https:\/\/www.svalbard.fr\/actualites\/#\/schema\/person\/a2f937d5712222366738fae98755c600"},"headline":"Podcast 88: Trondheim, Tr\u00f8ndelag et Third Culture Kids","datePublished":"2025-06-14T08:06:52+00:00","dateModified":"2025-06-14T08:06:52+00:00","mainEntityOfPage":{"@id":"https:\/\/www.svalbard.fr\/actualites\/podcast-88-trondheim-trondelag-et-third-culture-kids\/"},"wordCount":719,"publisher":{"@id":"https:\/\/www.svalbard.fr\/actualites\/#organization"},"keywords":["culture","Kids","Podcast","Tr\u00f8ndelag","Trondheim"],"inLanguage":"fr-FR"},{"@type":"WebPage","@id":"https:\/\/www.svalbard.fr\/actualites\/podcast-88-trondheim-trondelag-et-third-culture-kids\/","url":"https:\/\/www.svalbard.fr\/actualites\/podcast-88-trondheim-trondelag-et-third-culture-kids\/","name":"Podcast 88: Trondheim, Tr\u00f8ndelag et Third Culture Kids","isPartOf":{"@id":"https:\/\/www.svalbard.fr\/actualites\/#website"},"datePublished":"2025-06-14T08:06:52+00:00","dateModified":"2025-06-14T08:06:52+00:00","breadcrumb":{"@id":"https:\/\/www.svalbard.fr\/actualites\/podcast-88-trondheim-trondelag-et-third-culture-kids\/#breadcrumb"},"inLanguage":"fr-FR","potentialAction":[{"@type":"ReadAction","target":["https:\/\/www.svalbard.fr\/actualites\/podcast-88-trondheim-trondelag-et-third-culture-kids\/"]}]},{"@type":"BreadcrumbList","@id":"https:\/\/www.svalbard.fr\/actualites\/podcast-88-trondheim-trondelag-et-third-culture-kids\/#breadcrumb","itemListElement":[{"@type":"ListItem","position":1,"name":"Accueil","item":"https:\/\/www.svalbard.fr\/actualites\/"},{"@type":"ListItem","position":2,"name":"Podcast 88: Trondheim, Tr\u00f8ndelag et Third Culture Kids"}]},{"@type":"WebSite","@id":"https:\/\/www.svalbard.fr\/actualites\/#website","url":"https:\/\/www.svalbard.fr\/actualites\/","name":"www.Svalbard.fr","description":"","publisher":{"@id":"https:\/\/www.svalbard.fr\/actualites\/#organization"},"potentialAction":[{"@type":"SearchAction","target":{"@type":"EntryPoint","urlTemplate":"https:\/\/www.svalbard.fr\/actualites\/?s={search_term_string}"},"query-input":"required name=search_term_string"}],"inLanguage":"fr-FR"},{"@type":"Organization","@id":"https:\/\/www.svalbard.fr\/actualites\/#organization","name":"www.Svalbard.fr","url":"https:\/\/www.svalbard.fr\/actualites\/","logo":{"@type":"ImageObject","inLanguage":"fr-FR","@id":"https:\/\/www.svalbard.fr\/actualites\/#\/schema\/logo\/image\/","url":"https:\/\/www.svalbard.fr\/actualites\/wp-content\/uploads\/2023\/09\/head-nom.jpg","contentUrl":"https:\/\/www.svalbard.fr\/actualites\/wp-content\/uploads\/2023\/09\/head-nom.jpg","width":264,"height":35,"caption":"www.Svalbard.fr"},"image":{"@id":"https:\/\/www.svalbard.fr\/actualites\/#\/schema\/logo\/image\/"}},{"@type":"Person","@id":"https:\/\/www.svalbard.fr\/actualites\/#\/schema\/person\/a2f937d5712222366738fae98755c600","name":"Hilmar","image":{"@type":"ImageObject","inLanguage":"fr-FR","@id":"https:\/\/www.svalbard.fr\/actualites\/#\/schema\/person\/image\/","url":"https:\/\/secure.gravatar.com\/avatar\/4daa437093476dbc32da415c112b6512?s=96&d=mm&r=g","contentUrl":"https:\/\/secure.gravatar.com\/avatar\/4daa437093476dbc32da415c112b6512?s=96&d=mm&r=g","caption":"Hilmar"},"description":"Hilmar est un passionn\u00e9 des r\u00e9gions polaires, sp\u00e9cialis\u00e9 dans la r\u00e9daction d'articles sur le Spitzberg et autres destinations arctiques. Il apporte son expertise et sa passion pour l'Arctique au sein de l'\u00e9quipe de r\u00e9daction de Svalbard depuis de nombreuses ann\u00e9es.","sameAs":["https:\/\/www.svalbard.fr\/"]}]}},"_links":{"self":[{"href":"https:\/\/www.svalbard.fr\/actualites\/wp-json\/wp\/v2\/posts\/4212"}],"collection":[{"href":"https:\/\/www.svalbard.fr\/actualites\/wp-json\/wp\/v2\/posts"}],"about":[{"href":"https:\/\/www.svalbard.fr\/actualites\/wp-json\/wp\/v2\/types\/post"}],"author":[{"embeddable":true,"href":"https:\/\/www.svalbard.fr\/actualites\/wp-json\/wp\/v2\/users\/1"}],"replies":[{"embeddable":true,"href":"https:\/\/www.svalbard.fr\/actualites\/wp-json\/wp\/v2\/comments?post=4212"}],"version-history":[{"count":0,"href":"https:\/\/www.svalbard.fr\/actualites\/wp-json\/wp\/v2\/posts\/4212\/revisions"}],"wp:featuredmedia":[{"embeddable":true,"href":"https:\/\/www.svalbard.fr\/actualites\/wp-json\/wp\/v2\/media\/4213"}],"wp:attachment":[{"href":"https:\/\/www.svalbard.fr\/actualites\/wp-json\/wp\/v2\/media?parent=4212"}],"wp:term":[{"taxonomy":"category","embeddable":true,"href":"https:\/\/www.svalbard.fr\/actualites\/wp-json\/wp\/v2\/categories?post=4212"},{"taxonomy":"post_tag","embeddable":true,"href":"https:\/\/www.svalbard.fr\/actualites\/wp-json\/wp\/v2\/tags?post=4212"}],"curies":[{"name":"wp","href":"https:\/\/api.w.org\/{rel}","templated":true}]}}