{"id":4214,"date":"2025-06-15T05:52:12","date_gmt":"2025-06-15T03:52:12","guid":{"rendered":"https:\/\/www.svalbard.fr\/actualites\/lile-canary-ou-tout-le-monde-de-norvege-semble-etre-des-vacances-pas-tenerife-ou-lanzarote\/"},"modified":"2025-06-15T05:52:14","modified_gmt":"2025-06-15T03:52:14","slug":"lile-canary-ou-tout-le-monde-de-norvege-semble-etre-des-vacances-pas-tenerife-ou-lanzarote","status":"publish","type":"post","link":"https:\/\/www.svalbard.fr\/actualites\/lile-canary-ou-tout-le-monde-de-norvege-semble-etre-des-vacances-pas-tenerife-ou-lanzarote\/","title":{"rendered":"L&#39;\u00eele Canary o\u00f9 tout le monde de Norv\u00e8ge semble \u00eatre des vacances &#8211; pas tenerife ou lanzarote"},"content":{"rendered":"<div>\n<p>Les \u00eeles Canaries sont depuis longtemps une destination pour les Bandes de vacances, mais il semble que l&#39;un d&#39;eux soit un favori ferme avec une autre nationalit\u00e9. Selon son conseil d&#39;administration, 60% des 500 000 Norv\u00e9giens de 500 000 Norv\u00e9giens en visitant l&#39;archipel espagnol. <span style=\"box-sizing: border-box; margin: 0px; padding: 0px;\">Beaucoup se retrouvent dans la r\u00e9gion du sud-ouest de Mog\u00e1n, \u00e9crit le Telegraph, avec Arguinegu\u00edn \u00e9galement un endroit populaire pour que les gens des pays scandinaves fassent des vacances d&#39;hiver.<\/span> Des experts immobiliers de Cardenas ont rapport\u00e9 en 2013 que 3 000 norv\u00e9giens y vivent toute l&#39;ann\u00e9e et 5 000 autres.<\/p>\n<p data-mce-linkchecker-status=\"valid\">Les responsables touristiques de Canary Island ajoutent qu&#39;au cours des 60 derni\u00e8res ann\u00e9es, Gran Canaria a \u00ab\u00a0transform\u00e9 la meilleure destination touristique du monde pour les Scandinaves\u00a0\u00bb. En 2024, Norwegian Air a ouvert une nouvelle base permanente \u00e0 l&#39;a\u00e9roport de Gran Canaria, repr\u00e9sentant une augmentation de 17,9% de la disponibilit\u00e9 des si\u00e8ges par rapport aux op\u00e9rations saisonni\u00e8res de l&#39;hiver pr\u00e9c\u00e9dentes, rapporte Canarian Weekly.<\/p>\n<\/div>\n<div>\n<p>Il y a deux ans, un Britannique s&#39;est rendu sur Reddit, \u00e9crivant: \u00ab\u00a0Je suis du Royaume-Uni et j&#39;\u00e9tais \u00e0 Gran Canaria pendant environ une semaine et je jure que chaque personne \u00e9tait de Norv\u00e8ge. Certains \u00e9taient un peu impolis pour le moins.\u00a0\u00bb<\/p>\n<p>Une personne a r\u00e9pondu: \u00ab\u00a0C&#39;est la Floride de la Norv\u00e8ge.\u00a0\u00bb<\/p>\n<p>Une autre personne, qui semblait \u00eatre norv\u00e9gienne elle-m\u00eame, a \u00e9crit: \u00ab\u00a0C&#39;est une colonie de sanctions o\u00f9 nous envoyons des personnes \u00e2g\u00e9es si elles deviennent impolies.<\/p>\n<p>\u00ab\u00a0Je suis juste heureux qu&#39;ils ne soient pas l\u00e0. Et soyez impoli en retour. Leur manque de comp\u00e9tences en espagnol est toujours un point douloureux. Profitez-en!\u00a0\u00bb<\/p>\n<p>Un autre compte a d\u00e9fendu leurs compatriotes. Il a dit: \u00ab\u00a0La raison pour laquelle les Britanniques nous trouvent des Norv\u00e9giens impolie est due \u00e0 des diff\u00e9rences culturelles.<\/p>\n<\/div>\n<div>\n<p>\u00ab\u00a0Nous l&#39;aimons dans notre propre bulle et ne voyons aucune raison d&#39;interagir avec des \u00e9trangers complets &#8230; ne signifie pas que nous sommes impolis.\u00a0\u00bb<\/p>\n<p>Un autre commentateur a \u00e9crit: \u00ab\u00a0Les Norv\u00e9giens ne sont pas une esp\u00e8ce diff\u00e9rente que vous connaissez, nous allons en vacances comme tout le monde.<\/p>\n<p>\u00ab\u00a0Gran Canaria est de ma compr\u00e9hension, environ 20 ans depuis que je suis l\u00e0) assez bon march\u00e9 pour se rendre. La Gr\u00e8ce est \u00e9galement un endroit tr\u00e8s populaire pour les Norv\u00e9giens.\u00a0\u00bb<\/p>\n<p>Un autre norv\u00e9gien a fourni un peu plus de perspicacit\u00e9, \u00e9crivant: \u00ab\u00a0Beaucoup de gens n&#39;aiment pas les hivers longs et froids que nous avons ici, ce qui est bien. Gran Canaria ou Granka qui est l&#39;argot semble r\u00e9pondre aux besoins de la plupart des gens pour le soleil et la chaleur.<\/p>\n<p>\u00ab\u00a0Personnellement, j&#39;adore les hivers glaciaux. Tout le pays se transforme en aire de jeux!\u00a0\u00bb<\/p>\n<\/div>\n","protected":false},"excerpt":{"rendered":"<p>Les \u00eeles Canaries sont depuis longtemps une destination pour les Bandes de vacances, mais il semble que l&#39;un d&#39;eux soit un favori ferme avec une<\/p>\n","protected":false},"author":1,"featured_media":4215,"comment_status":"closed","ping_status":"","sticky":false,"template":"","format":"standard","meta":{"footnotes":""},"categories":[2277],"tags":[4751,8,748,1349,4753,307,6,129,313,1706,1297,872,851],"yoast_head":"<!-- This site is optimized with the Yoast SEO plugin v21.0 - https:\/\/yoast.com\/wordpress\/plugins\/seo\/ -->\n<title>L&#039;\u00eele Canary o\u00f9 tout le monde de Norv\u00e8ge semble \u00eatre des vacances - pas tenerife ou lanzarote<\/title>\n<meta name=\"robots\" content=\"index, follow, max-snippet:-1, max-image-preview:large, max-video-preview:-1\" \/>\n<link rel=\"canonical\" href=\"https:\/\/www.svalbard.fr\/actualites\/lile-canary-ou-tout-le-monde-de-norvege-semble-etre-des-vacances-pas-tenerife-ou-lanzarote\/\" \/>\n<meta property=\"og:locale\" content=\"fr_FR\" \/>\n<meta property=\"og:type\" content=\"article\" \/>\n<meta property=\"og:title\" content=\"L&#039;\u00eele Canary o\u00f9 tout le monde de Norv\u00e8ge semble \u00eatre des vacances - pas tenerife ou lanzarote\" \/>\n<meta property=\"og:description\" content=\"Les \u00eeles Canaries sont depuis longtemps une destination pour les Bandes de vacances, mais il semble que l&#039;un d&#039;eux soit un favori ferme avec une\" \/>\n<meta property=\"og:url\" content=\"https:\/\/www.svalbard.fr\/actualites\/lile-canary-ou-tout-le-monde-de-norvege-semble-etre-des-vacances-pas-tenerife-ou-lanzarote\/\" \/>\n<meta property=\"og:site_name\" content=\"www.Svalbard.fr\" \/>\n<meta property=\"article:published_time\" content=\"2025-06-15T03:52:12+00:00\" \/>\n<meta property=\"article:modified_time\" content=\"2025-06-15T03:52:14+00:00\" \/>\n<meta property=\"og:image\" content=\"https:\/\/www.svalbard.fr\/actualites\/wp-content\/uploads\/2025\/06\/L39ile-Canary-ou-tout-le-monde-de-Norvege-semble-etre.jpg\" \/>\n\t<meta property=\"og:image:width\" content=\"1200\" \/>\n\t<meta property=\"og:image:height\" content=\"630\" \/>\n\t<meta property=\"og:image:type\" content=\"image\/jpeg\" \/>\n<meta name=\"author\" content=\"Hilmar\" \/>\n<meta name=\"twitter:card\" content=\"summary_large_image\" \/>\n<meta name=\"twitter:label1\" content=\"\u00c9crit par\" \/>\n\t<meta name=\"twitter:data1\" content=\"Hilmar\" \/>\n\t<meta name=\"twitter:label2\" content=\"Dur\u00e9e de lecture estim\u00e9e\" \/>\n\t<meta name=\"twitter:data2\" content=\"2 minutes\" \/>\n<script type=\"application\/ld+json\" class=\"yoast-schema-graph\">{\"@context\":\"https:\/\/schema.org\",\"@graph\":[{\"@type\":\"Article\",\"@id\":\"https:\/\/www.svalbard.fr\/actualites\/lile-canary-ou-tout-le-monde-de-norvege-semble-etre-des-vacances-pas-tenerife-ou-lanzarote\/#article\",\"isPartOf\":{\"@id\":\"https:\/\/www.svalbard.fr\/actualites\/lile-canary-ou-tout-le-monde-de-norvege-semble-etre-des-vacances-pas-tenerife-ou-lanzarote\/\"},\"author\":{\"name\":\"Hilmar\",\"@id\":\"https:\/\/www.svalbard.fr\/actualites\/#\/schema\/person\/a2f937d5712222366738fae98755c600\"},\"headline\":\"L&#39;\u00eele Canary o\u00f9 tout le monde de Norv\u00e8ge semble \u00eatre des vacances &#8211; pas tenerife ou lanzarote\",\"datePublished\":\"2025-06-15T03:52:12+00:00\",\"dateModified\":\"2025-06-15T03:52:14+00:00\",\"mainEntityOfPage\":{\"@id\":\"https:\/\/www.svalbard.fr\/actualites\/lile-canary-ou-tout-le-monde-de-norvege-semble-etre-des-vacances-pas-tenerife-ou-lanzarote\/\"},\"wordCount\":486,\"publisher\":{\"@id\":\"https:\/\/www.svalbard.fr\/actualites\/#organization\"},\"keywords\":[\"Canary\",\"des\",\"\u00eatre\",\"L39\u00eele\",\"lanzarote\",\"monde\",\"Norv\u00e8ge\",\"O\u00f9\",\"pas\",\"semble\",\"Tenerife\",\"tout\",\"vacances\"],\"inLanguage\":\"fr-FR\"},{\"@type\":\"WebPage\",\"@id\":\"https:\/\/www.svalbard.fr\/actualites\/lile-canary-ou-tout-le-monde-de-norvege-semble-etre-des-vacances-pas-tenerife-ou-lanzarote\/\",\"url\":\"https:\/\/www.svalbard.fr\/actualites\/lile-canary-ou-tout-le-monde-de-norvege-semble-etre-des-vacances-pas-tenerife-ou-lanzarote\/\",\"name\":\"L&#39;\u00eele Canary o\u00f9 tout le monde de Norv\u00e8ge semble \u00eatre des vacances - pas tenerife ou lanzarote\",\"isPartOf\":{\"@id\":\"https:\/\/www.svalbard.fr\/actualites\/#website\"},\"datePublished\":\"2025-06-15T03:52:12+00:00\",\"dateModified\":\"2025-06-15T03:52:14+00:00\",\"breadcrumb\":{\"@id\":\"https:\/\/www.svalbard.fr\/actualites\/lile-canary-ou-tout-le-monde-de-norvege-semble-etre-des-vacances-pas-tenerife-ou-lanzarote\/#breadcrumb\"},\"inLanguage\":\"fr-FR\",\"potentialAction\":[{\"@type\":\"ReadAction\",\"target\":[\"https:\/\/www.svalbard.fr\/actualites\/lile-canary-ou-tout-le-monde-de-norvege-semble-etre-des-vacances-pas-tenerife-ou-lanzarote\/\"]}]},{\"@type\":\"BreadcrumbList\",\"@id\":\"https:\/\/www.svalbard.fr\/actualites\/lile-canary-ou-tout-le-monde-de-norvege-semble-etre-des-vacances-pas-tenerife-ou-lanzarote\/#breadcrumb\",\"itemListElement\":[{\"@type\":\"ListItem\",\"position\":1,\"name\":\"Accueil\",\"item\":\"https:\/\/www.svalbard.fr\/actualites\/\"},{\"@type\":\"ListItem\",\"position\":2,\"name\":\"L&#39;\u00eele Canary o\u00f9 tout le monde de Norv\u00e8ge semble \u00eatre des vacances &#8211; pas tenerife ou lanzarote\"}]},{\"@type\":\"WebSite\",\"@id\":\"https:\/\/www.svalbard.fr\/actualites\/#website\",\"url\":\"https:\/\/www.svalbard.fr\/actualites\/\",\"name\":\"www.Svalbard.fr\",\"description\":\"\",\"publisher\":{\"@id\":\"https:\/\/www.svalbard.fr\/actualites\/#organization\"},\"potentialAction\":[{\"@type\":\"SearchAction\",\"target\":{\"@type\":\"EntryPoint\",\"urlTemplate\":\"https:\/\/www.svalbard.fr\/actualites\/?s={search_term_string}\"},\"query-input\":\"required name=search_term_string\"}],\"inLanguage\":\"fr-FR\"},{\"@type\":\"Organization\",\"@id\":\"https:\/\/www.svalbard.fr\/actualites\/#organization\",\"name\":\"www.Svalbard.fr\",\"url\":\"https:\/\/www.svalbard.fr\/actualites\/\",\"logo\":{\"@type\":\"ImageObject\",\"inLanguage\":\"fr-FR\",\"@id\":\"https:\/\/www.svalbard.fr\/actualites\/#\/schema\/logo\/image\/\",\"url\":\"https:\/\/www.svalbard.fr\/actualites\/wp-content\/uploads\/2023\/09\/head-nom.jpg\",\"contentUrl\":\"https:\/\/www.svalbard.fr\/actualites\/wp-content\/uploads\/2023\/09\/head-nom.jpg\",\"width\":264,\"height\":35,\"caption\":\"www.Svalbard.fr\"},\"image\":{\"@id\":\"https:\/\/www.svalbard.fr\/actualites\/#\/schema\/logo\/image\/\"}},{\"@type\":\"Person\",\"@id\":\"https:\/\/www.svalbard.fr\/actualites\/#\/schema\/person\/a2f937d5712222366738fae98755c600\",\"name\":\"Hilmar\",\"image\":{\"@type\":\"ImageObject\",\"inLanguage\":\"fr-FR\",\"@id\":\"https:\/\/www.svalbard.fr\/actualites\/#\/schema\/person\/image\/\",\"url\":\"https:\/\/secure.gravatar.com\/avatar\/4daa437093476dbc32da415c112b6512?s=96&d=mm&r=g\",\"contentUrl\":\"https:\/\/secure.gravatar.com\/avatar\/4daa437093476dbc32da415c112b6512?s=96&d=mm&r=g\",\"caption\":\"Hilmar\"},\"description\":\"Hilmar est un passionn\u00e9 des r\u00e9gions polaires, sp\u00e9cialis\u00e9 dans la r\u00e9daction d'articles sur le Spitzberg et autres destinations arctiques. Il apporte son expertise et sa passion pour l'Arctique au sein de l'\u00e9quipe de r\u00e9daction de Svalbard depuis de nombreuses ann\u00e9es.\",\"sameAs\":[\"https:\/\/www.svalbard.fr\/\"]}]}<\/script>\n<!-- \/ Yoast SEO plugin. -->","yoast_head_json":{"title":"L&#39;\u00eele Canary o\u00f9 tout le monde de Norv\u00e8ge semble \u00eatre des vacances - pas tenerife ou lanzarote","robots":{"index":"index","follow":"follow","max-snippet":"max-snippet:-1","max-image-preview":"max-image-preview:large","max-video-preview":"max-video-preview:-1"},"canonical":"https:\/\/www.svalbard.fr\/actualites\/lile-canary-ou-tout-le-monde-de-norvege-semble-etre-des-vacances-pas-tenerife-ou-lanzarote\/","og_locale":"fr_FR","og_type":"article","og_title":"L&#39;\u00eele Canary o\u00f9 tout le monde de Norv\u00e8ge semble \u00eatre des vacances - pas tenerife ou lanzarote","og_description":"Les \u00eeles Canaries sont depuis longtemps une destination pour les Bandes de vacances, mais il semble que l&#39;un d&#39;eux soit un favori ferme avec une","og_url":"https:\/\/www.svalbard.fr\/actualites\/lile-canary-ou-tout-le-monde-de-norvege-semble-etre-des-vacances-pas-tenerife-ou-lanzarote\/","og_site_name":"www.Svalbard.fr","article_published_time":"2025-06-15T03:52:12+00:00","article_modified_time":"2025-06-15T03:52:14+00:00","og_image":[{"width":1200,"height":630,"url":"https:\/\/www.svalbard.fr\/actualites\/wp-content\/uploads\/2025\/06\/L39ile-Canary-ou-tout-le-monde-de-Norvege-semble-etre.jpg","type":"image\/jpeg"}],"author":"Hilmar","twitter_card":"summary_large_image","twitter_misc":{"\u00c9crit par":"Hilmar","Dur\u00e9e de lecture estim\u00e9e":"2 minutes"},"schema":{"@context":"https:\/\/schema.org","@graph":[{"@type":"Article","@id":"https:\/\/www.svalbard.fr\/actualites\/lile-canary-ou-tout-le-monde-de-norvege-semble-etre-des-vacances-pas-tenerife-ou-lanzarote\/#article","isPartOf":{"@id":"https:\/\/www.svalbard.fr\/actualites\/lile-canary-ou-tout-le-monde-de-norvege-semble-etre-des-vacances-pas-tenerife-ou-lanzarote\/"},"author":{"name":"Hilmar","@id":"https:\/\/www.svalbard.fr\/actualites\/#\/schema\/person\/a2f937d5712222366738fae98755c600"},"headline":"L&#39;\u00eele Canary o\u00f9 tout le monde de Norv\u00e8ge semble \u00eatre des vacances &#8211; pas tenerife ou lanzarote","datePublished":"2025-06-15T03:52:12+00:00","dateModified":"2025-06-15T03:52:14+00:00","mainEntityOfPage":{"@id":"https:\/\/www.svalbard.fr\/actualites\/lile-canary-ou-tout-le-monde-de-norvege-semble-etre-des-vacances-pas-tenerife-ou-lanzarote\/"},"wordCount":486,"publisher":{"@id":"https:\/\/www.svalbard.fr\/actualites\/#organization"},"keywords":["Canary","des","\u00eatre","L39\u00eele","lanzarote","monde","Norv\u00e8ge","O\u00f9","pas","semble","Tenerife","tout","vacances"],"inLanguage":"fr-FR"},{"@type":"WebPage","@id":"https:\/\/www.svalbard.fr\/actualites\/lile-canary-ou-tout-le-monde-de-norvege-semble-etre-des-vacances-pas-tenerife-ou-lanzarote\/","url":"https:\/\/www.svalbard.fr\/actualites\/lile-canary-ou-tout-le-monde-de-norvege-semble-etre-des-vacances-pas-tenerife-ou-lanzarote\/","name":"L&#39;\u00eele Canary o\u00f9 tout le monde de Norv\u00e8ge semble \u00eatre des vacances - pas tenerife ou lanzarote","isPartOf":{"@id":"https:\/\/www.svalbard.fr\/actualites\/#website"},"datePublished":"2025-06-15T03:52:12+00:00","dateModified":"2025-06-15T03:52:14+00:00","breadcrumb":{"@id":"https:\/\/www.svalbard.fr\/actualites\/lile-canary-ou-tout-le-monde-de-norvege-semble-etre-des-vacances-pas-tenerife-ou-lanzarote\/#breadcrumb"},"inLanguage":"fr-FR","potentialAction":[{"@type":"ReadAction","target":["https:\/\/www.svalbard.fr\/actualites\/lile-canary-ou-tout-le-monde-de-norvege-semble-etre-des-vacances-pas-tenerife-ou-lanzarote\/"]}]},{"@type":"BreadcrumbList","@id":"https:\/\/www.svalbard.fr\/actualites\/lile-canary-ou-tout-le-monde-de-norvege-semble-etre-des-vacances-pas-tenerife-ou-lanzarote\/#breadcrumb","itemListElement":[{"@type":"ListItem","position":1,"name":"Accueil","item":"https:\/\/www.svalbard.fr\/actualites\/"},{"@type":"ListItem","position":2,"name":"L&#39;\u00eele Canary o\u00f9 tout le monde de Norv\u00e8ge semble \u00eatre des vacances &#8211; pas tenerife ou lanzarote"}]},{"@type":"WebSite","@id":"https:\/\/www.svalbard.fr\/actualites\/#website","url":"https:\/\/www.svalbard.fr\/actualites\/","name":"www.Svalbard.fr","description":"","publisher":{"@id":"https:\/\/www.svalbard.fr\/actualites\/#organization"},"potentialAction":[{"@type":"SearchAction","target":{"@type":"EntryPoint","urlTemplate":"https:\/\/www.svalbard.fr\/actualites\/?s={search_term_string}"},"query-input":"required name=search_term_string"}],"inLanguage":"fr-FR"},{"@type":"Organization","@id":"https:\/\/www.svalbard.fr\/actualites\/#organization","name":"www.Svalbard.fr","url":"https:\/\/www.svalbard.fr\/actualites\/","logo":{"@type":"ImageObject","inLanguage":"fr-FR","@id":"https:\/\/www.svalbard.fr\/actualites\/#\/schema\/logo\/image\/","url":"https:\/\/www.svalbard.fr\/actualites\/wp-content\/uploads\/2023\/09\/head-nom.jpg","contentUrl":"https:\/\/www.svalbard.fr\/actualites\/wp-content\/uploads\/2023\/09\/head-nom.jpg","width":264,"height":35,"caption":"www.Svalbard.fr"},"image":{"@id":"https:\/\/www.svalbard.fr\/actualites\/#\/schema\/logo\/image\/"}},{"@type":"Person","@id":"https:\/\/www.svalbard.fr\/actualites\/#\/schema\/person\/a2f937d5712222366738fae98755c600","name":"Hilmar","image":{"@type":"ImageObject","inLanguage":"fr-FR","@id":"https:\/\/www.svalbard.fr\/actualites\/#\/schema\/person\/image\/","url":"https:\/\/secure.gravatar.com\/avatar\/4daa437093476dbc32da415c112b6512?s=96&d=mm&r=g","contentUrl":"https:\/\/secure.gravatar.com\/avatar\/4daa437093476dbc32da415c112b6512?s=96&d=mm&r=g","caption":"Hilmar"},"description":"Hilmar est un passionn\u00e9 des r\u00e9gions polaires, sp\u00e9cialis\u00e9 dans la r\u00e9daction d'articles sur le Spitzberg et autres destinations arctiques. Il apporte son expertise et sa passion pour l'Arctique au sein de l'\u00e9quipe de r\u00e9daction de Svalbard depuis de nombreuses ann\u00e9es.","sameAs":["https:\/\/www.svalbard.fr\/"]}]}},"_links":{"self":[{"href":"https:\/\/www.svalbard.fr\/actualites\/wp-json\/wp\/v2\/posts\/4214"}],"collection":[{"href":"https:\/\/www.svalbard.fr\/actualites\/wp-json\/wp\/v2\/posts"}],"about":[{"href":"https:\/\/www.svalbard.fr\/actualites\/wp-json\/wp\/v2\/types\/post"}],"author":[{"embeddable":true,"href":"https:\/\/www.svalbard.fr\/actualites\/wp-json\/wp\/v2\/users\/1"}],"replies":[{"embeddable":true,"href":"https:\/\/www.svalbard.fr\/actualites\/wp-json\/wp\/v2\/comments?post=4214"}],"version-history":[{"count":1,"href":"https:\/\/www.svalbard.fr\/actualites\/wp-json\/wp\/v2\/posts\/4214\/revisions"}],"predecessor-version":[{"id":4216,"href":"https:\/\/www.svalbard.fr\/actualites\/wp-json\/wp\/v2\/posts\/4214\/revisions\/4216"}],"wp:featuredmedia":[{"embeddable":true,"href":"https:\/\/www.svalbard.fr\/actualites\/wp-json\/wp\/v2\/media\/4215"}],"wp:attachment":[{"href":"https:\/\/www.svalbard.fr\/actualites\/wp-json\/wp\/v2\/media?parent=4214"}],"wp:term":[{"taxonomy":"category","embeddable":true,"href":"https:\/\/www.svalbard.fr\/actualites\/wp-json\/wp\/v2\/categories?post=4214"},{"taxonomy":"post_tag","embeddable":true,"href":"https:\/\/www.svalbard.fr\/actualites\/wp-json\/wp\/v2\/tags?post=4214"}],"curies":[{"name":"wp","href":"https:\/\/api.w.org\/{rel}","templated":true}]}}