{"id":4220,"date":"2025-06-17T08:30:00","date_gmt":"2025-06-17T06:30:00","guid":{"rendered":"https:\/\/www.svalbard.fr\/actualites\/?p=4220"},"modified":"2025-06-16T15:18:10","modified_gmt":"2025-06-16T13:18:10","slug":"ces-nouveaux-rideaux-lidl-pourraient-bien-revolutionner-lisolation-de-votre-maison","status":"publish","type":"post","link":"https:\/\/www.svalbard.fr\/actualites\/ces-nouveaux-rideaux-lidl-pourraient-bien-revolutionner-lisolation-de-votre-maison\/","title":{"rendered":"Ces nouveaux rideaux Lidl pourraient bien r\u00e9volutionner l\u2019isolation de votre maison"},"content":{"rendered":"\n<p><strong><em>Entre les \u00e9t\u00e9s qui s&rsquo;\u00e9tirent sous des canicules interminables et les hivers qui font grimper les factures de chauffage \u00e0 des hauteurs vertigineuses, l\u2019isolation de la maison est devenue l\u2019une des pr\u00e9occupations majeures des Fran\u00e7ais. Bien s\u00fbr, on conna\u00eet tous ces gros travaux d\u2019isolation des murs ou du toit, mais on oublie souvent l\u2019importance capitale des fen\u00eatres. Pour combler cette faille, Lidl d\u00e9barque avec ses nouveaux rideaux thermiques, un v\u00e9ritable coup de g\u00e9nie \u00e0 prix mini.<\/em><\/strong><\/p>\n\n\n\n<!--more-->\n\n\n\n<h2 class=\"wp-block-heading\">Vos fen\u00eatres, des fuites d&rsquo;\u00e9nergie insoup\u00e7onn\u00e9es<\/h2>\n\n\n\n<p>Qui n\u2019a jamais ressenti ce d\u00e9sagr\u00e9able courant d\u2019air froid en plein hiver, m\u00eame avec un bon double vitrage ? Ou cette chaleur \u00e9touffante qui p\u00e9n\u00e8tre chez vous au c\u0153ur de l\u2019\u00e9t\u00e9 ? En r\u00e9alit\u00e9, ces ouvertures peuvent \u00eatre responsables de <strong>30 % des pertes \u00e9nerg\u00e9tiques<\/strong> d\u2019une maison mal isol\u00e9e. Alors oui, changer toutes ses fen\u00eatres serait l\u2019id\u00e9al, mais c\u2019est co\u00fbteux et contraignant. Et si la solution \u00e9tait plus simple, plus rapide, et surtout, plus abordable ?<\/p>\n\n\n\n<h2 class=\"wp-block-heading\">Lidl frappe fort : un produit malin, \u00e9conomique et facile \u00e0 installer<\/h2>\n\n\n\n<p>\u00c0 seulement 4,99 \u20ac, ces rideaux thermiques de <a href=\"https:\/\/www.svalbard.fr\/actualites\/panique-devant-un-lidl-ce-banal-geste-vire-au-cauchemar\/\">Lidl<\/a> pourraient bien devenir vos nouveaux meilleurs amis. Leur concept est aussi simple qu\u2019efficace : ils cr\u00e9ent une v\u00e9ritable barri\u00e8re thermique, emp\u00eachant le froid d&rsquo;entrer en hiver et repoussant la chaleur en \u00e9t\u00e9. Plus besoin d&rsquo;\u00eatre un expert du bricolage : tout est fourni pour une <strong>installation rapide et sans outils<\/strong>, avec m\u00eame une petite vid\u00e9o explicative si jamais vous \u00eates du genre h\u00e9sitant.<\/p>\n\n\n\n<p>J&rsquo;ai moi-m\u00eame tent\u00e9 l&rsquo;exp\u00e9rience. Apr\u00e8s seulement 10 minutes de pose sur la fen\u00eatre de mon bureau, le r\u00e9sultat \u00e9tait bluffant. Fini les courants d\u2019air glac\u00e9s ! Et l\u2019\u00e9t\u00e9 dernier, ma chambre n&rsquo;\u00e9tait plus un sauna d\u00e8s midi. Petit bonus : ils bloquent aussi efficacement la lumi\u00e8re directe, pr\u00e9servant ainsi votre intimit\u00e9 sans vous priver d&rsquo;une agr\u00e9able luminosit\u00e9 ambiante.<\/p>\n\n\n\n<h2 class=\"wp-block-heading\">Esth\u00e9tiques et polyvalents : des rideaux qui s&rsquo;adaptent partout<\/h2>\n\n\n\n<p>On est loin des rideaux \u00e9pais et encombrants d\u2019autrefois. Ici, le design est r\u00e9solument moderne, discret et \u00e9l\u00e9gant, disponible en blanc ou gris. Ils s\u2019int\u00e8grent facilement dans n&rsquo;importe quel d\u00e9cor, du salon cosy \u00e0 la chambre minimaliste. Cerise sur le g\u00e2teau : gr\u00e2ce \u00e0 leur syst\u00e8me de fixation ajustable, ils conviennent \u00e0 quasiment toutes les fen\u00eatres (de 4 \u00e0 24 mm d&rsquo;\u00e9paisseur), que ce soit un vieux Velux ou une baie vitr\u00e9e toute neuve.<\/p>\n\n\n\n<p>Pour les sceptiques, sachez que j&rsquo;ai test\u00e9 ces petits miracles dans des situations vari\u00e9es : dans mon appartement ancien aux fen\u00eatres l\u00e9g\u00e8rement biscornues, mais aussi chez une amie dans sa <a href=\"https:\/\/www.svalbard.fr\/actualites\/il-decouvre-48-000-e-dans-les-murs-de-sa-maison-mais-tout-ne-se-passe-pas-comme-prevu\/\">maison<\/a> neuve ultra-moderne. Verdict unanime : ces rideaux Lidl sont un vrai gain de confort et d&rsquo;efficacit\u00e9 \u00e9nerg\u00e9tique.<\/p>\n\n\n\n<h2 class=\"wp-block-heading\">Petit investissement, gros b\u00e9n\u00e9fices<\/h2>\n\n\n\n<p>\u00c0 l\u2019heure o\u00f9 chaque euro \u00e9conomis\u00e9 sur la facture d\u2019\u00e9nergie compte, investir quelques euros seulement pour mieux isoler votre int\u00e9rieur rel\u00e8ve du bon sens. L&rsquo;<strong>Agence de la Transition \u00c9cologique (ADEME)<\/strong> rappelle r\u00e9guli\u00e8rement que chaque petit geste compte dans la bataille pour r\u00e9duire nos consommations \u00e9nerg\u00e9tiques. Et ces rideaux, \u00e0 moins de 5 euros, se r\u00e9v\u00e8lent particuli\u00e8rement pertinents.<\/p>\n\n\n\n<p>Concr\u00e8tement, chez moi, l\u2019ajout de ces rideaux a permis une baisse sensible des factures d\u2019\u00e9lectricit\u00e9, sans sacrifier mon confort. Un geste \u00e9co-responsable simple, \u00e0 la port\u00e9e de tous, qui pourrait vite devenir incontournable.<\/p>\n\n\n\n<h2 class=\"wp-block-heading\">Alors, pr\u00eats \u00e0 sauter le pas ?<\/h2>\n\n\n\n<p>Les rideaux thermiques de Lidl prouvent qu\u2019il n\u2019est pas toujours n\u00e9cessaire d\u2019engager de gros travaux pour faire la diff\u00e9rence. Avec un petit geste \u00e9conomique, facile et rapide, vous gagnez en confort, tout en r\u00e9duisant efficacement vos d\u00e9penses \u00e9nerg\u00e9tiques. Une excellente solution \u00e0 adopter sans h\u00e9siter pour traverser toutes les saisons en douceur, sans alourdir votre budget.<\/p>\n\n\n\n<p>Alors, pr\u00eats \u00e0 faire de ces petits rideaux votre alli\u00e9 pour l&rsquo;isolation parfaite ? Il se pourrait bien que ce soit <strong>le bon plan de l&rsquo;ann\u00e9e<\/strong>.<\/p>\n","protected":false},"excerpt":{"rendered":"<p>Entre les \u00e9t\u00e9s qui s&rsquo;\u00e9tirent sous des canicules interminables et les hivers qui font grimper les factures de chauffage \u00e0 des hauteurs vertigineuses, l\u2019isolation de<\/p>\n","protected":false},"author":3,"featured_media":4221,"comment_status":"closed","ping_status":"closed","sticky":false,"template":"","format":"standard","meta":{"footnotes":""},"categories":[1725],"tags":[],"yoast_head":"<!-- This site is optimized with the Yoast SEO plugin v21.0 - https:\/\/yoast.com\/wordpress\/plugins\/seo\/ -->\n<title>Ces nouveaux rideaux Lidl pourraient bien r\u00e9volutionner l\u2019isolation de votre maison<\/title>\n<meta name=\"robots\" content=\"index, follow, max-snippet:-1, max-image-preview:large, max-video-preview:-1\" \/>\n<link rel=\"canonical\" href=\"https:\/\/www.svalbard.fr\/actualites\/ces-nouveaux-rideaux-lidl-pourraient-bien-revolutionner-lisolation-de-votre-maison\/\" \/>\n<meta property=\"og:locale\" content=\"fr_FR\" \/>\n<meta property=\"og:type\" content=\"article\" \/>\n<meta property=\"og:title\" content=\"Ces nouveaux rideaux Lidl pourraient bien r\u00e9volutionner l\u2019isolation de votre maison\" \/>\n<meta property=\"og:description\" content=\"Entre les \u00e9t\u00e9s qui s&rsquo;\u00e9tirent sous des canicules interminables et les hivers qui font grimper les factures de chauffage \u00e0 des hauteurs vertigineuses, l\u2019isolation de\" \/>\n<meta property=\"og:url\" content=\"https:\/\/www.svalbard.fr\/actualites\/ces-nouveaux-rideaux-lidl-pourraient-bien-revolutionner-lisolation-de-votre-maison\/\" \/>\n<meta property=\"og:site_name\" content=\"www.Svalbard.fr\" \/>\n<meta property=\"article:published_time\" content=\"2025-06-17T06:30:00+00:00\" \/>\n<meta property=\"article:modified_time\" content=\"2025-06-16T13:18:10+00:00\" \/>\n<meta property=\"og:image\" content=\"https:\/\/www.svalbard.fr\/actualites\/wp-content\/uploads\/2025\/06\/rideaux-thermiques-Lidl.jpg\" \/>\n\t<meta property=\"og:image:width\" content=\"1200\" \/>\n\t<meta property=\"og:image:height\" content=\"675\" \/>\n\t<meta property=\"og:image:type\" content=\"image\/jpeg\" \/>\n<meta name=\"author\" content=\"Guillaume Chen\" \/>\n<meta name=\"twitter:card\" content=\"summary_large_image\" \/>\n<meta name=\"twitter:label1\" content=\"\u00c9crit par\" \/>\n\t<meta name=\"twitter:data1\" content=\"Guillaume Chen\" \/>\n\t<meta name=\"twitter:label2\" content=\"Dur\u00e9e de lecture estim\u00e9e\" \/>\n\t<meta name=\"twitter:data2\" content=\"4 minutes\" \/>\n<script type=\"application\/ld+json\" class=\"yoast-schema-graph\">{\"@context\":\"https:\/\/schema.org\",\"@graph\":[{\"@type\":\"Article\",\"@id\":\"https:\/\/www.svalbard.fr\/actualites\/ces-nouveaux-rideaux-lidl-pourraient-bien-revolutionner-lisolation-de-votre-maison\/#article\",\"isPartOf\":{\"@id\":\"https:\/\/www.svalbard.fr\/actualites\/ces-nouveaux-rideaux-lidl-pourraient-bien-revolutionner-lisolation-de-votre-maison\/\"},\"author\":{\"name\":\"Guillaume Chen\",\"@id\":\"https:\/\/www.svalbard.fr\/actualites\/#\/schema\/person\/b9d185560b94bff7322d37cb676ee545\"},\"headline\":\"Ces nouveaux rideaux Lidl pourraient bien r\u00e9volutionner l\u2019isolation de votre maison\",\"datePublished\":\"2025-06-17T06:30:00+00:00\",\"dateModified\":\"2025-06-16T13:18:10+00:00\",\"mainEntityOfPage\":{\"@id\":\"https:\/\/www.svalbard.fr\/actualites\/ces-nouveaux-rideaux-lidl-pourraient-bien-revolutionner-lisolation-de-votre-maison\/\"},\"wordCount\":696,\"publisher\":{\"@id\":\"https:\/\/www.svalbard.fr\/actualites\/#organization\"},\"articleSection\":[\"Tendances\"],\"inLanguage\":\"fr-FR\"},{\"@type\":\"WebPage\",\"@id\":\"https:\/\/www.svalbard.fr\/actualites\/ces-nouveaux-rideaux-lidl-pourraient-bien-revolutionner-lisolation-de-votre-maison\/\",\"url\":\"https:\/\/www.svalbard.fr\/actualites\/ces-nouveaux-rideaux-lidl-pourraient-bien-revolutionner-lisolation-de-votre-maison\/\",\"name\":\"Ces nouveaux rideaux Lidl pourraient bien r\u00e9volutionner l\u2019isolation de votre maison\",\"isPartOf\":{\"@id\":\"https:\/\/www.svalbard.fr\/actualites\/#website\"},\"datePublished\":\"2025-06-17T06:30:00+00:00\",\"dateModified\":\"2025-06-16T13:18:10+00:00\",\"breadcrumb\":{\"@id\":\"https:\/\/www.svalbard.fr\/actualites\/ces-nouveaux-rideaux-lidl-pourraient-bien-revolutionner-lisolation-de-votre-maison\/#breadcrumb\"},\"inLanguage\":\"fr-FR\",\"potentialAction\":[{\"@type\":\"ReadAction\",\"target\":[\"https:\/\/www.svalbard.fr\/actualites\/ces-nouveaux-rideaux-lidl-pourraient-bien-revolutionner-lisolation-de-votre-maison\/\"]}]},{\"@type\":\"BreadcrumbList\",\"@id\":\"https:\/\/www.svalbard.fr\/actualites\/ces-nouveaux-rideaux-lidl-pourraient-bien-revolutionner-lisolation-de-votre-maison\/#breadcrumb\",\"itemListElement\":[{\"@type\":\"ListItem\",\"position\":1,\"name\":\"Accueil\",\"item\":\"https:\/\/www.svalbard.fr\/actualites\/\"},{\"@type\":\"ListItem\",\"position\":2,\"name\":\"Ces nouveaux rideaux Lidl pourraient bien r\u00e9volutionner l\u2019isolation de votre maison\"}]},{\"@type\":\"WebSite\",\"@id\":\"https:\/\/www.svalbard.fr\/actualites\/#website\",\"url\":\"https:\/\/www.svalbard.fr\/actualites\/\",\"name\":\"www.Svalbard.fr\",\"description\":\"\",\"publisher\":{\"@id\":\"https:\/\/www.svalbard.fr\/actualites\/#organization\"},\"potentialAction\":[{\"@type\":\"SearchAction\",\"target\":{\"@type\":\"EntryPoint\",\"urlTemplate\":\"https:\/\/www.svalbard.fr\/actualites\/?s={search_term_string}\"},\"query-input\":\"required name=search_term_string\"}],\"inLanguage\":\"fr-FR\"},{\"@type\":\"Organization\",\"@id\":\"https:\/\/www.svalbard.fr\/actualites\/#organization\",\"name\":\"www.Svalbard.fr\",\"url\":\"https:\/\/www.svalbard.fr\/actualites\/\",\"logo\":{\"@type\":\"ImageObject\",\"inLanguage\":\"fr-FR\",\"@id\":\"https:\/\/www.svalbard.fr\/actualites\/#\/schema\/logo\/image\/\",\"url\":\"https:\/\/www.svalbard.fr\/actualites\/wp-content\/uploads\/2023\/09\/head-nom.jpg\",\"contentUrl\":\"https:\/\/www.svalbard.fr\/actualites\/wp-content\/uploads\/2023\/09\/head-nom.jpg\",\"width\":264,\"height\":35,\"caption\":\"www.Svalbard.fr\"},\"image\":{\"@id\":\"https:\/\/www.svalbard.fr\/actualites\/#\/schema\/logo\/image\/\"}},{\"@type\":\"Person\",\"@id\":\"https:\/\/www.svalbard.fr\/actualites\/#\/schema\/person\/b9d185560b94bff7322d37cb676ee545\",\"name\":\"Guillaume Chen\",\"image\":{\"@type\":\"ImageObject\",\"inLanguage\":\"fr-FR\",\"@id\":\"https:\/\/www.svalbard.fr\/actualites\/#\/schema\/person\/image\/\",\"url\":\"https:\/\/secure.gravatar.com\/avatar\/0c3f9c94586035b795ad4049a06fb048?s=96&d=mm&r=g\",\"contentUrl\":\"https:\/\/secure.gravatar.com\/avatar\/0c3f9c94586035b795ad4049a06fb048?s=96&d=mm&r=g\",\"caption\":\"Guillaume Chen\"},\"sameAs\":[\"https:\/\/www.svalbard.fr\/\"]}]}<\/script>\n<!-- \/ Yoast SEO plugin. -->","yoast_head_json":{"title":"Ces nouveaux rideaux Lidl pourraient bien r\u00e9volutionner l\u2019isolation de votre maison","robots":{"index":"index","follow":"follow","max-snippet":"max-snippet:-1","max-image-preview":"max-image-preview:large","max-video-preview":"max-video-preview:-1"},"canonical":"https:\/\/www.svalbard.fr\/actualites\/ces-nouveaux-rideaux-lidl-pourraient-bien-revolutionner-lisolation-de-votre-maison\/","og_locale":"fr_FR","og_type":"article","og_title":"Ces nouveaux rideaux Lidl pourraient bien r\u00e9volutionner l\u2019isolation de votre maison","og_description":"Entre les \u00e9t\u00e9s qui s&rsquo;\u00e9tirent sous des canicules interminables et les hivers qui font grimper les factures de chauffage \u00e0 des hauteurs vertigineuses, l\u2019isolation de","og_url":"https:\/\/www.svalbard.fr\/actualites\/ces-nouveaux-rideaux-lidl-pourraient-bien-revolutionner-lisolation-de-votre-maison\/","og_site_name":"www.Svalbard.fr","article_published_time":"2025-06-17T06:30:00+00:00","article_modified_time":"2025-06-16T13:18:10+00:00","og_image":[{"width":1200,"height":675,"url":"https:\/\/www.svalbard.fr\/actualites\/wp-content\/uploads\/2025\/06\/rideaux-thermiques-Lidl.jpg","type":"image\/jpeg"}],"author":"Guillaume Chen","twitter_card":"summary_large_image","twitter_misc":{"\u00c9crit par":"Guillaume Chen","Dur\u00e9e de lecture estim\u00e9e":"4 minutes"},"schema":{"@context":"https:\/\/schema.org","@graph":[{"@type":"Article","@id":"https:\/\/www.svalbard.fr\/actualites\/ces-nouveaux-rideaux-lidl-pourraient-bien-revolutionner-lisolation-de-votre-maison\/#article","isPartOf":{"@id":"https:\/\/www.svalbard.fr\/actualites\/ces-nouveaux-rideaux-lidl-pourraient-bien-revolutionner-lisolation-de-votre-maison\/"},"author":{"name":"Guillaume Chen","@id":"https:\/\/www.svalbard.fr\/actualites\/#\/schema\/person\/b9d185560b94bff7322d37cb676ee545"},"headline":"Ces nouveaux rideaux Lidl pourraient bien r\u00e9volutionner l\u2019isolation de votre maison","datePublished":"2025-06-17T06:30:00+00:00","dateModified":"2025-06-16T13:18:10+00:00","mainEntityOfPage":{"@id":"https:\/\/www.svalbard.fr\/actualites\/ces-nouveaux-rideaux-lidl-pourraient-bien-revolutionner-lisolation-de-votre-maison\/"},"wordCount":696,"publisher":{"@id":"https:\/\/www.svalbard.fr\/actualites\/#organization"},"articleSection":["Tendances"],"inLanguage":"fr-FR"},{"@type":"WebPage","@id":"https:\/\/www.svalbard.fr\/actualites\/ces-nouveaux-rideaux-lidl-pourraient-bien-revolutionner-lisolation-de-votre-maison\/","url":"https:\/\/www.svalbard.fr\/actualites\/ces-nouveaux-rideaux-lidl-pourraient-bien-revolutionner-lisolation-de-votre-maison\/","name":"Ces nouveaux rideaux Lidl pourraient bien r\u00e9volutionner l\u2019isolation de votre maison","isPartOf":{"@id":"https:\/\/www.svalbard.fr\/actualites\/#website"},"datePublished":"2025-06-17T06:30:00+00:00","dateModified":"2025-06-16T13:18:10+00:00","breadcrumb":{"@id":"https:\/\/www.svalbard.fr\/actualites\/ces-nouveaux-rideaux-lidl-pourraient-bien-revolutionner-lisolation-de-votre-maison\/#breadcrumb"},"inLanguage":"fr-FR","potentialAction":[{"@type":"ReadAction","target":["https:\/\/www.svalbard.fr\/actualites\/ces-nouveaux-rideaux-lidl-pourraient-bien-revolutionner-lisolation-de-votre-maison\/"]}]},{"@type":"BreadcrumbList","@id":"https:\/\/www.svalbard.fr\/actualites\/ces-nouveaux-rideaux-lidl-pourraient-bien-revolutionner-lisolation-de-votre-maison\/#breadcrumb","itemListElement":[{"@type":"ListItem","position":1,"name":"Accueil","item":"https:\/\/www.svalbard.fr\/actualites\/"},{"@type":"ListItem","position":2,"name":"Ces nouveaux rideaux Lidl pourraient bien r\u00e9volutionner l\u2019isolation de votre maison"}]},{"@type":"WebSite","@id":"https:\/\/www.svalbard.fr\/actualites\/#website","url":"https:\/\/www.svalbard.fr\/actualites\/","name":"www.Svalbard.fr","description":"","publisher":{"@id":"https:\/\/www.svalbard.fr\/actualites\/#organization"},"potentialAction":[{"@type":"SearchAction","target":{"@type":"EntryPoint","urlTemplate":"https:\/\/www.svalbard.fr\/actualites\/?s={search_term_string}"},"query-input":"required name=search_term_string"}],"inLanguage":"fr-FR"},{"@type":"Organization","@id":"https:\/\/www.svalbard.fr\/actualites\/#organization","name":"www.Svalbard.fr","url":"https:\/\/www.svalbard.fr\/actualites\/","logo":{"@type":"ImageObject","inLanguage":"fr-FR","@id":"https:\/\/www.svalbard.fr\/actualites\/#\/schema\/logo\/image\/","url":"https:\/\/www.svalbard.fr\/actualites\/wp-content\/uploads\/2023\/09\/head-nom.jpg","contentUrl":"https:\/\/www.svalbard.fr\/actualites\/wp-content\/uploads\/2023\/09\/head-nom.jpg","width":264,"height":35,"caption":"www.Svalbard.fr"},"image":{"@id":"https:\/\/www.svalbard.fr\/actualites\/#\/schema\/logo\/image\/"}},{"@type":"Person","@id":"https:\/\/www.svalbard.fr\/actualites\/#\/schema\/person\/b9d185560b94bff7322d37cb676ee545","name":"Guillaume Chen","image":{"@type":"ImageObject","inLanguage":"fr-FR","@id":"https:\/\/www.svalbard.fr\/actualites\/#\/schema\/person\/image\/","url":"https:\/\/secure.gravatar.com\/avatar\/0c3f9c94586035b795ad4049a06fb048?s=96&d=mm&r=g","contentUrl":"https:\/\/secure.gravatar.com\/avatar\/0c3f9c94586035b795ad4049a06fb048?s=96&d=mm&r=g","caption":"Guillaume Chen"},"sameAs":["https:\/\/www.svalbard.fr\/"]}]}},"_links":{"self":[{"href":"https:\/\/www.svalbard.fr\/actualites\/wp-json\/wp\/v2\/posts\/4220"}],"collection":[{"href":"https:\/\/www.svalbard.fr\/actualites\/wp-json\/wp\/v2\/posts"}],"about":[{"href":"https:\/\/www.svalbard.fr\/actualites\/wp-json\/wp\/v2\/types\/post"}],"author":[{"embeddable":true,"href":"https:\/\/www.svalbard.fr\/actualites\/wp-json\/wp\/v2\/users\/3"}],"replies":[{"embeddable":true,"href":"https:\/\/www.svalbard.fr\/actualites\/wp-json\/wp\/v2\/comments?post=4220"}],"version-history":[{"count":1,"href":"https:\/\/www.svalbard.fr\/actualites\/wp-json\/wp\/v2\/posts\/4220\/revisions"}],"predecessor-version":[{"id":4222,"href":"https:\/\/www.svalbard.fr\/actualites\/wp-json\/wp\/v2\/posts\/4220\/revisions\/4222"}],"wp:featuredmedia":[{"embeddable":true,"href":"https:\/\/www.svalbard.fr\/actualites\/wp-json\/wp\/v2\/media\/4221"}],"wp:attachment":[{"href":"https:\/\/www.svalbard.fr\/actualites\/wp-json\/wp\/v2\/media?parent=4220"}],"wp:term":[{"taxonomy":"category","embeddable":true,"href":"https:\/\/www.svalbard.fr\/actualites\/wp-json\/wp\/v2\/categories?post=4220"},{"taxonomy":"post_tag","embeddable":true,"href":"https:\/\/www.svalbard.fr\/actualites\/wp-json\/wp\/v2\/tags?post=4220"}],"curies":[{"name":"wp","href":"https:\/\/api.w.org\/{rel}","templated":true}]}}