{"id":4223,"date":"2025-06-17T10:30:00","date_gmt":"2025-06-17T08:30:00","guid":{"rendered":"https:\/\/www.svalbard.fr\/actualites\/?p=4223"},"modified":"2025-06-16T15:32:24","modified_gmt":"2025-06-16T13:32:24","slug":"il-modifie-radicalement-son-appartement-pour-se-venger-dun-locataire-lhistoire-insolite-qui-divise","status":"publish","type":"post","link":"https:\/\/www.svalbard.fr\/actualites\/il-modifie-radicalement-son-appartement-pour-se-venger-dun-locataire-lhistoire-insolite-qui-divise\/","title":{"rendered":"Il modifie radicalement son appartement pour se venger d&rsquo;un locataire : l&rsquo;histoire insolite qui divise"},"content":{"rendered":"\n<p><strong><em>Qui n\u2019a jamais r\u00eav\u00e9 d\u2019une petite vengeance apr\u00e8s avoir \u00e9t\u00e9 exc\u00e9d\u00e9 par une situation interminable ? Si certains d&rsquo;entre nous se contentent de r\u00eaver, un propri\u00e9taire \u00e0 Forbach, en Moselle, a d\u00e9cid\u00e9 de passer \u00e0 l\u2019action, d\u00e9clenchant une pol\u00e9mique plut\u00f4t inattendue.<\/em><\/strong><\/p>\n\n\n\n<!--more-->\n\n\n\n<h2 class=\"wp-block-heading\">Quand les conflits entre locataires et propri\u00e9taires virent \u00e0 l&rsquo;absurde<\/h2>\n\n\n\n<p>Apr\u00e8s des ann\u00e9es \u00e0 subir des loyers impay\u00e9s, un propri\u00e9taire de Forbach a finalement perdu patience, et pas qu\u2019un peu. Sa solution ? D\u00e9monter les <a href=\"https:\/\/www.svalbard.fr\/actualites\/lidl-introduit-des-rideaux-thermiques-revolutionnaires-pour-isoler-votre-maison-toute-lannee\/\">fen\u00eatres<\/a> de l\u2019appartement lou\u00e9, laissant seulement celle de la pi\u00e8ce occup\u00e9e par son locataire. Ce n\u2019\u00e9tait pas une expulsion directe, mais une mani\u00e8re, disons-le franchement, assez extr\u00eame de signifier son m\u00e9contentement.<\/p>\n\n\n\n<p>Bien s\u00fbr, cette histoire rappelle que la r\u00e9alit\u00e9 d\u00e9passe parfois la fiction. Personnellement, elle m\u2019a rappel\u00e9 cette fois o\u00f9 un ami avait retir\u00e9 la porte du frigo pour d\u00e9courager son colocataire de piller constamment ses yaourts. Mais revenons \u00e0 notre affaire, nettement plus s\u00e9rieuse.<\/p>\n\n\n\n<h2 class=\"wp-block-heading\">Un locataire pas si innocent ?<\/h2>\n\n\n\n<p>Le locataire concern\u00e9 s\u2019est tourn\u00e9 vers une association d&rsquo;aide au logement pour sa d\u00e9fense, affirmant que le propri\u00e9taire n\u2019avait jamais respect\u00e9 ses engagements en mati\u00e8re de r\u00e9novation, notamment concernant le toit et le chauffage. \u00ab Nous ne sommes pas irresponsables. Nous avons lanc\u00e9 une proc\u00e9dure l\u00e9gale pour clarifier cette affaire \u00bb, explique le repr\u00e9sentant de l\u2019association. Voil\u00e0 qui montre bien que dans ces histoires, rien n\u2019est jamais tout noir ou tout blanc.<\/p>\n\n\n\n<p>Ce type de conflit met souvent en \u00e9vidence les limites des proc\u00e9dures l\u00e9gales, parfois longues et fastidieuses, pour r\u00e9gler les diff\u00e9rends entre propri\u00e9taires et locataires. Une frustration compr\u00e9hensible peut donc pousser \u00e0 l\u2019extr\u00eame, mais attention : cela peut rapidement se retourner contre vous !<\/p>\n\n\n\n<h2 class=\"wp-block-heading\">Attention aux d\u00e9rives l\u00e9gales<\/h2>\n\n\n\n<p>Maria Rossi, experte en droit immobilier, rappelle que les propri\u00e9taires doivent \u00eatre vigilants face \u00e0 ce genre de r\u00e9action impulsive. D\u00e9monter les fen\u00eatres, ou toute autre modification radicale de l\u2019appartement, expose le propri\u00e9taire \u00e0 des risques juridiques cons\u00e9quents, notamment pour rupture abusive du contrat de location et d\u00e9g\u00e2ts mat\u00e9riels. Une telle action, aussi s\u00e9duisante puisse-t-elle \u00eatre sur le coup, complique davantage une situation d\u00e9j\u00e0 tendue.<\/p>\n\n\n\n<p>Par ailleurs, il faut comprendre les difficult\u00e9s financi\u00e8res r\u00e9elles auxquelles sont confront\u00e9s certains propri\u00e9taires. Les charges continuent d\u2019affluer, et sans rentr\u00e9e r\u00e9guli\u00e8re d\u2019<a href=\"https:\/\/www.svalbard.fr\/actualites\/ramasser-de-largent-par-terre-un-avocat-explique-les-risques-meconnus\/\">argent<\/a>, la situation devient rapidement intenable.<\/p>\n\n\n\n<p>Alors que faire ? Giuseppe Verdi, consultant immobilier, pr\u00e9conise des solutions pratiques et respectueuses des deux parties : la m\u00e9diation, une clarification approfondie des contrats de location, un accompagnement juridique r\u00e9gulier, et la mise en place de plans de paiement flexibles pour \u00e9viter que les dettes ne s&rsquo;accumulent.<\/p>\n\n\n\n<p>En conclusion, m\u00eame si la tentation est grande de r\u00e9agir sous le coup de l\u2019\u00e9motion, il est essentiel de respecter la l\u00e9gislation en vigueur pour ne pas aggraver la situation. La patience, le dialogue et, surtout, une bonne dose de bon sens sont souvent les meilleures armes pour r\u00e9gler efficacement ces diff\u00e9rends.<\/p>\n","protected":false},"excerpt":{"rendered":"<p>Qui n\u2019a jamais r\u00eav\u00e9 d\u2019une petite vengeance apr\u00e8s avoir \u00e9t\u00e9 exc\u00e9d\u00e9 par une situation interminable ? Si certains d&rsquo;entre nous se contentent de r\u00eaver, un<\/p>\n","protected":false},"author":3,"featured_media":4224,"comment_status":"closed","ping_status":"closed","sticky":false,"template":"","format":"standard","meta":{"footnotes":""},"categories":[1725],"tags":[],"yoast_head":"<!-- This site is optimized with the Yoast SEO plugin v21.0 - https:\/\/yoast.com\/wordpress\/plugins\/seo\/ -->\n<title>Il modifie radicalement son appartement pour se venger d&#039;un locataire : l&#039;histoire insolite qui divise<\/title>\n<meta name=\"robots\" content=\"index, follow, max-snippet:-1, max-image-preview:large, max-video-preview:-1\" \/>\n<link rel=\"canonical\" href=\"https:\/\/www.svalbard.fr\/actualites\/il-modifie-radicalement-son-appartement-pour-se-venger-dun-locataire-lhistoire-insolite-qui-divise\/\" \/>\n<meta property=\"og:locale\" content=\"fr_FR\" \/>\n<meta property=\"og:type\" content=\"article\" \/>\n<meta property=\"og:title\" content=\"Il modifie radicalement son appartement pour se venger d&#039;un locataire : l&#039;histoire insolite qui divise\" \/>\n<meta property=\"og:description\" content=\"Qui n\u2019a jamais r\u00eav\u00e9 d\u2019une petite vengeance apr\u00e8s avoir \u00e9t\u00e9 exc\u00e9d\u00e9 par une situation interminable ? Si certains d&rsquo;entre nous se contentent de r\u00eaver, un\" \/>\n<meta property=\"og:url\" content=\"https:\/\/www.svalbard.fr\/actualites\/il-modifie-radicalement-son-appartement-pour-se-venger-dun-locataire-lhistoire-insolite-qui-divise\/\" \/>\n<meta property=\"og:site_name\" content=\"www.Svalbard.fr\" \/>\n<meta property=\"article:published_time\" content=\"2025-06-17T08:30:00+00:00\" \/>\n<meta property=\"article:modified_time\" content=\"2025-06-16T13:32:24+00:00\" \/>\n<meta property=\"og:image\" content=\"https:\/\/www.svalbard.fr\/actualites\/wp-content\/uploads\/2025\/06\/Pour-se-venger-de-son-locataire.jpeg\" \/>\n\t<meta property=\"og:image:width\" content=\"1200\" \/>\n\t<meta property=\"og:image:height\" content=\"629\" \/>\n\t<meta property=\"og:image:type\" content=\"image\/jpeg\" \/>\n<meta name=\"author\" content=\"Guillaume Chen\" \/>\n<meta name=\"twitter:card\" content=\"summary_large_image\" \/>\n<meta name=\"twitter:label1\" content=\"\u00c9crit par\" \/>\n\t<meta name=\"twitter:data1\" content=\"Guillaume Chen\" \/>\n\t<meta name=\"twitter:label2\" content=\"Dur\u00e9e de lecture estim\u00e9e\" \/>\n\t<meta name=\"twitter:data2\" content=\"3 minutes\" \/>\n<script type=\"application\/ld+json\" class=\"yoast-schema-graph\">{\"@context\":\"https:\/\/schema.org\",\"@graph\":[{\"@type\":\"Article\",\"@id\":\"https:\/\/www.svalbard.fr\/actualites\/il-modifie-radicalement-son-appartement-pour-se-venger-dun-locataire-lhistoire-insolite-qui-divise\/#article\",\"isPartOf\":{\"@id\":\"https:\/\/www.svalbard.fr\/actualites\/il-modifie-radicalement-son-appartement-pour-se-venger-dun-locataire-lhistoire-insolite-qui-divise\/\"},\"author\":{\"name\":\"Guillaume Chen\",\"@id\":\"https:\/\/www.svalbard.fr\/actualites\/#\/schema\/person\/b9d185560b94bff7322d37cb676ee545\"},\"headline\":\"Il modifie radicalement son appartement pour se venger d&rsquo;un locataire : l&rsquo;histoire insolite qui divise\",\"datePublished\":\"2025-06-17T08:30:00+00:00\",\"dateModified\":\"2025-06-16T13:32:24+00:00\",\"mainEntityOfPage\":{\"@id\":\"https:\/\/www.svalbard.fr\/actualites\/il-modifie-radicalement-son-appartement-pour-se-venger-dun-locataire-lhistoire-insolite-qui-divise\/\"},\"wordCount\":552,\"publisher\":{\"@id\":\"https:\/\/www.svalbard.fr\/actualites\/#organization\"},\"articleSection\":[\"Tendances\"],\"inLanguage\":\"fr-FR\"},{\"@type\":\"WebPage\",\"@id\":\"https:\/\/www.svalbard.fr\/actualites\/il-modifie-radicalement-son-appartement-pour-se-venger-dun-locataire-lhistoire-insolite-qui-divise\/\",\"url\":\"https:\/\/www.svalbard.fr\/actualites\/il-modifie-radicalement-son-appartement-pour-se-venger-dun-locataire-lhistoire-insolite-qui-divise\/\",\"name\":\"Il modifie radicalement son appartement pour se venger d'un locataire : l'histoire insolite qui divise\",\"isPartOf\":{\"@id\":\"https:\/\/www.svalbard.fr\/actualites\/#website\"},\"datePublished\":\"2025-06-17T08:30:00+00:00\",\"dateModified\":\"2025-06-16T13:32:24+00:00\",\"breadcrumb\":{\"@id\":\"https:\/\/www.svalbard.fr\/actualites\/il-modifie-radicalement-son-appartement-pour-se-venger-dun-locataire-lhistoire-insolite-qui-divise\/#breadcrumb\"},\"inLanguage\":\"fr-FR\",\"potentialAction\":[{\"@type\":\"ReadAction\",\"target\":[\"https:\/\/www.svalbard.fr\/actualites\/il-modifie-radicalement-son-appartement-pour-se-venger-dun-locataire-lhistoire-insolite-qui-divise\/\"]}]},{\"@type\":\"BreadcrumbList\",\"@id\":\"https:\/\/www.svalbard.fr\/actualites\/il-modifie-radicalement-son-appartement-pour-se-venger-dun-locataire-lhistoire-insolite-qui-divise\/#breadcrumb\",\"itemListElement\":[{\"@type\":\"ListItem\",\"position\":1,\"name\":\"Accueil\",\"item\":\"https:\/\/www.svalbard.fr\/actualites\/\"},{\"@type\":\"ListItem\",\"position\":2,\"name\":\"Il modifie radicalement son appartement pour se venger d&rsquo;un locataire : l&rsquo;histoire insolite qui divise\"}]},{\"@type\":\"WebSite\",\"@id\":\"https:\/\/www.svalbard.fr\/actualites\/#website\",\"url\":\"https:\/\/www.svalbard.fr\/actualites\/\",\"name\":\"www.Svalbard.fr\",\"description\":\"\",\"publisher\":{\"@id\":\"https:\/\/www.svalbard.fr\/actualites\/#organization\"},\"potentialAction\":[{\"@type\":\"SearchAction\",\"target\":{\"@type\":\"EntryPoint\",\"urlTemplate\":\"https:\/\/www.svalbard.fr\/actualites\/?s={search_term_string}\"},\"query-input\":\"required name=search_term_string\"}],\"inLanguage\":\"fr-FR\"},{\"@type\":\"Organization\",\"@id\":\"https:\/\/www.svalbard.fr\/actualites\/#organization\",\"name\":\"www.Svalbard.fr\",\"url\":\"https:\/\/www.svalbard.fr\/actualites\/\",\"logo\":{\"@type\":\"ImageObject\",\"inLanguage\":\"fr-FR\",\"@id\":\"https:\/\/www.svalbard.fr\/actualites\/#\/schema\/logo\/image\/\",\"url\":\"https:\/\/www.svalbard.fr\/actualites\/wp-content\/uploads\/2023\/09\/head-nom.jpg\",\"contentUrl\":\"https:\/\/www.svalbard.fr\/actualites\/wp-content\/uploads\/2023\/09\/head-nom.jpg\",\"width\":264,\"height\":35,\"caption\":\"www.Svalbard.fr\"},\"image\":{\"@id\":\"https:\/\/www.svalbard.fr\/actualites\/#\/schema\/logo\/image\/\"}},{\"@type\":\"Person\",\"@id\":\"https:\/\/www.svalbard.fr\/actualites\/#\/schema\/person\/b9d185560b94bff7322d37cb676ee545\",\"name\":\"Guillaume Chen\",\"image\":{\"@type\":\"ImageObject\",\"inLanguage\":\"fr-FR\",\"@id\":\"https:\/\/www.svalbard.fr\/actualites\/#\/schema\/person\/image\/\",\"url\":\"https:\/\/secure.gravatar.com\/avatar\/0c3f9c94586035b795ad4049a06fb048?s=96&d=mm&r=g\",\"contentUrl\":\"https:\/\/secure.gravatar.com\/avatar\/0c3f9c94586035b795ad4049a06fb048?s=96&d=mm&r=g\",\"caption\":\"Guillaume Chen\"},\"sameAs\":[\"https:\/\/www.svalbard.fr\/\"]}]}<\/script>\n<!-- \/ Yoast SEO plugin. -->","yoast_head_json":{"title":"Il modifie radicalement son appartement pour se venger d'un locataire : l'histoire insolite qui divise","robots":{"index":"index","follow":"follow","max-snippet":"max-snippet:-1","max-image-preview":"max-image-preview:large","max-video-preview":"max-video-preview:-1"},"canonical":"https:\/\/www.svalbard.fr\/actualites\/il-modifie-radicalement-son-appartement-pour-se-venger-dun-locataire-lhistoire-insolite-qui-divise\/","og_locale":"fr_FR","og_type":"article","og_title":"Il modifie radicalement son appartement pour se venger d'un locataire : l'histoire insolite qui divise","og_description":"Qui n\u2019a jamais r\u00eav\u00e9 d\u2019une petite vengeance apr\u00e8s avoir \u00e9t\u00e9 exc\u00e9d\u00e9 par une situation interminable ? Si certains d&rsquo;entre nous se contentent de r\u00eaver, un","og_url":"https:\/\/www.svalbard.fr\/actualites\/il-modifie-radicalement-son-appartement-pour-se-venger-dun-locataire-lhistoire-insolite-qui-divise\/","og_site_name":"www.Svalbard.fr","article_published_time":"2025-06-17T08:30:00+00:00","article_modified_time":"2025-06-16T13:32:24+00:00","og_image":[{"width":1200,"height":629,"url":"https:\/\/www.svalbard.fr\/actualites\/wp-content\/uploads\/2025\/06\/Pour-se-venger-de-son-locataire.jpeg","type":"image\/jpeg"}],"author":"Guillaume Chen","twitter_card":"summary_large_image","twitter_misc":{"\u00c9crit par":"Guillaume Chen","Dur\u00e9e de lecture estim\u00e9e":"3 minutes"},"schema":{"@context":"https:\/\/schema.org","@graph":[{"@type":"Article","@id":"https:\/\/www.svalbard.fr\/actualites\/il-modifie-radicalement-son-appartement-pour-se-venger-dun-locataire-lhistoire-insolite-qui-divise\/#article","isPartOf":{"@id":"https:\/\/www.svalbard.fr\/actualites\/il-modifie-radicalement-son-appartement-pour-se-venger-dun-locataire-lhistoire-insolite-qui-divise\/"},"author":{"name":"Guillaume Chen","@id":"https:\/\/www.svalbard.fr\/actualites\/#\/schema\/person\/b9d185560b94bff7322d37cb676ee545"},"headline":"Il modifie radicalement son appartement pour se venger d&rsquo;un locataire : l&rsquo;histoire insolite qui divise","datePublished":"2025-06-17T08:30:00+00:00","dateModified":"2025-06-16T13:32:24+00:00","mainEntityOfPage":{"@id":"https:\/\/www.svalbard.fr\/actualites\/il-modifie-radicalement-son-appartement-pour-se-venger-dun-locataire-lhistoire-insolite-qui-divise\/"},"wordCount":552,"publisher":{"@id":"https:\/\/www.svalbard.fr\/actualites\/#organization"},"articleSection":["Tendances"],"inLanguage":"fr-FR"},{"@type":"WebPage","@id":"https:\/\/www.svalbard.fr\/actualites\/il-modifie-radicalement-son-appartement-pour-se-venger-dun-locataire-lhistoire-insolite-qui-divise\/","url":"https:\/\/www.svalbard.fr\/actualites\/il-modifie-radicalement-son-appartement-pour-se-venger-dun-locataire-lhistoire-insolite-qui-divise\/","name":"Il modifie radicalement son appartement pour se venger d'un locataire : l'histoire insolite qui divise","isPartOf":{"@id":"https:\/\/www.svalbard.fr\/actualites\/#website"},"datePublished":"2025-06-17T08:30:00+00:00","dateModified":"2025-06-16T13:32:24+00:00","breadcrumb":{"@id":"https:\/\/www.svalbard.fr\/actualites\/il-modifie-radicalement-son-appartement-pour-se-venger-dun-locataire-lhistoire-insolite-qui-divise\/#breadcrumb"},"inLanguage":"fr-FR","potentialAction":[{"@type":"ReadAction","target":["https:\/\/www.svalbard.fr\/actualites\/il-modifie-radicalement-son-appartement-pour-se-venger-dun-locataire-lhistoire-insolite-qui-divise\/"]}]},{"@type":"BreadcrumbList","@id":"https:\/\/www.svalbard.fr\/actualites\/il-modifie-radicalement-son-appartement-pour-se-venger-dun-locataire-lhistoire-insolite-qui-divise\/#breadcrumb","itemListElement":[{"@type":"ListItem","position":1,"name":"Accueil","item":"https:\/\/www.svalbard.fr\/actualites\/"},{"@type":"ListItem","position":2,"name":"Il modifie radicalement son appartement pour se venger d&rsquo;un locataire : l&rsquo;histoire insolite qui divise"}]},{"@type":"WebSite","@id":"https:\/\/www.svalbard.fr\/actualites\/#website","url":"https:\/\/www.svalbard.fr\/actualites\/","name":"www.Svalbard.fr","description":"","publisher":{"@id":"https:\/\/www.svalbard.fr\/actualites\/#organization"},"potentialAction":[{"@type":"SearchAction","target":{"@type":"EntryPoint","urlTemplate":"https:\/\/www.svalbard.fr\/actualites\/?s={search_term_string}"},"query-input":"required name=search_term_string"}],"inLanguage":"fr-FR"},{"@type":"Organization","@id":"https:\/\/www.svalbard.fr\/actualites\/#organization","name":"www.Svalbard.fr","url":"https:\/\/www.svalbard.fr\/actualites\/","logo":{"@type":"ImageObject","inLanguage":"fr-FR","@id":"https:\/\/www.svalbard.fr\/actualites\/#\/schema\/logo\/image\/","url":"https:\/\/www.svalbard.fr\/actualites\/wp-content\/uploads\/2023\/09\/head-nom.jpg","contentUrl":"https:\/\/www.svalbard.fr\/actualites\/wp-content\/uploads\/2023\/09\/head-nom.jpg","width":264,"height":35,"caption":"www.Svalbard.fr"},"image":{"@id":"https:\/\/www.svalbard.fr\/actualites\/#\/schema\/logo\/image\/"}},{"@type":"Person","@id":"https:\/\/www.svalbard.fr\/actualites\/#\/schema\/person\/b9d185560b94bff7322d37cb676ee545","name":"Guillaume Chen","image":{"@type":"ImageObject","inLanguage":"fr-FR","@id":"https:\/\/www.svalbard.fr\/actualites\/#\/schema\/person\/image\/","url":"https:\/\/secure.gravatar.com\/avatar\/0c3f9c94586035b795ad4049a06fb048?s=96&d=mm&r=g","contentUrl":"https:\/\/secure.gravatar.com\/avatar\/0c3f9c94586035b795ad4049a06fb048?s=96&d=mm&r=g","caption":"Guillaume Chen"},"sameAs":["https:\/\/www.svalbard.fr\/"]}]}},"_links":{"self":[{"href":"https:\/\/www.svalbard.fr\/actualites\/wp-json\/wp\/v2\/posts\/4223"}],"collection":[{"href":"https:\/\/www.svalbard.fr\/actualites\/wp-json\/wp\/v2\/posts"}],"about":[{"href":"https:\/\/www.svalbard.fr\/actualites\/wp-json\/wp\/v2\/types\/post"}],"author":[{"embeddable":true,"href":"https:\/\/www.svalbard.fr\/actualites\/wp-json\/wp\/v2\/users\/3"}],"replies":[{"embeddable":true,"href":"https:\/\/www.svalbard.fr\/actualites\/wp-json\/wp\/v2\/comments?post=4223"}],"version-history":[{"count":1,"href":"https:\/\/www.svalbard.fr\/actualites\/wp-json\/wp\/v2\/posts\/4223\/revisions"}],"predecessor-version":[{"id":4225,"href":"https:\/\/www.svalbard.fr\/actualites\/wp-json\/wp\/v2\/posts\/4223\/revisions\/4225"}],"wp:featuredmedia":[{"embeddable":true,"href":"https:\/\/www.svalbard.fr\/actualites\/wp-json\/wp\/v2\/media\/4224"}],"wp:attachment":[{"href":"https:\/\/www.svalbard.fr\/actualites\/wp-json\/wp\/v2\/media?parent=4223"}],"wp:term":[{"taxonomy":"category","embeddable":true,"href":"https:\/\/www.svalbard.fr\/actualites\/wp-json\/wp\/v2\/categories?post=4223"},{"taxonomy":"post_tag","embeddable":true,"href":"https:\/\/www.svalbard.fr\/actualites\/wp-json\/wp\/v2\/tags?post=4223"}],"curies":[{"name":"wp","href":"https:\/\/api.w.org\/{rel}","templated":true}]}}