{"id":4229,"date":"2025-06-16T19:12:24","date_gmt":"2025-06-16T17:12:24","guid":{"rendered":"https:\/\/www.svalbard.fr\/actualites\/le-roi-harald-met-en-evidence-le-changement-climatique-lors-dune-visite-rare-svalbard\/"},"modified":"2025-06-16T19:12:24","modified_gmt":"2025-06-16T17:12:24","slug":"le-roi-harald-met-en-evidence-le-changement-climatique-lors-dune-visite-rare-svalbard","status":"publish","type":"post","link":"https:\/\/www.svalbard.fr\/actualites\/le-roi-harald-met-en-evidence-le-changement-climatique-lors-dune-visite-rare-svalbard\/","title":{"rendered":"Le roi Harald met en \u00e9vidence le changement climatique lors d&#39;une visite rare Svalbard"},"content":{"rendered":"<div itemprop=\"text\">\n\t\t\t<span id=\"dpsp-post-content-markup\" data-image-pin-it=\"false\"><\/span><\/p>\n<p class=\"intro\">Le roi de Norv\u00e8ge a visit\u00e9 Svalbard dans un voyage symbolique et politiquement significatif, utilisant le voyage pour appeler \u00e0 la coop\u00e9ration internationale sur le changement climatique tout en renfor\u00e7ant la pr\u00e9sence de la Norv\u00e8ge dans l&#39;Arctique.<\/p>\n<p>En arrivant en mer \u00e0 bord du Royal Yacht K \/ S Norge, le roi Harald et la reine Sonja ont fait une visite de plusieurs jours \u00e0 Svalbard, l&#39;archipel arctique \u00e9loign\u00e9 qui repr\u00e9sente plus de 15% du territoire norv\u00e9gien.<\/p>\n<figure class=\"wp-block-image size-large\"><img data-lazyloaded=\"1\" data-placeholder-resp=\"768x432\" fetchpriority=\"high\" decoding=\"async\" width=\"768\" height=\"432\" src=\"https:\/\/www.svalbard.fr\/actualites\/wp-content\/uploads\/2025\/06\/Le-roi-Harald-met-en-evidence-le-changement-climatique-lors.jpg\" alt=\"Randonneurs sur Svalbard en \u00e9t\u00e9.\" class=\"wp-image-84029\"  data-><noscript><img fetchpriority=\"high\" decoding=\"async\" width=\"768\" height=\"432\" src=\"https:\/\/www.svalbard.fr\/actualites\/wp-content\/uploads\/2025\/06\/Le-roi-Harald-met-en-evidence-le-changement-climatique-lors.jpg\" alt=\"Randonneurs sur Svalbard en \u00e9t\u00e9.\" class=\"wp-image-84029\"  ><\/noscript><\/figure>\n<p>Le couple a touch\u00e9 terre \u00e0 Longyearbyen lundi apr\u00e8s s&#39;\u00eatre arr\u00eat\u00e9 pour la premi\u00e8re fois \u00e0 l&#39;\u00eele isol\u00e9e de Bj\u00f8rn\u00f8ya et visitant une famille de chasse traditionnelle dans une station de pi\u00e9geage \u00e9loign\u00e9e.<\/p>\n<p>Dans un discours prononc\u00e9 \u00e0 Longyearbyen, le roi Harald a mis en garde contre le rythme rapide du changement climatique dans le haut du Nord.<\/p>\n<p>\u00ab\u00a0Pour ceux d&#39;entre vous qui vivent ici, le changement climatique n&#39;est pas quelque chose qui se produira \u00e0 l&#39;avenir. Cela se produit maintenant\u00a0\u00bb, a d\u00e9clar\u00e9 le roi, ajoutant que Svalbard est \u00ab\u00a0comme le canari de la mine de charbon\u00a0\u00bb.<\/p>\n<h2 class=\"wp-block-heading\">Une visite symbolique<\/h2>\n<p>Le voyage du couple royal vers l&#39;Arctique, fabriqu\u00e9 par la mer plut\u00f4t que de l&#39;air, a ajout\u00e9 du poids symbolique au message.<\/p>\n<p>Le voyage comprenait une rencontre \u00e9troite avec Harrietbreen, l&#39;un des nombreux glaciers autour de Svalbard se retirant maintenant rapidement en raison des temp\u00e9ratures de r\u00e9chauffement. Selon l&#39;ONU, Svalbard est parmi les endroits les plus rapides sur Terre.<\/p>\n<p>Le roi Harald a \u00e9galement soulign\u00e9 la signification g\u00e9opolitique de Svalbard, qui a vu un int\u00e9r\u00eat international croissant ces derni\u00e8res ann\u00e9es. \u00abCela fait partie de la Norv\u00e8ge. C&#39;est pourquoi nous sommes ici.\u00bb<\/p>\n<p>La visite du roi a \u00e9t\u00e9 interpr\u00e9t\u00e9e par les experts comme un signal strat\u00e9gique de souverainet\u00e9, renfor\u00e7ant le statut de Svalbard comme une partie int\u00e9gr\u00e9e du Royaume de Norv\u00e8ge au milieu de l&#39;int\u00e9r\u00eat mondial croissant pour l&#39;Arctique.<\/p>\n<p>Sa pr\u00e9sence, selon les analystes, envoie un message non seulement aux Norv\u00e9giens vivant dans la r\u00e9gion, mais aussi \u00e0 la Russie et aux \u00c9tats-Unis.<\/p>\n<h2 class=\"wp-block-heading\">Rencontres avec la vie arctique<\/h2>\n<p>Pendant le voyage, le roi et la reine ont rencontr\u00e9 Ida et Jan Brunner, une paire de psychologues qui vivent maintenant du terrain dans une station de pi\u00e9geage traditionnelle \u00e0 Farmhamna.<\/p>\n<p>La famille Brunner, y compris leur fille en tout-petits, a choisi un style de vie enracin\u00e9 dans des traditions historiques de l&#39;Arctique telles que la chasse aux rennes et la collecte de bois de chauffage.<\/p>\n<p>Le couple royal a partag\u00e9 le caf\u00e9 et Kringle avec la famille et \u00e9chang\u00e9 des histoires sur la chasse, l&#39;une des passions personnelles du roi.<\/p>\n<p>Alors que le roi Harald et la reine Sonja ont exprim\u00e9 leur admiration pour le style de vie des Brunners, ils ont admis qu&#39;il pourrait \u00eatre attrayant que \u00abpendant une courte p\u00e9riode\u00bb. Pourtant, la reine a appel\u00e9 leur mode de vie \u00abimpressionnant\u00bb dans le monde hyper-connect\u00e9 d&#39;aujourd&#39;hui.<\/p>\n<h2 class=\"wp-block-heading\">Un appel \u00e0 la coop\u00e9ration<\/h2>\n<p>Tout au long de la visite, le roi Harald a soulign\u00e9 la n\u00e9cessit\u00e9 d&#39;une collaboration mondiale pour faire face aux d\u00e9fis climatiques et environnementaux.<\/p>\n<p>\u00ab\u00a0Nous avons besoin de bons accords internationaux et de confiance que nous pouvons compter les uns sur les autres, pour faire ce qui est le mieux pour l&#39;avenir de notre plan\u00e8te partag\u00e9e\u00a0\u00bb, a-t-il d\u00e9clar\u00e9.<\/p>\n<p>La visite royale poursuit une tradition de longue date de l&#39;engagement royal avec les r\u00e9gions \u00e9loign\u00e9es de la Norv\u00e8ge, mais les th\u00e8mes de ce voyage &#8211; urgence climatique, souverainet\u00e9 arctique et vie traditionnelle &#8211; ont donn\u00e9 au voyage une r\u00e9sonance \u00e9tonnamment contemporaine.<\/p>\n<\/p><\/div>\n","protected":false},"excerpt":{"rendered":"<p>Le roi de Norv\u00e8ge a visit\u00e9 Svalbard dans un voyage symbolique et politiquement significatif, utilisant le voyage pour appeler \u00e0 la coop\u00e9ration internationale sur le<\/p>\n","protected":false},"author":1,"featured_media":4230,"comment_status":"","ping_status":"","sticky":false,"template":"","format":"standard","meta":{"footnotes":""},"categories":[2277],"tags":[99,100,1496,4755,508,1133,889,388,507,31,666],"yoast_head":"<!-- This site is optimized with the Yoast SEO plugin v21.0 - https:\/\/yoast.com\/wordpress\/plugins\/seo\/ -->\n<title>Le roi Harald met en \u00e9vidence le changement climatique lors d&#039;une visite rare Svalbard<\/title>\n<meta name=\"robots\" content=\"index, follow, max-snippet:-1, max-image-preview:large, max-video-preview:-1\" \/>\n<link rel=\"canonical\" href=\"https:\/\/www.svalbard.fr\/actualites\/le-roi-harald-met-en-evidence-le-changement-climatique-lors-dune-visite-rare-svalbard\/\" \/>\n<meta property=\"og:locale\" content=\"fr_FR\" \/>\n<meta property=\"og:type\" content=\"article\" \/>\n<meta property=\"og:title\" content=\"Le roi Harald met en \u00e9vidence le changement climatique lors d&#039;une visite rare Svalbard\" \/>\n<meta property=\"og:description\" content=\"Le roi de Norv\u00e8ge a visit\u00e9 Svalbard dans un voyage symbolique et politiquement significatif, utilisant le voyage pour appeler \u00e0 la coop\u00e9ration internationale sur le\" \/>\n<meta property=\"og:url\" content=\"https:\/\/www.svalbard.fr\/actualites\/le-roi-harald-met-en-evidence-le-changement-climatique-lors-dune-visite-rare-svalbard\/\" \/>\n<meta property=\"og:site_name\" content=\"www.Svalbard.fr\" \/>\n<meta property=\"article:published_time\" content=\"2025-06-16T17:12:24+00:00\" \/>\n<meta property=\"og:image\" content=\"https:\/\/www.svalbard.fr\/actualites\/wp-content\/uploads\/2025\/06\/Le-roi-Harald-met-en-evidence-le-changement-climatique-lors.jpg\" \/>\n<meta name=\"author\" content=\"Hilmar\" \/>\n<meta name=\"twitter:card\" content=\"summary_large_image\" \/>\n<meta name=\"twitter:label1\" content=\"\u00c9crit par\" \/>\n\t<meta name=\"twitter:data1\" content=\"Hilmar\" \/>\n\t<meta name=\"twitter:label2\" content=\"Dur\u00e9e de lecture estim\u00e9e\" \/>\n\t<meta name=\"twitter:data2\" content=\"3 minutes\" \/>\n<script type=\"application\/ld+json\" class=\"yoast-schema-graph\">{\"@context\":\"https:\/\/schema.org\",\"@graph\":[{\"@type\":\"Article\",\"@id\":\"https:\/\/www.svalbard.fr\/actualites\/le-roi-harald-met-en-evidence-le-changement-climatique-lors-dune-visite-rare-svalbard\/#article\",\"isPartOf\":{\"@id\":\"https:\/\/www.svalbard.fr\/actualites\/le-roi-harald-met-en-evidence-le-changement-climatique-lors-dune-visite-rare-svalbard\/\"},\"author\":{\"name\":\"Hilmar\",\"@id\":\"https:\/\/www.svalbard.fr\/actualites\/#\/schema\/person\/a2f937d5712222366738fae98755c600\"},\"headline\":\"Le roi Harald met en \u00e9vidence le changement climatique lors d&#39;une visite rare Svalbard\",\"datePublished\":\"2025-06-16T17:12:24+00:00\",\"dateModified\":\"2025-06-16T17:12:24+00:00\",\"mainEntityOfPage\":{\"@id\":\"https:\/\/www.svalbard.fr\/actualites\/le-roi-harald-met-en-evidence-le-changement-climatique-lors-dune-visite-rare-svalbard\/\"},\"wordCount\":652,\"publisher\":{\"@id\":\"https:\/\/www.svalbard.fr\/actualites\/#organization\"},\"keywords\":[\"changement\",\"climatique\",\"d39une\",\"\u00e9vidence\",\"Harald\",\"lors\",\"met\",\"rare\",\"roi\",\"Svalbard\",\"visite\"],\"inLanguage\":\"fr-FR\"},{\"@type\":\"WebPage\",\"@id\":\"https:\/\/www.svalbard.fr\/actualites\/le-roi-harald-met-en-evidence-le-changement-climatique-lors-dune-visite-rare-svalbard\/\",\"url\":\"https:\/\/www.svalbard.fr\/actualites\/le-roi-harald-met-en-evidence-le-changement-climatique-lors-dune-visite-rare-svalbard\/\",\"name\":\"Le roi Harald met en \u00e9vidence le changement climatique lors d&#39;une visite rare Svalbard\",\"isPartOf\":{\"@id\":\"https:\/\/www.svalbard.fr\/actualites\/#website\"},\"datePublished\":\"2025-06-16T17:12:24+00:00\",\"dateModified\":\"2025-06-16T17:12:24+00:00\",\"breadcrumb\":{\"@id\":\"https:\/\/www.svalbard.fr\/actualites\/le-roi-harald-met-en-evidence-le-changement-climatique-lors-dune-visite-rare-svalbard\/#breadcrumb\"},\"inLanguage\":\"fr-FR\",\"potentialAction\":[{\"@type\":\"ReadAction\",\"target\":[\"https:\/\/www.svalbard.fr\/actualites\/le-roi-harald-met-en-evidence-le-changement-climatique-lors-dune-visite-rare-svalbard\/\"]}]},{\"@type\":\"BreadcrumbList\",\"@id\":\"https:\/\/www.svalbard.fr\/actualites\/le-roi-harald-met-en-evidence-le-changement-climatique-lors-dune-visite-rare-svalbard\/#breadcrumb\",\"itemListElement\":[{\"@type\":\"ListItem\",\"position\":1,\"name\":\"Accueil\",\"item\":\"https:\/\/www.svalbard.fr\/actualites\/\"},{\"@type\":\"ListItem\",\"position\":2,\"name\":\"Le roi Harald met en \u00e9vidence le changement climatique lors d&#39;une visite rare Svalbard\"}]},{\"@type\":\"WebSite\",\"@id\":\"https:\/\/www.svalbard.fr\/actualites\/#website\",\"url\":\"https:\/\/www.svalbard.fr\/actualites\/\",\"name\":\"www.Svalbard.fr\",\"description\":\"\",\"publisher\":{\"@id\":\"https:\/\/www.svalbard.fr\/actualites\/#organization\"},\"potentialAction\":[{\"@type\":\"SearchAction\",\"target\":{\"@type\":\"EntryPoint\",\"urlTemplate\":\"https:\/\/www.svalbard.fr\/actualites\/?s={search_term_string}\"},\"query-input\":\"required name=search_term_string\"}],\"inLanguage\":\"fr-FR\"},{\"@type\":\"Organization\",\"@id\":\"https:\/\/www.svalbard.fr\/actualites\/#organization\",\"name\":\"www.Svalbard.fr\",\"url\":\"https:\/\/www.svalbard.fr\/actualites\/\",\"logo\":{\"@type\":\"ImageObject\",\"inLanguage\":\"fr-FR\",\"@id\":\"https:\/\/www.svalbard.fr\/actualites\/#\/schema\/logo\/image\/\",\"url\":\"https:\/\/www.svalbard.fr\/actualites\/wp-content\/uploads\/2023\/09\/head-nom.jpg\",\"contentUrl\":\"https:\/\/www.svalbard.fr\/actualites\/wp-content\/uploads\/2023\/09\/head-nom.jpg\",\"width\":264,\"height\":35,\"caption\":\"www.Svalbard.fr\"},\"image\":{\"@id\":\"https:\/\/www.svalbard.fr\/actualites\/#\/schema\/logo\/image\/\"}},{\"@type\":\"Person\",\"@id\":\"https:\/\/www.svalbard.fr\/actualites\/#\/schema\/person\/a2f937d5712222366738fae98755c600\",\"name\":\"Hilmar\",\"image\":{\"@type\":\"ImageObject\",\"inLanguage\":\"fr-FR\",\"@id\":\"https:\/\/www.svalbard.fr\/actualites\/#\/schema\/person\/image\/\",\"url\":\"https:\/\/secure.gravatar.com\/avatar\/4daa437093476dbc32da415c112b6512?s=96&d=mm&r=g\",\"contentUrl\":\"https:\/\/secure.gravatar.com\/avatar\/4daa437093476dbc32da415c112b6512?s=96&d=mm&r=g\",\"caption\":\"Hilmar\"},\"description\":\"Hilmar est un passionn\u00e9 des r\u00e9gions polaires, sp\u00e9cialis\u00e9 dans la r\u00e9daction d'articles sur le Spitzberg et autres destinations arctiques. Il apporte son expertise et sa passion pour l'Arctique au sein de l'\u00e9quipe de r\u00e9daction de Svalbard depuis de nombreuses ann\u00e9es.\",\"sameAs\":[\"https:\/\/www.svalbard.fr\/\"]}]}<\/script>\n<!-- \/ Yoast SEO plugin. -->","yoast_head_json":{"title":"Le roi Harald met en \u00e9vidence le changement climatique lors d&#39;une visite rare Svalbard","robots":{"index":"index","follow":"follow","max-snippet":"max-snippet:-1","max-image-preview":"max-image-preview:large","max-video-preview":"max-video-preview:-1"},"canonical":"https:\/\/www.svalbard.fr\/actualites\/le-roi-harald-met-en-evidence-le-changement-climatique-lors-dune-visite-rare-svalbard\/","og_locale":"fr_FR","og_type":"article","og_title":"Le roi Harald met en \u00e9vidence le changement climatique lors d&#39;une visite rare Svalbard","og_description":"Le roi de Norv\u00e8ge a visit\u00e9 Svalbard dans un voyage symbolique et politiquement significatif, utilisant le voyage pour appeler \u00e0 la coop\u00e9ration internationale sur le","og_url":"https:\/\/www.svalbard.fr\/actualites\/le-roi-harald-met-en-evidence-le-changement-climatique-lors-dune-visite-rare-svalbard\/","og_site_name":"www.Svalbard.fr","article_published_time":"2025-06-16T17:12:24+00:00","og_image":[{"url":"https:\/\/www.svalbard.fr\/actualites\/wp-content\/uploads\/2025\/06\/Le-roi-Harald-met-en-evidence-le-changement-climatique-lors.jpg"}],"author":"Hilmar","twitter_card":"summary_large_image","twitter_misc":{"\u00c9crit par":"Hilmar","Dur\u00e9e de lecture estim\u00e9e":"3 minutes"},"schema":{"@context":"https:\/\/schema.org","@graph":[{"@type":"Article","@id":"https:\/\/www.svalbard.fr\/actualites\/le-roi-harald-met-en-evidence-le-changement-climatique-lors-dune-visite-rare-svalbard\/#article","isPartOf":{"@id":"https:\/\/www.svalbard.fr\/actualites\/le-roi-harald-met-en-evidence-le-changement-climatique-lors-dune-visite-rare-svalbard\/"},"author":{"name":"Hilmar","@id":"https:\/\/www.svalbard.fr\/actualites\/#\/schema\/person\/a2f937d5712222366738fae98755c600"},"headline":"Le roi Harald met en \u00e9vidence le changement climatique lors d&#39;une visite rare Svalbard","datePublished":"2025-06-16T17:12:24+00:00","dateModified":"2025-06-16T17:12:24+00:00","mainEntityOfPage":{"@id":"https:\/\/www.svalbard.fr\/actualites\/le-roi-harald-met-en-evidence-le-changement-climatique-lors-dune-visite-rare-svalbard\/"},"wordCount":652,"publisher":{"@id":"https:\/\/www.svalbard.fr\/actualites\/#organization"},"keywords":["changement","climatique","d39une","\u00e9vidence","Harald","lors","met","rare","roi","Svalbard","visite"],"inLanguage":"fr-FR"},{"@type":"WebPage","@id":"https:\/\/www.svalbard.fr\/actualites\/le-roi-harald-met-en-evidence-le-changement-climatique-lors-dune-visite-rare-svalbard\/","url":"https:\/\/www.svalbard.fr\/actualites\/le-roi-harald-met-en-evidence-le-changement-climatique-lors-dune-visite-rare-svalbard\/","name":"Le roi Harald met en \u00e9vidence le changement climatique lors d&#39;une visite rare Svalbard","isPartOf":{"@id":"https:\/\/www.svalbard.fr\/actualites\/#website"},"datePublished":"2025-06-16T17:12:24+00:00","dateModified":"2025-06-16T17:12:24+00:00","breadcrumb":{"@id":"https:\/\/www.svalbard.fr\/actualites\/le-roi-harald-met-en-evidence-le-changement-climatique-lors-dune-visite-rare-svalbard\/#breadcrumb"},"inLanguage":"fr-FR","potentialAction":[{"@type":"ReadAction","target":["https:\/\/www.svalbard.fr\/actualites\/le-roi-harald-met-en-evidence-le-changement-climatique-lors-dune-visite-rare-svalbard\/"]}]},{"@type":"BreadcrumbList","@id":"https:\/\/www.svalbard.fr\/actualites\/le-roi-harald-met-en-evidence-le-changement-climatique-lors-dune-visite-rare-svalbard\/#breadcrumb","itemListElement":[{"@type":"ListItem","position":1,"name":"Accueil","item":"https:\/\/www.svalbard.fr\/actualites\/"},{"@type":"ListItem","position":2,"name":"Le roi Harald met en \u00e9vidence le changement climatique lors d&#39;une visite rare Svalbard"}]},{"@type":"WebSite","@id":"https:\/\/www.svalbard.fr\/actualites\/#website","url":"https:\/\/www.svalbard.fr\/actualites\/","name":"www.Svalbard.fr","description":"","publisher":{"@id":"https:\/\/www.svalbard.fr\/actualites\/#organization"},"potentialAction":[{"@type":"SearchAction","target":{"@type":"EntryPoint","urlTemplate":"https:\/\/www.svalbard.fr\/actualites\/?s={search_term_string}"},"query-input":"required name=search_term_string"}],"inLanguage":"fr-FR"},{"@type":"Organization","@id":"https:\/\/www.svalbard.fr\/actualites\/#organization","name":"www.Svalbard.fr","url":"https:\/\/www.svalbard.fr\/actualites\/","logo":{"@type":"ImageObject","inLanguage":"fr-FR","@id":"https:\/\/www.svalbard.fr\/actualites\/#\/schema\/logo\/image\/","url":"https:\/\/www.svalbard.fr\/actualites\/wp-content\/uploads\/2023\/09\/head-nom.jpg","contentUrl":"https:\/\/www.svalbard.fr\/actualites\/wp-content\/uploads\/2023\/09\/head-nom.jpg","width":264,"height":35,"caption":"www.Svalbard.fr"},"image":{"@id":"https:\/\/www.svalbard.fr\/actualites\/#\/schema\/logo\/image\/"}},{"@type":"Person","@id":"https:\/\/www.svalbard.fr\/actualites\/#\/schema\/person\/a2f937d5712222366738fae98755c600","name":"Hilmar","image":{"@type":"ImageObject","inLanguage":"fr-FR","@id":"https:\/\/www.svalbard.fr\/actualites\/#\/schema\/person\/image\/","url":"https:\/\/secure.gravatar.com\/avatar\/4daa437093476dbc32da415c112b6512?s=96&d=mm&r=g","contentUrl":"https:\/\/secure.gravatar.com\/avatar\/4daa437093476dbc32da415c112b6512?s=96&d=mm&r=g","caption":"Hilmar"},"description":"Hilmar est un passionn\u00e9 des r\u00e9gions polaires, sp\u00e9cialis\u00e9 dans la r\u00e9daction d'articles sur le Spitzberg et autres destinations arctiques. Il apporte son expertise et sa passion pour l'Arctique au sein de l'\u00e9quipe de r\u00e9daction de Svalbard depuis de nombreuses ann\u00e9es.","sameAs":["https:\/\/www.svalbard.fr\/"]}]}},"_links":{"self":[{"href":"https:\/\/www.svalbard.fr\/actualites\/wp-json\/wp\/v2\/posts\/4229"}],"collection":[{"href":"https:\/\/www.svalbard.fr\/actualites\/wp-json\/wp\/v2\/posts"}],"about":[{"href":"https:\/\/www.svalbard.fr\/actualites\/wp-json\/wp\/v2\/types\/post"}],"author":[{"embeddable":true,"href":"https:\/\/www.svalbard.fr\/actualites\/wp-json\/wp\/v2\/users\/1"}],"replies":[{"embeddable":true,"href":"https:\/\/www.svalbard.fr\/actualites\/wp-json\/wp\/v2\/comments?post=4229"}],"version-history":[{"count":0,"href":"https:\/\/www.svalbard.fr\/actualites\/wp-json\/wp\/v2\/posts\/4229\/revisions"}],"wp:featuredmedia":[{"embeddable":true,"href":"https:\/\/www.svalbard.fr\/actualites\/wp-json\/wp\/v2\/media\/4230"}],"wp:attachment":[{"href":"https:\/\/www.svalbard.fr\/actualites\/wp-json\/wp\/v2\/media?parent=4229"}],"wp:term":[{"taxonomy":"category","embeddable":true,"href":"https:\/\/www.svalbard.fr\/actualites\/wp-json\/wp\/v2\/categories?post=4229"},{"taxonomy":"post_tag","embeddable":true,"href":"https:\/\/www.svalbard.fr\/actualites\/wp-json\/wp\/v2\/tags?post=4229"}],"curies":[{"name":"wp","href":"https:\/\/api.w.org\/{rel}","templated":true}]}}