{"id":4241,"date":"2025-06-18T07:50:00","date_gmt":"2025-06-18T05:50:00","guid":{"rendered":"https:\/\/www.svalbard.fr\/actualites\/?p=4241"},"modified":"2025-06-18T08:29:38","modified_gmt":"2025-06-18T06:29:38","slug":"spania-investerer-i-en-ny-innovativ-og-realistisk-energikilde","status":"publish","type":"post","link":"https:\/\/www.svalbard.fr\/actualites\/no\/spania-investerer-i-en-ny-innovativ-og-realistisk-energikilde\/","title":{"rendered":"Spania investerer i en ny, innovativ og realistisk energikilde"},"content":{"rendered":"\n<p><em><strong>I Spania har forskere utviklet en ny, innovativ l\u00f8sning som omdanner luftstr\u00f8mmer fra <\/strong><\/em><strong><em>ventilasjons- og klimaanlegg<\/em><\/strong><em><strong> til en kilde for <\/strong><\/em><strong><em>fornybar energi<\/em><\/strong><em><strong>. Dette prosjektet markerer et viktig skritt i retning av mer <\/strong><\/em><strong><em>b\u00e6rekraftige energil\u00f8sninger<\/em><\/strong><em><strong>, og viser hvordan <\/strong><\/em><strong><em>teknologi<\/em><\/strong><em><strong> kan utnytte ressurser som allerede finnes i v\u00e5rt daglige liv.<\/strong><\/em><\/p>\n\n\n\n<!--more-->\n\n\n\n<h2 class=\"wp-block-heading\">En energimulighet som kan endre spillet<\/h2>\n\n\n\n<p>Spanske forskere ved <strong>Universitetet i Madrid<\/strong> har laget en genial l\u00f8sning som kan bidra til \u00e5 redusere v\u00e5rt avhengighet av <strong>fossile brensler<\/strong>. Ved \u00e5 bruke <strong>vertikale turbiner<\/strong> som installeres p\u00e5 eksisterende <strong>ventilasjons- og klimaanlegg (CVC-systemer)<\/strong>, kan de utnytte <strong>luftstr\u00f8mmene<\/strong> som genereres av disse systemene for \u00e5 produsere elektrisitet. Denne oppfinnelsen gir et praktisk og \u00f8konomisk levedyktig alternativ til tradisjonelle <strong>energikilder<\/strong>.<\/p>\n\n\n\n<h2 class=\"wp-block-heading\">Teknologien bak innovasjonen<\/h2>\n\n\n\n<p>Turbiner med en kapasitet p\u00e5 <strong>9 kW<\/strong> har blitt brukt for \u00e5 fange den \u00ab\u00a0tapte\u00a0\u00bb energien fra <strong>luftstr\u00f8mmene<\/strong>. Disse <strong>turbiner<\/strong> er spesialdesignet for \u00e5 integreres direkte p\u00e5 eksisterende systemer uten \u00e5 p\u00e5virke deres normale funksjon. Et vellykket eksperiment i et <strong>datasenter<\/strong> i <strong>Colombia<\/strong> viste at l\u00f8sningen faktisk fungerer bedre enn forventet: en enkelt installasjon produserte <strong>468 MWh<\/strong> per \u00e5r. Dette viser potensialet for \u00e5 generere betydelige mengder <strong><a href=\"https:\/\/www.svalbard.fr\/actualites\/no\/dette-ambisiose-transatlantiske-prosjektet-kan-lose-det-storste-problemet-med-fornybar-energi\/\">energi<\/a><\/strong> ved hjelp av allerede eksisterende infrastruktur.<\/p>\n\n\n\n<h2 class=\"wp-block-heading\">\u00d8konomisk levedyktighet og lave driftskostnader<\/h2>\n\n\n\n<p>Det initiale investeringsbehovet for \u00e5 installere systemet er rundt <strong>111 540 euro<\/strong>, men vedlikeholdskostnadene er sv\u00e6rt lave, p\u00e5 kun <strong>1 005 euro<\/strong> \u00e5rlig. Allerede fra tredje drifts\u00e5r har prosjektet begynt \u00e5 betale seg selv, med en intern avkastning p\u00e5 <strong>50,69 %<\/strong> over 20 \u00e5r. Dette gj\u00f8r <strong>teknologien<\/strong> \u00f8konomisk attraktiv, spesielt med tanke p\u00e5 de lave vedlikeholdskostnadene.<\/p>\n\n\n\n<h2 class=\"wp-block-heading\">Reduksjon av CO2-utslipp<\/h2>\n\n\n\n<p>En av de viktigste fordelene med dette systemet er muligheten til \u00e5 redusere <strong>CO2-utslippene<\/strong>. <strong>Teknologien<\/strong> kan bidra til \u00e5 redusere utslippene med opptil <strong>300 tonn per \u00e5r<\/strong>, noe som er et stort pluss i <strong>Spania<\/strong> sitt arbeid med \u00e5 bekjempe <strong>klimaendringer<\/strong>. Dette er et viktig skritt mot \u00e5 oppn\u00e5 landets <strong>klimam\u00e5l<\/strong> og fremme mer ansvarlige <strong>energikilder<\/strong>.<\/p>\n\n\n\n<h2 class=\"wp-block-heading\">Kan dette bli en energirevolusjon?<\/h2>\n\n\n\n<p>Integrering av <strong>vertikale turbiner<\/strong> i <strong>CVC-systemer<\/strong> kan v\u00e6re starten p\u00e5 en st\u00f8rre <strong>energirevolusjon<\/strong>. Denne <strong>teknologien<\/strong> utnytter en allerede tilgjengelig ressurs og kan skaleres til forskjellige bransjer, fra <strong>datasentre<\/strong> til <strong>boligbygg<\/strong>. Likevel finnes det fortsatt flere utfordringer f\u00f8r teknologien kan bli globalt anerkjent som en standard.<\/p>\n\n\n\n<h2 class=\"wp-block-heading\">Skalering og markedets aksept<\/h2>\n\n\n\n<p>For at <strong>teknologien<\/strong> skal kunne bli en global standard, vil det kreve betydelige investeringer og ytterligere tester for \u00e5 demonstrere dens effektivitet og \u00f8konomiske b\u00e6rekraft under ulike forhold. Det vil ogs\u00e5 v\u00e6re n\u00f8dvendig med et klart bevis p\u00e5 investeringsavkastning i forskjellige milj\u00f8er f\u00f8r den kan tas i bruk p\u00e5 stor skala.<\/p>\n\n\n\n<h2 class=\"wp-block-heading\">Konklusjon: En innovasjon som kan endre fremtiden<\/h2>\n\n\n\n<p>Dette prosjektet fra <strong>Spania<\/strong> viser hvordan <strong>teknologiske innovasjoner<\/strong> kan gj\u00f8re tidligere ubrukte energikilder til b\u00e6rekraftige og \u00f8konomisk levedyktige l\u00f8sninger. Med tydelige \u00f8konomiske, milj\u00f8messige og tekniske fordeler kan denne <strong>teknologien<\/strong> bli et viktig verkt\u00f8y i kampen mot <strong>klimaendringer<\/strong>, og tilby et realistisk alternativ til de eksisterende <strong>energikildene<\/strong>. Hvis utfordringene knyttet til skalering og markedets aksept kan overvinnes, kan dette prosjektet inspirere til en bredere global adopsjon av lignende l\u00f8sninger.<\/p>\n","protected":false},"excerpt":{"rendered":"<p>I Spania har forskere utviklet en ny, innovativ l\u00f8sning som omdanner luftstr\u00f8mmer fra ventilasjons- og klimaanlegg til en kilde for fornybar energi. Dette prosjektet markerer<\/p>\n","protected":false},"author":3,"featured_media":4242,"comment_status":"closed","ping_status":"closed","sticky":false,"template":"","format":"standard","meta":{"footnotes":""},"categories":[4557],"tags":[],"yoast_head":"<!-- This site is optimized with the Yoast SEO plugin v21.0 - https:\/\/yoast.com\/wordpress\/plugins\/seo\/ -->\n<title>Spania investerer i en ny, innovativ og realistisk energikilde<\/title>\n<meta name=\"robots\" content=\"index, follow, max-snippet:-1, max-image-preview:large, max-video-preview:-1\" \/>\n<link rel=\"canonical\" href=\"https:\/\/www.svalbard.fr\/actualites\/no\/spania-investerer-i-en-ny-innovativ-og-realistisk-energikilde\/\" \/>\n<meta property=\"og:locale\" content=\"fr_FR\" \/>\n<meta property=\"og:type\" content=\"article\" \/>\n<meta property=\"og:title\" content=\"Spania investerer i en ny, innovativ og realistisk energikilde\" \/>\n<meta property=\"og:description\" content=\"I Spania har forskere utviklet en ny, innovativ l\u00f8sning som omdanner luftstr\u00f8mmer fra ventilasjons- og klimaanlegg til en kilde for fornybar energi. Dette prosjektet markerer\" \/>\n<meta property=\"og:url\" content=\"https:\/\/www.svalbard.fr\/actualites\/no\/spania-investerer-i-en-ny-innovativ-og-realistisk-energikilde\/\" \/>\n<meta property=\"og:site_name\" content=\"www.Svalbard.fr\" \/>\n<meta property=\"article:published_time\" content=\"2025-06-18T05:50:00+00:00\" \/>\n<meta property=\"article:modified_time\" content=\"2025-06-18T06:29:38+00:00\" \/>\n<meta property=\"og:image\" content=\"https:\/\/www.svalbard.fr\/actualites\/wp-content\/uploads\/2025\/06\/nouvelle-source-denergie.jpg\" \/>\n\t<meta property=\"og:image:width\" content=\"1200\" \/>\n\t<meta property=\"og:image:height\" content=\"800\" \/>\n\t<meta property=\"og:image:type\" content=\"image\/jpeg\" \/>\n<meta name=\"author\" content=\"Guillaume Chen\" \/>\n<meta name=\"twitter:card\" content=\"summary_large_image\" \/>\n<meta name=\"twitter:label1\" content=\"\u00c9crit par\" \/>\n\t<meta name=\"twitter:data1\" content=\"Guillaume Chen\" \/>\n\t<meta name=\"twitter:label2\" content=\"Dur\u00e9e de lecture estim\u00e9e\" \/>\n\t<meta name=\"twitter:data2\" content=\"3 minutes\" \/>\n<script type=\"application\/ld+json\" class=\"yoast-schema-graph\">{\"@context\":\"https:\/\/schema.org\",\"@graph\":[{\"@type\":\"Article\",\"@id\":\"https:\/\/www.svalbard.fr\/actualites\/no\/spania-investerer-i-en-ny-innovativ-og-realistisk-energikilde\/#article\",\"isPartOf\":{\"@id\":\"https:\/\/www.svalbard.fr\/actualites\/no\/spania-investerer-i-en-ny-innovativ-og-realistisk-energikilde\/\"},\"author\":{\"name\":\"Guillaume Chen\",\"@id\":\"https:\/\/www.svalbard.fr\/actualites\/#\/schema\/person\/b9d185560b94bff7322d37cb676ee545\"},\"headline\":\"Spania investerer i en ny, innovativ og realistisk energikilde\",\"datePublished\":\"2025-06-18T05:50:00+00:00\",\"dateModified\":\"2025-06-18T06:29:38+00:00\",\"mainEntityOfPage\":{\"@id\":\"https:\/\/www.svalbard.fr\/actualites\/no\/spania-investerer-i-en-ny-innovativ-og-realistisk-energikilde\/\"},\"wordCount\":507,\"publisher\":{\"@id\":\"https:\/\/www.svalbard.fr\/actualites\/#organization\"},\"articleSection\":[\"Trender\"],\"inLanguage\":\"fr-FR\"},{\"@type\":\"WebPage\",\"@id\":\"https:\/\/www.svalbard.fr\/actualites\/no\/spania-investerer-i-en-ny-innovativ-og-realistisk-energikilde\/\",\"url\":\"https:\/\/www.svalbard.fr\/actualites\/no\/spania-investerer-i-en-ny-innovativ-og-realistisk-energikilde\/\",\"name\":\"Spania investerer i en ny, innovativ og realistisk energikilde\",\"isPartOf\":{\"@id\":\"https:\/\/www.svalbard.fr\/actualites\/#website\"},\"datePublished\":\"2025-06-18T05:50:00+00:00\",\"dateModified\":\"2025-06-18T06:29:38+00:00\",\"breadcrumb\":{\"@id\":\"https:\/\/www.svalbard.fr\/actualites\/no\/spania-investerer-i-en-ny-innovativ-og-realistisk-energikilde\/#breadcrumb\"},\"inLanguage\":\"fr-FR\",\"potentialAction\":[{\"@type\":\"ReadAction\",\"target\":[\"https:\/\/www.svalbard.fr\/actualites\/no\/spania-investerer-i-en-ny-innovativ-og-realistisk-energikilde\/\"]}]},{\"@type\":\"BreadcrumbList\",\"@id\":\"https:\/\/www.svalbard.fr\/actualites\/no\/spania-investerer-i-en-ny-innovativ-og-realistisk-energikilde\/#breadcrumb\",\"itemListElement\":[{\"@type\":\"ListItem\",\"position\":1,\"name\":\"Accueil\",\"item\":\"https:\/\/www.svalbard.fr\/actualites\/\"},{\"@type\":\"ListItem\",\"position\":2,\"name\":\"Spania investerer i en ny, innovativ og realistisk energikilde\"}]},{\"@type\":\"WebSite\",\"@id\":\"https:\/\/www.svalbard.fr\/actualites\/#website\",\"url\":\"https:\/\/www.svalbard.fr\/actualites\/\",\"name\":\"www.Svalbard.fr\",\"description\":\"\",\"publisher\":{\"@id\":\"https:\/\/www.svalbard.fr\/actualites\/#organization\"},\"potentialAction\":[{\"@type\":\"SearchAction\",\"target\":{\"@type\":\"EntryPoint\",\"urlTemplate\":\"https:\/\/www.svalbard.fr\/actualites\/?s={search_term_string}\"},\"query-input\":\"required name=search_term_string\"}],\"inLanguage\":\"fr-FR\"},{\"@type\":\"Organization\",\"@id\":\"https:\/\/www.svalbard.fr\/actualites\/#organization\",\"name\":\"www.Svalbard.fr\",\"url\":\"https:\/\/www.svalbard.fr\/actualites\/\",\"logo\":{\"@type\":\"ImageObject\",\"inLanguage\":\"fr-FR\",\"@id\":\"https:\/\/www.svalbard.fr\/actualites\/#\/schema\/logo\/image\/\",\"url\":\"https:\/\/www.svalbard.fr\/actualites\/wp-content\/uploads\/2023\/09\/head-nom.jpg\",\"contentUrl\":\"https:\/\/www.svalbard.fr\/actualites\/wp-content\/uploads\/2023\/09\/head-nom.jpg\",\"width\":264,\"height\":35,\"caption\":\"www.Svalbard.fr\"},\"image\":{\"@id\":\"https:\/\/www.svalbard.fr\/actualites\/#\/schema\/logo\/image\/\"}},{\"@type\":\"Person\",\"@id\":\"https:\/\/www.svalbard.fr\/actualites\/#\/schema\/person\/b9d185560b94bff7322d37cb676ee545\",\"name\":\"Guillaume Chen\",\"image\":{\"@type\":\"ImageObject\",\"inLanguage\":\"fr-FR\",\"@id\":\"https:\/\/www.svalbard.fr\/actualites\/#\/schema\/person\/image\/\",\"url\":\"https:\/\/secure.gravatar.com\/avatar\/0c3f9c94586035b795ad4049a06fb048?s=96&d=mm&r=g\",\"contentUrl\":\"https:\/\/secure.gravatar.com\/avatar\/0c3f9c94586035b795ad4049a06fb048?s=96&d=mm&r=g\",\"caption\":\"Guillaume Chen\"},\"sameAs\":[\"https:\/\/www.svalbard.fr\/\"]}]}<\/script>\n<!-- \/ Yoast SEO plugin. -->","yoast_head_json":{"title":"Spania investerer i en ny, innovativ og realistisk energikilde","robots":{"index":"index","follow":"follow","max-snippet":"max-snippet:-1","max-image-preview":"max-image-preview:large","max-video-preview":"max-video-preview:-1"},"canonical":"https:\/\/www.svalbard.fr\/actualites\/no\/spania-investerer-i-en-ny-innovativ-og-realistisk-energikilde\/","og_locale":"fr_FR","og_type":"article","og_title":"Spania investerer i en ny, innovativ og realistisk energikilde","og_description":"I Spania har forskere utviklet en ny, innovativ l\u00f8sning som omdanner luftstr\u00f8mmer fra ventilasjons- og klimaanlegg til en kilde for fornybar energi. Dette prosjektet markerer","og_url":"https:\/\/www.svalbard.fr\/actualites\/no\/spania-investerer-i-en-ny-innovativ-og-realistisk-energikilde\/","og_site_name":"www.Svalbard.fr","article_published_time":"2025-06-18T05:50:00+00:00","article_modified_time":"2025-06-18T06:29:38+00:00","og_image":[{"width":1200,"height":800,"url":"https:\/\/www.svalbard.fr\/actualites\/wp-content\/uploads\/2025\/06\/nouvelle-source-denergie.jpg","type":"image\/jpeg"}],"author":"Guillaume Chen","twitter_card":"summary_large_image","twitter_misc":{"\u00c9crit par":"Guillaume Chen","Dur\u00e9e de lecture estim\u00e9e":"3 minutes"},"schema":{"@context":"https:\/\/schema.org","@graph":[{"@type":"Article","@id":"https:\/\/www.svalbard.fr\/actualites\/no\/spania-investerer-i-en-ny-innovativ-og-realistisk-energikilde\/#article","isPartOf":{"@id":"https:\/\/www.svalbard.fr\/actualites\/no\/spania-investerer-i-en-ny-innovativ-og-realistisk-energikilde\/"},"author":{"name":"Guillaume Chen","@id":"https:\/\/www.svalbard.fr\/actualites\/#\/schema\/person\/b9d185560b94bff7322d37cb676ee545"},"headline":"Spania investerer i en ny, innovativ og realistisk energikilde","datePublished":"2025-06-18T05:50:00+00:00","dateModified":"2025-06-18T06:29:38+00:00","mainEntityOfPage":{"@id":"https:\/\/www.svalbard.fr\/actualites\/no\/spania-investerer-i-en-ny-innovativ-og-realistisk-energikilde\/"},"wordCount":507,"publisher":{"@id":"https:\/\/www.svalbard.fr\/actualites\/#organization"},"articleSection":["Trender"],"inLanguage":"fr-FR"},{"@type":"WebPage","@id":"https:\/\/www.svalbard.fr\/actualites\/no\/spania-investerer-i-en-ny-innovativ-og-realistisk-energikilde\/","url":"https:\/\/www.svalbard.fr\/actualites\/no\/spania-investerer-i-en-ny-innovativ-og-realistisk-energikilde\/","name":"Spania investerer i en ny, innovativ og realistisk energikilde","isPartOf":{"@id":"https:\/\/www.svalbard.fr\/actualites\/#website"},"datePublished":"2025-06-18T05:50:00+00:00","dateModified":"2025-06-18T06:29:38+00:00","breadcrumb":{"@id":"https:\/\/www.svalbard.fr\/actualites\/no\/spania-investerer-i-en-ny-innovativ-og-realistisk-energikilde\/#breadcrumb"},"inLanguage":"fr-FR","potentialAction":[{"@type":"ReadAction","target":["https:\/\/www.svalbard.fr\/actualites\/no\/spania-investerer-i-en-ny-innovativ-og-realistisk-energikilde\/"]}]},{"@type":"BreadcrumbList","@id":"https:\/\/www.svalbard.fr\/actualites\/no\/spania-investerer-i-en-ny-innovativ-og-realistisk-energikilde\/#breadcrumb","itemListElement":[{"@type":"ListItem","position":1,"name":"Accueil","item":"https:\/\/www.svalbard.fr\/actualites\/"},{"@type":"ListItem","position":2,"name":"Spania investerer i en ny, innovativ og realistisk energikilde"}]},{"@type":"WebSite","@id":"https:\/\/www.svalbard.fr\/actualites\/#website","url":"https:\/\/www.svalbard.fr\/actualites\/","name":"www.Svalbard.fr","description":"","publisher":{"@id":"https:\/\/www.svalbard.fr\/actualites\/#organization"},"potentialAction":[{"@type":"SearchAction","target":{"@type":"EntryPoint","urlTemplate":"https:\/\/www.svalbard.fr\/actualites\/?s={search_term_string}"},"query-input":"required name=search_term_string"}],"inLanguage":"fr-FR"},{"@type":"Organization","@id":"https:\/\/www.svalbard.fr\/actualites\/#organization","name":"www.Svalbard.fr","url":"https:\/\/www.svalbard.fr\/actualites\/","logo":{"@type":"ImageObject","inLanguage":"fr-FR","@id":"https:\/\/www.svalbard.fr\/actualites\/#\/schema\/logo\/image\/","url":"https:\/\/www.svalbard.fr\/actualites\/wp-content\/uploads\/2023\/09\/head-nom.jpg","contentUrl":"https:\/\/www.svalbard.fr\/actualites\/wp-content\/uploads\/2023\/09\/head-nom.jpg","width":264,"height":35,"caption":"www.Svalbard.fr"},"image":{"@id":"https:\/\/www.svalbard.fr\/actualites\/#\/schema\/logo\/image\/"}},{"@type":"Person","@id":"https:\/\/www.svalbard.fr\/actualites\/#\/schema\/person\/b9d185560b94bff7322d37cb676ee545","name":"Guillaume Chen","image":{"@type":"ImageObject","inLanguage":"fr-FR","@id":"https:\/\/www.svalbard.fr\/actualites\/#\/schema\/person\/image\/","url":"https:\/\/secure.gravatar.com\/avatar\/0c3f9c94586035b795ad4049a06fb048?s=96&d=mm&r=g","contentUrl":"https:\/\/secure.gravatar.com\/avatar\/0c3f9c94586035b795ad4049a06fb048?s=96&d=mm&r=g","caption":"Guillaume Chen"},"sameAs":["https:\/\/www.svalbard.fr\/"]}]}},"_links":{"self":[{"href":"https:\/\/www.svalbard.fr\/actualites\/wp-json\/wp\/v2\/posts\/4241"}],"collection":[{"href":"https:\/\/www.svalbard.fr\/actualites\/wp-json\/wp\/v2\/posts"}],"about":[{"href":"https:\/\/www.svalbard.fr\/actualites\/wp-json\/wp\/v2\/types\/post"}],"author":[{"embeddable":true,"href":"https:\/\/www.svalbard.fr\/actualites\/wp-json\/wp\/v2\/users\/3"}],"replies":[{"embeddable":true,"href":"https:\/\/www.svalbard.fr\/actualites\/wp-json\/wp\/v2\/comments?post=4241"}],"version-history":[{"count":1,"href":"https:\/\/www.svalbard.fr\/actualites\/wp-json\/wp\/v2\/posts\/4241\/revisions"}],"predecessor-version":[{"id":4243,"href":"https:\/\/www.svalbard.fr\/actualites\/wp-json\/wp\/v2\/posts\/4241\/revisions\/4243"}],"wp:featuredmedia":[{"embeddable":true,"href":"https:\/\/www.svalbard.fr\/actualites\/wp-json\/wp\/v2\/media\/4242"}],"wp:attachment":[{"href":"https:\/\/www.svalbard.fr\/actualites\/wp-json\/wp\/v2\/media?parent=4241"}],"wp:term":[{"taxonomy":"category","embeddable":true,"href":"https:\/\/www.svalbard.fr\/actualites\/wp-json\/wp\/v2\/categories?post=4241"},{"taxonomy":"post_tag","embeddable":true,"href":"https:\/\/www.svalbard.fr\/actualites\/wp-json\/wp\/v2\/tags?post=4241"}],"curies":[{"name":"wp","href":"https:\/\/api.w.org\/{rel}","templated":true}]}}