{"id":427,"date":"2023-12-30T10:20:36","date_gmt":"2023-12-30T09:20:36","guid":{"rendered":"https:\/\/www.svalbard.fr\/actualites\/le-meilleur-de-la-vie-en-norvege-en-2023\/"},"modified":"2023-12-30T10:20:40","modified_gmt":"2023-12-30T09:20:40","slug":"le-meilleur-de-la-vie-en-norvege-en-2023","status":"publish","type":"post","link":"https:\/\/www.svalbard.fr\/actualites\/le-meilleur-de-la-vie-en-norvege-en-2023\/","title":{"rendered":"Le meilleur de la vie en Norv\u00e8ge en 2023"},"content":{"rendered":"<div itemprop=\"text\">\n<span id=\"dpsp-post-content-markup\" data-image-pin-it=\"false\"><\/span><\/p>\n<p class=\"intro\">Profitez de ce tour d&rsquo;horizon des articles, podcasts et vid\u00e9os les plus populaires publi\u00e9s ici sur la vie en Norv\u00e8ge tout au long de l&rsquo;ann\u00e9e.  De plus, obtenez un aper\u00e7u de ce qui vous attend pour 2024.<\/p>\n<p>Pouvez-vous croire que c&rsquo;est une autre ann\u00e9e termin\u00e9e et d\u00e9j\u00e0 termin\u00e9e ?  Je jure qu&rsquo;ils acc\u00e9l\u00e8rent avec l&rsquo;\u00e2ge.  Mes parents ont toujours dit la m\u00eame chose, et maintenant je le dis aussi !<\/p>\n<figure class=\"wp-block-image size-large\"><noscript><img fetchpriority=\"high\" decoding=\"async\" width=\"768\" height=\"433\" src=\"https:\/\/www.svalbard.fr\/actualites\/wp-content\/uploads\/2023\/12\/Le-meilleur-de-la-vie-en-Norvege-en-2023.jpeg\" alt=\"Bergen dans la lumi\u00e8re d'automne.  Photo : David Nikel.\" class=\"wp-image-78080\"  ><\/noscript><\/figure>\n<p>La vie en Norv\u00e8ge a \u00e9t\u00e9 une ann\u00e9e charg\u00e9e.  \u00c0 cette p\u00e9riode de l\u2019ann\u00e9e, j\u2019aime toujours jeter un regard en arri\u00e8re et voir quel contenu a bien fonctionn\u00e9, car cela m\u2019aide \u00e0 planifier la nouvelle ann\u00e9e.  Cette ann\u00e9e, je partage ces observations avec vous !<\/p>\n<p>Ce n&rsquo;est pas une revue typique de l&rsquo;ann\u00e9e, mais je partagerai le contenu le plus populaire de Life in Norv\u00e8ge.  Cela inclut les articles, les \u00e9pisodes de podcast et les vid\u00e9os produits au cours des 12 derniers mois.  Appr\u00e9cier!<\/p>\n<h2 class=\"wp-block-heading\">Articles populaires de 2023<\/h2>\n<p>Beaucoup de nos articles datant de plusieurs ann\u00e9es se sont r\u00e9v\u00e9l\u00e9s tout aussi populaires en 2023. Mais l\u2019article le plus populaire que nous avons publi\u00e9 au cours de l\u2019ann\u00e9e pourrait surprendre certains d\u2019entre vous !<\/p>\n<h3 class=\"wp-block-heading\">La controverse sur la protection de l\u2019enfance en Norv\u00e8ge devient un film de Bollywood<\/h3>\n<p>Le film de Bollywood \u00ab\u00a0Mme Chatterjee contre la Norv\u00e8ge\u00a0\u00bb est bas\u00e9 sur l&rsquo;histoire vraie d&rsquo;une m\u00e8re indienne qui s&rsquo;est battue pour r\u00e9cup\u00e9rer ses enfants apr\u00e8s qu&rsquo;ils aient \u00e9t\u00e9 enlev\u00e9s par les autorit\u00e9s norv\u00e9giennes.  Il a re\u00e7u une sortie cin\u00e9ma limit\u00e9e avant sa sortie sur Netflix.<\/p>\n<p>Le film est bas\u00e9 sur un scandale survenu en 2011, lorsqu&rsquo;une jeune fille et un gar\u00e7on ont \u00e9t\u00e9 retir\u00e9s \u00e0 leurs parents indiens \u00e0 Stavanger.  Les parents ont affirm\u00e9 que leurs enfants avaient \u00e9t\u00e9 enlev\u00e9s en raison de diff\u00e9rences culturelles, par exemple si la m\u00e8re dormait avec son enfant et le nourrissait avec ses mains.<\/p>\n<p>Les gouvernements norv\u00e9gien et indien se sont impliqu\u00e9s et des Indiens ont manifest\u00e9 devant l&rsquo;ambassade de Norv\u00e8ge en 2012. Vous pouvez en savoir plus sur l&rsquo;affaire et le film ici.<\/p>\n<h3 class=\"wp-block-heading\">Chaos dans les voyages alors que la temp\u00eate \u00ab Hans \u00bb frappe la Norv\u00e8ge<\/h3>\n<p>La Norv\u00e8ge a certainement re\u00e7u sa part de mauvais temps en 2023. En fait, l\u2019ann\u00e9e se termine avec une grave vague de froid qui devrait frapper une grande partie du centre et du nord de la Norv\u00e8ge.<\/p>\n<p>En ao\u00fbt dernier, des conditions m\u00e9t\u00e9orologiques extr\u00eames connues sous le nom de temp\u00eate Hans ont provoqu\u00e9 le chaos dans les voyages en Norv\u00e8ge.  Une p\u00e9riode de pluies intenses a provoqu\u00e9 des glissements de terrain et des inondations dans de nombreuses r\u00e9gions du pays, entra\u00eenant l&rsquo;\u00e9vacuation temporaire de centaines de personnes.<\/p>\n<figure class=\"wp-block-image size-large\"><img loading=\"lazy\" data-lazyloaded=\"1\" data-placeholder-resp=\"768x465\" decoding=\"async\" width=\"768\" height=\"465\" src=\"https:\/\/www.svalbard.fr\/actualites\/wp-content\/uploads\/2023\/12\/Le-meilleur-de-la-vie-en-Norvege-en-2023.jpg\" alt=\"Alerte m\u00e9t\u00e9o en Norv\u00e8ge pour la temp\u00eate \u00ab Hans \u00bb.  Capture d'\u00e9cran de NVE.\" class=\"wp-image-75998\"  data-><noscript><img loading=\"lazy\" decoding=\"async\" width=\"768\" height=\"465\" src=\"https:\/\/www.svalbard.fr\/actualites\/wp-content\/uploads\/2023\/12\/Le-meilleur-de-la-vie-en-Norvege-en-2023.jpg\" alt=\"Alerte m\u00e9t\u00e9o en Norv\u00e8ge pour la temp\u00eate \u00ab Hans \u00bb.  Capture d'\u00e9cran de NVE.\" class=\"wp-image-75998\"  ><\/noscript><\/figure>\n<p>L&rsquo;impact se fait encore sentir dans certaines r\u00e9gions du pays.  Les bus continuent de remplacer les trains sur une section de la ligne ferroviaire Oslo-Trondheim en raison des dommages caus\u00e9s aux voies ferr\u00e9es et aux ponts.<\/p>\n<h3 class=\"wp-block-heading\">Quand visiter la Norv\u00e8ge<\/h3>\n<p>Cet article est l\u2019un des nombreux articles r\u00e9dig\u00e9s pour r\u00e9pondre \u00e0 une question courante que nous recevons des gens du monde entier.  C&rsquo;est une question compr\u00e9hensible.  Un voyage en Norv\u00e8ge est pour de nombreuses personnes un voyage unique.  M\u00eame si vous revenez, cela reste une entreprise co\u00fbteuse.<\/p>\n<p>Mais bien s\u00fbr, la r\u00e9ponse \u00e0 la question de savoir quel est le meilleur moment pour visiter la Norv\u00e8ge est \u00ab \u00e7a d\u00e9pend ! \u00bb  Cet article d\u00e9taille les raisons courantes de visite et la p\u00e9riode de l&rsquo;ann\u00e9e qui vous convient le mieux en fonction de vos pr\u00e9f\u00e9rences.<\/p>\n<h3 class=\"wp-block-heading\">Serpents en Norv\u00e8ge<\/h3>\n<p>Bien que le climat norv\u00e9gien ne soit pas propice \u00e0 l&rsquo;existence de grandes populations de serpents, il existe une poign\u00e9e d&rsquo;esp\u00e8ces r\u00e9sidant en Norv\u00e8ge.  Cet article populaire est con\u00e7u pour donner aux voyageurs un aper\u00e7u des serpents \u00e0 surveiller en Norv\u00e8ge.<\/p>\n<h2 class=\"wp-block-heading\">Podcasts populaires<\/h2>\n<p>Je n\u2019ai r\u00e9ussi \u00e0 publier que six \u00e9pisodes de l\u2019\u00e9mission Life in Norv\u00e8ge en 2023. Mon mauvais !  C&rsquo;est quelque chose que je compte absolument r\u00e9gler en 2024. Avant m\u00eame que l&rsquo;ann\u00e9e ne commence, j&rsquo;ai deux \u00e9pisodes enregistr\u00e9s, donc on va bien d\u00e9marrer, c&rsquo;est s\u00fbr.<\/p>\n<p>Comme je pr\u00e9vois d&rsquo;enregistrer plus de concerts l&rsquo;ann\u00e9e prochaine, j&rsquo;aurai besoin de plus d&rsquo;invit\u00e9s.  Alors n&rsquo;h\u00e9sitez pas \u00e0 nous contacter si vous avez une histoire \u00e0 raconter.  Entre-temps, ce sont les deux \u00e9pisodes de podcast les plus populaires de l\u2019ann\u00e9e \u00e9coul\u00e9e.<\/p>\n<h3 class=\"wp-block-heading\">\u00c9pisode 72\u00a0: Trouver du travail en Norv\u00e8ge avec un mentor<\/h3>\n<p>Une rapatri\u00e9e en Norv\u00e8ge rejoint l&rsquo;\u00e9mission pour discuter de ses exp\u00e9riences de retour en Norv\u00e8ge apr\u00e8s de nombreuses ann\u00e9es \u00e0 l&rsquo;\u00e9tranger et de la mani\u00e8re dont le mentorat peut aider les \u00e9trangers \u00e0 trouver un emploi en Norv\u00e8ge.  \u00c9coutez l&rsquo;\u00e9mission ici.<\/p>\n<h3 class=\"wp-block-heading\">\u00c9pisode 69\u00a0: Un capitaine de bateau de croisi\u00e8re sur la vie en mer<\/h3>\n<p>Le capitaine Victor Stoica du bateau de croisi\u00e8re Borealis de Fred Olsen Cruise Lines discute de la vie en mer, de la responsabilit\u00e9 de diriger un bateau de croisi\u00e8re et de ses r\u00e9gions pr\u00e9f\u00e9r\u00e9es de la Norv\u00e8ge.<\/p>\n<figure class=\"wp-block-image size-large\"><img loading=\"lazy\" data-lazyloaded=\"1\" data-placeholder-resp=\"768x432\" decoding=\"async\" width=\"768\" height=\"432\" src=\"https:\/\/www.svalbard.fr\/actualites\/wp-content\/uploads\/2023\/12\/1703928036_214_Le-meilleur-de-la-vie-en-Norvege-en-2023.jpeg\" alt=\"La vie chez David Nikel du Norv\u00e8ge avec le capitaine Stoica de Borealis de Fred Olsen.\" class=\"wp-image-72857\"  data-><noscript><img loading=\"lazy\" decoding=\"async\" width=\"768\" height=\"432\" src=\"https:\/\/www.svalbard.fr\/actualites\/wp-content\/uploads\/2023\/12\/1703928036_214_Le-meilleur-de-la-vie-en-Norvege-en-2023.jpeg\" alt=\"La vie chez David Nikel du Norv\u00e8ge avec le capitaine Stoica de Borealis de Fred Olsen.\" class=\"wp-image-72857\"  ><\/noscript><\/figure>\n<p>C&rsquo;\u00e9tait l&rsquo;un de mes podcasts pr\u00e9f\u00e9r\u00e9s \u00e0 enregistrer, car j&rsquo;ai eu la chance de le faire sur la passerelle du navire du capitaine Stoica.  \u00c9coutez l&rsquo;\u00e9mission ici.<\/p>\n<h2 class=\"wp-block-heading\">Vid\u00e9os populaires<\/h2>\n<p>J&rsquo;ai vraiment aim\u00e9 r\u00e9aliser des vid\u00e9os en 2023. C&rsquo;est quelque chose que je veux continuer \u00e0 faire et dans lequel je veux m&rsquo;am\u00e9liorer, alors surveillez encore plus de vid\u00e9os \u00e0 venir en 2024.<\/p>\n<p>Si vous n&rsquo;\u00eates pas d\u00e9j\u00e0 abonn\u00e9, pourquoi ne pas vous abonner \u00e0 nous sur YouTube pour ne pas manquer nos derni\u00e8res vid\u00e9os.  En attendant, voici nos quatre vid\u00e9os les plus populaires de 2023.<\/p>\n<h3 class=\"wp-block-heading\">Points forts de la ville de Bergen<\/h3>\n<p>La vid\u00e9o de loin la plus populaire que nous avons publi\u00e9e en 2023 \u00e9tait un aper\u00e7u de certaines des activit\u00e9s les plus populaires \u00e0 Bergen.<\/p>\n<p>Bergen est le point de d\u00e9part id\u00e9al pour explorer le meilleur de la nature norv\u00e9gienne, mais les visiteurs ne doivent pas ignorer la ville elle-m\u00eame.  D&rsquo;un site class\u00e9 au patrimoine mondial de l&rsquo;UNESCO en son c\u0153ur \u00e0 une \u00e9glise en bois debout cach\u00e9e \u00e0 la vue de tous, regardez cette vid\u00e9o pour d\u00e9couvrir les meilleures choses \u00e0 faire \u00e0 Bergen, en Norv\u00e8ge.<\/p>\n<h3 class=\"wp-block-heading\">Havila Voyages : excursion en bateau \u00e0 Havila Capella<\/h3>\n<p>Les vid\u00e9os sur les navires ont bien fonctionn\u00e9 en 2023, mais celle-ci a fait mieux que toutes les autres.  Le Havila Capella est l&rsquo;un des quatre navires presque identiques actuellement en service sur la route c\u00f4ti\u00e8re norv\u00e9gienne.<\/p>\n<p>Dans cette vid\u00e9o de visite en bateau, je vous emm\u00e8nerai \u00e0 bord du Havila Capella pour vous permettre de bien voir les alentours et vous aider \u00e0 d\u00e9cider si un voyage au Havila vous convient.<\/p>\n<h3 class=\"wp-block-heading\">Excursion en bateau Fred Olsen Borealis<\/h3>\n<p>Une autre vid\u00e9o de navire qui a bien fonctionn\u00e9 en 2023 \u00e9tait notre visite du navire de croisi\u00e8re Fred Olsen Cruise Lines Borealis.<\/p>\n<p>Film\u00e9e lors d&rsquo;une croisi\u00e8re hivernale aurores bor\u00e9ales au nord de la Norv\u00e8ge en janvier, cette vid\u00e9o de visite du navire Borealis vous emm\u00e8nera \u00e0 l&rsquo;int\u00e9rieur d&rsquo;un bateau de croisi\u00e8re britannique traditionnel et vous aidera \u00e0 d\u00e9cider si cette fa\u00e7on de voir la Norv\u00e8ge vous convient.<\/p>\n<h2 class=\"wp-block-heading\">La vie en Norv\u00e8ge en 2024<\/h2>\n<p>Alors, que nous r\u00e9serve 2024 ?  J&rsquo;ai d\u00e9j\u00e0 donn\u00e9 la r\u00e9ponse.  Au cours de l\u2019ann\u00e9e \u00e0 venir, je passerai beaucoup de temps \u00e0 produire davantage d\u2019\u00e9pisodes de podcast et \u00e0 r\u00e9aliser davantage de vid\u00e9os.<\/p>\n<p>J&rsquo;adore \u00e9crire, mais il y a tellement plus de narrations que vous pouvez faire avec l&rsquo;audio et la vid\u00e9o.  Je suis ravi de vous pr\u00e9senter encore davantage de ces histoires dans les mois \u00e0 venir.  Si vous avez des id\u00e9es d&rsquo;\u00e9pisodes ou de vid\u00e9os de podcast, j&rsquo;aimerais les entendre dans les commentaires ci-dessous.<\/p>\n<p>Assurez-vous d&rsquo;\u00eatre abonn\u00e9 \u00e0 notre newsletter, Norwegian Weekly, pour ne rien manquer.<\/p>\n<\/div>\n","protected":false},"excerpt":{"rendered":"<p>Profitez de ce tour d&rsquo;horizon des articles, podcasts et vid\u00e9os les plus populaires publi\u00e9s ici sur la vie en Norv\u00e8ge tout au long de l&rsquo;ann\u00e9e.<\/p>\n","protected":false},"author":1,"featured_media":428,"comment_status":"closed","ping_status":"","sticky":false,"template":"","format":"standard","meta":{"footnotes":""},"categories":[1],"tags":[305,6,177],"yoast_head":"<!-- This site is optimized with the Yoast SEO plugin v21.0 - https:\/\/yoast.com\/wordpress\/plugins\/seo\/ -->\n<title>Le meilleur de la vie en Norv\u00e8ge en 2023<\/title>\n<meta name=\"robots\" content=\"index, follow, max-snippet:-1, max-image-preview:large, max-video-preview:-1\" \/>\n<link rel=\"canonical\" href=\"https:\/\/www.svalbard.fr\/actualites\/le-meilleur-de-la-vie-en-norvege-en-2023\/\" \/>\n<meta property=\"og:locale\" content=\"fr_FR\" \/>\n<meta property=\"og:type\" content=\"article\" \/>\n<meta property=\"og:title\" content=\"Le meilleur de la vie en Norv\u00e8ge en 2023\" \/>\n<meta property=\"og:description\" content=\"Profitez de ce tour d&rsquo;horizon des articles, podcasts et vid\u00e9os les plus populaires publi\u00e9s ici sur la vie en Norv\u00e8ge tout au long de l&rsquo;ann\u00e9e.\" \/>\n<meta property=\"og:url\" content=\"https:\/\/www.svalbard.fr\/actualites\/le-meilleur-de-la-vie-en-norvege-en-2023\/\" \/>\n<meta property=\"og:site_name\" content=\"www.Svalbard.fr\" \/>\n<meta property=\"article:published_time\" content=\"2023-12-30T09:20:36+00:00\" \/>\n<meta property=\"article:modified_time\" content=\"2023-12-30T09:20:40+00:00\" \/>\n<meta property=\"og:image\" content=\"https:\/\/www.svalbard.fr\/actualites\/wp-content\/uploads\/2023\/12\/1703928037_Le-meilleur-de-la-vie-en-Norvege-en-2023.jpeg\" \/>\n\t<meta property=\"og:image:width\" content=\"1640\" \/>\n\t<meta property=\"og:image:height\" content=\"924\" \/>\n\t<meta property=\"og:image:type\" content=\"image\/jpeg\" \/>\n<meta name=\"author\" content=\"Hilmar\" \/>\n<meta name=\"twitter:card\" content=\"summary_large_image\" \/>\n<meta name=\"twitter:label1\" content=\"\u00c9crit par\" \/>\n\t<meta name=\"twitter:data1\" content=\"Hilmar\" \/>\n\t<meta name=\"twitter:label2\" content=\"Dur\u00e9e de lecture estim\u00e9e\" \/>\n\t<meta name=\"twitter:data2\" content=\"7 minutes\" \/>\n<script type=\"application\/ld+json\" class=\"yoast-schema-graph\">{\"@context\":\"https:\/\/schema.org\",\"@graph\":[{\"@type\":\"Article\",\"@id\":\"https:\/\/www.svalbard.fr\/actualites\/le-meilleur-de-la-vie-en-norvege-en-2023\/#article\",\"isPartOf\":{\"@id\":\"https:\/\/www.svalbard.fr\/actualites\/le-meilleur-de-la-vie-en-norvege-en-2023\/\"},\"author\":{\"name\":\"Hilmar\",\"@id\":\"https:\/\/www.svalbard.fr\/actualites\/#\/schema\/person\/a2f937d5712222366738fae98755c600\"},\"headline\":\"Le meilleur de la vie en Norv\u00e8ge en 2023\",\"datePublished\":\"2023-12-30T09:20:36+00:00\",\"dateModified\":\"2023-12-30T09:20:40+00:00\",\"mainEntityOfPage\":{\"@id\":\"https:\/\/www.svalbard.fr\/actualites\/le-meilleur-de-la-vie-en-norvege-en-2023\/\"},\"wordCount\":1405,\"publisher\":{\"@id\":\"https:\/\/www.svalbard.fr\/actualites\/#organization\"},\"keywords\":[\"meilleur\",\"Norv\u00e8ge\",\"vie\"],\"articleSection\":[\"Svalbard\"],\"inLanguage\":\"fr-FR\"},{\"@type\":\"WebPage\",\"@id\":\"https:\/\/www.svalbard.fr\/actualites\/le-meilleur-de-la-vie-en-norvege-en-2023\/\",\"url\":\"https:\/\/www.svalbard.fr\/actualites\/le-meilleur-de-la-vie-en-norvege-en-2023\/\",\"name\":\"Le meilleur de la vie en Norv\u00e8ge en 2023\",\"isPartOf\":{\"@id\":\"https:\/\/www.svalbard.fr\/actualites\/#website\"},\"datePublished\":\"2023-12-30T09:20:36+00:00\",\"dateModified\":\"2023-12-30T09:20:40+00:00\",\"breadcrumb\":{\"@id\":\"https:\/\/www.svalbard.fr\/actualites\/le-meilleur-de-la-vie-en-norvege-en-2023\/#breadcrumb\"},\"inLanguage\":\"fr-FR\",\"potentialAction\":[{\"@type\":\"ReadAction\",\"target\":[\"https:\/\/www.svalbard.fr\/actualites\/le-meilleur-de-la-vie-en-norvege-en-2023\/\"]}]},{\"@type\":\"BreadcrumbList\",\"@id\":\"https:\/\/www.svalbard.fr\/actualites\/le-meilleur-de-la-vie-en-norvege-en-2023\/#breadcrumb\",\"itemListElement\":[{\"@type\":\"ListItem\",\"position\":1,\"name\":\"Accueil\",\"item\":\"https:\/\/www.svalbard.fr\/actualites\/\"},{\"@type\":\"ListItem\",\"position\":2,\"name\":\"Le meilleur de la vie en Norv\u00e8ge en 2023\"}]},{\"@type\":\"WebSite\",\"@id\":\"https:\/\/www.svalbard.fr\/actualites\/#website\",\"url\":\"https:\/\/www.svalbard.fr\/actualites\/\",\"name\":\"www.Svalbard.fr\",\"description\":\"\",\"publisher\":{\"@id\":\"https:\/\/www.svalbard.fr\/actualites\/#organization\"},\"potentialAction\":[{\"@type\":\"SearchAction\",\"target\":{\"@type\":\"EntryPoint\",\"urlTemplate\":\"https:\/\/www.svalbard.fr\/actualites\/?s={search_term_string}\"},\"query-input\":\"required name=search_term_string\"}],\"inLanguage\":\"fr-FR\"},{\"@type\":\"Organization\",\"@id\":\"https:\/\/www.svalbard.fr\/actualites\/#organization\",\"name\":\"www.Svalbard.fr\",\"url\":\"https:\/\/www.svalbard.fr\/actualites\/\",\"logo\":{\"@type\":\"ImageObject\",\"inLanguage\":\"fr-FR\",\"@id\":\"https:\/\/www.svalbard.fr\/actualites\/#\/schema\/logo\/image\/\",\"url\":\"https:\/\/www.svalbard.fr\/actualites\/wp-content\/uploads\/2023\/09\/head-nom.jpg\",\"contentUrl\":\"https:\/\/www.svalbard.fr\/actualites\/wp-content\/uploads\/2023\/09\/head-nom.jpg\",\"width\":264,\"height\":35,\"caption\":\"www.Svalbard.fr\"},\"image\":{\"@id\":\"https:\/\/www.svalbard.fr\/actualites\/#\/schema\/logo\/image\/\"}},{\"@type\":\"Person\",\"@id\":\"https:\/\/www.svalbard.fr\/actualites\/#\/schema\/person\/a2f937d5712222366738fae98755c600\",\"name\":\"Hilmar\",\"image\":{\"@type\":\"ImageObject\",\"inLanguage\":\"fr-FR\",\"@id\":\"https:\/\/www.svalbard.fr\/actualites\/#\/schema\/person\/image\/\",\"url\":\"https:\/\/secure.gravatar.com\/avatar\/4daa437093476dbc32da415c112b6512?s=96&d=mm&r=g\",\"contentUrl\":\"https:\/\/secure.gravatar.com\/avatar\/4daa437093476dbc32da415c112b6512?s=96&d=mm&r=g\",\"caption\":\"Hilmar\"},\"description\":\"Hilmar est un passionn\u00e9 des r\u00e9gions polaires, sp\u00e9cialis\u00e9 dans la r\u00e9daction d'articles sur le Spitzberg et autres destinations arctiques. Il apporte son expertise et sa passion pour l'Arctique au sein de l'\u00e9quipe de r\u00e9daction de Svalbard depuis de nombreuses ann\u00e9es.\",\"sameAs\":[\"https:\/\/www.svalbard.fr\/\"]}]}<\/script>\n<!-- \/ Yoast SEO plugin. -->","yoast_head_json":{"title":"Le meilleur de la vie en Norv\u00e8ge en 2023","robots":{"index":"index","follow":"follow","max-snippet":"max-snippet:-1","max-image-preview":"max-image-preview:large","max-video-preview":"max-video-preview:-1"},"canonical":"https:\/\/www.svalbard.fr\/actualites\/le-meilleur-de-la-vie-en-norvege-en-2023\/","og_locale":"fr_FR","og_type":"article","og_title":"Le meilleur de la vie en Norv\u00e8ge en 2023","og_description":"Profitez de ce tour d&rsquo;horizon des articles, podcasts et vid\u00e9os les plus populaires publi\u00e9s ici sur la vie en Norv\u00e8ge tout au long de l&rsquo;ann\u00e9e.","og_url":"https:\/\/www.svalbard.fr\/actualites\/le-meilleur-de-la-vie-en-norvege-en-2023\/","og_site_name":"www.Svalbard.fr","article_published_time":"2023-12-30T09:20:36+00:00","article_modified_time":"2023-12-30T09:20:40+00:00","og_image":[{"width":1640,"height":924,"url":"https:\/\/www.svalbard.fr\/actualites\/wp-content\/uploads\/2023\/12\/1703928037_Le-meilleur-de-la-vie-en-Norvege-en-2023.jpeg","type":"image\/jpeg"}],"author":"Hilmar","twitter_card":"summary_large_image","twitter_misc":{"\u00c9crit par":"Hilmar","Dur\u00e9e de lecture estim\u00e9e":"7 minutes"},"schema":{"@context":"https:\/\/schema.org","@graph":[{"@type":"Article","@id":"https:\/\/www.svalbard.fr\/actualites\/le-meilleur-de-la-vie-en-norvege-en-2023\/#article","isPartOf":{"@id":"https:\/\/www.svalbard.fr\/actualites\/le-meilleur-de-la-vie-en-norvege-en-2023\/"},"author":{"name":"Hilmar","@id":"https:\/\/www.svalbard.fr\/actualites\/#\/schema\/person\/a2f937d5712222366738fae98755c600"},"headline":"Le meilleur de la vie en Norv\u00e8ge en 2023","datePublished":"2023-12-30T09:20:36+00:00","dateModified":"2023-12-30T09:20:40+00:00","mainEntityOfPage":{"@id":"https:\/\/www.svalbard.fr\/actualites\/le-meilleur-de-la-vie-en-norvege-en-2023\/"},"wordCount":1405,"publisher":{"@id":"https:\/\/www.svalbard.fr\/actualites\/#organization"},"keywords":["meilleur","Norv\u00e8ge","vie"],"articleSection":["Svalbard"],"inLanguage":"fr-FR"},{"@type":"WebPage","@id":"https:\/\/www.svalbard.fr\/actualites\/le-meilleur-de-la-vie-en-norvege-en-2023\/","url":"https:\/\/www.svalbard.fr\/actualites\/le-meilleur-de-la-vie-en-norvege-en-2023\/","name":"Le meilleur de la vie en Norv\u00e8ge en 2023","isPartOf":{"@id":"https:\/\/www.svalbard.fr\/actualites\/#website"},"datePublished":"2023-12-30T09:20:36+00:00","dateModified":"2023-12-30T09:20:40+00:00","breadcrumb":{"@id":"https:\/\/www.svalbard.fr\/actualites\/le-meilleur-de-la-vie-en-norvege-en-2023\/#breadcrumb"},"inLanguage":"fr-FR","potentialAction":[{"@type":"ReadAction","target":["https:\/\/www.svalbard.fr\/actualites\/le-meilleur-de-la-vie-en-norvege-en-2023\/"]}]},{"@type":"BreadcrumbList","@id":"https:\/\/www.svalbard.fr\/actualites\/le-meilleur-de-la-vie-en-norvege-en-2023\/#breadcrumb","itemListElement":[{"@type":"ListItem","position":1,"name":"Accueil","item":"https:\/\/www.svalbard.fr\/actualites\/"},{"@type":"ListItem","position":2,"name":"Le meilleur de la vie en Norv\u00e8ge en 2023"}]},{"@type":"WebSite","@id":"https:\/\/www.svalbard.fr\/actualites\/#website","url":"https:\/\/www.svalbard.fr\/actualites\/","name":"www.Svalbard.fr","description":"","publisher":{"@id":"https:\/\/www.svalbard.fr\/actualites\/#organization"},"potentialAction":[{"@type":"SearchAction","target":{"@type":"EntryPoint","urlTemplate":"https:\/\/www.svalbard.fr\/actualites\/?s={search_term_string}"},"query-input":"required name=search_term_string"}],"inLanguage":"fr-FR"},{"@type":"Organization","@id":"https:\/\/www.svalbard.fr\/actualites\/#organization","name":"www.Svalbard.fr","url":"https:\/\/www.svalbard.fr\/actualites\/","logo":{"@type":"ImageObject","inLanguage":"fr-FR","@id":"https:\/\/www.svalbard.fr\/actualites\/#\/schema\/logo\/image\/","url":"https:\/\/www.svalbard.fr\/actualites\/wp-content\/uploads\/2023\/09\/head-nom.jpg","contentUrl":"https:\/\/www.svalbard.fr\/actualites\/wp-content\/uploads\/2023\/09\/head-nom.jpg","width":264,"height":35,"caption":"www.Svalbard.fr"},"image":{"@id":"https:\/\/www.svalbard.fr\/actualites\/#\/schema\/logo\/image\/"}},{"@type":"Person","@id":"https:\/\/www.svalbard.fr\/actualites\/#\/schema\/person\/a2f937d5712222366738fae98755c600","name":"Hilmar","image":{"@type":"ImageObject","inLanguage":"fr-FR","@id":"https:\/\/www.svalbard.fr\/actualites\/#\/schema\/person\/image\/","url":"https:\/\/secure.gravatar.com\/avatar\/4daa437093476dbc32da415c112b6512?s=96&d=mm&r=g","contentUrl":"https:\/\/secure.gravatar.com\/avatar\/4daa437093476dbc32da415c112b6512?s=96&d=mm&r=g","caption":"Hilmar"},"description":"Hilmar est un passionn\u00e9 des r\u00e9gions polaires, sp\u00e9cialis\u00e9 dans la r\u00e9daction d'articles sur le Spitzberg et autres destinations arctiques. Il apporte son expertise et sa passion pour l'Arctique au sein de l'\u00e9quipe de r\u00e9daction de Svalbard depuis de nombreuses ann\u00e9es.","sameAs":["https:\/\/www.svalbard.fr\/"]}]}},"_links":{"self":[{"href":"https:\/\/www.svalbard.fr\/actualites\/wp-json\/wp\/v2\/posts\/427"}],"collection":[{"href":"https:\/\/www.svalbard.fr\/actualites\/wp-json\/wp\/v2\/posts"}],"about":[{"href":"https:\/\/www.svalbard.fr\/actualites\/wp-json\/wp\/v2\/types\/post"}],"author":[{"embeddable":true,"href":"https:\/\/www.svalbard.fr\/actualites\/wp-json\/wp\/v2\/users\/1"}],"replies":[{"embeddable":true,"href":"https:\/\/www.svalbard.fr\/actualites\/wp-json\/wp\/v2\/comments?post=427"}],"version-history":[{"count":1,"href":"https:\/\/www.svalbard.fr\/actualites\/wp-json\/wp\/v2\/posts\/427\/revisions"}],"predecessor-version":[{"id":429,"href":"https:\/\/www.svalbard.fr\/actualites\/wp-json\/wp\/v2\/posts\/427\/revisions\/429"}],"wp:featuredmedia":[{"embeddable":true,"href":"https:\/\/www.svalbard.fr\/actualites\/wp-json\/wp\/v2\/media\/428"}],"wp:attachment":[{"href":"https:\/\/www.svalbard.fr\/actualites\/wp-json\/wp\/v2\/media?parent=427"}],"wp:term":[{"taxonomy":"category","embeddable":true,"href":"https:\/\/www.svalbard.fr\/actualites\/wp-json\/wp\/v2\/categories?post=427"},{"taxonomy":"post_tag","embeddable":true,"href":"https:\/\/www.svalbard.fr\/actualites\/wp-json\/wp\/v2\/tags?post=427"}],"curies":[{"name":"wp","href":"https:\/\/api.w.org\/{rel}","templated":true}]}}