{"id":4272,"date":"2025-06-18T20:44:33","date_gmt":"2025-06-18T18:44:33","guid":{"rendered":"https:\/\/www.svalbard.fr\/actualites\/les-plans-du-pays-europeen-de-lutte-contre-le-surechourisme-ont-ete-etiquetes-fascisme-de-conservation\/"},"modified":"2025-06-18T20:44:36","modified_gmt":"2025-06-18T18:44:36","slug":"les-plans-du-pays-europeen-de-lutte-contre-le-surechourisme-ont-ete-etiquetes-fascisme-de-conservation","status":"publish","type":"post","link":"https:\/\/www.svalbard.fr\/actualites\/les-plans-du-pays-europeen-de-lutte-contre-le-surechourisme-ont-ete-etiquetes-fascisme-de-conservation\/","title":{"rendered":"Les plans du pays europ\u00e9en de lutte contre le sur\u00e9chourisme ont \u00e9t\u00e9 \u00e9tiquet\u00e9s \u00abfascisme de conservation\u00bb"},"content":{"rendered":"<div>\n<p>Les nouvelles r\u00e8gles introduites pour lutter contre l&#39;augmentation du nombre de visiteurs dans l&#39;Arctique comprennent une distance obligatoire entre les navires touristiques et les ours polaires &#8211; mais un chef d&#39;exp\u00e9dition a condamn\u00e9 la mesure comme le \u00ab\u00a0fascisme de conservation\u00a0\u00bb. Bien que ce ne soit pas une destination traditionnelle de vacances \u00e0 la plage, la Norv\u00e8ge est parmi les nombreuses r\u00e9gions europ\u00e9ennes souffrant d&#39;une r\u00e9cente augmentation de la fr\u00e9quentation, avec 28,6 millions de personnes record de l&#39;h\u00e9bergement dans le pays l&#39;ann\u00e9e derni\u00e8re.<\/p>\n<p>Les habitants ont peur de la s\u00e9curit\u00e9 des ours polaires sur l&#39;archipel norv\u00e9gien de Svalbard ont introduit de nouvelles r\u00e9glementations en cons\u00e9quence, obligeant les navires touristiques \u00e0 rester \u00e0 500 m\u00e8tres des cr\u00e9atures, depuis cette ann\u00e9e. Les croisi\u00e8res d&#39;exp\u00e9dition autour de l&#39;\u00eele sont populaires aupr\u00e8s des touristes en visite dans l&#39;espoir d&#39;avoir un aper\u00e7u des carnivores prot\u00e9g\u00e9s dans leur habitat naturel &#8211; mais comme le nombre de touristes continue de cro\u00eetre, les responsables craignent que les habitats des ours polaires puissent \u00eatre en danger. \u00ab\u00a0Le changement climatique m\u00e8ne \u00e0 des conditions plus difficiles pour les ours polaires sur Svalbard\u00a0\u00bb, a averti Andreas Bjelland Eriksen, ministre du climat et de l&#39;environnement. \u00ab\u00a0Il est important pour eux de pouvoir rechercher de la nourriture, chasser, se reposer et prendre soin de leurs oursons sans interf\u00e9rence des humains.\u00a0\u00bb<\/p>\n<\/div>\n<div>\n<p>\u00ab\u00a0Garder une bonne distance garantira \u00e9galement que les situations dangereuses ne se produisent pas et que les ours polaires ne s&#39;habituent pas aux humains au fil du temps\u00a0\u00bb, a-t-il ajout\u00e9.<\/p>\n<p>La nouvelle loi stipule que quiconque \u00e0 proximit\u00e9 des ours polaires de l&#39;\u00eele \u00ab\u00a0maintient une distance l\u00e9gitime\u00a0\u00bb, avec des navires n\u00e9cessaires pour rester \u00e0 500 m\u00e8tres jusqu&#39;au 30 juin, avec une distance l\u00e9g\u00e8rement r\u00e9duite de 300 m\u00e8tres par rapport au 1er juillet.<\/p>\n<p>Les d\u00e9linquants pourraient \u00eatre emprisonn\u00e9s jusqu&#39;\u00e0 cinq ans si \u00ab\u00a0des dommages environnementaux substantiels ou un risque ont \u00e9t\u00e9 caus\u00e9s\u00a0\u00bb.<\/p>\n<p>Cependant, le chef de l&#39;exp\u00e9dition et photographe Paul Goldstein a d\u00e9crit les mesures comme du \u00ab\u00a0fascisme de la conservation\u00a0\u00bb, claquant les autorit\u00e9s norv\u00e9giennes qui les ont pr\u00e9sent\u00e9s comme des \u00ab\u00a0clowns\u00a0\u00bb.<\/p>\n<\/div>\n<div>\n<p>\u00ab\u00a0J&#39;ai dirig\u00e9 de petites chartes dans la r\u00e9gion depuis 2004\u00a0\u00bb, a d\u00e9clar\u00e9 M. Goldstein au podcast de voyage ind\u00e9pendant. \u00abJamais je n&#39;ai vu un seul incident o\u00f9 les touristes intimident ou affectent le comportement des ours polaires.<\/p>\n<p>\u00ab\u00a0Leur devise est tr\u00e8s simple:\u00a0\u00bb Nous ne sommes pas satisfaits tant que vous n&#39;\u00eates pas content. \u00ab\u00a0\u00a0\u00bb<\/p>\n<p>La Norv\u00e8ge devrait \u00e9galement introduire une taxe touristique \u00e0 partir de l&#39;\u00e9t\u00e9 2026, donnant aux municipalit\u00e9s l&#39;autorit\u00e9 de facturer des frais de 3% sur les passagers des navires de croisi\u00e8re et les nuit\u00e9s.<\/p>\n<p>La mesure a \u00e9t\u00e9 con\u00e7ue pour aider \u00e0 financer des services tendus, notamment les infrastructures du pays, les parkings et les toilettes publiques, et ne sera approuv\u00e9 qu&#39;une fois que les conseils fournissent une preuve de l&#39;impact n\u00e9gatif du sursaut sur leur r\u00e9gion.<\/p>\n<\/div>\n","protected":false},"excerpt":{"rendered":"<p>Les nouvelles r\u00e8gles introduites pour lutter contre l&#39;augmentation du nombre de visiteurs dans l&#39;Arctique comprennent une distance obligatoire entre les navires touristiques et les ours<\/p>\n","protected":false},"author":1,"featured_media":4273,"comment_status":"closed","ping_status":"","sticky":false,"template":"","format":"standard","meta":{"footnotes":""},"categories":[2277],"tags":[4771,228,185,4767,196,4769,3,149,122,287,1946,4765],"yoast_head":"<!-- This site is optimized with the Yoast SEO plugin v21.0 - https:\/\/yoast.com\/wordpress\/plugins\/seo\/ -->\n<title>Les plans du pays europ\u00e9en de lutte contre le sur\u00e9chourisme ont \u00e9t\u00e9 \u00e9tiquet\u00e9s \u00abfascisme de conservation\u00bb<\/title>\n<meta name=\"robots\" content=\"index, follow, max-snippet:-1, max-image-preview:large, max-video-preview:-1\" \/>\n<link rel=\"canonical\" href=\"https:\/\/www.svalbard.fr\/actualites\/les-plans-du-pays-europeen-de-lutte-contre-le-surechourisme-ont-ete-etiquetes-fascisme-de-conservation\/\" \/>\n<meta property=\"og:locale\" content=\"fr_FR\" \/>\n<meta property=\"og:type\" content=\"article\" \/>\n<meta property=\"og:title\" content=\"Les plans du pays europ\u00e9en de lutte contre le sur\u00e9chourisme ont \u00e9t\u00e9 \u00e9tiquet\u00e9s \u00abfascisme de conservation\u00bb\" \/>\n<meta property=\"og:description\" content=\"Les nouvelles r\u00e8gles introduites pour lutter contre l&#039;augmentation du nombre de visiteurs dans l&#039;Arctique comprennent une distance obligatoire entre les navires touristiques et les ours\" \/>\n<meta property=\"og:url\" content=\"https:\/\/www.svalbard.fr\/actualites\/les-plans-du-pays-europeen-de-lutte-contre-le-surechourisme-ont-ete-etiquetes-fascisme-de-conservation\/\" \/>\n<meta property=\"og:site_name\" content=\"www.Svalbard.fr\" \/>\n<meta property=\"article:published_time\" content=\"2025-06-18T18:44:33+00:00\" \/>\n<meta property=\"article:modified_time\" content=\"2025-06-18T18:44:36+00:00\" \/>\n<meta property=\"og:image\" content=\"https:\/\/www.svalbard.fr\/actualites\/wp-content\/uploads\/2025\/06\/Les-plans-du-pays-europeen-de-lutte-contre-le-surechourisme.jpg\" \/>\n\t<meta property=\"og:image:width\" content=\"1200\" \/>\n\t<meta property=\"og:image:height\" content=\"630\" \/>\n\t<meta property=\"og:image:type\" content=\"image\/jpeg\" \/>\n<meta name=\"author\" content=\"Hilmar\" \/>\n<meta name=\"twitter:card\" content=\"summary_large_image\" \/>\n<meta name=\"twitter:label1\" content=\"\u00c9crit par\" \/>\n\t<meta name=\"twitter:data1\" content=\"Hilmar\" \/>\n\t<meta name=\"twitter:label2\" content=\"Dur\u00e9e de lecture estim\u00e9e\" \/>\n\t<meta name=\"twitter:data2\" content=\"3 minutes\" \/>\n<script type=\"application\/ld+json\" class=\"yoast-schema-graph\">{\"@context\":\"https:\/\/schema.org\",\"@graph\":[{\"@type\":\"Article\",\"@id\":\"https:\/\/www.svalbard.fr\/actualites\/les-plans-du-pays-europeen-de-lutte-contre-le-surechourisme-ont-ete-etiquetes-fascisme-de-conservation\/#article\",\"isPartOf\":{\"@id\":\"https:\/\/www.svalbard.fr\/actualites\/les-plans-du-pays-europeen-de-lutte-contre-le-surechourisme-ont-ete-etiquetes-fascisme-de-conservation\/\"},\"author\":{\"name\":\"Hilmar\",\"@id\":\"https:\/\/www.svalbard.fr\/actualites\/#\/schema\/person\/a2f937d5712222366738fae98755c600\"},\"headline\":\"Les plans du pays europ\u00e9en de lutte contre le sur\u00e9chourisme ont \u00e9t\u00e9 \u00e9tiquet\u00e9s \u00abfascisme de conservation\u00bb\",\"datePublished\":\"2025-06-18T18:44:33+00:00\",\"dateModified\":\"2025-06-18T18:44:36+00:00\",\"mainEntityOfPage\":{\"@id\":\"https:\/\/www.svalbard.fr\/actualites\/les-plans-du-pays-europeen-de-lutte-contre-le-surechourisme-ont-ete-etiquetes-fascisme-de-conservation\/\"},\"wordCount\":545,\"publisher\":{\"@id\":\"https:\/\/www.svalbard.fr\/actualites\/#organization\"},\"keywords\":[\"conservation\",\"contre\",\"\u00e9t\u00e9\",\"\u00e9tiquet\u00e9s\",\"europ\u00e9en\",\"fascisme\",\"Les\",\"lutte\",\"ont\",\"pays\",\"plans\",\"sur\u00e9chourisme\"],\"inLanguage\":\"fr-FR\"},{\"@type\":\"WebPage\",\"@id\":\"https:\/\/www.svalbard.fr\/actualites\/les-plans-du-pays-europeen-de-lutte-contre-le-surechourisme-ont-ete-etiquetes-fascisme-de-conservation\/\",\"url\":\"https:\/\/www.svalbard.fr\/actualites\/les-plans-du-pays-europeen-de-lutte-contre-le-surechourisme-ont-ete-etiquetes-fascisme-de-conservation\/\",\"name\":\"Les plans du pays europ\u00e9en de lutte contre le sur\u00e9chourisme ont \u00e9t\u00e9 \u00e9tiquet\u00e9s \u00abfascisme de conservation\u00bb\",\"isPartOf\":{\"@id\":\"https:\/\/www.svalbard.fr\/actualites\/#website\"},\"datePublished\":\"2025-06-18T18:44:33+00:00\",\"dateModified\":\"2025-06-18T18:44:36+00:00\",\"breadcrumb\":{\"@id\":\"https:\/\/www.svalbard.fr\/actualites\/les-plans-du-pays-europeen-de-lutte-contre-le-surechourisme-ont-ete-etiquetes-fascisme-de-conservation\/#breadcrumb\"},\"inLanguage\":\"fr-FR\",\"potentialAction\":[{\"@type\":\"ReadAction\",\"target\":[\"https:\/\/www.svalbard.fr\/actualites\/les-plans-du-pays-europeen-de-lutte-contre-le-surechourisme-ont-ete-etiquetes-fascisme-de-conservation\/\"]}]},{\"@type\":\"BreadcrumbList\",\"@id\":\"https:\/\/www.svalbard.fr\/actualites\/les-plans-du-pays-europeen-de-lutte-contre-le-surechourisme-ont-ete-etiquetes-fascisme-de-conservation\/#breadcrumb\",\"itemListElement\":[{\"@type\":\"ListItem\",\"position\":1,\"name\":\"Accueil\",\"item\":\"https:\/\/www.svalbard.fr\/actualites\/\"},{\"@type\":\"ListItem\",\"position\":2,\"name\":\"Les plans du pays europ\u00e9en de lutte contre le sur\u00e9chourisme ont \u00e9t\u00e9 \u00e9tiquet\u00e9s \u00abfascisme de conservation\u00bb\"}]},{\"@type\":\"WebSite\",\"@id\":\"https:\/\/www.svalbard.fr\/actualites\/#website\",\"url\":\"https:\/\/www.svalbard.fr\/actualites\/\",\"name\":\"www.Svalbard.fr\",\"description\":\"\",\"publisher\":{\"@id\":\"https:\/\/www.svalbard.fr\/actualites\/#organization\"},\"potentialAction\":[{\"@type\":\"SearchAction\",\"target\":{\"@type\":\"EntryPoint\",\"urlTemplate\":\"https:\/\/www.svalbard.fr\/actualites\/?s={search_term_string}\"},\"query-input\":\"required name=search_term_string\"}],\"inLanguage\":\"fr-FR\"},{\"@type\":\"Organization\",\"@id\":\"https:\/\/www.svalbard.fr\/actualites\/#organization\",\"name\":\"www.Svalbard.fr\",\"url\":\"https:\/\/www.svalbard.fr\/actualites\/\",\"logo\":{\"@type\":\"ImageObject\",\"inLanguage\":\"fr-FR\",\"@id\":\"https:\/\/www.svalbard.fr\/actualites\/#\/schema\/logo\/image\/\",\"url\":\"https:\/\/www.svalbard.fr\/actualites\/wp-content\/uploads\/2023\/09\/head-nom.jpg\",\"contentUrl\":\"https:\/\/www.svalbard.fr\/actualites\/wp-content\/uploads\/2023\/09\/head-nom.jpg\",\"width\":264,\"height\":35,\"caption\":\"www.Svalbard.fr\"},\"image\":{\"@id\":\"https:\/\/www.svalbard.fr\/actualites\/#\/schema\/logo\/image\/\"}},{\"@type\":\"Person\",\"@id\":\"https:\/\/www.svalbard.fr\/actualites\/#\/schema\/person\/a2f937d5712222366738fae98755c600\",\"name\":\"Hilmar\",\"image\":{\"@type\":\"ImageObject\",\"inLanguage\":\"fr-FR\",\"@id\":\"https:\/\/www.svalbard.fr\/actualites\/#\/schema\/person\/image\/\",\"url\":\"https:\/\/secure.gravatar.com\/avatar\/4daa437093476dbc32da415c112b6512?s=96&d=mm&r=g\",\"contentUrl\":\"https:\/\/secure.gravatar.com\/avatar\/4daa437093476dbc32da415c112b6512?s=96&d=mm&r=g\",\"caption\":\"Hilmar\"},\"description\":\"Hilmar est un passionn\u00e9 des r\u00e9gions polaires, sp\u00e9cialis\u00e9 dans la r\u00e9daction d'articles sur le Spitzberg et autres destinations arctiques. Il apporte son expertise et sa passion pour l'Arctique au sein de l'\u00e9quipe de r\u00e9daction de Svalbard depuis de nombreuses ann\u00e9es.\",\"sameAs\":[\"https:\/\/www.svalbard.fr\/\"]}]}<\/script>\n<!-- \/ Yoast SEO plugin. -->","yoast_head_json":{"title":"Les plans du pays europ\u00e9en de lutte contre le sur\u00e9chourisme ont \u00e9t\u00e9 \u00e9tiquet\u00e9s \u00abfascisme de conservation\u00bb","robots":{"index":"index","follow":"follow","max-snippet":"max-snippet:-1","max-image-preview":"max-image-preview:large","max-video-preview":"max-video-preview:-1"},"canonical":"https:\/\/www.svalbard.fr\/actualites\/les-plans-du-pays-europeen-de-lutte-contre-le-surechourisme-ont-ete-etiquetes-fascisme-de-conservation\/","og_locale":"fr_FR","og_type":"article","og_title":"Les plans du pays europ\u00e9en de lutte contre le sur\u00e9chourisme ont \u00e9t\u00e9 \u00e9tiquet\u00e9s \u00abfascisme de conservation\u00bb","og_description":"Les nouvelles r\u00e8gles introduites pour lutter contre l&#39;augmentation du nombre de visiteurs dans l&#39;Arctique comprennent une distance obligatoire entre les navires touristiques et les ours","og_url":"https:\/\/www.svalbard.fr\/actualites\/les-plans-du-pays-europeen-de-lutte-contre-le-surechourisme-ont-ete-etiquetes-fascisme-de-conservation\/","og_site_name":"www.Svalbard.fr","article_published_time":"2025-06-18T18:44:33+00:00","article_modified_time":"2025-06-18T18:44:36+00:00","og_image":[{"width":1200,"height":630,"url":"https:\/\/www.svalbard.fr\/actualites\/wp-content\/uploads\/2025\/06\/Les-plans-du-pays-europeen-de-lutte-contre-le-surechourisme.jpg","type":"image\/jpeg"}],"author":"Hilmar","twitter_card":"summary_large_image","twitter_misc":{"\u00c9crit par":"Hilmar","Dur\u00e9e de lecture estim\u00e9e":"3 minutes"},"schema":{"@context":"https:\/\/schema.org","@graph":[{"@type":"Article","@id":"https:\/\/www.svalbard.fr\/actualites\/les-plans-du-pays-europeen-de-lutte-contre-le-surechourisme-ont-ete-etiquetes-fascisme-de-conservation\/#article","isPartOf":{"@id":"https:\/\/www.svalbard.fr\/actualites\/les-plans-du-pays-europeen-de-lutte-contre-le-surechourisme-ont-ete-etiquetes-fascisme-de-conservation\/"},"author":{"name":"Hilmar","@id":"https:\/\/www.svalbard.fr\/actualites\/#\/schema\/person\/a2f937d5712222366738fae98755c600"},"headline":"Les plans du pays europ\u00e9en de lutte contre le sur\u00e9chourisme ont \u00e9t\u00e9 \u00e9tiquet\u00e9s \u00abfascisme de conservation\u00bb","datePublished":"2025-06-18T18:44:33+00:00","dateModified":"2025-06-18T18:44:36+00:00","mainEntityOfPage":{"@id":"https:\/\/www.svalbard.fr\/actualites\/les-plans-du-pays-europeen-de-lutte-contre-le-surechourisme-ont-ete-etiquetes-fascisme-de-conservation\/"},"wordCount":545,"publisher":{"@id":"https:\/\/www.svalbard.fr\/actualites\/#organization"},"keywords":["conservation","contre","\u00e9t\u00e9","\u00e9tiquet\u00e9s","europ\u00e9en","fascisme","Les","lutte","ont","pays","plans","sur\u00e9chourisme"],"inLanguage":"fr-FR"},{"@type":"WebPage","@id":"https:\/\/www.svalbard.fr\/actualites\/les-plans-du-pays-europeen-de-lutte-contre-le-surechourisme-ont-ete-etiquetes-fascisme-de-conservation\/","url":"https:\/\/www.svalbard.fr\/actualites\/les-plans-du-pays-europeen-de-lutte-contre-le-surechourisme-ont-ete-etiquetes-fascisme-de-conservation\/","name":"Les plans du pays europ\u00e9en de lutte contre le sur\u00e9chourisme ont \u00e9t\u00e9 \u00e9tiquet\u00e9s \u00abfascisme de conservation\u00bb","isPartOf":{"@id":"https:\/\/www.svalbard.fr\/actualites\/#website"},"datePublished":"2025-06-18T18:44:33+00:00","dateModified":"2025-06-18T18:44:36+00:00","breadcrumb":{"@id":"https:\/\/www.svalbard.fr\/actualites\/les-plans-du-pays-europeen-de-lutte-contre-le-surechourisme-ont-ete-etiquetes-fascisme-de-conservation\/#breadcrumb"},"inLanguage":"fr-FR","potentialAction":[{"@type":"ReadAction","target":["https:\/\/www.svalbard.fr\/actualites\/les-plans-du-pays-europeen-de-lutte-contre-le-surechourisme-ont-ete-etiquetes-fascisme-de-conservation\/"]}]},{"@type":"BreadcrumbList","@id":"https:\/\/www.svalbard.fr\/actualites\/les-plans-du-pays-europeen-de-lutte-contre-le-surechourisme-ont-ete-etiquetes-fascisme-de-conservation\/#breadcrumb","itemListElement":[{"@type":"ListItem","position":1,"name":"Accueil","item":"https:\/\/www.svalbard.fr\/actualites\/"},{"@type":"ListItem","position":2,"name":"Les plans du pays europ\u00e9en de lutte contre le sur\u00e9chourisme ont \u00e9t\u00e9 \u00e9tiquet\u00e9s \u00abfascisme de conservation\u00bb"}]},{"@type":"WebSite","@id":"https:\/\/www.svalbard.fr\/actualites\/#website","url":"https:\/\/www.svalbard.fr\/actualites\/","name":"www.Svalbard.fr","description":"","publisher":{"@id":"https:\/\/www.svalbard.fr\/actualites\/#organization"},"potentialAction":[{"@type":"SearchAction","target":{"@type":"EntryPoint","urlTemplate":"https:\/\/www.svalbard.fr\/actualites\/?s={search_term_string}"},"query-input":"required name=search_term_string"}],"inLanguage":"fr-FR"},{"@type":"Organization","@id":"https:\/\/www.svalbard.fr\/actualites\/#organization","name":"www.Svalbard.fr","url":"https:\/\/www.svalbard.fr\/actualites\/","logo":{"@type":"ImageObject","inLanguage":"fr-FR","@id":"https:\/\/www.svalbard.fr\/actualites\/#\/schema\/logo\/image\/","url":"https:\/\/www.svalbard.fr\/actualites\/wp-content\/uploads\/2023\/09\/head-nom.jpg","contentUrl":"https:\/\/www.svalbard.fr\/actualites\/wp-content\/uploads\/2023\/09\/head-nom.jpg","width":264,"height":35,"caption":"www.Svalbard.fr"},"image":{"@id":"https:\/\/www.svalbard.fr\/actualites\/#\/schema\/logo\/image\/"}},{"@type":"Person","@id":"https:\/\/www.svalbard.fr\/actualites\/#\/schema\/person\/a2f937d5712222366738fae98755c600","name":"Hilmar","image":{"@type":"ImageObject","inLanguage":"fr-FR","@id":"https:\/\/www.svalbard.fr\/actualites\/#\/schema\/person\/image\/","url":"https:\/\/secure.gravatar.com\/avatar\/4daa437093476dbc32da415c112b6512?s=96&d=mm&r=g","contentUrl":"https:\/\/secure.gravatar.com\/avatar\/4daa437093476dbc32da415c112b6512?s=96&d=mm&r=g","caption":"Hilmar"},"description":"Hilmar est un passionn\u00e9 des r\u00e9gions polaires, sp\u00e9cialis\u00e9 dans la r\u00e9daction d'articles sur le Spitzberg et autres destinations arctiques. Il apporte son expertise et sa passion pour l'Arctique au sein de l'\u00e9quipe de r\u00e9daction de Svalbard depuis de nombreuses ann\u00e9es.","sameAs":["https:\/\/www.svalbard.fr\/"]}]}},"_links":{"self":[{"href":"https:\/\/www.svalbard.fr\/actualites\/wp-json\/wp\/v2\/posts\/4272"}],"collection":[{"href":"https:\/\/www.svalbard.fr\/actualites\/wp-json\/wp\/v2\/posts"}],"about":[{"href":"https:\/\/www.svalbard.fr\/actualites\/wp-json\/wp\/v2\/types\/post"}],"author":[{"embeddable":true,"href":"https:\/\/www.svalbard.fr\/actualites\/wp-json\/wp\/v2\/users\/1"}],"replies":[{"embeddable":true,"href":"https:\/\/www.svalbard.fr\/actualites\/wp-json\/wp\/v2\/comments?post=4272"}],"version-history":[{"count":1,"href":"https:\/\/www.svalbard.fr\/actualites\/wp-json\/wp\/v2\/posts\/4272\/revisions"}],"predecessor-version":[{"id":4274,"href":"https:\/\/www.svalbard.fr\/actualites\/wp-json\/wp\/v2\/posts\/4272\/revisions\/4274"}],"wp:featuredmedia":[{"embeddable":true,"href":"https:\/\/www.svalbard.fr\/actualites\/wp-json\/wp\/v2\/media\/4273"}],"wp:attachment":[{"href":"https:\/\/www.svalbard.fr\/actualites\/wp-json\/wp\/v2\/media?parent=4272"}],"wp:term":[{"taxonomy":"category","embeddable":true,"href":"https:\/\/www.svalbard.fr\/actualites\/wp-json\/wp\/v2\/categories?post=4272"},{"taxonomy":"post_tag","embeddable":true,"href":"https:\/\/www.svalbard.fr\/actualites\/wp-json\/wp\/v2\/tags?post=4272"}],"curies":[{"name":"wp","href":"https:\/\/api.w.org\/{rel}","templated":true}]}}